{"id":153304,"date":"2020-09-29T11:57:53","date_gmt":"2020-09-29T09:57:53","guid":{"rendered":"https:\/\/www.intoscana.it\/it\/?p=153304"},"modified":"2020-09-29T11:57:53","modified_gmt":"2020-09-29T09:57:53","slug":"covid-quarantena-scuola-lucca-carrara-focolaio-mercatale","status":"publish","type":"post","link":"https:\/\/www.intoscana.it\/it\/covid-quarantena-scuola-lucca-carrara-focolaio-mercatale\/","title":{"rendered":"Covid, classi in quarantena a Lucca e Carrara. Focolaio a Mercatale dopo una gita"},"content":{"rendered":"<p>Sono 12 gli anziani di Mercatale (Firenze) risultati <strong>positivi al Coronavirus dopo aver partecipato ad un viaggio in pullman in Sicilia insieme ad altre 17 persone<\/strong> per le quali sono in corso gli accertamenti diagnostici. <em>&#8220;Siamo in costante contatto con le autorit\u00e0 competenti per monitorare lo stato di salute delle persone risultate positive al Covid&#8221;<\/em> sottolinea il sindaco di San Casciano Val di Pesa, <strong>Roberto Ciappi<\/strong>. <em>&#8220;Stiamo lavorando continuamente per tutelare la sicurezza della nostra comunit\u00e0 nel rispetto delle misure previste dal governo&#8221;<\/em>. Per illustrare la situazione, con gli aggiornamenti necessari, Ciappi far\u00e0 un collegamento web <a href=\"https:\/\/www.facebook.com\/robeciappi\" target=\"_blank\" rel=\"noopener noreferrer\">dalla sua pagina Facebook<\/a> (alle 19) per informare la comunit\u00e0 e fare il punto sull&#8217;emergenza sanitaria.<\/p>\n<h3>L&#8217;importanza delle regole<\/h3>\n<p><p><span class=\"citazione\">&#8220;Mai come in questo momento \u00e8 necessario ribadire quanto importante sia il rispetto delle regole anticontagio. Occorre porre la massima attenzione all&#8217;applicazione delle norme&#8221;<\/span><\/p><em><br \/>\n<\/em><\/p>\n<p><em>&#8220;Sono state assunte tutte le necessarie misure cautelative&#8221;<\/em> aggiunge il sindaco. <em>&#8220;Mai come in questo momento \u00e8 necessario ribadire quanto importante sia il rispetto puntuale delle regole anticontagio. Mi rivolgo a tutti, ragazzi, adolescenti, anziani, famiglie, studenti. <mark>Non possiamo pensare di abbassare la guardia ora che abbiamo allentato e ripreso a vivere con una discreta dose di autonomia la nostra quotidianit\u00e0<\/mark>. Occorre porre la massima attenzione all&#8217;applicazione delle norme previste dal governo per la prevenzione e il contrasto alla crisi epidemiologica&#8221;.<\/em><\/p>\n<h3>Alunni in quarantena<\/h3>\n<p>Intanto <mark>varie classi con decine di studenti sono in quarantena per alcuni casi di giovani risultati positivi al Coronavirus<\/mark> nel territorio dell&#8217;Asl Toscana Nord Ovest. Lo rende noto la stessa azienda sanitaria spiegando che sono in corso le relative indagini epidemiologiche sui bambini e sul personale scolastico.<\/p>\n<h3>I casi di Carrara e Lucca<\/h3>\n<p>Nel dettaglio, all&#8217;<strong>Istituto tecnico nautico di Carrara<\/strong> (Massa Carrara) \u00e8 stato individuato un caso di positivit\u00e0. Posti in quarantena i sette compagni di classe come contatti stretti e quattro insegnanti. Nel territorio di Lucca, dopo i casi emersi al <strong>liceo scientifico Vallisneri di Lucca<\/strong> ed all&#8217;<strong>Isi di Castelnuovo Garfagnana<\/strong>, altre quattro positivit\u00e0 al Covid sono state individuate in altrettante scuole: una nella Piana di Lucca e quattro nella Valle del Serchio.<\/p>\n<h3>Positivi anche nelle scuole di Piana, Garfagnana e Versilia<\/h3>\n<p>Sono state messe in quarantena una classe della <strong>scuola media di Castelnuovo Garfagnana<\/strong>, una sezione della <strong>scuola d&#8217;infanzia di Camporgiano<\/strong>, una classe della <strong>scuola alberghiera di Barga<\/strong>, e un&#8217;altra dell&#8217;istituto comprensivo di <strong>Altopascio<\/strong>. A seguito di questi sei casi <mark>sono stati predisposti complessivamente provvedimenti di quarantena per 131 persone<\/mark>. In Versilia \u00e8 stato rilevato un nuovo caso di positivit\u00e0, il secondo, alla scuola media <strong>Puccini di Massarosa<\/strong> con una classe posta in quarantena, e un nuovo caso di positivit\u00e0, anche in questo caso il secondo, all&#8217;<strong>Isi Carlo Piaggia di Viareggio<\/strong>, con una seconda classe posta in quarantena.<\/p>\n<h3>Stop ai musei gratis<\/h3>\n<p>Infine dal 4 ottobre <strong>sar\u00e0 sospesa la &#8220;Domenica metropolitana&#8221;<\/strong>, la giornata di ingresso gratuito ai musei civici fiorentini. Lo rende noto Palazzo Vecchio spiegando che la decisione \u00e8 stata presa in allineamento con l&#8217;ordinanza del ministero della Salute che sospende le domeniche gratuite al museo.<\/p>\n<h3>La direttiva ministeriale<\/h3>\n<p>Quest&#8217;ultimo provvedimento \u00e8 stato preso a seguito della segnalazione da parte del ministero per i beni e le attivit\u00e0 culturali e per il turismo della necessit\u00e0, in attuazione delle misure di riduzione e contenimento del rischio connesso all&#8217;emergenza sanitaria da Coronavirus, di sospendere l&#8217;efficacia delle disposizioni regolamentari sull&#8217;accesso gratuito ai musei e agli altri istituti e luoghi della cultura la prima domenica del mese.<\/p>\n","protected":false},"excerpt":{"rendered":"<p>Il virus non risparmia le scuole: molti gli alunni in quarantena a Carrara e in tutta la provincia di Lucca. Nel fiorentino 12 anziani positivi dopo il ritorno dalla Sicilia. Intanto stop ai musei gratis per ordinanza del ministero<\/p>\n","protected":false},"author":525,"featured_media":151518,"comment_status":"open","ping_status":"open","sticky":false,"template":"","format":"standard","meta":{"_acf_changed":false,"footnotes":""},"categories":[494],"tags":[418,226,212],"class_list":["post-153304","post","type-post","status-publish","format-standard","has-post-thumbnail","hentry","category-attualita","tag-covid-19","tag-musei","tag-scuola"],"acf":[],"yoast_head":"<!-- This site is optimized with the Yoast SEO Premium plugin v24.2 (Yoast SEO v25.6) - https:\/\/yoast.com\/wordpress\/plugins\/seo\/ -->\n<title>Covid, classi in quarantena a Lucca e Carrara. Focolaio a Mercatale dopo una gita - intoscana<\/title>\n<meta name=\"description\" content=\"Il virus non risparmia le scuole: molti gli alunni in quarantena a Carrara e in tutta la provincia di Lucca. Nel fiorentino 12 anziani positivi dopo il ritorno dalla Sicilia. Intanto stop ai musei gratis per ordinanza del ministero\" \/>\n<meta name=\"robots\" content=\"index, follow, max-snippet:-1, max-image-preview:large, max-video-preview:-1\" \/>\n<link rel=\"canonical\" href=\"https:\/\/www.intoscana.it\/it\/covid-quarantena-scuola-lucca-carrara-focolaio-mercatale\/\" \/>\n<meta property=\"og:locale\" content=\"it_IT\" \/>\n<meta property=\"og:type\" content=\"article\" \/>\n<meta property=\"og:title\" content=\"Covid, classi in quarantena a Lucca e Carrara. Focolaio a Mercatale dopo una gita\" \/>\n<meta property=\"og:description\" content=\"Il virus non risparmia le scuole: molti gli alunni in quarantena a Carrara e in tutta la provincia di Lucca. Nel fiorentino 12 anziani positivi dopo il ritorno dalla Sicilia. Intanto stop ai musei gratis per ordinanza del ministero\" \/>\n<meta property=\"og:url\" content=\"https:\/\/www.intoscana.it\/it\/covid-quarantena-scuola-lucca-carrara-focolaio-mercatale\/\" \/>\n<meta property=\"og:site_name\" content=\"intoscana\" \/>\n<meta property=\"article:publisher\" content=\"https:\/\/www.facebook.com\/intoscana.it\" \/>\n<meta property=\"article:published_time\" content=\"2020-09-29T09:57:53+00:00\" \/>\n<meta property=\"og:image\" content=\"https:\/\/www.intoscana.it\/wp-content\/uploads\/scuola-kyo-azuma-Unsplash.jpg\" \/>\n\t<meta property=\"og:image:width\" content=\"1920\" \/>\n\t<meta property=\"og:image:height\" content=\"1289\" \/>\n\t<meta property=\"og:image:type\" content=\"image\/jpeg\" \/>\n<meta name=\"author\" content=\"Redazione\" \/>\n<meta name=\"twitter:card\" content=\"summary_large_image\" \/>\n<meta name=\"twitter:creator\" content=\"@intoscana\" \/>\n<meta name=\"twitter:site\" content=\"@intoscana\" \/>\n<meta name=\"twitter:label1\" content=\"Written by\" \/>\n\t<meta name=\"twitter:data1\" content=\"Redazione\" \/>\n\t<meta name=\"twitter:label2\" content=\"Est. reading time\" \/>\n\t<meta name=\"twitter:data2\" content=\"3 minuti\" \/>\n<script type=\"application\/ld+json\" class=\"yoast-schema-graph\">{\"@context\":\"https:\/\/schema.org\",\"@graph\":[{\"@type\":\"WebPage\",\"@id\":\"https:\/\/www.intoscana.it\/it\/covid-quarantena-scuola-lucca-carrara-focolaio-mercatale\/\",\"url\":\"https:\/\/www.intoscana.it\/it\/covid-quarantena-scuola-lucca-carrara-focolaio-mercatale\/\",\"name\":\"Covid, classi in quarantena a Lucca e Carrara. Focolaio a Mercatale dopo una gita - intoscana\",\"isPartOf\":{\"@id\":\"https:\/\/www.intoscana.it\/it\/#website\"},\"primaryImageOfPage\":{\"@id\":\"https:\/\/www.intoscana.it\/it\/covid-quarantena-scuola-lucca-carrara-focolaio-mercatale\/#primaryimage\"},\"image\":{\"@id\":\"https:\/\/www.intoscana.it\/it\/covid-quarantena-scuola-lucca-carrara-focolaio-mercatale\/#primaryimage\"},\"thumbnailUrl\":\"https:\/\/www.intoscana.it\/wp-content\/uploads\/scuola-kyo-azuma-Unsplash.jpg\",\"datePublished\":\"2020-09-29T09:57:53+00:00\",\"author\":{\"@id\":\"https:\/\/www.intoscana.it\/it\/#\/schema\/person\/9223810753230f20bd670fdd322661f8\"},\"description\":\"Il virus non risparmia le scuole: molti gli alunni in quarantena a Carrara e in tutta la provincia di Lucca. Nel fiorentino 12 anziani positivi dopo il ritorno dalla Sicilia. Intanto stop ai musei gratis per ordinanza del ministero\",\"breadcrumb\":{\"@id\":\"https:\/\/www.intoscana.it\/it\/covid-quarantena-scuola-lucca-carrara-focolaio-mercatale\/#breadcrumb\"},\"inLanguage\":\"it-IT\",\"potentialAction\":[{\"@type\":\"ReadAction\",\"target\":[\"https:\/\/www.intoscana.it\/it\/covid-quarantena-scuola-lucca-carrara-focolaio-mercatale\/\"]}]},{\"@type\":\"ImageObject\",\"inLanguage\":\"it-IT\",\"@id\":\"https:\/\/www.intoscana.it\/it\/covid-quarantena-scuola-lucca-carrara-focolaio-mercatale\/#primaryimage\",\"url\":\"https:\/\/www.intoscana.it\/wp-content\/uploads\/scuola-kyo-azuma-Unsplash.jpg\",\"contentUrl\":\"https:\/\/www.intoscana.it\/wp-content\/uploads\/scuola-kyo-azuma-Unsplash.jpg\",\"width\":1920,\"height\":1289,\"caption\":\"Scuola vuota\"},{\"@type\":\"BreadcrumbList\",\"@id\":\"https:\/\/www.intoscana.it\/it\/covid-quarantena-scuola-lucca-carrara-focolaio-mercatale\/#breadcrumb\",\"itemListElement\":[{\"@type\":\"ListItem\",\"position\":1,\"name\":\"Home\",\"item\":\"https:\/\/www.intoscana.it\/it\/\"},{\"@type\":\"ListItem\",\"position\":2,\"name\":\"Covid, classi in quarantena a Lucca e Carrara. Focolaio a Mercatale dopo una gita\"}]},{\"@type\":\"WebSite\",\"@id\":\"https:\/\/www.intoscana.it\/it\/#website\",\"url\":\"https:\/\/www.intoscana.it\/it\/\",\"name\":\"intoscana\",\"description\":\"\",\"potentialAction\":[{\"@type\":\"SearchAction\",\"target\":{\"@type\":\"EntryPoint\",\"urlTemplate\":\"https:\/\/www.intoscana.it\/it\/?s={search_term_string}\"},\"query-input\":{\"@type\":\"PropertyValueSpecification\",\"valueRequired\":true,\"valueName\":\"search_term_string\"}}],\"inLanguage\":\"it-IT\"},{\"@type\":\"Person\",\"@id\":\"https:\/\/www.intoscana.it\/it\/#\/schema\/person\/9223810753230f20bd670fdd322661f8\",\"name\":\"Redazione\",\"url\":\"https:\/\/www.intoscana.it\/it\/author\/redazione\/\"}]}<\/script>\n<!-- \/ Yoast SEO Premium plugin. -->","yoast_head_json":{"title":"Covid, classi in quarantena a Lucca e Carrara. Focolaio a Mercatale dopo una gita - intoscana","description":"Il virus non risparmia le scuole: molti gli alunni in quarantena a Carrara e in tutta la provincia di Lucca. Nel fiorentino 12 anziani positivi dopo il ritorno dalla Sicilia. Intanto stop ai musei gratis per ordinanza del ministero","robots":{"index":"index","follow":"follow","max-snippet":"max-snippet:-1","max-image-preview":"max-image-preview:large","max-video-preview":"max-video-preview:-1"},"canonical":"https:\/\/www.intoscana.it\/it\/covid-quarantena-scuola-lucca-carrara-focolaio-mercatale\/","og_locale":"it_IT","og_type":"article","og_title":"Covid, classi in quarantena a Lucca e Carrara. Focolaio a Mercatale dopo una gita","og_description":"Il virus non risparmia le scuole: molti gli alunni in quarantena a Carrara e in tutta la provincia di Lucca. Nel fiorentino 12 anziani positivi dopo il ritorno dalla Sicilia. Intanto stop ai musei gratis per ordinanza del ministero","og_url":"https:\/\/www.intoscana.it\/it\/covid-quarantena-scuola-lucca-carrara-focolaio-mercatale\/","og_site_name":"intoscana","article_publisher":"https:\/\/www.facebook.com\/intoscana.it","article_published_time":"2020-09-29T09:57:53+00:00","og_image":[{"width":1920,"height":1289,"url":"https:\/\/www.intoscana.it\/wp-content\/uploads\/scuola-kyo-azuma-Unsplash.jpg","type":"image\/jpeg"}],"author":"Redazione","twitter_card":"summary_large_image","twitter_creator":"@intoscana","twitter_site":"@intoscana","twitter_misc":{"Written by":"Redazione","Est. reading time":"3 minuti"},"schema":{"@context":"https:\/\/schema.org","@graph":[{"@type":"WebPage","@id":"https:\/\/www.intoscana.it\/it\/covid-quarantena-scuola-lucca-carrara-focolaio-mercatale\/","url":"https:\/\/www.intoscana.it\/it\/covid-quarantena-scuola-lucca-carrara-focolaio-mercatale\/","name":"Covid, classi in quarantena a Lucca e Carrara. Focolaio a Mercatale dopo una gita - intoscana","isPartOf":{"@id":"https:\/\/www.intoscana.it\/it\/#website"},"primaryImageOfPage":{"@id":"https:\/\/www.intoscana.it\/it\/covid-quarantena-scuola-lucca-carrara-focolaio-mercatale\/#primaryimage"},"image":{"@id":"https:\/\/www.intoscana.it\/it\/covid-quarantena-scuola-lucca-carrara-focolaio-mercatale\/#primaryimage"},"thumbnailUrl":"https:\/\/www.intoscana.it\/wp-content\/uploads\/scuola-kyo-azuma-Unsplash.jpg","datePublished":"2020-09-29T09:57:53+00:00","author":{"@id":"https:\/\/www.intoscana.it\/it\/#\/schema\/person\/9223810753230f20bd670fdd322661f8"},"description":"Il virus non risparmia le scuole: molti gli alunni in quarantena a Carrara e in tutta la provincia di Lucca. Nel fiorentino 12 anziani positivi dopo il ritorno dalla Sicilia. Intanto stop ai musei gratis per ordinanza del ministero","breadcrumb":{"@id":"https:\/\/www.intoscana.it\/it\/covid-quarantena-scuola-lucca-carrara-focolaio-mercatale\/#breadcrumb"},"inLanguage":"it-IT","potentialAction":[{"@type":"ReadAction","target":["https:\/\/www.intoscana.it\/it\/covid-quarantena-scuola-lucca-carrara-focolaio-mercatale\/"]}]},{"@type":"ImageObject","inLanguage":"it-IT","@id":"https:\/\/www.intoscana.it\/it\/covid-quarantena-scuola-lucca-carrara-focolaio-mercatale\/#primaryimage","url":"https:\/\/www.intoscana.it\/wp-content\/uploads\/scuola-kyo-azuma-Unsplash.jpg","contentUrl":"https:\/\/www.intoscana.it\/wp-content\/uploads\/scuola-kyo-azuma-Unsplash.jpg","width":1920,"height":1289,"caption":"Scuola vuota"},{"@type":"BreadcrumbList","@id":"https:\/\/www.intoscana.it\/it\/covid-quarantena-scuola-lucca-carrara-focolaio-mercatale\/#breadcrumb","itemListElement":[{"@type":"ListItem","position":1,"name":"Home","item":"https:\/\/www.intoscana.it\/it\/"},{"@type":"ListItem","position":2,"name":"Covid, classi in quarantena a Lucca e Carrara. Focolaio a Mercatale dopo una gita"}]},{"@type":"WebSite","@id":"https:\/\/www.intoscana.it\/it\/#website","url":"https:\/\/www.intoscana.it\/it\/","name":"intoscana","description":"","potentialAction":[{"@type":"SearchAction","target":{"@type":"EntryPoint","urlTemplate":"https:\/\/www.intoscana.it\/it\/?s={search_term_string}"},"query-input":{"@type":"PropertyValueSpecification","valueRequired":true,"valueName":"search_term_string"}}],"inLanguage":"it-IT"},{"@type":"Person","@id":"https:\/\/www.intoscana.it\/it\/#\/schema\/person\/9223810753230f20bd670fdd322661f8","name":"Redazione","url":"https:\/\/www.intoscana.it\/it\/author\/redazione\/"}]}},"_links":{"self":[{"href":"https:\/\/www.intoscana.it\/it\/wp-json\/wp\/v2\/posts\/153304","targetHints":{"allow":["GET"]}}],"collection":[{"href":"https:\/\/www.intoscana.it\/it\/wp-json\/wp\/v2\/posts"}],"about":[{"href":"https:\/\/www.intoscana.it\/it\/wp-json\/wp\/v2\/types\/post"}],"author":[{"embeddable":true,"href":"https:\/\/www.intoscana.it\/it\/wp-json\/wp\/v2\/users\/525"}],"replies":[{"embeddable":true,"href":"https:\/\/www.intoscana.it\/it\/wp-json\/wp\/v2\/comments?post=153304"}],"version-history":[{"count":0,"href":"https:\/\/www.intoscana.it\/it\/wp-json\/wp\/v2\/posts\/153304\/revisions"}],"wp:featuredmedia":[{"embeddable":true,"href":"https:\/\/www.intoscana.it\/it\/wp-json\/wp\/v2\/media\/151518"}],"wp:attachment":[{"href":"https:\/\/www.intoscana.it\/it\/wp-json\/wp\/v2\/media?parent=153304"}],"wp:term":[{"taxonomy":"category","embeddable":true,"href":"https:\/\/www.intoscana.it\/it\/wp-json\/wp\/v2\/categories?post=153304"},{"taxonomy":"post_tag","embeddable":true,"href":"https:\/\/www.intoscana.it\/it\/wp-json\/wp\/v2\/tags?post=153304"}],"curies":[{"name":"wp","href":"https:\/\/api.w.org\/{rel}","templated":true}]}}