{"id":153704,"date":"2020-10-02T12:16:02","date_gmt":"2020-10-02T10:16:02","guid":{"rendered":"https:\/\/www.intoscana.it\/it\/?p=153704"},"modified":"2020-10-02T12:16:02","modified_gmt":"2020-10-02T10:16:02","slug":"disabilita-ricercatrice-pisana","status":"publish","type":"post","link":"https:\/\/www.intoscana.it\/it\/disabilita-ricercatrice-pisana\/","title":{"rendered":"Disabilit\u00e0: una ricercatrice della Sant&#8217;Anna nel pool di esperti europei"},"content":{"rendered":"<p>Sar\u00e0 una ricercatrice di diritto costituzionale della <strong>Scuola Superiore Sant&#8217;Anna di Pisa<\/strong> a rappresentare l&#8217;Italia nel pool di esperti della Commissione Europea in tema di <strong>persone con disabilit\u00e0.<\/strong><\/p>\n<p><strong>Elena Vivaldi,<\/strong> che \u00e8 gi\u00e0 delegata della rettrice della Sant\u2019Anna Sabina Nuti per la disabilit\u00e0 e per l\u2019inclusione, si occuper\u00e0<strong>\u00a0<\/strong>di stilare i rapporti nazionali che aiuteranno la Commissione e il Parlamento europeo nel costruire le politiche europee riferite a persone con disabilit\u00e0, con l\u2019aiuto dei colleghi dell\u2019Area di Ricerca Power,\u00a0all\u2019interno dell\u2019Istituto Dirpolis (Diritto, Politica, Sviluppo).<\/p>\n<h3><strong>Una sfida impegnativa per l&#8217;Unione Europea<\/strong><\/h3>\n<p style=\"font-weight: 400;\">Per Elena Vivaldi si tratta di un riconoscimento importante: far\u00e0 parte infatti della <strong>Rete accademica di esperti europei sulla disabilit\u00e0<\/strong>\u00a0(Aned), creata dalla Commissione europea nel dicembre 2007 con l&#8217;obiettivo di stabilire e mantenere una rete accademica paneuropea nel campo della disabilit\u00e0 che sostiene lo sviluppo delle politiche in collaborazione con l&#8217;unit\u00e0 Disabilit\u00e0 della Commissione europea. In questo team di ricerca anche\u00a0<strong>Paolo <\/strong><strong>Addis<\/strong>, assegnista di ricerca in Diritto costituzionale all\u2019Istituto Dirpolis della Sant\u2019Anna ed esperto di diritti delle persone con disabilit\u00e0.<\/p>\n<p style=\"font-weight: 400;\">\u201c<em>Si tratta <\/em>\u2013 commenta Elena Vivaldi &#8211;<em> di una sfida impegnativa per l\u2019Unione europea, cos\u00ec come per l\u2019Italia, vincolata dalla Convenzione Onu sui diritti delle persone con disabilit\u00e0.\u00a0 La Convenzione indica strumenti per garantire alle persone con disabilit\u00e0 una piena inclusione sociale, ma renderli effettivi richiede un\u00a0impegnoda parte di tutti: istituzioni europee, nazionali, regionali e local<\/em>i\u201d.<\/p>\n<h3>Il 20% della popolazione europea ha una qualche disabilit\u00e0<\/h3>\n<p style=\"font-weight: 400;\">Secondo le stime <strong>il 20% della popolazione europea oggi presenta una qualche disabilit\u00e0<\/strong> e, pertanto, per l\u2019Unione Europea \u00e8 indispensabile l\u2019acquisizione di un quadro di conoscenze precise e dettagliate dei singoli contesti nazionali. In vista di questo obiettivo, l\u2019Unione europea ha lanciato una call per \u201cacquistare\u201d competenze di cui \u00e8 sprovvista, rivolgendosi a consorzi composti da ricercatori, ricercatrici, da esperte e da esperti di tutti i suoi Paesi. La cordata risultata vincitrice della call \u00e8\u00a0la\u00a0<a href=\"https:\/\/ec.europa.eu\/knowledge4policy\/node\/6666_es#:~:text=The%20Commission's%20Directorate%2DGeneral%20for,and%20the%20related%20EU%20funding%E2%80%A6\" data-saferedirecturl=\"https:\/\/www.google.com\/url?q=https:\/\/ec.europa.eu\/knowledge4policy\/node\/6666_es%23:~:text%3DThe%2520Commission's%2520Directorate%252DGeneral%2520for,and%2520the%2520related%2520EU%2520funding%25E2%2580%25A6&amp;source=gmail&amp;ust=1601719505274000&amp;usg=AFQjCNHpZeqR1rTDP0Rk68RyM3fz9TBRIg\"><strong>Dg Empl (Employment, Social Affairs and Inclusion)<\/strong><\/a>, di cui fa parte\u00a0<strong>Elena Vivaldi<\/strong>, in qualit\u00e0 di esperta per l\u2019Italia.<\/p>\n<p><em>\u201cIn una prospettiva italiana \u2013<\/em> conclude Elena Vivaldi <em>&#8211; si tratta di un imperativo che discende dalla Costituzione repubblicana del 1948, in attuazione della quale l\u2019Italia ha adottato gi\u00e0 da tempo norme che mirano all\u2019obiettivo della piena inclusione della persona con disabilit\u00e0. Per\u00f2 non \u00e8 abbastanza. C\u2019\u00e8 ancora tantissimo da fare, sul versante dell\u2019inclusione scolastica e universitaria, sui percorsi di presa in carico personalizzata, sull\u2019inserimento lavorativo, nonch\u00e9 sulla progettazione condivisa del futuro della persona con disabilit\u00e0, oltre la famiglia\u201d.<\/em><\/p>\n","protected":false},"excerpt":{"rendered":"<p>Elena Vivaldi rappresenter\u00e0 l&#8217;Italia nel gruppo di esperti della Commissione Europea per costruire le politiche europee riferite a persone con disabilit\u00e0<\/p>\n","protected":false},"author":525,"featured_media":153710,"comment_status":"open","ping_status":"open","sticky":false,"template":"","format":"standard","meta":{"_acf_changed":false,"footnotes":""},"categories":[494],"tags":[406,213,4373,234],"class_list":["post-153704","post","type-post","status-publish","format-standard","has-post-thumbnail","hentry","category-attualita","tag-disabilita","tag-ricerca","tag-scuola-santanna-di-pisa","tag-universita"],"acf":[],"yoast_head":"<!-- This site is optimized with the Yoast SEO Premium plugin v24.2 (Yoast SEO v25.6) - https:\/\/yoast.com\/wordpress\/plugins\/seo\/ -->\n<title>Disabilit\u00e0: una ricercatrice della Sant&#039;Anna nel pool di esperti europei - intoscana<\/title>\n<meta name=\"description\" content=\"La ricercatrice della Scuola Sant&#039;Anna di Pisa Elena Vivaldi rappresenter\u00e0 l&#039;Italia in un pool di esperti europei sulla disabilit\u00e0.\" \/>\n<meta name=\"robots\" content=\"index, follow, max-snippet:-1, max-image-preview:large, max-video-preview:-1\" \/>\n<link rel=\"canonical\" href=\"https:\/\/www.intoscana.it\/it\/disabilita-ricercatrice-pisana\/\" \/>\n<meta property=\"og:locale\" content=\"it_IT\" \/>\n<meta property=\"og:type\" content=\"article\" \/>\n<meta property=\"og:title\" content=\"Disabilit\u00e0: una ricercatrice della Sant&#039;Anna nel pool di esperti europei\" \/>\n<meta property=\"og:description\" content=\"La ricercatrice della Scuola Sant&#039;Anna di Pisa Elena Vivaldi rappresenter\u00e0 l&#039;Italia in un pool di esperti europei sulla disabilit\u00e0.\" \/>\n<meta property=\"og:url\" content=\"https:\/\/www.intoscana.it\/it\/disabilita-ricercatrice-pisana\/\" \/>\n<meta property=\"og:site_name\" content=\"intoscana\" \/>\n<meta property=\"article:publisher\" content=\"https:\/\/www.facebook.com\/intoscana.it\" \/>\n<meta property=\"article:published_time\" content=\"2020-10-02T10:16:02+00:00\" \/>\n<meta property=\"og:image\" content=\"https:\/\/www.intoscana.it\/wp-content\/uploads\/elena_vivaldi.png\" \/>\n\t<meta property=\"og:image:width\" content=\"1080\" \/>\n\t<meta property=\"og:image:height\" content=\"1080\" \/>\n\t<meta property=\"og:image:type\" content=\"image\/png\" \/>\n<meta name=\"author\" content=\"Redazione\" \/>\n<meta name=\"twitter:card\" content=\"summary_large_image\" \/>\n<meta name=\"twitter:creator\" content=\"@intoscana\" \/>\n<meta name=\"twitter:site\" content=\"@intoscana\" \/>\n<meta name=\"twitter:label1\" content=\"Written by\" \/>\n\t<meta name=\"twitter:data1\" content=\"Redazione\" \/>\n\t<meta name=\"twitter:label2\" content=\"Est. reading time\" \/>\n\t<meta name=\"twitter:data2\" content=\"2 minuti\" \/>\n<script type=\"application\/ld+json\" class=\"yoast-schema-graph\">{\"@context\":\"https:\/\/schema.org\",\"@graph\":[{\"@type\":\"WebPage\",\"@id\":\"https:\/\/www.intoscana.it\/it\/disabilita-ricercatrice-pisana\/\",\"url\":\"https:\/\/www.intoscana.it\/it\/disabilita-ricercatrice-pisana\/\",\"name\":\"Disabilit\u00e0: una ricercatrice della Sant'Anna nel pool di esperti europei - intoscana\",\"isPartOf\":{\"@id\":\"https:\/\/www.intoscana.it\/it\/#website\"},\"primaryImageOfPage\":{\"@id\":\"https:\/\/www.intoscana.it\/it\/disabilita-ricercatrice-pisana\/#primaryimage\"},\"image\":{\"@id\":\"https:\/\/www.intoscana.it\/it\/disabilita-ricercatrice-pisana\/#primaryimage\"},\"thumbnailUrl\":\"https:\/\/www.intoscana.it\/wp-content\/uploads\/elena_vivaldi.png\",\"datePublished\":\"2020-10-02T10:16:02+00:00\",\"author\":{\"@id\":\"https:\/\/www.intoscana.it\/it\/#\/schema\/person\/9223810753230f20bd670fdd322661f8\"},\"description\":\"La ricercatrice della Scuola Sant'Anna di Pisa Elena Vivaldi rappresenter\u00e0 l'Italia in un pool di esperti europei sulla disabilit\u00e0.\",\"breadcrumb\":{\"@id\":\"https:\/\/www.intoscana.it\/it\/disabilita-ricercatrice-pisana\/#breadcrumb\"},\"inLanguage\":\"it-IT\",\"potentialAction\":[{\"@type\":\"ReadAction\",\"target\":[\"https:\/\/www.intoscana.it\/it\/disabilita-ricercatrice-pisana\/\"]}]},{\"@type\":\"ImageObject\",\"inLanguage\":\"it-IT\",\"@id\":\"https:\/\/www.intoscana.it\/it\/disabilita-ricercatrice-pisana\/#primaryimage\",\"url\":\"https:\/\/www.intoscana.it\/wp-content\/uploads\/elena_vivaldi.png\",\"contentUrl\":\"https:\/\/www.intoscana.it\/wp-content\/uploads\/elena_vivaldi.png\",\"width\":1080,\"height\":1080},{\"@type\":\"BreadcrumbList\",\"@id\":\"https:\/\/www.intoscana.it\/it\/disabilita-ricercatrice-pisana\/#breadcrumb\",\"itemListElement\":[{\"@type\":\"ListItem\",\"position\":1,\"name\":\"Home\",\"item\":\"https:\/\/www.intoscana.it\/it\/\"},{\"@type\":\"ListItem\",\"position\":2,\"name\":\"Disabilit\u00e0: una ricercatrice della Sant&#8217;Anna nel pool di esperti europei\"}]},{\"@type\":\"WebSite\",\"@id\":\"https:\/\/www.intoscana.it\/it\/#website\",\"url\":\"https:\/\/www.intoscana.it\/it\/\",\"name\":\"intoscana\",\"description\":\"\",\"potentialAction\":[{\"@type\":\"SearchAction\",\"target\":{\"@type\":\"EntryPoint\",\"urlTemplate\":\"https:\/\/www.intoscana.it\/it\/?s={search_term_string}\"},\"query-input\":{\"@type\":\"PropertyValueSpecification\",\"valueRequired\":true,\"valueName\":\"search_term_string\"}}],\"inLanguage\":\"it-IT\"},{\"@type\":\"Person\",\"@id\":\"https:\/\/www.intoscana.it\/it\/#\/schema\/person\/9223810753230f20bd670fdd322661f8\",\"name\":\"Redazione\",\"url\":\"https:\/\/www.intoscana.it\/it\/author\/redazione\/\"}]}<\/script>\n<!-- \/ Yoast SEO Premium plugin. -->","yoast_head_json":{"title":"Disabilit\u00e0: una ricercatrice della Sant'Anna nel pool di esperti europei - intoscana","description":"La ricercatrice della Scuola Sant'Anna di Pisa Elena Vivaldi rappresenter\u00e0 l'Italia in un pool di esperti europei sulla disabilit\u00e0.","robots":{"index":"index","follow":"follow","max-snippet":"max-snippet:-1","max-image-preview":"max-image-preview:large","max-video-preview":"max-video-preview:-1"},"canonical":"https:\/\/www.intoscana.it\/it\/disabilita-ricercatrice-pisana\/","og_locale":"it_IT","og_type":"article","og_title":"Disabilit\u00e0: una ricercatrice della Sant'Anna nel pool di esperti europei","og_description":"La ricercatrice della Scuola Sant'Anna di Pisa Elena Vivaldi rappresenter\u00e0 l'Italia in un pool di esperti europei sulla disabilit\u00e0.","og_url":"https:\/\/www.intoscana.it\/it\/disabilita-ricercatrice-pisana\/","og_site_name":"intoscana","article_publisher":"https:\/\/www.facebook.com\/intoscana.it","article_published_time":"2020-10-02T10:16:02+00:00","og_image":[{"width":1080,"height":1080,"url":"https:\/\/www.intoscana.it\/wp-content\/uploads\/elena_vivaldi.png","type":"image\/png"}],"author":"Redazione","twitter_card":"summary_large_image","twitter_creator":"@intoscana","twitter_site":"@intoscana","twitter_misc":{"Written by":"Redazione","Est. reading time":"2 minuti"},"schema":{"@context":"https:\/\/schema.org","@graph":[{"@type":"WebPage","@id":"https:\/\/www.intoscana.it\/it\/disabilita-ricercatrice-pisana\/","url":"https:\/\/www.intoscana.it\/it\/disabilita-ricercatrice-pisana\/","name":"Disabilit\u00e0: una ricercatrice della Sant'Anna nel pool di esperti europei - intoscana","isPartOf":{"@id":"https:\/\/www.intoscana.it\/it\/#website"},"primaryImageOfPage":{"@id":"https:\/\/www.intoscana.it\/it\/disabilita-ricercatrice-pisana\/#primaryimage"},"image":{"@id":"https:\/\/www.intoscana.it\/it\/disabilita-ricercatrice-pisana\/#primaryimage"},"thumbnailUrl":"https:\/\/www.intoscana.it\/wp-content\/uploads\/elena_vivaldi.png","datePublished":"2020-10-02T10:16:02+00:00","author":{"@id":"https:\/\/www.intoscana.it\/it\/#\/schema\/person\/9223810753230f20bd670fdd322661f8"},"description":"La ricercatrice della Scuola Sant'Anna di Pisa Elena Vivaldi rappresenter\u00e0 l'Italia in un pool di esperti europei sulla disabilit\u00e0.","breadcrumb":{"@id":"https:\/\/www.intoscana.it\/it\/disabilita-ricercatrice-pisana\/#breadcrumb"},"inLanguage":"it-IT","potentialAction":[{"@type":"ReadAction","target":["https:\/\/www.intoscana.it\/it\/disabilita-ricercatrice-pisana\/"]}]},{"@type":"ImageObject","inLanguage":"it-IT","@id":"https:\/\/www.intoscana.it\/it\/disabilita-ricercatrice-pisana\/#primaryimage","url":"https:\/\/www.intoscana.it\/wp-content\/uploads\/elena_vivaldi.png","contentUrl":"https:\/\/www.intoscana.it\/wp-content\/uploads\/elena_vivaldi.png","width":1080,"height":1080},{"@type":"BreadcrumbList","@id":"https:\/\/www.intoscana.it\/it\/disabilita-ricercatrice-pisana\/#breadcrumb","itemListElement":[{"@type":"ListItem","position":1,"name":"Home","item":"https:\/\/www.intoscana.it\/it\/"},{"@type":"ListItem","position":2,"name":"Disabilit\u00e0: una ricercatrice della Sant&#8217;Anna nel pool di esperti europei"}]},{"@type":"WebSite","@id":"https:\/\/www.intoscana.it\/it\/#website","url":"https:\/\/www.intoscana.it\/it\/","name":"intoscana","description":"","potentialAction":[{"@type":"SearchAction","target":{"@type":"EntryPoint","urlTemplate":"https:\/\/www.intoscana.it\/it\/?s={search_term_string}"},"query-input":{"@type":"PropertyValueSpecification","valueRequired":true,"valueName":"search_term_string"}}],"inLanguage":"it-IT"},{"@type":"Person","@id":"https:\/\/www.intoscana.it\/it\/#\/schema\/person\/9223810753230f20bd670fdd322661f8","name":"Redazione","url":"https:\/\/www.intoscana.it\/it\/author\/redazione\/"}]}},"_links":{"self":[{"href":"https:\/\/www.intoscana.it\/it\/wp-json\/wp\/v2\/posts\/153704","targetHints":{"allow":["GET"]}}],"collection":[{"href":"https:\/\/www.intoscana.it\/it\/wp-json\/wp\/v2\/posts"}],"about":[{"href":"https:\/\/www.intoscana.it\/it\/wp-json\/wp\/v2\/types\/post"}],"author":[{"embeddable":true,"href":"https:\/\/www.intoscana.it\/it\/wp-json\/wp\/v2\/users\/525"}],"replies":[{"embeddable":true,"href":"https:\/\/www.intoscana.it\/it\/wp-json\/wp\/v2\/comments?post=153704"}],"version-history":[{"count":0,"href":"https:\/\/www.intoscana.it\/it\/wp-json\/wp\/v2\/posts\/153704\/revisions"}],"wp:featuredmedia":[{"embeddable":true,"href":"https:\/\/www.intoscana.it\/it\/wp-json\/wp\/v2\/media\/153710"}],"wp:attachment":[{"href":"https:\/\/www.intoscana.it\/it\/wp-json\/wp\/v2\/media?parent=153704"}],"wp:term":[{"taxonomy":"category","embeddable":true,"href":"https:\/\/www.intoscana.it\/it\/wp-json\/wp\/v2\/categories?post=153704"},{"taxonomy":"post_tag","embeddable":true,"href":"https:\/\/www.intoscana.it\/it\/wp-json\/wp\/v2\/tags?post=153704"}],"curies":[{"name":"wp","href":"https:\/\/api.w.org\/{rel}","templated":true}]}}