{"id":153761,"date":"2020-10-02T16:08:39","date_gmt":"2020-10-02T14:08:39","guid":{"rendered":"https:\/\/www.intoscana.it\/it\/?p=153761"},"modified":"2020-10-30T11:11:27","modified_gmt":"2020-10-30T10:11:27","slug":"a-firenze-in-arrivo-il-rocknroll-dal-sapore-vintage-dei-malarima","status":"publish","type":"post","link":"https:\/\/www.intoscana.it\/it\/a-firenze-in-arrivo-il-rocknroll-dal-sapore-vintage-dei-malarima\/","title":{"rendered":"A Firenze in arrivo il rock&#8217;n&#8217;roll dal sapore &#8216;vintage&#8217; dei Malarima"},"content":{"rendered":"<p><a href=\"https:\/\/www.facebook.com\/malarima61\/\" target=\"_blank\" rel=\"noopener noreferrer\"><strong>Malarima<\/strong><\/a> \u00e8 un progetto che nasce nel 2016 grazie alla riunione di <strong>Alberto Agnelli, Max Rossi e Riccardo Scianca<\/strong>, tre quarti dei <strong>Vidia, rock band fiorentina<\/strong> sulla scena nella prima met\u00e0 degli anni 90 in cui militava alla voce e chitarra <strong>Enrico Greppi<\/strong> (Erriquez\/Bandabard\u00f2). Il sound del gruppo appare un\u2019originale rivisitazione di ascolti stratificati di<strong> Lou Reed, REM ed il Paisley Underground dei Dream Syndicate, Clash, la new wave<\/strong> degli anni 80, il grounge dei 90 e molto altro, producendo una sintesi estremamente originale dove si immergono i testi che raccontano il presente quotidiano visto dagli occhi di chi non \u00e8 pi\u00f9 un ragazzo. Nelle loro canzoni\u00a0il garage si mescola all\u2019indie rock e, a volte, al pop. <strong>Immagini e storie rubate alla vita di tutti i giorni,<\/strong> con sullo sfondo temi universali come le migrazioni, l\u2019assenza della politica, le guerre on-demand, la difficolt\u00e0 delle relazioni interpersonali o la ricerca di una realt\u00e0 alternativa.\u00a0<strong>Il 16 ottobre la band sar\u00e0 in concerto al <a href=\"https:\/\/www.intoscana.it\/it\/articolo\/la-chute-contre-la-peste\/\" target=\"_blank\" rel=\"noopener noreferrer\">Circolo Il Progresso di Firenze.<\/a><\/strong><\/p>\n<h3><strong>Ecco la nostra intervista al cantante Max<\/strong><\/h3>\n<p><strong>Ciao Max, come avete deciso di riformare i Malarima\u00a0nel 2016?<\/strong><\/p>\n<p>A volte capita nella vita di rincontrare degli amici che non vedi da tanto tempo, ti fermi a parlare\u00a0con loro e ti rendi conto che non \u00e8 cambiato assolutamente niente dal momento in cui vi siete lasciati, che sia un anno, cinque o dieci anni. Cos\u00ec \u00e8 stato. C&#8217;\u00e8 stata un&#8217;occasione di ritrovo per noi, e <strong>nel momento in cui abbiamo detto: &#8216;facciamo una sera una prova&#8217; c&#8217;era una brace sotto, \u00e8 bastato soffiare, niente si era spento<\/strong>. <strong>&#8216;Malarima&#8217;<\/strong>\u00a0\u00e8 un gioco di parole perch\u00e8 nei nostri testi non esistono rime. Per\u00f2 <strong>Malarima<\/strong> nasce anche dall&#8217;unione dei nomi dei componenti della band <strong>Massimiliano, Alberto, Riccardo e Maurizio.<\/strong><\/p>\n<p><strong>&#8216;In equilibrio&#8217; \u00e8 il titolo del vostro secondo disco, \u00e8 una parola su cui io rifletto sempre molto perch\u00e8 nel momento in cui mi sembra di essere riuscita a trovarlo, tutto va in frantumi in un secondo. Cos&#8217;\u00e8 per voi l&#8217;equilibrio?<\/strong><\/p>\n<p>Per noi l&#8217;equilibrio \u00e8 riuscire a vivere quest&#8217;avventura nel mondo in cui viviamo con le problematiche attuali. <strong>Siamo tutti &#8216;grandi&#8217; non abbiamo pi\u00f9 20 anni, quando si pensa solo a divertirsi, al successo, a fare le tourne\u00e8, a suonare.<\/strong> Oggi ognuno di noi ha una vita diversa, ha una famiglia. Ci troviamo poche volte alla settimana e bisogna mantenere in equilibrio tutto quello che facciamo. Non \u00e8 solo divertimento, c&#8217;\u00e8 l&#8217;impegno di tutti noi a fare cose serie e concrete, c&#8217;\u00e8 voglia di svagarsi ma anche mettere dentro professionalit\u00e0 e quello che pu\u00f2 servire per mettere a frutto nel minor tempo possibile le cose che hai voglia di dire e di fare. <strong>La nostra vita \u00e8 un equilibrio.<\/strong><\/p>\n<p><strong>Mi sembra che uno dei temi pi\u00f9 importanti che emerge dal vostro disco sia il rifiuto delle ipocrisie della societ\u00e0<\/strong><\/p>\n<p>Non siamo dei contestatori, siamo persone mature, ognuno ha trovato la propria stabilit\u00e0.<strong> Il rifiuto dell&#8217;ipocrisia in noi \u00e8 innato, c&#8217;era al tempo dei Vidia e c&#8217;\u00e8 oggi.<\/strong> Ognuno di noi \u00e8 una persona sincera altrimenti dopo tutti questi anni non suoneremo ancora insieme.<\/p>\n<h3>Malarima, Piover\u00e0<\/h3>\n<p><iframe loading=\"lazy\" src=\"https:\/\/www.youtube.com\/embed\/_Yzrp0GEzvs\" width=\"800\" height=\"500\" frameborder=\"0\" allowfullscreen=\"allowfullscreen\"><\/iframe><\/p>\n<p><strong>La passione per la musica per voi non \u00e8 cambiata, cos&#8217;\u00e8 cambiato dal tempo dei Vidia?<\/strong><\/p>\n<p>Noi siamo della generazione dei <strong>Litfiba<\/strong>, Gianni Maroccolo \u00e8 stato il nostro produttore. Ci frequentavamo con<a href=\"https:\/\/www.intoscana.it\/it\/articolo\/piero_pelu_pugili_fragili\/\" target=\"_blank\" rel=\"noopener noreferrer\"><strong> Piero Pel\u00f9 nell&#8217;underground fiorentino.<\/strong><\/a> Dato che il nome &#8216;<strong>Litfiba&#8217;<\/strong> viene da <strong>&#8216;Italia, Firenze, via de Bardi<\/strong>&#8216;, cos\u00ec <strong>i Vidia presero il nome dal Viadotto dell&#8217;Indiano<\/strong>. Siamo cambiati? Solo esteriormente, dal punto di vista della ricerca musicale non \u00e8 cambiato assolutamente niente.<\/p>\n<p><strong>I vostri riferimenti musicali sono i Rem, i Clash, Lou Reed, dei giovani di oggi c&#8217;\u00e8 qualcosa che ti piace, che ascolti?<\/strong><\/p>\n<p>Tutto il mio tempo libero lo dedico alla nostra avventura musicale, a malincuore lascio poco spazio alla musica degli altri, ma appena ho l&#8217;occasione ascolto qualcosa. <strong>Vivo nella zona di Arezzo e qui c&#8217;\u00e8 un grande fermento musicale, tanti gruppi, gli Ego, i ragazzi che lavorano nella Woodworm<\/strong>, viaggiamo dentro la musica indipendente. <a href=\"https:\/\/www.intoscana.it\/it\/articolo\/perpendicolare-la-musica-di-cristina-dona-incontra-la-danza-di-daniele-ninarello\/\" target=\"_blank\" rel=\"noopener noreferrer\"><strong>Cristina Don\u00e0<\/strong><\/a> \u00e8 una delle mie autrici preferite. Seguo sempre i vecchi autori della musica italiana come <a href=\"https:\/\/www.intoscana.it\/it\/dettaglio-video\/irresistibile-edda-astronauta-rock-al-festival-delle-colline\/\" target=\"_blank\" rel=\"noopener noreferrer\"><strong>Edda<\/strong><\/a>, <a href=\"https:\/\/www.intoscana.it\/it\/articolo\/il-covid-la-musica-e-il-nuovo-disco-con-edda-intervista-a-gianni-maroccolo\/\" target=\"_blank\" rel=\"noopener noreferrer\"><strong>Gianni Maroccolo<\/strong><\/a>.<\/p>\n<p><strong>Potremo venire a sentirvi suonare?<\/strong><\/p>\n<p>Ce la stiamo mettendo tutta abbiamo una serata <strong>il 16 ottobre al Circolo Il Progresso di Firenze<\/strong>. In quell&#8217;occasione ci sar\u00e0 anche la presentazione ufficiale del disco. Tutto questo Covid permettendo, perch\u00e8 come sappiamo stiamo vivendo una situazione un po&#8217; difficile per i concerti.<\/p>\n<figure id=\"attachment_153766\" aria-describedby=\"caption-attachment-153766\" style=\"width: 1630px\" class=\"wp-caption alignnone\"><img loading=\"lazy\" decoding=\"async\" class=\"size-full wp-image-153766\" src=\"https:\/\/www.intoscana.it\/wp-content\/uploads\/Cover-5.jpg\" alt=\"Malarima, In Equilibrio\" width=\"1630\" height=\"1476\" srcset=\"https:\/\/www.intoscana.it\/wp-content\/uploads\/Cover-5.jpg 1630w, https:\/\/www.intoscana.it\/wp-content\/uploads\/Cover-5-300x272.jpg 300w, https:\/\/www.intoscana.it\/wp-content\/uploads\/Cover-5-500x453.jpg 500w, https:\/\/www.intoscana.it\/wp-content\/uploads\/Cover-5-768x695.jpg 768w, https:\/\/www.intoscana.it\/wp-content\/uploads\/Cover-5-1536x1391.jpg 1536w\" sizes=\"auto, (max-width: 1630px) 100vw, 1630px\" \/><figcaption id=\"caption-attachment-153766\" class=\"wp-caption-text\">Malarima, In Equilibrio<\/figcaption><\/figure>\n","protected":false},"excerpt":{"rendered":"<p>Il 16 ottobre la band formatasi dalle ceneri dei Vidia porter\u00e0 al Circolo Il Progresso il suo secondo lavoro discografico &#8220;In Equilibrio&#8221;<\/p>\n","protected":false},"author":518,"featured_media":153764,"comment_status":"open","ping_status":"open","sticky":false,"template":"","format":"standard","meta":{"_acf_changed":false,"footnotes":""},"categories":[14],"tags":[216,4474,388,4653,3196],"class_list":["post-153761","post","type-post","status-publish","format-standard","has-post-thumbnail","hentry","category-musica","tag-concerti","tag-eventi","tag-eventi-a-firenze","tag-malarima","tag-musicisti"],"acf":[],"yoast_head":"<!-- This site is optimized with the Yoast SEO Premium plugin v24.2 (Yoast SEO v25.6) - https:\/\/yoast.com\/wordpress\/plugins\/seo\/ -->\n<title>A Firenze in arrivo il rock&#039;n&#039;roll dal sapore &#039;vintage&#039; dei Malarima - intoscana<\/title>\n<meta name=\"description\" content=\"Il 16 ottobre la band formatasi dalle ceneri dei Vidia porter\u00e0 al Circolo Il Progresso il suo secondo lavoro discografico &quot;In Equilibrio&quot;\" \/>\n<meta name=\"robots\" content=\"index, follow, max-snippet:-1, max-image-preview:large, max-video-preview:-1\" \/>\n<link rel=\"canonical\" href=\"https:\/\/www.intoscana.it\/it\/a-firenze-in-arrivo-il-rocknroll-dal-sapore-vintage-dei-malarima\/\" \/>\n<meta property=\"og:locale\" content=\"it_IT\" \/>\n<meta property=\"og:type\" content=\"article\" \/>\n<meta property=\"og:title\" content=\"A Firenze in arrivo il rock&#039;n&#039;roll dal sapore &#039;vintage&#039; dei Malarima\" \/>\n<meta property=\"og:description\" content=\"Il 16 ottobre la band formatasi dalle ceneri dei Vidia porter\u00e0 al Circolo Il Progresso il suo secondo lavoro discografico &quot;In Equilibrio&quot;\" \/>\n<meta property=\"og:url\" content=\"https:\/\/www.intoscana.it\/it\/a-firenze-in-arrivo-il-rocknroll-dal-sapore-vintage-dei-malarima\/\" \/>\n<meta property=\"og:site_name\" content=\"intoscana\" \/>\n<meta property=\"article:publisher\" content=\"https:\/\/www.facebook.com\/intoscana.it\" \/>\n<meta property=\"article:published_time\" content=\"2020-10-02T14:08:39+00:00\" \/>\n<meta property=\"article:modified_time\" content=\"2020-10-30T10:11:27+00:00\" \/>\n<meta property=\"og:image\" content=\"https:\/\/www.intoscana.it\/wp-content\/uploads\/01.DSC_0067-scaled.jpg\" \/>\n\t<meta property=\"og:image:width\" content=\"2048\" \/>\n\t<meta property=\"og:image:height\" content=\"1362\" \/>\n\t<meta property=\"og:image:type\" content=\"image\/jpeg\" \/>\n<meta name=\"author\" content=\"Costanza Baldini\" \/>\n<meta name=\"twitter:card\" content=\"summary_large_image\" \/>\n<meta name=\"twitter:creator\" content=\"@intoscana\" \/>\n<meta name=\"twitter:site\" content=\"@intoscana\" \/>\n<meta name=\"twitter:label1\" content=\"Written by\" \/>\n\t<meta name=\"twitter:data1\" content=\"Costanza Baldini\" \/>\n\t<meta name=\"twitter:label2\" content=\"Est. reading time\" \/>\n\t<meta name=\"twitter:data2\" content=\"4 minuti\" \/>\n<script type=\"application\/ld+json\" class=\"yoast-schema-graph\">{\"@context\":\"https:\/\/schema.org\",\"@graph\":[{\"@type\":\"WebPage\",\"@id\":\"https:\/\/www.intoscana.it\/it\/a-firenze-in-arrivo-il-rocknroll-dal-sapore-vintage-dei-malarima\/\",\"url\":\"https:\/\/www.intoscana.it\/it\/a-firenze-in-arrivo-il-rocknroll-dal-sapore-vintage-dei-malarima\/\",\"name\":\"A Firenze in arrivo il rock'n'roll dal sapore 'vintage' dei Malarima - intoscana\",\"isPartOf\":{\"@id\":\"https:\/\/www.intoscana.it\/it\/#website\"},\"primaryImageOfPage\":{\"@id\":\"https:\/\/www.intoscana.it\/it\/a-firenze-in-arrivo-il-rocknroll-dal-sapore-vintage-dei-malarima\/#primaryimage\"},\"image\":{\"@id\":\"https:\/\/www.intoscana.it\/it\/a-firenze-in-arrivo-il-rocknroll-dal-sapore-vintage-dei-malarima\/#primaryimage\"},\"thumbnailUrl\":\"https:\/\/www.intoscana.it\/wp-content\/uploads\/01.DSC_0067-scaled.jpg\",\"datePublished\":\"2020-10-02T14:08:39+00:00\",\"dateModified\":\"2020-10-30T10:11:27+00:00\",\"author\":{\"@id\":\"https:\/\/www.intoscana.it\/it\/#\/schema\/person\/d469f35f09739bdf00bf5dd3f0647a82\"},\"description\":\"Il 16 ottobre la band formatasi dalle ceneri dei Vidia porter\u00e0 al Circolo Il Progresso il suo secondo lavoro discografico \\\"In Equilibrio\\\"\",\"breadcrumb\":{\"@id\":\"https:\/\/www.intoscana.it\/it\/a-firenze-in-arrivo-il-rocknroll-dal-sapore-vintage-dei-malarima\/#breadcrumb\"},\"inLanguage\":\"it-IT\",\"potentialAction\":[{\"@type\":\"ReadAction\",\"target\":[\"https:\/\/www.intoscana.it\/it\/a-firenze-in-arrivo-il-rocknroll-dal-sapore-vintage-dei-malarima\/\"]}]},{\"@type\":\"ImageObject\",\"inLanguage\":\"it-IT\",\"@id\":\"https:\/\/www.intoscana.it\/it\/a-firenze-in-arrivo-il-rocknroll-dal-sapore-vintage-dei-malarima\/#primaryimage\",\"url\":\"https:\/\/www.intoscana.it\/wp-content\/uploads\/01.DSC_0067-scaled.jpg\",\"contentUrl\":\"https:\/\/www.intoscana.it\/wp-content\/uploads\/01.DSC_0067-scaled.jpg\",\"width\":2048,\"height\":1362,\"caption\":\"Malarima\"},{\"@type\":\"BreadcrumbList\",\"@id\":\"https:\/\/www.intoscana.it\/it\/a-firenze-in-arrivo-il-rocknroll-dal-sapore-vintage-dei-malarima\/#breadcrumb\",\"itemListElement\":[{\"@type\":\"ListItem\",\"position\":1,\"name\":\"Home\",\"item\":\"https:\/\/www.intoscana.it\/it\/\"},{\"@type\":\"ListItem\",\"position\":2,\"name\":\"A Firenze in arrivo il rock&#8217;n&#8217;roll dal sapore &#8216;vintage&#8217; dei Malarima\"}]},{\"@type\":\"WebSite\",\"@id\":\"https:\/\/www.intoscana.it\/it\/#website\",\"url\":\"https:\/\/www.intoscana.it\/it\/\",\"name\":\"intoscana\",\"description\":\"\",\"potentialAction\":[{\"@type\":\"SearchAction\",\"target\":{\"@type\":\"EntryPoint\",\"urlTemplate\":\"https:\/\/www.intoscana.it\/it\/?s={search_term_string}\"},\"query-input\":{\"@type\":\"PropertyValueSpecification\",\"valueRequired\":true,\"valueName\":\"search_term_string\"}}],\"inLanguage\":\"it-IT\"},{\"@type\":\"Person\",\"@id\":\"https:\/\/www.intoscana.it\/it\/#\/schema\/person\/d469f35f09739bdf00bf5dd3f0647a82\",\"name\":\"Costanza Baldini\",\"url\":\"https:\/\/www.intoscana.it\/it\/author\/costanza-baldini\/\"}]}<\/script>\n<!-- \/ Yoast SEO Premium plugin. -->","yoast_head_json":{"title":"A Firenze in arrivo il rock'n'roll dal sapore 'vintage' dei Malarima - intoscana","description":"Il 16 ottobre la band formatasi dalle ceneri dei Vidia porter\u00e0 al Circolo Il Progresso il suo secondo lavoro discografico \"In Equilibrio\"","robots":{"index":"index","follow":"follow","max-snippet":"max-snippet:-1","max-image-preview":"max-image-preview:large","max-video-preview":"max-video-preview:-1"},"canonical":"https:\/\/www.intoscana.it\/it\/a-firenze-in-arrivo-il-rocknroll-dal-sapore-vintage-dei-malarima\/","og_locale":"it_IT","og_type":"article","og_title":"A Firenze in arrivo il rock'n'roll dal sapore 'vintage' dei Malarima","og_description":"Il 16 ottobre la band formatasi dalle ceneri dei Vidia porter\u00e0 al Circolo Il Progresso il suo secondo lavoro discografico \"In Equilibrio\"","og_url":"https:\/\/www.intoscana.it\/it\/a-firenze-in-arrivo-il-rocknroll-dal-sapore-vintage-dei-malarima\/","og_site_name":"intoscana","article_publisher":"https:\/\/www.facebook.com\/intoscana.it","article_published_time":"2020-10-02T14:08:39+00:00","article_modified_time":"2020-10-30T10:11:27+00:00","og_image":[{"width":2048,"height":1362,"url":"https:\/\/www.intoscana.it\/wp-content\/uploads\/01.DSC_0067-scaled.jpg","type":"image\/jpeg"}],"author":"Costanza Baldini","twitter_card":"summary_large_image","twitter_creator":"@intoscana","twitter_site":"@intoscana","twitter_misc":{"Written by":"Costanza Baldini","Est. reading time":"4 minuti"},"schema":{"@context":"https:\/\/schema.org","@graph":[{"@type":"WebPage","@id":"https:\/\/www.intoscana.it\/it\/a-firenze-in-arrivo-il-rocknroll-dal-sapore-vintage-dei-malarima\/","url":"https:\/\/www.intoscana.it\/it\/a-firenze-in-arrivo-il-rocknroll-dal-sapore-vintage-dei-malarima\/","name":"A Firenze in arrivo il rock'n'roll dal sapore 'vintage' dei Malarima - intoscana","isPartOf":{"@id":"https:\/\/www.intoscana.it\/it\/#website"},"primaryImageOfPage":{"@id":"https:\/\/www.intoscana.it\/it\/a-firenze-in-arrivo-il-rocknroll-dal-sapore-vintage-dei-malarima\/#primaryimage"},"image":{"@id":"https:\/\/www.intoscana.it\/it\/a-firenze-in-arrivo-il-rocknroll-dal-sapore-vintage-dei-malarima\/#primaryimage"},"thumbnailUrl":"https:\/\/www.intoscana.it\/wp-content\/uploads\/01.DSC_0067-scaled.jpg","datePublished":"2020-10-02T14:08:39+00:00","dateModified":"2020-10-30T10:11:27+00:00","author":{"@id":"https:\/\/www.intoscana.it\/it\/#\/schema\/person\/d469f35f09739bdf00bf5dd3f0647a82"},"description":"Il 16 ottobre la band formatasi dalle ceneri dei Vidia porter\u00e0 al Circolo Il Progresso il suo secondo lavoro discografico \"In Equilibrio\"","breadcrumb":{"@id":"https:\/\/www.intoscana.it\/it\/a-firenze-in-arrivo-il-rocknroll-dal-sapore-vintage-dei-malarima\/#breadcrumb"},"inLanguage":"it-IT","potentialAction":[{"@type":"ReadAction","target":["https:\/\/www.intoscana.it\/it\/a-firenze-in-arrivo-il-rocknroll-dal-sapore-vintage-dei-malarima\/"]}]},{"@type":"ImageObject","inLanguage":"it-IT","@id":"https:\/\/www.intoscana.it\/it\/a-firenze-in-arrivo-il-rocknroll-dal-sapore-vintage-dei-malarima\/#primaryimage","url":"https:\/\/www.intoscana.it\/wp-content\/uploads\/01.DSC_0067-scaled.jpg","contentUrl":"https:\/\/www.intoscana.it\/wp-content\/uploads\/01.DSC_0067-scaled.jpg","width":2048,"height":1362,"caption":"Malarima"},{"@type":"BreadcrumbList","@id":"https:\/\/www.intoscana.it\/it\/a-firenze-in-arrivo-il-rocknroll-dal-sapore-vintage-dei-malarima\/#breadcrumb","itemListElement":[{"@type":"ListItem","position":1,"name":"Home","item":"https:\/\/www.intoscana.it\/it\/"},{"@type":"ListItem","position":2,"name":"A Firenze in arrivo il rock&#8217;n&#8217;roll dal sapore &#8216;vintage&#8217; dei Malarima"}]},{"@type":"WebSite","@id":"https:\/\/www.intoscana.it\/it\/#website","url":"https:\/\/www.intoscana.it\/it\/","name":"intoscana","description":"","potentialAction":[{"@type":"SearchAction","target":{"@type":"EntryPoint","urlTemplate":"https:\/\/www.intoscana.it\/it\/?s={search_term_string}"},"query-input":{"@type":"PropertyValueSpecification","valueRequired":true,"valueName":"search_term_string"}}],"inLanguage":"it-IT"},{"@type":"Person","@id":"https:\/\/www.intoscana.it\/it\/#\/schema\/person\/d469f35f09739bdf00bf5dd3f0647a82","name":"Costanza Baldini","url":"https:\/\/www.intoscana.it\/it\/author\/costanza-baldini\/"}]}},"_links":{"self":[{"href":"https:\/\/www.intoscana.it\/it\/wp-json\/wp\/v2\/posts\/153761","targetHints":{"allow":["GET"]}}],"collection":[{"href":"https:\/\/www.intoscana.it\/it\/wp-json\/wp\/v2\/posts"}],"about":[{"href":"https:\/\/www.intoscana.it\/it\/wp-json\/wp\/v2\/types\/post"}],"author":[{"embeddable":true,"href":"https:\/\/www.intoscana.it\/it\/wp-json\/wp\/v2\/users\/518"}],"replies":[{"embeddable":true,"href":"https:\/\/www.intoscana.it\/it\/wp-json\/wp\/v2\/comments?post=153761"}],"version-history":[{"count":0,"href":"https:\/\/www.intoscana.it\/it\/wp-json\/wp\/v2\/posts\/153761\/revisions"}],"wp:featuredmedia":[{"embeddable":true,"href":"https:\/\/www.intoscana.it\/it\/wp-json\/wp\/v2\/media\/153764"}],"wp:attachment":[{"href":"https:\/\/www.intoscana.it\/it\/wp-json\/wp\/v2\/media?parent=153761"}],"wp:term":[{"taxonomy":"category","embeddable":true,"href":"https:\/\/www.intoscana.it\/it\/wp-json\/wp\/v2\/categories?post=153761"},{"taxonomy":"post_tag","embeddable":true,"href":"https:\/\/www.intoscana.it\/it\/wp-json\/wp\/v2\/tags?post=153761"}],"curies":[{"name":"wp","href":"https:\/\/api.w.org\/{rel}","templated":true}]}}