{"id":153830,"date":"2020-10-03T14:58:23","date_gmt":"2020-10-03T12:58:23","guid":{"rendered":"https:\/\/www.intoscana.it\/it\/?p=153830"},"modified":"2020-10-05T14:30:00","modified_gmt":"2020-10-05T12:30:00","slug":"covid-19-in-toscana-197-nuovi-positivi-40-anni-leta-media-un-decesso","status":"publish","type":"post","link":"https:\/\/www.intoscana.it\/it\/covid-19-in-toscana-197-nuovi-positivi-40-anni-leta-media-un-decesso\/","title":{"rendered":"Covid in Toscana: 197 nuovi positivi, 40 anni l\u2019et\u00e0 media, un decesso a Massa Carrara"},"content":{"rendered":"<p><strong>In Toscana sono 15.391 i casi di positivit\u00e0 al Coronavirus,<\/strong> 197 in pi\u00f9 rispetto a ieri (97 identificati in corso di tracciamento e 100 da attivit\u00e0 di screening). <strong>I nuovi casi sono l\u20191,3% in pi\u00f9 rispetto al totale del giorno precedente<\/strong>. I guariti crescono dello 0,4% e raggiungono quota 10.435 (67,8% dei casi totali). I test eseguiti hanno raggiunto quota 766.448, 8.839 in pi\u00f9 rispetto a ieri. Gli attualmente positivi sono oggi 3.790, +4,4% rispetto a ieri. I ricoverati sono 123 (4 in meno rispetto a ieri), di cui 24 in terapia intensiva (stabili). Oggi si registra 1 nuovo decesso: una donna di 98 anni.<\/p>\n<p><strong>L&#8217;et\u00e0 media dei 197 casi odierni \u00e8 di 40 anni circa<\/strong> (il 13% ha meno di 20 anni, il 38% tra 20 e 39 anni, il 36% tra 40 e 59 anni, il 9% tra 60 e 79 anni, il 4% ha 80 anni o pi\u00f9) e, per quanto riguarda gli stati clinici, il 65% \u00e8 risultato asintomatico, il 18% pauci-sintomatico.<\/p>\n<p>Delle 197 positivit\u00e0 odierne,<strong> 4 casi sono ricollegabili a rientri dall&#8217;estero. Il 40% della casistica \u00e8 un contatto collegato a un precedente caso.<\/strong><\/p>\n<p>Di seguito i casi di positivit\u00e0 sul territorio con la variazione rispetto a ieri (vi rientrano anche 9 casi comunicati ieri, la cui informazione sulla provincia di residenza non era ancora disponibile). Sono 4.424 i casi complessivi ad oggi a Firenze (35 in pi\u00f9 rispetto a ieri), 949 a Prato (35 in pi\u00f9), 1.076 a Pistoia (29 in pi\u00f9), 1.542 a Massa (3 in pi\u00f9), 1.893 a Lucca (19 in pi\u00f9), 1.691 a Pisa (35 in pi\u00f9), 789 a Livorno (18 in pi\u00f9), 1.196 ad Arezzo (10 in pi\u00f9), 669 a Siena (21 in pi\u00f9), 615 a Grosseto (1 in pi\u00f9). Sono 547 i casi positivi notificati in Toscana, ma residenti in altre regioni.<\/p>\n<p><strong>Sono 99 quindi i casi riscontrati nell&#8217;Asl Centro,<\/strong> 75 nella Nord Ovest, 32 nella Sud est. In questi conteggi, come detto, rientrano anche 9 casi comunicati ieri, attribuiti solo oggi alla propria Asl di residenza.<\/p>\n<p><strong>La Toscana si conferma al 10\u00b0 posto in Italia come numerosit\u00e0 di casi<\/strong> (comprensivi di residenti e non residenti), con circa 413 casi per 100.000 abitanti (media italiana circa 530 x100.000, dato di ieri). Le province di notifica con il tasso pi\u00f9 alto sono Massa Carrara con 791 casi x100.000 abitanti, Lucca con 488, Firenze con 437, la pi\u00f9 bassa Livorno con 236.<br \/>\nComplessivamente, 3.667 persone sono in isolamento a casa, poich\u00e9 presentano sintomi lievi che non richiedono cure ospedaliere, o risultano prive di sintomi (163 in pi\u00f9 rispetto a ieri, pi\u00f9 4,7%).<br \/>\nSono 7.655 (84 in pi\u00f9 rispetto a ieri, pi\u00f9 1,1%) le persone, anch&#8217;esse isolate, in sorveglianza attiva perch\u00e9 hanno avuto contatti con persone contagiate (ASL Centro 2.491, Nord Ovest 3.881, Sud Est 1.283).<br \/>\nLe persone ricoverate nei posti letto dedicati ai pazienti COVID oggi sono complessivamente 123 (4 in meno rispetto a ieri, meno 3,1%), 24 in terapia intensiva (stabili rispetto a ieri).<br \/>\n<strong>Le persone complessivamente guarite sono 10.435<\/strong> (37 in pi\u00f9 rispetto a ieri, pi\u00f9 0,4%): 286 persone clinicamente guarite (stabili rispetto a ieri), divenute cio\u00e8 asintomatiche dopo aver presentato manifestazioni cliniche associate all&#8217;infezione e 10.149 (37 in pi\u00f9 rispetto a ieri, pi\u00f9 0,4%) dichiarate guarite a tutti gli effetti, le cosiddette guarigioni virali, con doppio tampone negativo.<\/p>\n<p><strong>Oggi si registra 1 nuovo decesso: una donna di 98 anni.<\/strong> Relativamente alla provincia di notifica, <strong>la persona deceduta \u00e8 a Massa-Carrara.<\/strong><\/p>\n<p>Sono 1.166 i deceduti dall&#8217;inizio dell&#8217;epidemia cosi ripartiti: 420 a Firenze, 54 a Prato, 83 a Pistoia, 179 a Massa-Carrara, 149 a Lucca, 97 a Pisa, 65 a Livorno, 53 ad Arezzo, 33 a Siena, 25 a Grosseto; 8 persone sono decedute sul suolo toscano ma erano residenti fuori regione.<\/p>\n<p><strong>Il tasso grezzo di mortalit\u00e0 toscano<\/strong> (numero di deceduti\/popolazione residente) <strong>per Covid-19 \u00e8 di 31,3 per 100.000 residenti contro il 59,5\u00a0 per 100.000 della media italiana<\/strong> (11\u00b0 regione). Per quanto riguarda le province, il tasso di mortalit\u00e0 pi\u00f9 alto si riscontra a Massa-Carrara (91,9 per 100.000), Firenze (41,5 per 100.000) e Lucca (38,4\u00a0 per 100.000), il pi\u00f9 basso a Grosseto (11,3 per 100.000).<\/p>\n","protected":false},"excerpt":{"rendered":"<p>Questi i dati accertati alle ore 12 di sabato 3 ottobre sulla base delle richieste della Protezione Civile Nazionale relativi all&#8217;andamento dell&#8217;epidemia in regione<\/p>\n","protected":false},"author":525,"featured_media":149584,"comment_status":"open","ping_status":"open","sticky":false,"template":"","format":"standard","meta":{"_acf_changed":false,"footnotes":""},"categories":[494],"tags":[418],"class_list":["post-153830","post","type-post","status-publish","format-standard","has-post-thumbnail","hentry","category-attualita","tag-covid-19"],"acf":[],"yoast_head":"<!-- This site is optimized with the Yoast SEO Premium plugin v24.2 (Yoast SEO v25.6) - https:\/\/yoast.com\/wordpress\/plugins\/seo\/ -->\n<title>Covid in Toscana: 197 nuovi positivi, 40 anni l\u2019et\u00e0 media, un decesso a Massa Carrara - intoscana<\/title>\n<meta name=\"description\" content=\"Questi i dati accertati alle ore 12 di sabato 3 ottobre sulla base delle richieste della Protezione Civile relativi all&#039;epidemia in Toscana\" \/>\n<meta name=\"robots\" content=\"index, follow, max-snippet:-1, max-image-preview:large, max-video-preview:-1\" \/>\n<link rel=\"canonical\" href=\"https:\/\/www.intoscana.it\/it\/covid-19-in-toscana-197-nuovi-positivi-40-anni-leta-media-un-decesso\/\" \/>\n<meta property=\"og:locale\" content=\"it_IT\" \/>\n<meta property=\"og:type\" content=\"article\" \/>\n<meta property=\"og:title\" content=\"Covid in Toscana: 197 nuovi positivi, 40 anni l\u2019et\u00e0 media, un decesso a Massa Carrara\" \/>\n<meta property=\"og:description\" content=\"Questi i dati accertati alle ore 12 di sabato 3 ottobre sulla base delle richieste della Protezione Civile relativi all&#039;epidemia in Toscana\" \/>\n<meta property=\"og:url\" content=\"https:\/\/www.intoscana.it\/it\/covid-19-in-toscana-197-nuovi-positivi-40-anni-leta-media-un-decesso\/\" \/>\n<meta property=\"og:site_name\" content=\"intoscana\" \/>\n<meta property=\"article:publisher\" content=\"https:\/\/www.facebook.com\/intoscana.it\" \/>\n<meta property=\"article:published_time\" content=\"2020-10-03T12:58:23+00:00\" \/>\n<meta property=\"article:modified_time\" content=\"2020-10-05T12:30:00+00:00\" \/>\n<meta property=\"og:image\" content=\"https:\/\/www.intoscana.it\/wp-content\/uploads\/Coronavirus_gel.jpeg\" \/>\n\t<meta property=\"og:image:width\" content=\"1899\" \/>\n\t<meta property=\"og:image:height\" content=\"1061\" \/>\n\t<meta property=\"og:image:type\" content=\"image\/jpeg\" \/>\n<meta name=\"author\" content=\"Redazione\" \/>\n<meta name=\"twitter:card\" content=\"summary_large_image\" \/>\n<meta name=\"twitter:creator\" content=\"@intoscana\" \/>\n<meta name=\"twitter:site\" content=\"@intoscana\" \/>\n<meta name=\"twitter:label1\" content=\"Written by\" \/>\n\t<meta name=\"twitter:data1\" content=\"Redazione\" \/>\n\t<meta name=\"twitter:label2\" content=\"Est. reading time\" \/>\n\t<meta name=\"twitter:data2\" content=\"3 minuti\" \/>\n<script type=\"application\/ld+json\" class=\"yoast-schema-graph\">{\"@context\":\"https:\/\/schema.org\",\"@graph\":[{\"@type\":\"WebPage\",\"@id\":\"https:\/\/www.intoscana.it\/it\/covid-19-in-toscana-197-nuovi-positivi-40-anni-leta-media-un-decesso\/\",\"url\":\"https:\/\/www.intoscana.it\/it\/covid-19-in-toscana-197-nuovi-positivi-40-anni-leta-media-un-decesso\/\",\"name\":\"Covid in Toscana: 197 nuovi positivi, 40 anni l\u2019et\u00e0 media, un decesso a Massa Carrara - intoscana\",\"isPartOf\":{\"@id\":\"https:\/\/www.intoscana.it\/it\/#website\"},\"primaryImageOfPage\":{\"@id\":\"https:\/\/www.intoscana.it\/it\/covid-19-in-toscana-197-nuovi-positivi-40-anni-leta-media-un-decesso\/#primaryimage\"},\"image\":{\"@id\":\"https:\/\/www.intoscana.it\/it\/covid-19-in-toscana-197-nuovi-positivi-40-anni-leta-media-un-decesso\/#primaryimage\"},\"thumbnailUrl\":\"https:\/\/www.intoscana.it\/wp-content\/uploads\/Coronavirus_gel.jpeg\",\"datePublished\":\"2020-10-03T12:58:23+00:00\",\"dateModified\":\"2020-10-05T12:30:00+00:00\",\"author\":{\"@id\":\"https:\/\/www.intoscana.it\/it\/#\/schema\/person\/9223810753230f20bd670fdd322661f8\"},\"description\":\"Questi i dati accertati alle ore 12 di sabato 3 ottobre sulla base delle richieste della Protezione Civile relativi all'epidemia in Toscana\",\"breadcrumb\":{\"@id\":\"https:\/\/www.intoscana.it\/it\/covid-19-in-toscana-197-nuovi-positivi-40-anni-leta-media-un-decesso\/#breadcrumb\"},\"inLanguage\":\"it-IT\",\"potentialAction\":[{\"@type\":\"ReadAction\",\"target\":[\"https:\/\/www.intoscana.it\/it\/covid-19-in-toscana-197-nuovi-positivi-40-anni-leta-media-un-decesso\/\"]}]},{\"@type\":\"ImageObject\",\"inLanguage\":\"it-IT\",\"@id\":\"https:\/\/www.intoscana.it\/it\/covid-19-in-toscana-197-nuovi-positivi-40-anni-leta-media-un-decesso\/#primaryimage\",\"url\":\"https:\/\/www.intoscana.it\/wp-content\/uploads\/Coronavirus_gel.jpeg\",\"contentUrl\":\"https:\/\/www.intoscana.it\/wp-content\/uploads\/Coronavirus_gel.jpeg\",\"width\":1899,\"height\":1061,\"caption\":\"Coronavirus\"},{\"@type\":\"BreadcrumbList\",\"@id\":\"https:\/\/www.intoscana.it\/it\/covid-19-in-toscana-197-nuovi-positivi-40-anni-leta-media-un-decesso\/#breadcrumb\",\"itemListElement\":[{\"@type\":\"ListItem\",\"position\":1,\"name\":\"Home\",\"item\":\"https:\/\/www.intoscana.it\/it\/\"},{\"@type\":\"ListItem\",\"position\":2,\"name\":\"Covid in Toscana: 197 nuovi positivi, 40 anni l\u2019et\u00e0 media, un decesso a Massa Carrara\"}]},{\"@type\":\"WebSite\",\"@id\":\"https:\/\/www.intoscana.it\/it\/#website\",\"url\":\"https:\/\/www.intoscana.it\/it\/\",\"name\":\"intoscana\",\"description\":\"\",\"potentialAction\":[{\"@type\":\"SearchAction\",\"target\":{\"@type\":\"EntryPoint\",\"urlTemplate\":\"https:\/\/www.intoscana.it\/it\/?s={search_term_string}\"},\"query-input\":{\"@type\":\"PropertyValueSpecification\",\"valueRequired\":true,\"valueName\":\"search_term_string\"}}],\"inLanguage\":\"it-IT\"},{\"@type\":\"Person\",\"@id\":\"https:\/\/www.intoscana.it\/it\/#\/schema\/person\/9223810753230f20bd670fdd322661f8\",\"name\":\"Redazione\",\"url\":\"https:\/\/www.intoscana.it\/it\/author\/redazione\/\"}]}<\/script>\n<!-- \/ Yoast SEO Premium plugin. -->","yoast_head_json":{"title":"Covid in Toscana: 197 nuovi positivi, 40 anni l\u2019et\u00e0 media, un decesso a Massa Carrara - intoscana","description":"Questi i dati accertati alle ore 12 di sabato 3 ottobre sulla base delle richieste della Protezione Civile relativi all'epidemia in Toscana","robots":{"index":"index","follow":"follow","max-snippet":"max-snippet:-1","max-image-preview":"max-image-preview:large","max-video-preview":"max-video-preview:-1"},"canonical":"https:\/\/www.intoscana.it\/it\/covid-19-in-toscana-197-nuovi-positivi-40-anni-leta-media-un-decesso\/","og_locale":"it_IT","og_type":"article","og_title":"Covid in Toscana: 197 nuovi positivi, 40 anni l\u2019et\u00e0 media, un decesso a Massa Carrara","og_description":"Questi i dati accertati alle ore 12 di sabato 3 ottobre sulla base delle richieste della Protezione Civile relativi all'epidemia in Toscana","og_url":"https:\/\/www.intoscana.it\/it\/covid-19-in-toscana-197-nuovi-positivi-40-anni-leta-media-un-decesso\/","og_site_name":"intoscana","article_publisher":"https:\/\/www.facebook.com\/intoscana.it","article_published_time":"2020-10-03T12:58:23+00:00","article_modified_time":"2020-10-05T12:30:00+00:00","og_image":[{"width":1899,"height":1061,"url":"https:\/\/www.intoscana.it\/wp-content\/uploads\/Coronavirus_gel.jpeg","type":"image\/jpeg"}],"author":"Redazione","twitter_card":"summary_large_image","twitter_creator":"@intoscana","twitter_site":"@intoscana","twitter_misc":{"Written by":"Redazione","Est. reading time":"3 minuti"},"schema":{"@context":"https:\/\/schema.org","@graph":[{"@type":"WebPage","@id":"https:\/\/www.intoscana.it\/it\/covid-19-in-toscana-197-nuovi-positivi-40-anni-leta-media-un-decesso\/","url":"https:\/\/www.intoscana.it\/it\/covid-19-in-toscana-197-nuovi-positivi-40-anni-leta-media-un-decesso\/","name":"Covid in Toscana: 197 nuovi positivi, 40 anni l\u2019et\u00e0 media, un decesso a Massa Carrara - intoscana","isPartOf":{"@id":"https:\/\/www.intoscana.it\/it\/#website"},"primaryImageOfPage":{"@id":"https:\/\/www.intoscana.it\/it\/covid-19-in-toscana-197-nuovi-positivi-40-anni-leta-media-un-decesso\/#primaryimage"},"image":{"@id":"https:\/\/www.intoscana.it\/it\/covid-19-in-toscana-197-nuovi-positivi-40-anni-leta-media-un-decesso\/#primaryimage"},"thumbnailUrl":"https:\/\/www.intoscana.it\/wp-content\/uploads\/Coronavirus_gel.jpeg","datePublished":"2020-10-03T12:58:23+00:00","dateModified":"2020-10-05T12:30:00+00:00","author":{"@id":"https:\/\/www.intoscana.it\/it\/#\/schema\/person\/9223810753230f20bd670fdd322661f8"},"description":"Questi i dati accertati alle ore 12 di sabato 3 ottobre sulla base delle richieste della Protezione Civile relativi all'epidemia in Toscana","breadcrumb":{"@id":"https:\/\/www.intoscana.it\/it\/covid-19-in-toscana-197-nuovi-positivi-40-anni-leta-media-un-decesso\/#breadcrumb"},"inLanguage":"it-IT","potentialAction":[{"@type":"ReadAction","target":["https:\/\/www.intoscana.it\/it\/covid-19-in-toscana-197-nuovi-positivi-40-anni-leta-media-un-decesso\/"]}]},{"@type":"ImageObject","inLanguage":"it-IT","@id":"https:\/\/www.intoscana.it\/it\/covid-19-in-toscana-197-nuovi-positivi-40-anni-leta-media-un-decesso\/#primaryimage","url":"https:\/\/www.intoscana.it\/wp-content\/uploads\/Coronavirus_gel.jpeg","contentUrl":"https:\/\/www.intoscana.it\/wp-content\/uploads\/Coronavirus_gel.jpeg","width":1899,"height":1061,"caption":"Coronavirus"},{"@type":"BreadcrumbList","@id":"https:\/\/www.intoscana.it\/it\/covid-19-in-toscana-197-nuovi-positivi-40-anni-leta-media-un-decesso\/#breadcrumb","itemListElement":[{"@type":"ListItem","position":1,"name":"Home","item":"https:\/\/www.intoscana.it\/it\/"},{"@type":"ListItem","position":2,"name":"Covid in Toscana: 197 nuovi positivi, 40 anni l\u2019et\u00e0 media, un decesso a Massa Carrara"}]},{"@type":"WebSite","@id":"https:\/\/www.intoscana.it\/it\/#website","url":"https:\/\/www.intoscana.it\/it\/","name":"intoscana","description":"","potentialAction":[{"@type":"SearchAction","target":{"@type":"EntryPoint","urlTemplate":"https:\/\/www.intoscana.it\/it\/?s={search_term_string}"},"query-input":{"@type":"PropertyValueSpecification","valueRequired":true,"valueName":"search_term_string"}}],"inLanguage":"it-IT"},{"@type":"Person","@id":"https:\/\/www.intoscana.it\/it\/#\/schema\/person\/9223810753230f20bd670fdd322661f8","name":"Redazione","url":"https:\/\/www.intoscana.it\/it\/author\/redazione\/"}]}},"_links":{"self":[{"href":"https:\/\/www.intoscana.it\/it\/wp-json\/wp\/v2\/posts\/153830","targetHints":{"allow":["GET"]}}],"collection":[{"href":"https:\/\/www.intoscana.it\/it\/wp-json\/wp\/v2\/posts"}],"about":[{"href":"https:\/\/www.intoscana.it\/it\/wp-json\/wp\/v2\/types\/post"}],"author":[{"embeddable":true,"href":"https:\/\/www.intoscana.it\/it\/wp-json\/wp\/v2\/users\/525"}],"replies":[{"embeddable":true,"href":"https:\/\/www.intoscana.it\/it\/wp-json\/wp\/v2\/comments?post=153830"}],"version-history":[{"count":0,"href":"https:\/\/www.intoscana.it\/it\/wp-json\/wp\/v2\/posts\/153830\/revisions"}],"wp:featuredmedia":[{"embeddable":true,"href":"https:\/\/www.intoscana.it\/it\/wp-json\/wp\/v2\/media\/149584"}],"wp:attachment":[{"href":"https:\/\/www.intoscana.it\/it\/wp-json\/wp\/v2\/media?parent=153830"}],"wp:term":[{"taxonomy":"category","embeddable":true,"href":"https:\/\/www.intoscana.it\/it\/wp-json\/wp\/v2\/categories?post=153830"},{"taxonomy":"post_tag","embeddable":true,"href":"https:\/\/www.intoscana.it\/it\/wp-json\/wp\/v2\/tags?post=153830"}],"curies":[{"name":"wp","href":"https:\/\/api.w.org\/{rel}","templated":true}]}}