{"id":153935,"date":"2020-10-05T14:03:27","date_gmt":"2020-10-05T12:03:27","guid":{"rendered":"https:\/\/www.intoscana.it\/it\/?p=153935"},"modified":"2020-10-30T11:35:51","modified_gmt":"2020-10-30T10:35:51","slug":"giornata-trekking-urbano","status":"publish","type":"post","link":"https:\/\/www.intoscana.it\/it\/giornata-trekking-urbano\/","title":{"rendered":"La Giornata del Trekking Urbano torna in sette citt\u00e0 e borghi della Toscana"},"content":{"rendered":"<p style=\"font-weight: 400;\"><strong>Scoprire le citt\u00e0 e i borghi lentamente<\/strong>, in percorsi a piedi che comprendono non solo i luoghi dell&#8217;arte ma anche le botteghe, le osterie e i mercati. \u00c8 questo lo spirito della<strong> Giornata Nazionale del Trekking Urbano<\/strong>, che quest&#8217;anno dedica la sua <a href=\"https:\/\/www.trekkingurbano.info\/trekking-urbano-itinerari-2020\/\" target=\"_blank\" rel=\"noopener noreferrer\">17esima edizione<\/a> a riscoprire e valorizzare l&#8217;anima green e sostenibile dei centri italiani.<\/p>\n<p>Il trekking urbano, nato a <strong>Siena<\/strong> nel 2003, torna cos\u00ec sabato 31 ottobre in 70 localit\u00e0 in tutta Italia tra cui sette citt\u00e0 e borghi della Toscana. Tra gli aderenti oltre alla citt\u00e0 del Palio ci sono anche <strong>Pisa, Lucca e Prato.<\/strong><\/p>\n<p style=\"font-weight: 400;\"><em>&#8220;L\u2019incremento delle citt\u00e0 aderenti che sono arrivate a settanta dimostra come la risposta delle amministrazione comunale al post lockdown sia improntata ad una sensibilit\u00e0 maggiore rispetto al tema del turismo all\u2019aria aperta <\/em>&#8211; sottolinea l&#8217;assessore al turismo del Comune di Siena, Alberto Tirelli &#8211; il<em><strong>\u00a0<\/strong>trekking urbano, che \u00e8 partito da Siena, oggi rappresenta un modello di turismo lento per consentire ai visitatori di riscoprire o scoprire angoli delle citt\u00e0 italiane meno noti e per tornare a vivere le <\/em><em>citt\u00e0<\/em>&#8220;.<\/p>\n<h3><strong>Dal centro di Siena alla Francigena a Monteriggioni<\/strong><\/h3>\n<p>A <strong>Siena<\/strong> l\u2019itinerario del Trekking Urbano 2020 condurr\u00e0 alla scoperta di tante particolarit\u00e0 del centro storico. Si va dalla <strong>Valle di Follonica,<\/strong> che custodisce i colori e i profumi della natura, alla Fonte Nuova d\u2019Ovile, lo storico bacino idrico cittadino, fino ai lavatoi di <strong>Fontebranda<\/strong>, dove un tempo le donne facevano il bucato. Il percorso si concluder\u00e0 nel Cortile del Podest\u00e0 dove verr\u00e0 consegnata ai partecipanti una borraccia ecosostenibile in cambio di una bottiglia di plastica.<\/p>\n<p><strong>Asciano, antico borgo nel cuore delle Crete Senesi,<\/strong> propone invece una passeggiata dedicata all\u2019ecologia e all\u2019amore per la terra, che tocca la Via Lauretana, il sistema dei mulini, le cappelle di Sant\u2019Ippolito e San Sebastiano e si conclude con una degustazione di ricette a km zero.<\/p>\n<p>Sempre in provincia di Siena a <strong>Murlo<\/strong> propone due percorsi. Un anello verde alla scoperta delle origini del borgo e un itinerario dal Museo Etrusco alla localit\u00e0 di Poggio Civitate, sito archeologico tutt&#8217;ora oggetto di scavo.<\/p>\n<p>Era prevista anche una passeggiata a <strong>Monteriggioni<\/strong>, partendo dall&#8217;antica abbazia dei Santi Salvatore e Cirino ad <strong>Abbadia a Isola<\/strong> per poi raggiungere il castello, percorrendo la Via <strong>Francigena. L&#8217;evento per\u00f2 \u00e8 stato annullato <\/strong>a seguito delle restrizioni per il Covid-19.<\/p>\n<figure id=\"attachment_70452\" aria-describedby=\"caption-attachment-70452\" style=\"width: 500px\" class=\"wp-caption alignnone\"><img loading=\"lazy\" decoding=\"async\" class=\"wp-image-70452 size-full\" src=\"https:\/\/www.intoscana.it\/wp-content\/uploads\/95ced20805d22acf88fa2a89b6a6ef84.jpg\" alt=\"\" width=\"500\" height=\"343\" srcset=\"https:\/\/www.intoscana.it\/wp-content\/uploads\/95ced20805d22acf88fa2a89b6a6ef84.jpg 500w, https:\/\/www.intoscana.it\/wp-content\/uploads\/95ced20805d22acf88fa2a89b6a6ef84-300x206.jpg 300w\" sizes=\"auto, (max-width: 500px) 100vw, 500px\" \/><figcaption id=\"caption-attachment-70452\" class=\"wp-caption-text\">Le Crete Senesi<\/figcaption><\/figure>\n<h3>Trekking urbano Pisa tra fontane medicee e antiche mura<\/h3>\n<p>Pisa ha organizzato ben <strong>tre percorsi<\/strong> di trekking urbano. Il primo \u00e8 dedicato alle<strong> fontane medicee<\/strong> nascoste nel centro storico, realizzate dalla potente famiglia fiorentina da Cosimo I in poi. Il secondo invece va dalla Cittadella vecchia a quella nuova mettendo al centro l&#8217;<strong>Arno<\/strong>, asse urbano e specchio su cui la citt\u00e0 si riflette. Infine si possono percorrere le <strong>antiche Mura<\/strong> di Pisa, scoprendo le diverse fasi in cui furono edificate.<\/p>\n<p style=\"font-weight: 400;\"><em>&#8220;\u00c8 un\u2019occasione per far conoscere Pisa ai turisti che magari sono gi\u00e0 stati nella nostra citt\u00e0 per vedere la Torre ma non hanno avuto tempo di scoprire gli angoli meno noti <\/em>\u2013 sottolinea il sindaco di Pisa, Michele Conti &#8211;<em>\u00a0 i tre percorsi proposti daranno a tutti questa possibilit\u00e0, rilanciando quella che noi abbiamo chiamato \u201cPisa oltre la Torre\u201d, cio\u00e8 un\u2019idea di turismo lento che permette al visitatore di entrare in contatto con l\u2019essenza profonda della citt\u00e0 e delle persone che la abitano.&#8221;<\/em><\/p>\n<figure id=\"attachment_143763\" aria-describedby=\"caption-attachment-143763\" style=\"width: 800px\" class=\"wp-caption alignnone\"><img loading=\"lazy\" decoding=\"async\" class=\"wp-image-143763\" src=\"https:\/\/www.intoscana.it\/wp-content\/uploads\/mura-lucca-verde-300x200.jpg\" alt=\"\" width=\"800\" height=\"534\" srcset=\"https:\/\/www.intoscana.it\/wp-content\/uploads\/mura-lucca-verde-300x200.jpg 300w, https:\/\/www.intoscana.it\/wp-content\/uploads\/mura-lucca-verde-768x512.jpg 768w, https:\/\/www.intoscana.it\/wp-content\/uploads\/mura-lucca-verde.jpg 1000w\" sizes=\"auto, (max-width: 800px) 100vw, 800px\" \/><figcaption id=\"caption-attachment-143763\" class=\"wp-caption-text\">Le Mura di Lucca<\/figcaption><\/figure>\n<h3>Dalle Mura di Lucca ai sapori di Prato<\/h3>\n<p><strong>Lucca<\/strong> dedicata la Giornata del Trekking Urbano al suo tesoro pi\u00f9 grande: <strong>le sue Mura<\/strong>. L\u2019imponente macchina difensiva con 10 baluardi e 4 chilometri di lunghezza, costruita tra Cinquecento e Seicento, \u00e8 oggi un parco urbano che come una corona verde cinge tutta la citt\u00e0, tra storia, botanica e leggende.<\/p>\n<p>A <strong>Prato<\/strong> invece il protagonista sar\u00e0 il Bisenzio. Qui si terr\u00e0 infatti una camminata lungo il fiume tra archeologica industriale, arte contemporanea e sapori, grazie alla collaborazione con<a href=\"https:\/\/www.intoscana.it\/it\/articolo\/eatprato-walking\/\" target=\"_blank\" rel=\"noopener noreferrer\"> EatPrato<\/a> che offrir\u00e0 un ristoro a cura di <strong>prodotti tipici<\/strong>.<\/p>\n<p>Infine a <strong>Massa Marittima<\/strong> il trekking urbano sar\u00e0 incentrato sul rapporto tra <strong>paesaggio e spazio urbano<\/strong>, con la visita a due splendidi spazi verde, il Giardino d\u2019Arte di Norma Parenti e il panoramico giardino del Cassero Senese, per arrivare poi al Museo della Miniera e la Torre del Candeliere, da cui si gode di una vista unica.<\/p>\n","protected":false},"excerpt":{"rendered":"<p>Alla scoperta dell&#8217;anima green dei centri urbani: \u00e8 questo il tema della manifestazione dedicata al turismo slow che il 31 ottobre far\u00e0 tappa in 70 citt\u00e0 italiane tra cui Siena, Lucca, Pisa e Prato<\/p>\n","protected":false},"author":502,"featured_media":153949,"comment_status":"open","ping_status":"open","sticky":false,"template":"","format":"standard","meta":{"_acf_changed":false,"footnotes":""},"categories":[6],"tags":[170,203,164,4494],"class_list":["post-153935","post","type-post","status-publish","format-standard","has-post-thumbnail","hentry","category-viaggi","tag-lucca","tag-pisa","tag-siena","tag-trekking-urbano"],"acf":[],"yoast_head":"<!-- This site is optimized with the Yoast SEO Premium plugin v24.2 (Yoast SEO v25.6) - https:\/\/yoast.com\/wordpress\/plugins\/seo\/ -->\n<title>La Giornata del Trekking Urbano torna in sette citt\u00e0 e borghi della Toscana - intoscana<\/title>\n<meta name=\"description\" content=\"Sabato 31 ottobre torna in otto citt\u00e0 e borghi della Toscana la Giornata del Trekking Urbano, da Siena a Pisa e Lucca.\" \/>\n<meta name=\"robots\" content=\"index, follow, max-snippet:-1, max-image-preview:large, max-video-preview:-1\" \/>\n<link rel=\"canonical\" href=\"https:\/\/www.intoscana.it\/it\/giornata-trekking-urbano\/\" \/>\n<meta property=\"og:locale\" content=\"it_IT\" \/>\n<meta property=\"og:type\" content=\"article\" \/>\n<meta property=\"og:title\" content=\"La Giornata del Trekking Urbano torna in sette citt\u00e0 e borghi della Toscana\" \/>\n<meta property=\"og:description\" content=\"Sabato 31 ottobre torna in otto citt\u00e0 e borghi della Toscana la Giornata del Trekking Urbano, da Siena a Pisa e Lucca.\" \/>\n<meta property=\"og:url\" content=\"https:\/\/www.intoscana.it\/it\/giornata-trekking-urbano\/\" \/>\n<meta property=\"og:site_name\" content=\"intoscana\" \/>\n<meta property=\"article:publisher\" content=\"https:\/\/www.facebook.com\/intoscana.it\" \/>\n<meta property=\"article:published_time\" content=\"2020-10-05T12:03:27+00:00\" \/>\n<meta property=\"article:modified_time\" content=\"2020-10-30T10:35:51+00:00\" \/>\n<meta property=\"og:image\" content=\"https:\/\/www.intoscana.it\/wp-content\/uploads\/shutterstock_1827016817-scaled.jpg\" \/>\n\t<meta property=\"og:image:width\" content=\"2048\" \/>\n\t<meta property=\"og:image:height\" content=\"1366\" \/>\n\t<meta property=\"og:image:type\" content=\"image\/jpeg\" \/>\n<meta name=\"author\" content=\"Ilaria Giannini\" \/>\n<meta name=\"twitter:card\" content=\"summary_large_image\" \/>\n<meta name=\"twitter:creator\" content=\"@i.giannini@fst.it\" \/>\n<meta name=\"twitter:site\" content=\"@intoscana\" \/>\n<meta name=\"twitter:label1\" content=\"Written by\" \/>\n\t<meta name=\"twitter:data1\" content=\"Ilaria Giannini\" \/>\n\t<meta name=\"twitter:label2\" content=\"Est. reading time\" \/>\n\t<meta name=\"twitter:data2\" content=\"4 minuti\" \/>\n<script type=\"application\/ld+json\" class=\"yoast-schema-graph\">{\"@context\":\"https:\/\/schema.org\",\"@graph\":[{\"@type\":\"WebPage\",\"@id\":\"https:\/\/www.intoscana.it\/it\/giornata-trekking-urbano\/\",\"url\":\"https:\/\/www.intoscana.it\/it\/giornata-trekking-urbano\/\",\"name\":\"La Giornata del Trekking Urbano torna in sette citt\u00e0 e borghi della Toscana - intoscana\",\"isPartOf\":{\"@id\":\"https:\/\/www.intoscana.it\/it\/#website\"},\"primaryImageOfPage\":{\"@id\":\"https:\/\/www.intoscana.it\/it\/giornata-trekking-urbano\/#primaryimage\"},\"image\":{\"@id\":\"https:\/\/www.intoscana.it\/it\/giornata-trekking-urbano\/#primaryimage\"},\"thumbnailUrl\":\"https:\/\/www.intoscana.it\/wp-content\/uploads\/shutterstock_1827016817-scaled.jpg\",\"datePublished\":\"2020-10-05T12:03:27+00:00\",\"dateModified\":\"2020-10-30T10:35:51+00:00\",\"author\":{\"@id\":\"https:\/\/www.intoscana.it\/it\/#\/schema\/person\/de95e1ed2c1c8c30a6922bbba3a90185\"},\"description\":\"Sabato 31 ottobre torna in otto citt\u00e0 e borghi della Toscana la Giornata del Trekking Urbano, da Siena a Pisa e Lucca.\",\"breadcrumb\":{\"@id\":\"https:\/\/www.intoscana.it\/it\/giornata-trekking-urbano\/#breadcrumb\"},\"inLanguage\":\"it-IT\",\"potentialAction\":[{\"@type\":\"ReadAction\",\"target\":[\"https:\/\/www.intoscana.it\/it\/giornata-trekking-urbano\/\"]}]},{\"@type\":\"ImageObject\",\"inLanguage\":\"it-IT\",\"@id\":\"https:\/\/www.intoscana.it\/it\/giornata-trekking-urbano\/#primaryimage\",\"url\":\"https:\/\/www.intoscana.it\/wp-content\/uploads\/shutterstock_1827016817-scaled.jpg\",\"contentUrl\":\"https:\/\/www.intoscana.it\/wp-content\/uploads\/shutterstock_1827016817-scaled.jpg\",\"width\":2048,\"height\":1366},{\"@type\":\"BreadcrumbList\",\"@id\":\"https:\/\/www.intoscana.it\/it\/giornata-trekking-urbano\/#breadcrumb\",\"itemListElement\":[{\"@type\":\"ListItem\",\"position\":1,\"name\":\"Home\",\"item\":\"https:\/\/www.intoscana.it\/it\/\"},{\"@type\":\"ListItem\",\"position\":2,\"name\":\"La Giornata del Trekking Urbano torna in sette citt\u00e0 e borghi della Toscana\"}]},{\"@type\":\"WebSite\",\"@id\":\"https:\/\/www.intoscana.it\/it\/#website\",\"url\":\"https:\/\/www.intoscana.it\/it\/\",\"name\":\"intoscana\",\"description\":\"\",\"potentialAction\":[{\"@type\":\"SearchAction\",\"target\":{\"@type\":\"EntryPoint\",\"urlTemplate\":\"https:\/\/www.intoscana.it\/it\/?s={search_term_string}\"},\"query-input\":{\"@type\":\"PropertyValueSpecification\",\"valueRequired\":true,\"valueName\":\"search_term_string\"}}],\"inLanguage\":\"it-IT\"},{\"@type\":\"Person\",\"@id\":\"https:\/\/www.intoscana.it\/it\/#\/schema\/person\/de95e1ed2c1c8c30a6922bbba3a90185\",\"name\":\"Ilaria Giannini\",\"sameAs\":[\"https:\/\/x.com\/i.giannini@fst.it\"],\"url\":\"https:\/\/www.intoscana.it\/it\/author\/ilaria-giannini\/\"}]}<\/script>\n<!-- \/ Yoast SEO Premium plugin. -->","yoast_head_json":{"title":"La Giornata del Trekking Urbano torna in sette citt\u00e0 e borghi della Toscana - intoscana","description":"Sabato 31 ottobre torna in otto citt\u00e0 e borghi della Toscana la Giornata del Trekking Urbano, da Siena a Pisa e Lucca.","robots":{"index":"index","follow":"follow","max-snippet":"max-snippet:-1","max-image-preview":"max-image-preview:large","max-video-preview":"max-video-preview:-1"},"canonical":"https:\/\/www.intoscana.it\/it\/giornata-trekking-urbano\/","og_locale":"it_IT","og_type":"article","og_title":"La Giornata del Trekking Urbano torna in sette citt\u00e0 e borghi della Toscana","og_description":"Sabato 31 ottobre torna in otto citt\u00e0 e borghi della Toscana la Giornata del Trekking Urbano, da Siena a Pisa e Lucca.","og_url":"https:\/\/www.intoscana.it\/it\/giornata-trekking-urbano\/","og_site_name":"intoscana","article_publisher":"https:\/\/www.facebook.com\/intoscana.it","article_published_time":"2020-10-05T12:03:27+00:00","article_modified_time":"2020-10-30T10:35:51+00:00","og_image":[{"width":2048,"height":1366,"url":"https:\/\/www.intoscana.it\/wp-content\/uploads\/shutterstock_1827016817-scaled.jpg","type":"image\/jpeg"}],"author":"Ilaria Giannini","twitter_card":"summary_large_image","twitter_creator":"@i.giannini@fst.it","twitter_site":"@intoscana","twitter_misc":{"Written by":"Ilaria Giannini","Est. reading time":"4 minuti"},"schema":{"@context":"https:\/\/schema.org","@graph":[{"@type":"WebPage","@id":"https:\/\/www.intoscana.it\/it\/giornata-trekking-urbano\/","url":"https:\/\/www.intoscana.it\/it\/giornata-trekking-urbano\/","name":"La Giornata del Trekking Urbano torna in sette citt\u00e0 e borghi della Toscana - intoscana","isPartOf":{"@id":"https:\/\/www.intoscana.it\/it\/#website"},"primaryImageOfPage":{"@id":"https:\/\/www.intoscana.it\/it\/giornata-trekking-urbano\/#primaryimage"},"image":{"@id":"https:\/\/www.intoscana.it\/it\/giornata-trekking-urbano\/#primaryimage"},"thumbnailUrl":"https:\/\/www.intoscana.it\/wp-content\/uploads\/shutterstock_1827016817-scaled.jpg","datePublished":"2020-10-05T12:03:27+00:00","dateModified":"2020-10-30T10:35:51+00:00","author":{"@id":"https:\/\/www.intoscana.it\/it\/#\/schema\/person\/de95e1ed2c1c8c30a6922bbba3a90185"},"description":"Sabato 31 ottobre torna in otto citt\u00e0 e borghi della Toscana la Giornata del Trekking Urbano, da Siena a Pisa e Lucca.","breadcrumb":{"@id":"https:\/\/www.intoscana.it\/it\/giornata-trekking-urbano\/#breadcrumb"},"inLanguage":"it-IT","potentialAction":[{"@type":"ReadAction","target":["https:\/\/www.intoscana.it\/it\/giornata-trekking-urbano\/"]}]},{"@type":"ImageObject","inLanguage":"it-IT","@id":"https:\/\/www.intoscana.it\/it\/giornata-trekking-urbano\/#primaryimage","url":"https:\/\/www.intoscana.it\/wp-content\/uploads\/shutterstock_1827016817-scaled.jpg","contentUrl":"https:\/\/www.intoscana.it\/wp-content\/uploads\/shutterstock_1827016817-scaled.jpg","width":2048,"height":1366},{"@type":"BreadcrumbList","@id":"https:\/\/www.intoscana.it\/it\/giornata-trekking-urbano\/#breadcrumb","itemListElement":[{"@type":"ListItem","position":1,"name":"Home","item":"https:\/\/www.intoscana.it\/it\/"},{"@type":"ListItem","position":2,"name":"La Giornata del Trekking Urbano torna in sette citt\u00e0 e borghi della Toscana"}]},{"@type":"WebSite","@id":"https:\/\/www.intoscana.it\/it\/#website","url":"https:\/\/www.intoscana.it\/it\/","name":"intoscana","description":"","potentialAction":[{"@type":"SearchAction","target":{"@type":"EntryPoint","urlTemplate":"https:\/\/www.intoscana.it\/it\/?s={search_term_string}"},"query-input":{"@type":"PropertyValueSpecification","valueRequired":true,"valueName":"search_term_string"}}],"inLanguage":"it-IT"},{"@type":"Person","@id":"https:\/\/www.intoscana.it\/it\/#\/schema\/person\/de95e1ed2c1c8c30a6922bbba3a90185","name":"Ilaria Giannini","sameAs":["https:\/\/x.com\/i.giannini@fst.it"],"url":"https:\/\/www.intoscana.it\/it\/author\/ilaria-giannini\/"}]}},"_links":{"self":[{"href":"https:\/\/www.intoscana.it\/it\/wp-json\/wp\/v2\/posts\/153935","targetHints":{"allow":["GET"]}}],"collection":[{"href":"https:\/\/www.intoscana.it\/it\/wp-json\/wp\/v2\/posts"}],"about":[{"href":"https:\/\/www.intoscana.it\/it\/wp-json\/wp\/v2\/types\/post"}],"author":[{"embeddable":true,"href":"https:\/\/www.intoscana.it\/it\/wp-json\/wp\/v2\/users\/502"}],"replies":[{"embeddable":true,"href":"https:\/\/www.intoscana.it\/it\/wp-json\/wp\/v2\/comments?post=153935"}],"version-history":[{"count":0,"href":"https:\/\/www.intoscana.it\/it\/wp-json\/wp\/v2\/posts\/153935\/revisions"}],"wp:featuredmedia":[{"embeddable":true,"href":"https:\/\/www.intoscana.it\/it\/wp-json\/wp\/v2\/media\/153949"}],"wp:attachment":[{"href":"https:\/\/www.intoscana.it\/it\/wp-json\/wp\/v2\/media?parent=153935"}],"wp:term":[{"taxonomy":"category","embeddable":true,"href":"https:\/\/www.intoscana.it\/it\/wp-json\/wp\/v2\/categories?post=153935"},{"taxonomy":"post_tag","embeddable":true,"href":"https:\/\/www.intoscana.it\/it\/wp-json\/wp\/v2\/tags?post=153935"}],"curies":[{"name":"wp","href":"https:\/\/api.w.org\/{rel}","templated":true}]}}