{"id":154206,"date":"2020-10-07T13:44:04","date_gmt":"2020-10-07T11:44:04","guid":{"rendered":"https:\/\/www.intoscana.it\/it\/?p=154206"},"modified":"2020-10-30T11:10:28","modified_gmt":"2020-10-30T10:10:28","slug":"calimani-la-band-di-arezzo-dal-cuore-folk-pubblica-respirare-ancora","status":"publish","type":"post","link":"https:\/\/www.intoscana.it\/it\/calimani-la-band-di-arezzo-dal-cuore-folk-pubblica-respirare-ancora\/","title":{"rendered":"Calimani la band di Arezzo dal cuore folk pubblica &#8220;Respirare ancora&#8221;"},"content":{"rendered":"<p><strong>I Calimani nascono a fine 2016<\/strong> dal duo toscano di amici <strong>Mattia Tartaglia e Francesco Checcacci<\/strong>, con l\u2019obiettivo di riportare alla luce il <strong>folk nella scena pop italiana.<\/strong> Il progetto parte dall\u2019essenziale:<strong> ukulele, batteria e voci.<\/strong> Dopo un anno di attivit\u00e0 live, nel corso del 2018 il duo si allarga definitivamente a quartetto, con\u00a0l&#8217;ingresso\u00a0di<strong> Niccol\u00f2 Mutarelli alla chitarra e di Elia Taverni al basso.<\/strong> Allo stesso tempo ha inizio la stesura dei brani che andranno a comporre il loro primo album: <strong>\u201cCalimani Fantastici e Dove Trovarli\u201d<\/strong>, uscito nel 2018 per\u00a0l&#8217;etichetta\u00a0discografica RadiciMusic Records.<\/p>\n<p><a href=\"https:\/\/www.youtube.com\/watch?v=5gbif4lvbpA\" target=\"_blank\" rel=\"noopener noreferrer\"><strong>Il 10 Gennaio 2020 pubblicano \u201cBiscotti\u201d<\/strong>,<\/a> singolo che precede un tour di 18 date in giro per vari locali della penisola, annullato a causa\u00a0dell<strong>&#8216;emergenza\u00a0sanitaria Covid-19<\/strong>. Per questo motivo la band approfitta del periodo di lockdown e continua a scrivere cose nuove, arrivando a preparare <strong>un nuovo album che vedr\u00e0 la luce nel 2021<\/strong>. Il 2 ottobre \u00e8 stato pubblicato il singolo <strong>\u201cRespirare Ancora\u201d.<\/strong><\/p>\n<p>I <strong>Calimani inoltre sono fondatori di &#8220;<a href=\"https:\/\/www.facebook.com\/arezzochespacca\/\" target=\"_blank\" rel=\"noopener noreferrer\">Arezzo Che Spacca&#8221;<\/a><\/strong>, Associazione di Promozione Sociale che si offre come contenitore della musica del territorio Aretino, offrendo facilitazioni ed opportunit\u00e0 in tutti gli aspetti del fare musica, creando opportunit\u00e0 per suonare, spazi radiofonici, promozione della musica tramite i social e consulenze ai musicisti per qualsiasi tipo di attivit\u00e0 vogliano svolgere.<\/p>\n<h3>Ecco la nostra intervista a Mattia Tartaglia<\/h3>\n<p><strong>Ciao Mattia, dovevate partire a gennaio col tour per il nuovo disco, ma come \u00e8 successo a tanti vi siete presi una pausa. Come avete passato questo periodo? Siete andati sui balconi a suonare anche voi oppure no?<\/strong><\/p>\n<p>No, \u00e8 strano perch\u00e8 come musicisti ci siamo sentiti tutti molto aridi. Ci siamo forzati a riprendere in mano gli strumenti perch\u00e8<strong> nelle prime tre-quattro settimane di lockdown la musica era l\u2019unica cosa a cui pensavamo.<\/strong> A mente libera si suona meglio. Inizialmente siamo stati tutti fermi, poi abbiamo deciso di fare qualcosa per non diventare pazzi e abbiamo iniziato a buttare le basi per le nuove canzoni. Per ora abbiamo tre pezzi oltre al singolo uscito a gennaio \u201cRespirare ancora\u201d.<\/p>\n<p><strong>Fate parte anche dell\u2019associazione \u2018Arezzo che spacca\u2019 con cui organizzate eventi nel territorio aretino. Si pu\u00f2 dire che l\u2019estate 2020 \u00e8 stata un momento positivo?<\/strong><\/p>\n<p>S\u00ec, non tanto l\u2019avvio quando la conclusione dell\u2019estate. <strong>All\u2019inizio c\u2019era tanta incertezza sulle norme e le possibilit\u00e0 reali<\/strong> di trovare un posto abbastanza capiente. Questo \u00e8 il problema di noi piccole associazioni che non abbiamo neanche una sede che possiamo definire \u2018nostra\u2019. Abbiamo collaborato con altre realt\u00e0 del territorio come per esempio il Mengo Music Fest e l&#8217;<a href=\"https:\/\/www.intoscana.it\/it\/articolo\/giovani-artisti-dell-arezzo-crowd-festival-organizzano-la-resistenza-teatrale\/\" target=\"_blank\" rel=\"noopener noreferrer\"><strong>Arezzo Crowd Festival<\/strong> <\/a>con cui abbiamo organizzato una serie di concerti online. Il primo evento reale siamo riusciti a farlo il 12 settembre con <strong>Bob Corn.<\/strong><\/p>\n<p><img loading=\"lazy\" decoding=\"async\" class=\"alignnone size-full wp-image-154208\" src=\"https:\/\/www.intoscana.it\/wp-content\/uploads\/respirare-ancora-cover-scaled.jpg\" alt=\"\" width=\"2560\" height=\"2560\" srcset=\"https:\/\/www.intoscana.it\/wp-content\/uploads\/respirare-ancora-cover-scaled.jpg 2048w, https:\/\/www.intoscana.it\/wp-content\/uploads\/respirare-ancora-cover-300x300.jpg 300w, https:\/\/www.intoscana.it\/wp-content\/uploads\/respirare-ancora-cover-500x500.jpg 500w, https:\/\/www.intoscana.it\/wp-content\/uploads\/respirare-ancora-cover-150x150.jpg 150w, https:\/\/www.intoscana.it\/wp-content\/uploads\/respirare-ancora-cover-768x768.jpg 768w, https:\/\/www.intoscana.it\/wp-content\/uploads\/respirare-ancora-cover-1536x1536.jpg 1536w\" sizes=\"auto, (max-width: 2560px) 100vw, 2560px\" \/><\/p>\n<p><strong>Siete una band molto spensierata, molto allegra. Dopo un periodo cos\u00ec pensante mi chiedo come saranno i pezzi nuovi che avete scritto in lockdown?<\/strong><\/p>\n<p>Sono densi, dal punto di vista emotivo, se pur semplici. Sono frutto di una lavorazione in un periodo molto difficile per tutti noi.<strong> C&#8217;\u00e8 chi tra di noi ha avuto particolare problematiche che abbiamo esplorato tutti insieme.<\/strong> Sembrer\u00e0 banale ma abbiamo riflettuto molto sul senso della cita, in un momento in cui una persona casa \u00e8 venuta a mancare. Sono pezzi che ci fanno emozionare quando li suoniamo e questa per noi \u00e8 la cosa pi\u00f9 importante. per\u00f2 indubbiamente \u00e8 un lavoro molto diverso da quello del disco precedente. <strong>Siamo cresciuti<\/strong> a livello artistico ma soprattuto di contenuti. <strong>Nel primo disco c&#8217;era divertimento, ironia, questo va pi\u00f9 sul concreto e tocca tematiche molto pi\u00f9 importanti.<\/strong><\/p>\n<p><strong>Suonerete un po&#8217; in giro?<\/strong><\/p>\n<p>Delle 18 date che avevamo in calendario prima del lockdown ne abbiamo recuperate circa la met\u00e0. Per i prossimi mesi vedremo.<\/p>\n<h3>Calimani, Respirare ancora<\/h3>\n<p><iframe loading=\"lazy\" src=\"https:\/\/www.youtube.com\/embed\/CAMu47n7Fos\" width=\"800\" height=\"500\" frameborder=\"0\" allowfullscreen=\"allowfullscreen\"><\/iframe><\/p>\n","protected":false},"excerpt":{"rendered":"<p>Mattia Tartaglia leader della band ci racconta com&#8217;\u00e8 comporre musica al tempo della pandemia<\/p>\n","protected":false},"author":518,"featured_media":154207,"comment_status":"open","ping_status":"open","sticky":false,"template":"","format":"standard","meta":{"_acf_changed":false,"footnotes":""},"categories":[14],"tags":[196,3138,3196],"class_list":["post-154206","post","type-post","status-publish","format-standard","has-post-thumbnail","hentry","category-musica","tag-arezzo","tag-interviste-agli-artisti","tag-musicisti"],"acf":[],"yoast_head":"<!-- This site is optimized with the Yoast SEO Premium plugin v24.2 (Yoast SEO v25.6) - https:\/\/yoast.com\/wordpress\/plugins\/seo\/ -->\n<title>Calimani la band di Arezzo dal cuore folk pubblica &quot;Respirare ancora&quot; - intoscana<\/title>\n<meta name=\"description\" content=\"Mattia Tartaglia leader della band ci racconta com&#039;\u00e8 comporre musica al tempo della pandemia di Coronavirus\" \/>\n<meta name=\"robots\" content=\"index, follow, max-snippet:-1, max-image-preview:large, max-video-preview:-1\" \/>\n<link rel=\"canonical\" href=\"https:\/\/www.intoscana.it\/it\/calimani-la-band-di-arezzo-dal-cuore-folk-pubblica-respirare-ancora\/\" \/>\n<meta property=\"og:locale\" content=\"it_IT\" \/>\n<meta property=\"og:type\" content=\"article\" \/>\n<meta property=\"og:title\" content=\"Calimani la band di Arezzo dal cuore folk pubblica &quot;Respirare ancora&quot;\" \/>\n<meta property=\"og:description\" content=\"Mattia Tartaglia leader della band ci racconta com&#039;\u00e8 comporre musica al tempo della pandemia di Coronavirus\" \/>\n<meta property=\"og:url\" content=\"https:\/\/www.intoscana.it\/it\/calimani-la-band-di-arezzo-dal-cuore-folk-pubblica-respirare-ancora\/\" \/>\n<meta property=\"og:site_name\" content=\"intoscana\" \/>\n<meta property=\"article:publisher\" content=\"https:\/\/www.facebook.com\/intoscana.it\" \/>\n<meta property=\"article:published_time\" content=\"2020-10-07T11:44:04+00:00\" \/>\n<meta property=\"article:modified_time\" content=\"2020-10-30T10:10:28+00:00\" \/>\n<meta property=\"og:image\" content=\"https:\/\/www.intoscana.it\/wp-content\/uploads\/45337147_694732420907715_4988039657385099264_o.jpg\" \/>\n\t<meta property=\"og:image:width\" content=\"1080\" \/>\n\t<meta property=\"og:image:height\" content=\"720\" \/>\n\t<meta property=\"og:image:type\" content=\"image\/jpeg\" \/>\n<meta name=\"author\" content=\"Costanza Baldini\" \/>\n<meta name=\"twitter:card\" content=\"summary_large_image\" \/>\n<meta name=\"twitter:creator\" content=\"@intoscana\" \/>\n<meta name=\"twitter:site\" content=\"@intoscana\" \/>\n<meta name=\"twitter:label1\" content=\"Written by\" \/>\n\t<meta name=\"twitter:data1\" content=\"Costanza Baldini\" \/>\n\t<meta name=\"twitter:label2\" content=\"Est. reading time\" \/>\n\t<meta name=\"twitter:data2\" content=\"3 minuti\" \/>\n<script type=\"application\/ld+json\" class=\"yoast-schema-graph\">{\"@context\":\"https:\/\/schema.org\",\"@graph\":[{\"@type\":\"WebPage\",\"@id\":\"https:\/\/www.intoscana.it\/it\/calimani-la-band-di-arezzo-dal-cuore-folk-pubblica-respirare-ancora\/\",\"url\":\"https:\/\/www.intoscana.it\/it\/calimani-la-band-di-arezzo-dal-cuore-folk-pubblica-respirare-ancora\/\",\"name\":\"Calimani la band di Arezzo dal cuore folk pubblica \\\"Respirare ancora\\\" - intoscana\",\"isPartOf\":{\"@id\":\"https:\/\/www.intoscana.it\/it\/#website\"},\"primaryImageOfPage\":{\"@id\":\"https:\/\/www.intoscana.it\/it\/calimani-la-band-di-arezzo-dal-cuore-folk-pubblica-respirare-ancora\/#primaryimage\"},\"image\":{\"@id\":\"https:\/\/www.intoscana.it\/it\/calimani-la-band-di-arezzo-dal-cuore-folk-pubblica-respirare-ancora\/#primaryimage\"},\"thumbnailUrl\":\"https:\/\/www.intoscana.it\/wp-content\/uploads\/45337147_694732420907715_4988039657385099264_o.jpg\",\"datePublished\":\"2020-10-07T11:44:04+00:00\",\"dateModified\":\"2020-10-30T10:10:28+00:00\",\"author\":{\"@id\":\"https:\/\/www.intoscana.it\/it\/#\/schema\/person\/d469f35f09739bdf00bf5dd3f0647a82\"},\"description\":\"Mattia Tartaglia leader della band ci racconta com'\u00e8 comporre musica al tempo della pandemia di Coronavirus\",\"breadcrumb\":{\"@id\":\"https:\/\/www.intoscana.it\/it\/calimani-la-band-di-arezzo-dal-cuore-folk-pubblica-respirare-ancora\/#breadcrumb\"},\"inLanguage\":\"it-IT\",\"potentialAction\":[{\"@type\":\"ReadAction\",\"target\":[\"https:\/\/www.intoscana.it\/it\/calimani-la-band-di-arezzo-dal-cuore-folk-pubblica-respirare-ancora\/\"]}]},{\"@type\":\"ImageObject\",\"inLanguage\":\"it-IT\",\"@id\":\"https:\/\/www.intoscana.it\/it\/calimani-la-band-di-arezzo-dal-cuore-folk-pubblica-respirare-ancora\/#primaryimage\",\"url\":\"https:\/\/www.intoscana.it\/wp-content\/uploads\/45337147_694732420907715_4988039657385099264_o.jpg\",\"contentUrl\":\"https:\/\/www.intoscana.it\/wp-content\/uploads\/45337147_694732420907715_4988039657385099264_o.jpg\",\"width\":1080,\"height\":720},{\"@type\":\"BreadcrumbList\",\"@id\":\"https:\/\/www.intoscana.it\/it\/calimani-la-band-di-arezzo-dal-cuore-folk-pubblica-respirare-ancora\/#breadcrumb\",\"itemListElement\":[{\"@type\":\"ListItem\",\"position\":1,\"name\":\"Home\",\"item\":\"https:\/\/www.intoscana.it\/it\/\"},{\"@type\":\"ListItem\",\"position\":2,\"name\":\"Calimani la band di Arezzo dal cuore folk pubblica &#8220;Respirare ancora&#8221;\"}]},{\"@type\":\"WebSite\",\"@id\":\"https:\/\/www.intoscana.it\/it\/#website\",\"url\":\"https:\/\/www.intoscana.it\/it\/\",\"name\":\"intoscana\",\"description\":\"\",\"potentialAction\":[{\"@type\":\"SearchAction\",\"target\":{\"@type\":\"EntryPoint\",\"urlTemplate\":\"https:\/\/www.intoscana.it\/it\/?s={search_term_string}\"},\"query-input\":{\"@type\":\"PropertyValueSpecification\",\"valueRequired\":true,\"valueName\":\"search_term_string\"}}],\"inLanguage\":\"it-IT\"},{\"@type\":\"Person\",\"@id\":\"https:\/\/www.intoscana.it\/it\/#\/schema\/person\/d469f35f09739bdf00bf5dd3f0647a82\",\"name\":\"Costanza Baldini\",\"url\":\"https:\/\/www.intoscana.it\/it\/author\/costanza-baldini\/\"}]}<\/script>\n<!-- \/ Yoast SEO Premium plugin. -->","yoast_head_json":{"title":"Calimani la band di Arezzo dal cuore folk pubblica \"Respirare ancora\" - intoscana","description":"Mattia Tartaglia leader della band ci racconta com'\u00e8 comporre musica al tempo della pandemia di Coronavirus","robots":{"index":"index","follow":"follow","max-snippet":"max-snippet:-1","max-image-preview":"max-image-preview:large","max-video-preview":"max-video-preview:-1"},"canonical":"https:\/\/www.intoscana.it\/it\/calimani-la-band-di-arezzo-dal-cuore-folk-pubblica-respirare-ancora\/","og_locale":"it_IT","og_type":"article","og_title":"Calimani la band di Arezzo dal cuore folk pubblica \"Respirare ancora\"","og_description":"Mattia Tartaglia leader della band ci racconta com'\u00e8 comporre musica al tempo della pandemia di Coronavirus","og_url":"https:\/\/www.intoscana.it\/it\/calimani-la-band-di-arezzo-dal-cuore-folk-pubblica-respirare-ancora\/","og_site_name":"intoscana","article_publisher":"https:\/\/www.facebook.com\/intoscana.it","article_published_time":"2020-10-07T11:44:04+00:00","article_modified_time":"2020-10-30T10:10:28+00:00","og_image":[{"width":1080,"height":720,"url":"https:\/\/www.intoscana.it\/wp-content\/uploads\/45337147_694732420907715_4988039657385099264_o.jpg","type":"image\/jpeg"}],"author":"Costanza Baldini","twitter_card":"summary_large_image","twitter_creator":"@intoscana","twitter_site":"@intoscana","twitter_misc":{"Written by":"Costanza Baldini","Est. reading time":"3 minuti"},"schema":{"@context":"https:\/\/schema.org","@graph":[{"@type":"WebPage","@id":"https:\/\/www.intoscana.it\/it\/calimani-la-band-di-arezzo-dal-cuore-folk-pubblica-respirare-ancora\/","url":"https:\/\/www.intoscana.it\/it\/calimani-la-band-di-arezzo-dal-cuore-folk-pubblica-respirare-ancora\/","name":"Calimani la band di Arezzo dal cuore folk pubblica \"Respirare ancora\" - intoscana","isPartOf":{"@id":"https:\/\/www.intoscana.it\/it\/#website"},"primaryImageOfPage":{"@id":"https:\/\/www.intoscana.it\/it\/calimani-la-band-di-arezzo-dal-cuore-folk-pubblica-respirare-ancora\/#primaryimage"},"image":{"@id":"https:\/\/www.intoscana.it\/it\/calimani-la-band-di-arezzo-dal-cuore-folk-pubblica-respirare-ancora\/#primaryimage"},"thumbnailUrl":"https:\/\/www.intoscana.it\/wp-content\/uploads\/45337147_694732420907715_4988039657385099264_o.jpg","datePublished":"2020-10-07T11:44:04+00:00","dateModified":"2020-10-30T10:10:28+00:00","author":{"@id":"https:\/\/www.intoscana.it\/it\/#\/schema\/person\/d469f35f09739bdf00bf5dd3f0647a82"},"description":"Mattia Tartaglia leader della band ci racconta com'\u00e8 comporre musica al tempo della pandemia di Coronavirus","breadcrumb":{"@id":"https:\/\/www.intoscana.it\/it\/calimani-la-band-di-arezzo-dal-cuore-folk-pubblica-respirare-ancora\/#breadcrumb"},"inLanguage":"it-IT","potentialAction":[{"@type":"ReadAction","target":["https:\/\/www.intoscana.it\/it\/calimani-la-band-di-arezzo-dal-cuore-folk-pubblica-respirare-ancora\/"]}]},{"@type":"ImageObject","inLanguage":"it-IT","@id":"https:\/\/www.intoscana.it\/it\/calimani-la-band-di-arezzo-dal-cuore-folk-pubblica-respirare-ancora\/#primaryimage","url":"https:\/\/www.intoscana.it\/wp-content\/uploads\/45337147_694732420907715_4988039657385099264_o.jpg","contentUrl":"https:\/\/www.intoscana.it\/wp-content\/uploads\/45337147_694732420907715_4988039657385099264_o.jpg","width":1080,"height":720},{"@type":"BreadcrumbList","@id":"https:\/\/www.intoscana.it\/it\/calimani-la-band-di-arezzo-dal-cuore-folk-pubblica-respirare-ancora\/#breadcrumb","itemListElement":[{"@type":"ListItem","position":1,"name":"Home","item":"https:\/\/www.intoscana.it\/it\/"},{"@type":"ListItem","position":2,"name":"Calimani la band di Arezzo dal cuore folk pubblica &#8220;Respirare ancora&#8221;"}]},{"@type":"WebSite","@id":"https:\/\/www.intoscana.it\/it\/#website","url":"https:\/\/www.intoscana.it\/it\/","name":"intoscana","description":"","potentialAction":[{"@type":"SearchAction","target":{"@type":"EntryPoint","urlTemplate":"https:\/\/www.intoscana.it\/it\/?s={search_term_string}"},"query-input":{"@type":"PropertyValueSpecification","valueRequired":true,"valueName":"search_term_string"}}],"inLanguage":"it-IT"},{"@type":"Person","@id":"https:\/\/www.intoscana.it\/it\/#\/schema\/person\/d469f35f09739bdf00bf5dd3f0647a82","name":"Costanza Baldini","url":"https:\/\/www.intoscana.it\/it\/author\/costanza-baldini\/"}]}},"_links":{"self":[{"href":"https:\/\/www.intoscana.it\/it\/wp-json\/wp\/v2\/posts\/154206","targetHints":{"allow":["GET"]}}],"collection":[{"href":"https:\/\/www.intoscana.it\/it\/wp-json\/wp\/v2\/posts"}],"about":[{"href":"https:\/\/www.intoscana.it\/it\/wp-json\/wp\/v2\/types\/post"}],"author":[{"embeddable":true,"href":"https:\/\/www.intoscana.it\/it\/wp-json\/wp\/v2\/users\/518"}],"replies":[{"embeddable":true,"href":"https:\/\/www.intoscana.it\/it\/wp-json\/wp\/v2\/comments?post=154206"}],"version-history":[{"count":0,"href":"https:\/\/www.intoscana.it\/it\/wp-json\/wp\/v2\/posts\/154206\/revisions"}],"wp:featuredmedia":[{"embeddable":true,"href":"https:\/\/www.intoscana.it\/it\/wp-json\/wp\/v2\/media\/154207"}],"wp:attachment":[{"href":"https:\/\/www.intoscana.it\/it\/wp-json\/wp\/v2\/media?parent=154206"}],"wp:term":[{"taxonomy":"category","embeddable":true,"href":"https:\/\/www.intoscana.it\/it\/wp-json\/wp\/v2\/categories?post=154206"},{"taxonomy":"post_tag","embeddable":true,"href":"https:\/\/www.intoscana.it\/it\/wp-json\/wp\/v2\/tags?post=154206"}],"curies":[{"name":"wp","href":"https:\/\/api.w.org\/{rel}","templated":true}]}}