{"id":154689,"date":"2020-10-12T12:45:59","date_gmt":"2020-10-12T10:45:59","guid":{"rendered":"https:\/\/www.intoscana.it\/it\/?p=154689"},"modified":"2021-09-22T17:12:49","modified_gmt":"2021-09-22T15:12:49","slug":"giovanisi-tour-online","status":"publish","type":"post","link":"https:\/\/www.intoscana.it\/it\/giovanisi-tour-online\/","title":{"rendered":"Giovanis\u00ec in tour torna online: protagoniste le #StoriePossibili"},"content":{"rendered":"<p>Torna in modalit\u00e0 digitale \u201c<strong>Giovanis\u00ec in tour: il progetto raccontato dai giovani toscani<\/strong>\u201d. Si tratta della diciassettesima tappa del format informativo promosso da Giovanis\u00ec, il progetto della Regione Toscana per l\u2019autonomia dei giovani, che si tiene all&#8217;interno del programma online di Internet Festival.<\/p>\n<p>L&#8217;appuntamento \u00e8 per il <strong>16 ottobre<\/strong> alle ore 11 sulla piattaforma Google Meet, per partecipare sar\u00e0 necessario iscriversi <a href=\"https:\/\/www.eventbrite.it\/e\/biglietti-giovanisi-in-touril-progetto-raccontato-dai-giovani-toscanievento-online-117752899091\" target=\"_blank\" rel=\"noopener noreferrer\">su Eventbrite.<\/a><br \/>\nL&#8217;evento far\u00e0 parte degli eventi online dei <strong>T-Tour<\/strong>, i percorsi orientativi ed educativi di Internet Festival dedicati agli studenti, principalmente delle scuole superiori.<\/p>\n<h3>Le #StoriePossibili dei beneficiari di Giovanis\u00ec<\/h3>\n<p>Protagoniste saranno le #StoriePossibili di alcuni degli oltre<strong> 340.000 beneficiari del progetto regionale,<\/strong> con un focus sulle esperienze di chi ha scelto di investire e costruirsi un futuro nel settore dell&#8217;innovazione.<\/p>\n<p>Come Giulia, che grazie al bando <strong>\u201cCreazione d\u2019impresa \u2013 Microcredito\u201d<\/strong> ha fondato un\u2019azienda che crea sistemi robotizzati, gestendo la programmazione software e la progettazione meccanica ed elettronica. Ma anche <strong>Paolo che dopo la laurea in astrofisica,<\/strong> grazie ad un tirocinio non curriculare, \u00e8 stato assunto in un\u2019azienda che opera nel settore aerospaziale e ora si occupa in particolare della costruzione di un microscopio per poter eseguire esperimenti di biologia all\u2019interno della Stazione Spaziale Internazionale.<\/p>\n<h3>Opportunit\u00e0 anche nella formazione professionale<\/h3>\n<p>A raccontare la loro storia saranno anche<strong> Marco e Nicola<\/strong> che hanno colto le opportunit\u00e0 di Giovanis\u00ec nell\u2019ambito Studio e Formazione. Marco frequentando un corso ITS (Istruzione Tecnica Superiore) \u201cEner Tech\u201d promosso dall\u2019ITS Energia e Ambiente per diventare \u201cTecnico superiore per la Digital Energy\u201d e Nicola frequentando invece un corso IFTS (Istruzione e Formazione Tecnica Superiore) nell\u2019ambito della Cyber Security, grazie al quale attualmente lavora per una grande azienda multinazionale del settore. Infine <strong>Stefano, responsabile informatico<\/strong>, ci parler\u00e0 di come ha implementato le sue conoscenze professionali nell\u2019ambito della Digital Transformation e Industria 4.0 grazie ad un master conseguito usufruendo dei Voucher per Manager d\u2019azienda.<\/p>\n<p>Tra una testimonianza e l\u2019altra, lo staff di Giovanis\u00ec illustrer\u00e0 il progetto regionale. Moderer\u00e0 l\u2019incontro Davide De Crescenzo, direttore di intoscana.it.<\/p>\n","protected":false},"excerpt":{"rendered":"<p>Venerd\u00ec 16 ottobre si tiene la diciassettesima tappa del format informativo, promosso dal progetto della Regione Toscana per l\u2019autonomia dei giovani<\/p>\n","protected":false},"author":525,"featured_media":143327,"comment_status":"open","ping_status":"open","sticky":false,"template":"","format":"standard","meta":{"_acf_changed":false,"footnotes":""},"categories":[494],"tags":[244,260],"class_list":["post-154689","post","type-post","status-publish","format-standard","has-post-thumbnail","hentry","category-attualita","tag-giovanisi","tag-lavoro"],"acf":[],"yoast_head":"<!-- This site is optimized with the Yoast SEO Premium plugin v24.2 (Yoast SEO v25.6) - https:\/\/yoast.com\/wordpress\/plugins\/seo\/ -->\n<title>Giovanis\u00ec in tour torna online: protagoniste le #StoriePossibili - intoscana<\/title>\n<meta name=\"description\" content=\"Il 16 ottobre torna online Giovanis\u00ec il tour, il format che racconta le opportunit\u00e0 del progetto della Regione per le nuove generazioni.\" \/>\n<meta name=\"robots\" content=\"index, follow, max-snippet:-1, max-image-preview:large, max-video-preview:-1\" \/>\n<link rel=\"canonical\" href=\"https:\/\/www.intoscana.it\/it\/giovanisi-tour-online\/\" \/>\n<meta property=\"og:locale\" content=\"it_IT\" \/>\n<meta property=\"og:type\" content=\"article\" \/>\n<meta property=\"og:title\" content=\"Giovanis\u00ec in tour torna online: protagoniste le #StoriePossibili\" \/>\n<meta property=\"og:description\" content=\"Il 16 ottobre torna online Giovanis\u00ec il tour, il format che racconta le opportunit\u00e0 del progetto della Regione per le nuove generazioni.\" \/>\n<meta property=\"og:url\" content=\"https:\/\/www.intoscana.it\/it\/giovanisi-tour-online\/\" \/>\n<meta property=\"og:site_name\" content=\"intoscana\" \/>\n<meta property=\"article:publisher\" content=\"https:\/\/www.facebook.com\/intoscana.it\" \/>\n<meta property=\"article:published_time\" content=\"2020-10-12T10:45:59+00:00\" \/>\n<meta property=\"article:modified_time\" content=\"2021-09-22T15:12:49+00:00\" \/>\n<meta property=\"og:image\" content=\"https:\/\/www.intoscana.it\/wp-content\/uploads\/giovani-20.jpg\" \/>\n\t<meta property=\"og:image:width\" content=\"2000\" \/>\n\t<meta property=\"og:image:height\" content=\"1333\" \/>\n\t<meta property=\"og:image:type\" content=\"image\/jpeg\" \/>\n<meta name=\"author\" content=\"Redazione\" \/>\n<meta name=\"twitter:card\" content=\"summary_large_image\" \/>\n<meta name=\"twitter:creator\" content=\"@intoscana\" \/>\n<meta name=\"twitter:site\" content=\"@intoscana\" \/>\n<meta name=\"twitter:label1\" content=\"Written by\" \/>\n\t<meta name=\"twitter:data1\" content=\"Redazione\" \/>\n\t<meta name=\"twitter:label2\" content=\"Est. reading time\" \/>\n\t<meta name=\"twitter:data2\" content=\"2 minuti\" \/>\n<script type=\"application\/ld+json\" class=\"yoast-schema-graph\">{\"@context\":\"https:\/\/schema.org\",\"@graph\":[{\"@type\":\"WebPage\",\"@id\":\"https:\/\/www.intoscana.it\/it\/giovanisi-tour-online\/\",\"url\":\"https:\/\/www.intoscana.it\/it\/giovanisi-tour-online\/\",\"name\":\"Giovanis\u00ec in tour torna online: protagoniste le #StoriePossibili - intoscana\",\"isPartOf\":{\"@id\":\"https:\/\/www.intoscana.it\/it\/#website\"},\"primaryImageOfPage\":{\"@id\":\"https:\/\/www.intoscana.it\/it\/giovanisi-tour-online\/#primaryimage\"},\"image\":{\"@id\":\"https:\/\/www.intoscana.it\/it\/giovanisi-tour-online\/#primaryimage\"},\"thumbnailUrl\":\"https:\/\/www.intoscana.it\/wp-content\/uploads\/giovani-20.jpg\",\"datePublished\":\"2020-10-12T10:45:59+00:00\",\"dateModified\":\"2021-09-22T15:12:49+00:00\",\"author\":{\"@id\":\"https:\/\/www.intoscana.it\/it\/#\/schema\/person\/9223810753230f20bd670fdd322661f8\"},\"description\":\"Il 16 ottobre torna online Giovanis\u00ec il tour, il format che racconta le opportunit\u00e0 del progetto della Regione per le nuove generazioni.\",\"breadcrumb\":{\"@id\":\"https:\/\/www.intoscana.it\/it\/giovanisi-tour-online\/#breadcrumb\"},\"inLanguage\":\"it-IT\",\"potentialAction\":[{\"@type\":\"ReadAction\",\"target\":[\"https:\/\/www.intoscana.it\/it\/giovanisi-tour-online\/\"]}]},{\"@type\":\"ImageObject\",\"inLanguage\":\"it-IT\",\"@id\":\"https:\/\/www.intoscana.it\/it\/giovanisi-tour-online\/#primaryimage\",\"url\":\"https:\/\/www.intoscana.it\/wp-content\/uploads\/giovani-20.jpg\",\"contentUrl\":\"https:\/\/www.intoscana.it\/wp-content\/uploads\/giovani-20.jpg\",\"width\":2000,\"height\":1333,\"caption\":\"Giovani\"},{\"@type\":\"BreadcrumbList\",\"@id\":\"https:\/\/www.intoscana.it\/it\/giovanisi-tour-online\/#breadcrumb\",\"itemListElement\":[{\"@type\":\"ListItem\",\"position\":1,\"name\":\"Home\",\"item\":\"https:\/\/www.intoscana.it\/it\/\"},{\"@type\":\"ListItem\",\"position\":2,\"name\":\"Giovanis\u00ec in tour torna online: protagoniste le #StoriePossibili\"}]},{\"@type\":\"WebSite\",\"@id\":\"https:\/\/www.intoscana.it\/it\/#website\",\"url\":\"https:\/\/www.intoscana.it\/it\/\",\"name\":\"intoscana\",\"description\":\"\",\"potentialAction\":[{\"@type\":\"SearchAction\",\"target\":{\"@type\":\"EntryPoint\",\"urlTemplate\":\"https:\/\/www.intoscana.it\/it\/?s={search_term_string}\"},\"query-input\":{\"@type\":\"PropertyValueSpecification\",\"valueRequired\":true,\"valueName\":\"search_term_string\"}}],\"inLanguage\":\"it-IT\"},{\"@type\":\"Person\",\"@id\":\"https:\/\/www.intoscana.it\/it\/#\/schema\/person\/9223810753230f20bd670fdd322661f8\",\"name\":\"Redazione\",\"url\":\"https:\/\/www.intoscana.it\/it\/author\/redazione\/\"}]}<\/script>\n<!-- \/ Yoast SEO Premium plugin. -->","yoast_head_json":{"title":"Giovanis\u00ec in tour torna online: protagoniste le #StoriePossibili - intoscana","description":"Il 16 ottobre torna online Giovanis\u00ec il tour, il format che racconta le opportunit\u00e0 del progetto della Regione per le nuove generazioni.","robots":{"index":"index","follow":"follow","max-snippet":"max-snippet:-1","max-image-preview":"max-image-preview:large","max-video-preview":"max-video-preview:-1"},"canonical":"https:\/\/www.intoscana.it\/it\/giovanisi-tour-online\/","og_locale":"it_IT","og_type":"article","og_title":"Giovanis\u00ec in tour torna online: protagoniste le #StoriePossibili","og_description":"Il 16 ottobre torna online Giovanis\u00ec il tour, il format che racconta le opportunit\u00e0 del progetto della Regione per le nuove generazioni.","og_url":"https:\/\/www.intoscana.it\/it\/giovanisi-tour-online\/","og_site_name":"intoscana","article_publisher":"https:\/\/www.facebook.com\/intoscana.it","article_published_time":"2020-10-12T10:45:59+00:00","article_modified_time":"2021-09-22T15:12:49+00:00","og_image":[{"width":2000,"height":1333,"url":"https:\/\/www.intoscana.it\/wp-content\/uploads\/giovani-20.jpg","type":"image\/jpeg"}],"author":"Redazione","twitter_card":"summary_large_image","twitter_creator":"@intoscana","twitter_site":"@intoscana","twitter_misc":{"Written by":"Redazione","Est. reading time":"2 minuti"},"schema":{"@context":"https:\/\/schema.org","@graph":[{"@type":"WebPage","@id":"https:\/\/www.intoscana.it\/it\/giovanisi-tour-online\/","url":"https:\/\/www.intoscana.it\/it\/giovanisi-tour-online\/","name":"Giovanis\u00ec in tour torna online: protagoniste le #StoriePossibili - intoscana","isPartOf":{"@id":"https:\/\/www.intoscana.it\/it\/#website"},"primaryImageOfPage":{"@id":"https:\/\/www.intoscana.it\/it\/giovanisi-tour-online\/#primaryimage"},"image":{"@id":"https:\/\/www.intoscana.it\/it\/giovanisi-tour-online\/#primaryimage"},"thumbnailUrl":"https:\/\/www.intoscana.it\/wp-content\/uploads\/giovani-20.jpg","datePublished":"2020-10-12T10:45:59+00:00","dateModified":"2021-09-22T15:12:49+00:00","author":{"@id":"https:\/\/www.intoscana.it\/it\/#\/schema\/person\/9223810753230f20bd670fdd322661f8"},"description":"Il 16 ottobre torna online Giovanis\u00ec il tour, il format che racconta le opportunit\u00e0 del progetto della Regione per le nuove generazioni.","breadcrumb":{"@id":"https:\/\/www.intoscana.it\/it\/giovanisi-tour-online\/#breadcrumb"},"inLanguage":"it-IT","potentialAction":[{"@type":"ReadAction","target":["https:\/\/www.intoscana.it\/it\/giovanisi-tour-online\/"]}]},{"@type":"ImageObject","inLanguage":"it-IT","@id":"https:\/\/www.intoscana.it\/it\/giovanisi-tour-online\/#primaryimage","url":"https:\/\/www.intoscana.it\/wp-content\/uploads\/giovani-20.jpg","contentUrl":"https:\/\/www.intoscana.it\/wp-content\/uploads\/giovani-20.jpg","width":2000,"height":1333,"caption":"Giovani"},{"@type":"BreadcrumbList","@id":"https:\/\/www.intoscana.it\/it\/giovanisi-tour-online\/#breadcrumb","itemListElement":[{"@type":"ListItem","position":1,"name":"Home","item":"https:\/\/www.intoscana.it\/it\/"},{"@type":"ListItem","position":2,"name":"Giovanis\u00ec in tour torna online: protagoniste le #StoriePossibili"}]},{"@type":"WebSite","@id":"https:\/\/www.intoscana.it\/it\/#website","url":"https:\/\/www.intoscana.it\/it\/","name":"intoscana","description":"","potentialAction":[{"@type":"SearchAction","target":{"@type":"EntryPoint","urlTemplate":"https:\/\/www.intoscana.it\/it\/?s={search_term_string}"},"query-input":{"@type":"PropertyValueSpecification","valueRequired":true,"valueName":"search_term_string"}}],"inLanguage":"it-IT"},{"@type":"Person","@id":"https:\/\/www.intoscana.it\/it\/#\/schema\/person\/9223810753230f20bd670fdd322661f8","name":"Redazione","url":"https:\/\/www.intoscana.it\/it\/author\/redazione\/"}]}},"_links":{"self":[{"href":"https:\/\/www.intoscana.it\/it\/wp-json\/wp\/v2\/posts\/154689","targetHints":{"allow":["GET"]}}],"collection":[{"href":"https:\/\/www.intoscana.it\/it\/wp-json\/wp\/v2\/posts"}],"about":[{"href":"https:\/\/www.intoscana.it\/it\/wp-json\/wp\/v2\/types\/post"}],"author":[{"embeddable":true,"href":"https:\/\/www.intoscana.it\/it\/wp-json\/wp\/v2\/users\/525"}],"replies":[{"embeddable":true,"href":"https:\/\/www.intoscana.it\/it\/wp-json\/wp\/v2\/comments?post=154689"}],"version-history":[{"count":0,"href":"https:\/\/www.intoscana.it\/it\/wp-json\/wp\/v2\/posts\/154689\/revisions"}],"wp:featuredmedia":[{"embeddable":true,"href":"https:\/\/www.intoscana.it\/it\/wp-json\/wp\/v2\/media\/143327"}],"wp:attachment":[{"href":"https:\/\/www.intoscana.it\/it\/wp-json\/wp\/v2\/media?parent=154689"}],"wp:term":[{"taxonomy":"category","embeddable":true,"href":"https:\/\/www.intoscana.it\/it\/wp-json\/wp\/v2\/categories?post=154689"},{"taxonomy":"post_tag","embeddable":true,"href":"https:\/\/www.intoscana.it\/it\/wp-json\/wp\/v2\/tags?post=154689"}],"curies":[{"name":"wp","href":"https:\/\/api.w.org\/{rel}","templated":true}]}}