{"id":154726,"date":"2020-10-12T16:34:31","date_gmt":"2020-10-12T14:34:31","guid":{"rendered":"https:\/\/www.intoscana.it\/it\/?p=154726"},"modified":"2021-09-22T17:12:40","modified_gmt":"2021-09-22T15:12:40","slug":"coronavirus-dati-12-ottobre","status":"publish","type":"post","link":"https:\/\/www.intoscana.it\/it\/coronavirus-dati-12-ottobre\/","title":{"rendered":"Covid-19: 466 i nuovi casi in Toscana e 6 decessi"},"content":{"rendered":"<p>Sono <strong>466 i nuovi casi di Coronavirus<\/strong> emersi oggi in Toscana, 335 identificati in corso di tracciamento e 131 da attivit\u00e0 di screening, pari al 2,6% in pi\u00f9 rispetto al totale di ieri.<br \/>\nL&#8217;et\u00e0 media dei 466 casi odierni \u00e8 di <strong>43 anni circa<\/strong> (il 22% ha meno di 20 anni, il 20% tra 20 e 39 anni, il 35% tra 40 e 59 anni, il 17% tra 60 e 79 anni, il 6% ha 80 anni o pi\u00f9).<\/p>\n<p><strong>I guariti crescono dello 0,9% e raggiungono quota 10.942<\/strong> (58,7% dei casi totali). I tamponi eseguiti hanno raggiunto quota 848.466, 8.958 in pi\u00f9 rispetto a ieri. Sono 6.220 i soggetti testati (escludendo i tamponi di controllo), di cui il 7,5% \u00e8 risultato positivo. Gli attualmente positivi sono oggi 6.504, +5,9% rispetto a ieri. I ricoverati sono 245 (28 in pi\u00f9 rispetto a ieri), di cui 40 in terapia intensiva (9 in pi\u00f9).<br \/>\nOggi si registrano <strong>6 nuovi decessi: 4 uomini e 2 donne con un&#8217;et\u00e0 media di 81,5 anni: 5 a Firenze, 1 a Massa Carrara.<\/strong><\/p>\n<h3>I nuovi casi divisi per provincia<\/h3>\n<p>Di seguito i casi di positivit\u00e0 sul territorio con la variazione rispetto a ieri. Sono 5.245 i casi complessivi ad oggi a Firenze (109 in pi\u00f9 rispetto a ieri), 1.294 a Prato (70 in pi\u00f9), 1.262 a Pistoia (12 in pi\u00f9), 1.666 a Massa (25 in pi\u00f9), 2.235 a Lucca (41 in pi\u00f9), 2.274 a Pisa (56 in pi\u00f9), 934 a Livorno (19 in pi\u00f9), 1.618 ad Arezzo (78 in pi\u00f9), 857 a Siena (42 in pi\u00f9), 691 a Grosseto (14 in pi\u00f9). Sono 550 i casi positivi notificati in Toscana, ma residenti in altre regioni. Sono 191, quindi, i casi riscontrati oggi nell&#8217;Asl Centro, 141 nella Nord Ovest, 134 nella Sud est.<\/p>\n<p>La Toscana si conferma al <strong>10\u00b0 posto in Italia come numerosit\u00e0 di casi<\/strong> (comprensivi di residenti e non residenti), con circa 499 casi per 100.000 abitanti (media italiana circa 588 x100.000, dato di ieri). Le province di notifica con il tasso pi\u00f9 alto sono Massa Carrara con 855 casi x100.000 abitanti, Lucca con 576, Pisa con 543, la pi\u00f9 bassa Livorno con 279.<\/p>\n<h3><strong>245 persone ricoverate, 98 guarite in pi\u00f9<\/strong><\/h3>\n<p>Le persone ricoverate nei posti letto dedicati ai<strong> pazienti Covid<\/strong> oggi sono complessivamente 245 (28 in pi\u00f9 rispetto a ieri, pi\u00f9 12,9%), 40 in terapia intensiva (9 in pi\u00f9 rispetto a ieri, pi\u00f9 29%).<\/p>\n<p>Le<strong> persone complessivamente guarite sono 10.942<\/strong> (98 in pi\u00f9 rispetto a ieri, pi\u00f9 0,9%): 432 persone clinicamente guarite (64 in pi\u00f9 rispetto a ieri, pi\u00f9 17,4%), divenute cio\u00e8 asintomatiche dopo aver presentato manifestazioni cliniche associate all&#8217;infezione e 10.510 (34 in pi\u00f9 rispetto a ieri, pi\u00f9 0,3%) dichiarate guarite a tutti gli effetti, le cosiddette guarigioni virali, con doppio tampone negativo.<\/p>\n<p>Complessivamente inoltre<strong> 6.259 persone sono in isolamento a casa,<\/strong> poich\u00e9 presentano sintomi lievi che non richiedono cure ospedaliere o risultano prive di sintomi (334 in pi\u00f9 rispetto a ieri, pi\u00f9 5,6%). Sono <strong>12.808<\/strong> (83 in meno rispetto a ieri, meno 0,6%) le persone, anche loro isolate, in sorveglianza attiva perch\u00e9 hanno avuto contatti con persone contagiate (Asl Centro 4.353, Nord Ovest 5.203, Sud Est 3.252).<\/p>\n<h3>Sei nuovi decessi, con un&#8217;et\u00e0 media di 81,5 anni<\/h3>\n<p>Oggi si registrano 6 nuovi decessi: <strong>4 uomini e 2 donne con un&#8217;et\u00e0 media di 81,5 anni.<\/strong> Relativamente alla provincia di residenza, le persone decedute sono: <strong>5 a Firenze, 1 a Massa Carrara<\/strong>. Sono 1.180 i deceduti dall&#8217;inizio dell&#8217;epidemia cosi ripartiti: 428 a Firenze, 54 a Prato, 84 a Pistoia, 182 a Massa Carrara, 149 a Lucca, 97 a Pisa, 65 a Livorno, 53 ad Arezzo, 33 a Siena, 26 a Grosseto, 9 persone sono decedute sul suolo toscano ma erano residenti fuori regione.<\/p>\n<p>Il tasso grezzo di mortalit\u00e0 toscano (numero di deceduti\/popolazione residente) per Covid-19 \u00e8 di 31,6 x100.000 residenti contro il 59,9 x100.000 della media italiana (11\u00b0 regione). Per quanto riguarda le province, il tasso di mortalit\u00e0 pi\u00f9 alto si riscontra a Massa Carrara (93,4 x100.000), Firenze (42,3 x100.000) e Lucca (38,4 x100.000), il pi\u00f9 basso a Grosseto (11,7 x100.000).<\/p>\n<p>&nbsp;<\/p>\n","protected":false},"excerpt":{"rendered":"<p>I nuovi casi sono il 2,6% in pi\u00f9 rispetto al totale del giorno precedente, con un&#8217;et\u00e0 media di 43 anni. Effettuati 8.958 tamponi in pi\u00f9 rispetto a ieri.<\/p>\n","protected":false},"author":525,"featured_media":150715,"comment_status":"open","ping_status":"open","sticky":false,"template":"","format":"standard","meta":{"_acf_changed":false,"footnotes":""},"categories":[494],"tags":[4868,418,4408],"class_list":["post-154726","post","type-post","status-publish","format-standard","has-post-thumbnail","hentry","category-attualita","tag-bollettino-covid-toscana","tag-covid-19","tag-tamponi"],"acf":[],"yoast_head":"<!-- This site is optimized with the Yoast SEO Premium plugin v24.2 (Yoast SEO v25.6) - https:\/\/yoast.com\/wordpress\/plugins\/seo\/ -->\n<title>Covid-19: 466 i nuovi casi in Toscana e 6 decessi - intoscana<\/title>\n<meta name=\"robots\" content=\"index, follow, max-snippet:-1, max-image-preview:large, max-video-preview:-1\" \/>\n<link rel=\"canonical\" href=\"https:\/\/www.intoscana.it\/it\/coronavirus-dati-12-ottobre\/\" \/>\n<meta property=\"og:locale\" content=\"it_IT\" \/>\n<meta property=\"og:type\" content=\"article\" \/>\n<meta property=\"og:title\" content=\"Covid-19: 466 i nuovi casi in Toscana e 6 decessi\" \/>\n<meta property=\"og:description\" content=\"I nuovi casi sono il 2,6% in pi\u00f9 rispetto al totale del giorno precedente, con un&#039;et\u00e0 media di 43 anni. Effettuati 8.958 tamponi in pi\u00f9 rispetto a ieri.\" \/>\n<meta property=\"og:url\" content=\"https:\/\/www.intoscana.it\/it\/coronavirus-dati-12-ottobre\/\" \/>\n<meta property=\"og:site_name\" content=\"intoscana\" \/>\n<meta property=\"article:publisher\" content=\"https:\/\/www.facebook.com\/intoscana.it\" \/>\n<meta property=\"article:published_time\" content=\"2020-10-12T14:34:31+00:00\" \/>\n<meta property=\"article:modified_time\" content=\"2021-09-22T15:12:40+00:00\" \/>\n<meta property=\"og:image\" content=\"https:\/\/www.intoscana.it\/wp-content\/uploads\/ragazzo-muro-covid-Anastasiia-Chepinska-Unsplash.jpg\" \/>\n\t<meta property=\"og:image:width\" content=\"1920\" \/>\n\t<meta property=\"og:image:height\" content=\"1282\" \/>\n\t<meta property=\"og:image:type\" content=\"image\/jpeg\" \/>\n<meta name=\"author\" content=\"Redazione\" \/>\n<meta name=\"twitter:card\" content=\"summary_large_image\" \/>\n<meta name=\"twitter:creator\" content=\"@intoscana\" \/>\n<meta name=\"twitter:site\" content=\"@intoscana\" \/>\n<meta name=\"twitter:label1\" content=\"Written by\" \/>\n\t<meta name=\"twitter:data1\" content=\"Redazione\" \/>\n\t<meta name=\"twitter:label2\" content=\"Est. reading time\" \/>\n\t<meta name=\"twitter:data2\" content=\"3 minuti\" \/>\n<script type=\"application\/ld+json\" class=\"yoast-schema-graph\">{\"@context\":\"https:\/\/schema.org\",\"@graph\":[{\"@type\":\"WebPage\",\"@id\":\"https:\/\/www.intoscana.it\/it\/coronavirus-dati-12-ottobre\/\",\"url\":\"https:\/\/www.intoscana.it\/it\/coronavirus-dati-12-ottobre\/\",\"name\":\"Covid-19: 466 i nuovi casi in Toscana e 6 decessi - intoscana\",\"isPartOf\":{\"@id\":\"https:\/\/www.intoscana.it\/it\/#website\"},\"primaryImageOfPage\":{\"@id\":\"https:\/\/www.intoscana.it\/it\/coronavirus-dati-12-ottobre\/#primaryimage\"},\"image\":{\"@id\":\"https:\/\/www.intoscana.it\/it\/coronavirus-dati-12-ottobre\/#primaryimage\"},\"thumbnailUrl\":\"https:\/\/www.intoscana.it\/wp-content\/uploads\/ragazzo-muro-covid-Anastasiia-Chepinska-Unsplash.jpg\",\"datePublished\":\"2020-10-12T14:34:31+00:00\",\"dateModified\":\"2021-09-22T15:12:40+00:00\",\"author\":{\"@id\":\"https:\/\/www.intoscana.it\/it\/#\/schema\/person\/9223810753230f20bd670fdd322661f8\"},\"breadcrumb\":{\"@id\":\"https:\/\/www.intoscana.it\/it\/coronavirus-dati-12-ottobre\/#breadcrumb\"},\"inLanguage\":\"it-IT\",\"potentialAction\":[{\"@type\":\"ReadAction\",\"target\":[\"https:\/\/www.intoscana.it\/it\/coronavirus-dati-12-ottobre\/\"]}]},{\"@type\":\"ImageObject\",\"inLanguage\":\"it-IT\",\"@id\":\"https:\/\/www.intoscana.it\/it\/coronavirus-dati-12-ottobre\/#primaryimage\",\"url\":\"https:\/\/www.intoscana.it\/wp-content\/uploads\/ragazzo-muro-covid-Anastasiia-Chepinska-Unsplash.jpg\",\"contentUrl\":\"https:\/\/www.intoscana.it\/wp-content\/uploads\/ragazzo-muro-covid-Anastasiia-Chepinska-Unsplash.jpg\",\"width\":1920,\"height\":1282,\"caption\":\"Covid\"},{\"@type\":\"BreadcrumbList\",\"@id\":\"https:\/\/www.intoscana.it\/it\/coronavirus-dati-12-ottobre\/#breadcrumb\",\"itemListElement\":[{\"@type\":\"ListItem\",\"position\":1,\"name\":\"Home\",\"item\":\"https:\/\/www.intoscana.it\/it\/\"},{\"@type\":\"ListItem\",\"position\":2,\"name\":\"Covid-19: 466 i nuovi casi in Toscana e 6 decessi\"}]},{\"@type\":\"WebSite\",\"@id\":\"https:\/\/www.intoscana.it\/it\/#website\",\"url\":\"https:\/\/www.intoscana.it\/it\/\",\"name\":\"intoscana\",\"description\":\"\",\"potentialAction\":[{\"@type\":\"SearchAction\",\"target\":{\"@type\":\"EntryPoint\",\"urlTemplate\":\"https:\/\/www.intoscana.it\/it\/?s={search_term_string}\"},\"query-input\":{\"@type\":\"PropertyValueSpecification\",\"valueRequired\":true,\"valueName\":\"search_term_string\"}}],\"inLanguage\":\"it-IT\"},{\"@type\":\"Person\",\"@id\":\"https:\/\/www.intoscana.it\/it\/#\/schema\/person\/9223810753230f20bd670fdd322661f8\",\"name\":\"Redazione\",\"url\":\"https:\/\/www.intoscana.it\/it\/author\/redazione\/\"}]}<\/script>\n<!-- \/ Yoast SEO Premium plugin. -->","yoast_head_json":{"title":"Covid-19: 466 i nuovi casi in Toscana e 6 decessi - intoscana","robots":{"index":"index","follow":"follow","max-snippet":"max-snippet:-1","max-image-preview":"max-image-preview:large","max-video-preview":"max-video-preview:-1"},"canonical":"https:\/\/www.intoscana.it\/it\/coronavirus-dati-12-ottobre\/","og_locale":"it_IT","og_type":"article","og_title":"Covid-19: 466 i nuovi casi in Toscana e 6 decessi","og_description":"I nuovi casi sono il 2,6% in pi\u00f9 rispetto al totale del giorno precedente, con un'et\u00e0 media di 43 anni. Effettuati 8.958 tamponi in pi\u00f9 rispetto a ieri.","og_url":"https:\/\/www.intoscana.it\/it\/coronavirus-dati-12-ottobre\/","og_site_name":"intoscana","article_publisher":"https:\/\/www.facebook.com\/intoscana.it","article_published_time":"2020-10-12T14:34:31+00:00","article_modified_time":"2021-09-22T15:12:40+00:00","og_image":[{"width":1920,"height":1282,"url":"https:\/\/www.intoscana.it\/wp-content\/uploads\/ragazzo-muro-covid-Anastasiia-Chepinska-Unsplash.jpg","type":"image\/jpeg"}],"author":"Redazione","twitter_card":"summary_large_image","twitter_creator":"@intoscana","twitter_site":"@intoscana","twitter_misc":{"Written by":"Redazione","Est. reading time":"3 minuti"},"schema":{"@context":"https:\/\/schema.org","@graph":[{"@type":"WebPage","@id":"https:\/\/www.intoscana.it\/it\/coronavirus-dati-12-ottobre\/","url":"https:\/\/www.intoscana.it\/it\/coronavirus-dati-12-ottobre\/","name":"Covid-19: 466 i nuovi casi in Toscana e 6 decessi - intoscana","isPartOf":{"@id":"https:\/\/www.intoscana.it\/it\/#website"},"primaryImageOfPage":{"@id":"https:\/\/www.intoscana.it\/it\/coronavirus-dati-12-ottobre\/#primaryimage"},"image":{"@id":"https:\/\/www.intoscana.it\/it\/coronavirus-dati-12-ottobre\/#primaryimage"},"thumbnailUrl":"https:\/\/www.intoscana.it\/wp-content\/uploads\/ragazzo-muro-covid-Anastasiia-Chepinska-Unsplash.jpg","datePublished":"2020-10-12T14:34:31+00:00","dateModified":"2021-09-22T15:12:40+00:00","author":{"@id":"https:\/\/www.intoscana.it\/it\/#\/schema\/person\/9223810753230f20bd670fdd322661f8"},"breadcrumb":{"@id":"https:\/\/www.intoscana.it\/it\/coronavirus-dati-12-ottobre\/#breadcrumb"},"inLanguage":"it-IT","potentialAction":[{"@type":"ReadAction","target":["https:\/\/www.intoscana.it\/it\/coronavirus-dati-12-ottobre\/"]}]},{"@type":"ImageObject","inLanguage":"it-IT","@id":"https:\/\/www.intoscana.it\/it\/coronavirus-dati-12-ottobre\/#primaryimage","url":"https:\/\/www.intoscana.it\/wp-content\/uploads\/ragazzo-muro-covid-Anastasiia-Chepinska-Unsplash.jpg","contentUrl":"https:\/\/www.intoscana.it\/wp-content\/uploads\/ragazzo-muro-covid-Anastasiia-Chepinska-Unsplash.jpg","width":1920,"height":1282,"caption":"Covid"},{"@type":"BreadcrumbList","@id":"https:\/\/www.intoscana.it\/it\/coronavirus-dati-12-ottobre\/#breadcrumb","itemListElement":[{"@type":"ListItem","position":1,"name":"Home","item":"https:\/\/www.intoscana.it\/it\/"},{"@type":"ListItem","position":2,"name":"Covid-19: 466 i nuovi casi in Toscana e 6 decessi"}]},{"@type":"WebSite","@id":"https:\/\/www.intoscana.it\/it\/#website","url":"https:\/\/www.intoscana.it\/it\/","name":"intoscana","description":"","potentialAction":[{"@type":"SearchAction","target":{"@type":"EntryPoint","urlTemplate":"https:\/\/www.intoscana.it\/it\/?s={search_term_string}"},"query-input":{"@type":"PropertyValueSpecification","valueRequired":true,"valueName":"search_term_string"}}],"inLanguage":"it-IT"},{"@type":"Person","@id":"https:\/\/www.intoscana.it\/it\/#\/schema\/person\/9223810753230f20bd670fdd322661f8","name":"Redazione","url":"https:\/\/www.intoscana.it\/it\/author\/redazione\/"}]}},"_links":{"self":[{"href":"https:\/\/www.intoscana.it\/it\/wp-json\/wp\/v2\/posts\/154726","targetHints":{"allow":["GET"]}}],"collection":[{"href":"https:\/\/www.intoscana.it\/it\/wp-json\/wp\/v2\/posts"}],"about":[{"href":"https:\/\/www.intoscana.it\/it\/wp-json\/wp\/v2\/types\/post"}],"author":[{"embeddable":true,"href":"https:\/\/www.intoscana.it\/it\/wp-json\/wp\/v2\/users\/525"}],"replies":[{"embeddable":true,"href":"https:\/\/www.intoscana.it\/it\/wp-json\/wp\/v2\/comments?post=154726"}],"version-history":[{"count":0,"href":"https:\/\/www.intoscana.it\/it\/wp-json\/wp\/v2\/posts\/154726\/revisions"}],"wp:featuredmedia":[{"embeddable":true,"href":"https:\/\/www.intoscana.it\/it\/wp-json\/wp\/v2\/media\/150715"}],"wp:attachment":[{"href":"https:\/\/www.intoscana.it\/it\/wp-json\/wp\/v2\/media?parent=154726"}],"wp:term":[{"taxonomy":"category","embeddable":true,"href":"https:\/\/www.intoscana.it\/it\/wp-json\/wp\/v2\/categories?post=154726"},{"taxonomy":"post_tag","embeddable":true,"href":"https:\/\/www.intoscana.it\/it\/wp-json\/wp\/v2\/tags?post=154726"}],"curies":[{"name":"wp","href":"https:\/\/api.w.org\/{rel}","templated":true}]}}