{"id":154745,"date":"2020-10-13T09:39:36","date_gmt":"2020-10-13T07:39:36","guid":{"rendered":"https:\/\/www.intoscana.it\/it\/?p=154745"},"modified":"2020-10-13T10:23:16","modified_gmt":"2020-10-13T08:23:16","slug":"covid-19-tutte-le-novita-del-nuovo-dpcm-in-toscana-arrivano-i-tamponi-rapidi-per-le-scuole","status":"publish","type":"post","link":"https:\/\/www.intoscana.it\/it\/covid-19-tutte-le-novita-del-nuovo-dpcm-in-toscana-arrivano-i-tamponi-rapidi-per-le-scuole\/","title":{"rendered":"Covid-19: tutte le novit\u00e0 del nuovo Dpcm, in Toscana arrivano i tamponi rapidi per le scuole"},"content":{"rendered":"<p>Nella serata di <strong>luned\u00ec 12 ottobre<\/strong> il <strong>presidente del Consiglio Giuseppe Conte e il ministro della Salute Roberto Speranza<\/strong> hanno firmato il nuovo Dpcm con le misure per il contrasto al contagio da Covid-19. Ecco cosa prevede il nuovo Dpcm che sar\u00e0 valido per 30 giorni:<\/p>\n<p><strong>1-Le feste private in casa potranno avere un massimo di sei partecipanti<\/strong><\/p>\n<p><strong>2-Ristoranti e bar dovranno chiudere alle 24, dalle 21 divieto di consumare in piedi<\/strong><\/p>\n<p><strong>3-Restano chiuse sale da ballo o per concerti, sono permessi fiere e congressi<\/strong><\/p>\n<p><strong>4-Obbligo di indossare la mascherina nei luoghi chiusi e all&#8217;aperto. Escluso chi fa attivit\u00e0 sportiva, i bambini sotto i 6 anni, i soggetti con patologie e disabilit\u00e0 incompatibili con l&#8217;uso della mascherina<\/strong><\/p>\n<p><strong>5-Per cinema e concerti resta il limite di 200 partecipanti con il vincolo di un metro tra un posto e l&#8217;altro e di assegnazione dei posti a sedere.<\/strong><\/p>\n<p><strong>6-Per le competizioni sportive resta il vincolo di 200 partecipanti al chiuso e 1000 all&#8217;aperto. Va garantita la distanza di un metro e la misurazione della febbre all&#8217;ingresso. Vietate\u00a0tutte le gare, le competizioni e tutte le attivit\u00e0 connesse agli sport di contatto aventi carattere amatoriale.<\/strong><\/p>\n<h3>In Toscana arrivano i Tamponi rapidi per le scuole: come funzionano<\/h3>\n<p><strong>Il presidente della Regione Toscana, Eugenio Giani luned\u00ec 12 ottobre<\/strong> ha firmato una nuova ordinanza in seguito all\u2019evolversi dell\u2019epidemia e, in particolare, per rafforzare tutte le azioni possibili di prevenzione. Arrivano i <strong>tamponi rapidi per le scuole e per i servizi educativi<\/strong> e indicazioni operative aggiornate per la gestione dei soggetti con sintomi sospetti di Covid 19 e la loro riammissione in classe o nel posto di lavoro<strong>.\u00a0Ai primi sintomi sospetti nei bambini e negli operatori scolastici<\/strong> (febbre superiore a 37,5 \u00b0C, oppure tosse, nausea, vomito, difficolt\u00e0 respiratorie, mal di gola, diarrea, alterazione o perdita dell\u2019olfatto e del gusto) <strong>scatta una serie di procedure operative di prevenzione per contrastare la diffusione del contagio<\/strong> e per una diagnosi immediata tramite il <strong>tampone antigenico rapido.<\/strong><\/p>\n<p>&#8220;Io sono convinto che sia importante in questo momento essere coordinati a livello nazionale. \u00c8 una fase molto delicata, la gente vuole rassicurazioni e autorevolezza di fronte a provvedimenti che sono da stato di emergenza. \u00c8 giusto che vi sia un intervento da parte del governo&#8221;.\u00a0 E&#8217; quanto ha affermato<strong> Giani su &#8220;La Stampa&#8221;<\/strong> a proposito del nuovo Dpcm, facendo presente che non sar\u00e0 &#8220;il presidente di Regione che per protagonismo cerca di fare l&#8217;ordinanza in pi\u00f9&#8221;. &#8220;Io ascolto molto i cittadini: vogliono uniformit\u00e0 nelle misure e negli interventi, sento che \u00e8 il momento, come istituzioni, di dare l&#8217;immagine rassicurante dell&#8217;armonia fra di noi. Le persone non vogliono conflitti tra istituzioni. Nel passaggio contingente mi sembra che questi provvedimenti siano equilibrati; dobbiamo anche contemperare le esigenze sanitarie con quelle economiche. Mi pare che le misure vadano in questa direzione&#8221;.<\/p>\n<h3>Contatti limitati nelle Rsa e 17.500 tamponi al giorno<\/h3>\n<p><strong>Due ordinanze regionali per\u00a0contrastare l&#8217;emergenza Coronavirus<\/strong>: la prima per limitare i\u00a0contatti tra pazienti delle Rsa e parenti e la seconda per\u00a0arrivare, nel giro di una settimana, a <strong>17.500 tamponi al giorno<\/strong>.\u00a0E&#8217; quanto annunciato dal <strong>presidente della Regione Toscana,\u00a0Eugenio Giani<\/strong>.<br \/>\n&#8220;Al di la degli interventi del governo, oggi varer\u00f2 due\u00a0interventi significativi &#8211; ha detto Giani -. In primo luogo\u00a0abbiamo finito ora di concordare <strong>un protocollo d&#8217;intesa che\u00a0invieremo alle strutture che gestiscono le Rsa:<\/strong> il nostro\u00a0intento \u00e8 quello di<strong> limitare il contatto fisico tra i pazienti\u00a0delle Rsa e i loro parenti<\/strong> perch\u00e9 \u00e8 chiaro che va nel loro\u00a0interesse. Il contagio che pu\u00f2 venire dall&#8217;esterno a un paziente\u00a0di Rsa poi diventa una<strong> catena di contagi<\/strong> che minano tutto il\u00a0sistema&#8221;. Accanto a questo, ha aggiunto Giani, &#8220;tutta una serie\u00a0di indicazioni per <strong>rendere comunque diretto il rapporto da\u00a0remoto tra paziente e parenti,<\/strong> e per poter avere un tavolo di\u00a0lavoro con il quale monitorare costantemente la situazione con i\u00a0rappresentanti delle Rsa&#8221;. Per quanto riguarda i tempi, il\u00a0governatore ha spiegato che &#8220;stamani ho mandato il testo, la\u00a0proposta di ordinanza che \u00e8 nelle nostre intenzioni, alle\u00a0rappresentanze di categoria della Rsa, se viene condivisa\u00a0nell&#8217;arco di un paio di giorni diventa efficace&#8221;. <strong>La seconda\u00a0ordinanza<\/strong> invece, ha spiegato ancora Giani, \u00e8 per &#8220;<strong>arrivare\u00a0all&#8217;obiettivo di 17.500 tamponi giornalieri con screening\u00a0rapido,<\/strong> nelle due modalit\u00e0: per ora quello che consente la\u00a0verifica attraverso l&#8217;apparecchiatura meccanica e in futuro vi\u00a0sar\u00e0 anche quello che ci pu\u00f2 dare una risposta con il colore,\u00a0quando sar\u00e0 certificato dal ministero&#8221;.<\/p>\n","protected":false},"excerpt":{"rendered":"<p>Nella serata di luned\u00ec il presidente del Consiglio Giuseppe Conte e il ministro della Salute Roberto Speranza hanno firmato il nuovo Dpcm con le misure per il contrasto al contagio<\/p>\n","protected":false},"author":525,"featured_media":154746,"comment_status":"open","ping_status":"open","sticky":false,"template":"","format":"standard","meta":{"_acf_changed":false,"footnotes":""},"categories":[18],"tags":[418,4715],"class_list":["post-154745","post","type-post","status-publish","format-standard","has-post-thumbnail","hentry","category-salute","tag-covid-19","tag-dpcm"],"acf":[],"yoast_head":"<!-- This site is optimized with the Yoast SEO Premium plugin v24.2 (Yoast SEO v25.6) - https:\/\/yoast.com\/wordpress\/plugins\/seo\/ -->\n<title>Covid-19: tutte le novit\u00e0 del nuovo Dpcm, in Toscana arrivano i tamponi rapidi per le scuole - intoscana<\/title>\n<meta name=\"description\" content=\"Nella serata di luned\u00ec 12 ottobre Giuseppe Conte e il ministro della Salute hanno firmato il nuovo Dpcm contro il Covid-19\" \/>\n<meta name=\"robots\" content=\"index, follow, max-snippet:-1, max-image-preview:large, max-video-preview:-1\" \/>\n<link rel=\"canonical\" href=\"https:\/\/www.intoscana.it\/it\/covid-19-tutte-le-novita-del-nuovo-dpcm-in-toscana-arrivano-i-tamponi-rapidi-per-le-scuole\/\" \/>\n<meta property=\"og:locale\" content=\"it_IT\" \/>\n<meta property=\"og:type\" content=\"article\" \/>\n<meta property=\"og:title\" content=\"Covid-19: tutte le novit\u00e0 del nuovo Dpcm, in Toscana arrivano i tamponi rapidi per le scuole\" \/>\n<meta property=\"og:description\" content=\"Nella serata di luned\u00ec 12 ottobre Giuseppe Conte e il ministro della Salute hanno firmato il nuovo Dpcm contro il Covid-19\" \/>\n<meta property=\"og:url\" content=\"https:\/\/www.intoscana.it\/it\/covid-19-tutte-le-novita-del-nuovo-dpcm-in-toscana-arrivano-i-tamponi-rapidi-per-le-scuole\/\" \/>\n<meta property=\"og:site_name\" content=\"intoscana\" \/>\n<meta property=\"article:publisher\" content=\"https:\/\/www.facebook.com\/intoscana.it\" \/>\n<meta property=\"article:published_time\" content=\"2020-10-13T07:39:36+00:00\" \/>\n<meta property=\"article:modified_time\" content=\"2020-10-13T08:23:16+00:00\" \/>\n<meta property=\"og:image\" content=\"https:\/\/www.intoscana.it\/wp-content\/uploads\/bambina-con-mascherina-scaled.jpg\" \/>\n\t<meta property=\"og:image:width\" content=\"2048\" \/>\n\t<meta property=\"og:image:height\" content=\"1366\" \/>\n\t<meta property=\"og:image:type\" content=\"image\/jpeg\" \/>\n<meta name=\"author\" content=\"Redazione\" \/>\n<meta name=\"twitter:card\" content=\"summary_large_image\" \/>\n<meta name=\"twitter:creator\" content=\"@intoscana\" \/>\n<meta name=\"twitter:site\" content=\"@intoscana\" \/>\n<meta name=\"twitter:label1\" content=\"Written by\" \/>\n\t<meta name=\"twitter:data1\" content=\"Redazione\" \/>\n\t<meta name=\"twitter:label2\" content=\"Est. reading time\" \/>\n\t<meta name=\"twitter:data2\" content=\"4 minuti\" \/>\n<script type=\"application\/ld+json\" class=\"yoast-schema-graph\">{\"@context\":\"https:\/\/schema.org\",\"@graph\":[{\"@type\":\"WebPage\",\"@id\":\"https:\/\/www.intoscana.it\/it\/covid-19-tutte-le-novita-del-nuovo-dpcm-in-toscana-arrivano-i-tamponi-rapidi-per-le-scuole\/\",\"url\":\"https:\/\/www.intoscana.it\/it\/covid-19-tutte-le-novita-del-nuovo-dpcm-in-toscana-arrivano-i-tamponi-rapidi-per-le-scuole\/\",\"name\":\"Covid-19: tutte le novit\u00e0 del nuovo Dpcm, in Toscana arrivano i tamponi rapidi per le scuole - intoscana\",\"isPartOf\":{\"@id\":\"https:\/\/www.intoscana.it\/it\/#website\"},\"primaryImageOfPage\":{\"@id\":\"https:\/\/www.intoscana.it\/it\/covid-19-tutte-le-novita-del-nuovo-dpcm-in-toscana-arrivano-i-tamponi-rapidi-per-le-scuole\/#primaryimage\"},\"image\":{\"@id\":\"https:\/\/www.intoscana.it\/it\/covid-19-tutte-le-novita-del-nuovo-dpcm-in-toscana-arrivano-i-tamponi-rapidi-per-le-scuole\/#primaryimage\"},\"thumbnailUrl\":\"https:\/\/www.intoscana.it\/wp-content\/uploads\/bambina-con-mascherina-scaled.jpg\",\"datePublished\":\"2020-10-13T07:39:36+00:00\",\"dateModified\":\"2020-10-13T08:23:16+00:00\",\"author\":{\"@id\":\"https:\/\/www.intoscana.it\/it\/#\/schema\/person\/9223810753230f20bd670fdd322661f8\"},\"description\":\"Nella serata di luned\u00ec 12 ottobre Giuseppe Conte e il ministro della Salute hanno firmato il nuovo Dpcm contro il Covid-19\",\"breadcrumb\":{\"@id\":\"https:\/\/www.intoscana.it\/it\/covid-19-tutte-le-novita-del-nuovo-dpcm-in-toscana-arrivano-i-tamponi-rapidi-per-le-scuole\/#breadcrumb\"},\"inLanguage\":\"it-IT\",\"potentialAction\":[{\"@type\":\"ReadAction\",\"target\":[\"https:\/\/www.intoscana.it\/it\/covid-19-tutte-le-novita-del-nuovo-dpcm-in-toscana-arrivano-i-tamponi-rapidi-per-le-scuole\/\"]}]},{\"@type\":\"ImageObject\",\"inLanguage\":\"it-IT\",\"@id\":\"https:\/\/www.intoscana.it\/it\/covid-19-tutte-le-novita-del-nuovo-dpcm-in-toscana-arrivano-i-tamponi-rapidi-per-le-scuole\/#primaryimage\",\"url\":\"https:\/\/www.intoscana.it\/wp-content\/uploads\/bambina-con-mascherina-scaled.jpg\",\"contentUrl\":\"https:\/\/www.intoscana.it\/wp-content\/uploads\/bambina-con-mascherina-scaled.jpg\",\"width\":2048,\"height\":1366},{\"@type\":\"BreadcrumbList\",\"@id\":\"https:\/\/www.intoscana.it\/it\/covid-19-tutte-le-novita-del-nuovo-dpcm-in-toscana-arrivano-i-tamponi-rapidi-per-le-scuole\/#breadcrumb\",\"itemListElement\":[{\"@type\":\"ListItem\",\"position\":1,\"name\":\"Home\",\"item\":\"https:\/\/www.intoscana.it\/it\/\"},{\"@type\":\"ListItem\",\"position\":2,\"name\":\"Covid-19: tutte le novit\u00e0 del nuovo Dpcm, in Toscana arrivano i tamponi rapidi per le scuole\"}]},{\"@type\":\"WebSite\",\"@id\":\"https:\/\/www.intoscana.it\/it\/#website\",\"url\":\"https:\/\/www.intoscana.it\/it\/\",\"name\":\"intoscana\",\"description\":\"\",\"potentialAction\":[{\"@type\":\"SearchAction\",\"target\":{\"@type\":\"EntryPoint\",\"urlTemplate\":\"https:\/\/www.intoscana.it\/it\/?s={search_term_string}\"},\"query-input\":{\"@type\":\"PropertyValueSpecification\",\"valueRequired\":true,\"valueName\":\"search_term_string\"}}],\"inLanguage\":\"it-IT\"},{\"@type\":\"Person\",\"@id\":\"https:\/\/www.intoscana.it\/it\/#\/schema\/person\/9223810753230f20bd670fdd322661f8\",\"name\":\"Redazione\",\"url\":\"https:\/\/www.intoscana.it\/it\/author\/redazione\/\"}]}<\/script>\n<!-- \/ Yoast SEO Premium plugin. -->","yoast_head_json":{"title":"Covid-19: tutte le novit\u00e0 del nuovo Dpcm, in Toscana arrivano i tamponi rapidi per le scuole - intoscana","description":"Nella serata di luned\u00ec 12 ottobre Giuseppe Conte e il ministro della Salute hanno firmato il nuovo Dpcm contro il Covid-19","robots":{"index":"index","follow":"follow","max-snippet":"max-snippet:-1","max-image-preview":"max-image-preview:large","max-video-preview":"max-video-preview:-1"},"canonical":"https:\/\/www.intoscana.it\/it\/covid-19-tutte-le-novita-del-nuovo-dpcm-in-toscana-arrivano-i-tamponi-rapidi-per-le-scuole\/","og_locale":"it_IT","og_type":"article","og_title":"Covid-19: tutte le novit\u00e0 del nuovo Dpcm, in Toscana arrivano i tamponi rapidi per le scuole","og_description":"Nella serata di luned\u00ec 12 ottobre Giuseppe Conte e il ministro della Salute hanno firmato il nuovo Dpcm contro il Covid-19","og_url":"https:\/\/www.intoscana.it\/it\/covid-19-tutte-le-novita-del-nuovo-dpcm-in-toscana-arrivano-i-tamponi-rapidi-per-le-scuole\/","og_site_name":"intoscana","article_publisher":"https:\/\/www.facebook.com\/intoscana.it","article_published_time":"2020-10-13T07:39:36+00:00","article_modified_time":"2020-10-13T08:23:16+00:00","og_image":[{"width":2048,"height":1366,"url":"https:\/\/www.intoscana.it\/wp-content\/uploads\/bambina-con-mascherina-scaled.jpg","type":"image\/jpeg"}],"author":"Redazione","twitter_card":"summary_large_image","twitter_creator":"@intoscana","twitter_site":"@intoscana","twitter_misc":{"Written by":"Redazione","Est. reading time":"4 minuti"},"schema":{"@context":"https:\/\/schema.org","@graph":[{"@type":"WebPage","@id":"https:\/\/www.intoscana.it\/it\/covid-19-tutte-le-novita-del-nuovo-dpcm-in-toscana-arrivano-i-tamponi-rapidi-per-le-scuole\/","url":"https:\/\/www.intoscana.it\/it\/covid-19-tutte-le-novita-del-nuovo-dpcm-in-toscana-arrivano-i-tamponi-rapidi-per-le-scuole\/","name":"Covid-19: tutte le novit\u00e0 del nuovo Dpcm, in Toscana arrivano i tamponi rapidi per le scuole - intoscana","isPartOf":{"@id":"https:\/\/www.intoscana.it\/it\/#website"},"primaryImageOfPage":{"@id":"https:\/\/www.intoscana.it\/it\/covid-19-tutte-le-novita-del-nuovo-dpcm-in-toscana-arrivano-i-tamponi-rapidi-per-le-scuole\/#primaryimage"},"image":{"@id":"https:\/\/www.intoscana.it\/it\/covid-19-tutte-le-novita-del-nuovo-dpcm-in-toscana-arrivano-i-tamponi-rapidi-per-le-scuole\/#primaryimage"},"thumbnailUrl":"https:\/\/www.intoscana.it\/wp-content\/uploads\/bambina-con-mascherina-scaled.jpg","datePublished":"2020-10-13T07:39:36+00:00","dateModified":"2020-10-13T08:23:16+00:00","author":{"@id":"https:\/\/www.intoscana.it\/it\/#\/schema\/person\/9223810753230f20bd670fdd322661f8"},"description":"Nella serata di luned\u00ec 12 ottobre Giuseppe Conte e il ministro della Salute hanno firmato il nuovo Dpcm contro il Covid-19","breadcrumb":{"@id":"https:\/\/www.intoscana.it\/it\/covid-19-tutte-le-novita-del-nuovo-dpcm-in-toscana-arrivano-i-tamponi-rapidi-per-le-scuole\/#breadcrumb"},"inLanguage":"it-IT","potentialAction":[{"@type":"ReadAction","target":["https:\/\/www.intoscana.it\/it\/covid-19-tutte-le-novita-del-nuovo-dpcm-in-toscana-arrivano-i-tamponi-rapidi-per-le-scuole\/"]}]},{"@type":"ImageObject","inLanguage":"it-IT","@id":"https:\/\/www.intoscana.it\/it\/covid-19-tutte-le-novita-del-nuovo-dpcm-in-toscana-arrivano-i-tamponi-rapidi-per-le-scuole\/#primaryimage","url":"https:\/\/www.intoscana.it\/wp-content\/uploads\/bambina-con-mascherina-scaled.jpg","contentUrl":"https:\/\/www.intoscana.it\/wp-content\/uploads\/bambina-con-mascherina-scaled.jpg","width":2048,"height":1366},{"@type":"BreadcrumbList","@id":"https:\/\/www.intoscana.it\/it\/covid-19-tutte-le-novita-del-nuovo-dpcm-in-toscana-arrivano-i-tamponi-rapidi-per-le-scuole\/#breadcrumb","itemListElement":[{"@type":"ListItem","position":1,"name":"Home","item":"https:\/\/www.intoscana.it\/it\/"},{"@type":"ListItem","position":2,"name":"Covid-19: tutte le novit\u00e0 del nuovo Dpcm, in Toscana arrivano i tamponi rapidi per le scuole"}]},{"@type":"WebSite","@id":"https:\/\/www.intoscana.it\/it\/#website","url":"https:\/\/www.intoscana.it\/it\/","name":"intoscana","description":"","potentialAction":[{"@type":"SearchAction","target":{"@type":"EntryPoint","urlTemplate":"https:\/\/www.intoscana.it\/it\/?s={search_term_string}"},"query-input":{"@type":"PropertyValueSpecification","valueRequired":true,"valueName":"search_term_string"}}],"inLanguage":"it-IT"},{"@type":"Person","@id":"https:\/\/www.intoscana.it\/it\/#\/schema\/person\/9223810753230f20bd670fdd322661f8","name":"Redazione","url":"https:\/\/www.intoscana.it\/it\/author\/redazione\/"}]}},"_links":{"self":[{"href":"https:\/\/www.intoscana.it\/it\/wp-json\/wp\/v2\/posts\/154745","targetHints":{"allow":["GET"]}}],"collection":[{"href":"https:\/\/www.intoscana.it\/it\/wp-json\/wp\/v2\/posts"}],"about":[{"href":"https:\/\/www.intoscana.it\/it\/wp-json\/wp\/v2\/types\/post"}],"author":[{"embeddable":true,"href":"https:\/\/www.intoscana.it\/it\/wp-json\/wp\/v2\/users\/525"}],"replies":[{"embeddable":true,"href":"https:\/\/www.intoscana.it\/it\/wp-json\/wp\/v2\/comments?post=154745"}],"version-history":[{"count":0,"href":"https:\/\/www.intoscana.it\/it\/wp-json\/wp\/v2\/posts\/154745\/revisions"}],"wp:featuredmedia":[{"embeddable":true,"href":"https:\/\/www.intoscana.it\/it\/wp-json\/wp\/v2\/media\/154746"}],"wp:attachment":[{"href":"https:\/\/www.intoscana.it\/it\/wp-json\/wp\/v2\/media?parent=154745"}],"wp:term":[{"taxonomy":"category","embeddable":true,"href":"https:\/\/www.intoscana.it\/it\/wp-json\/wp\/v2\/categories?post=154745"},{"taxonomy":"post_tag","embeddable":true,"href":"https:\/\/www.intoscana.it\/it\/wp-json\/wp\/v2\/tags?post=154745"}],"curies":[{"name":"wp","href":"https:\/\/api.w.org\/{rel}","templated":true}]}}