{"id":154760,"date":"2020-10-13T10:46:42","date_gmt":"2020-10-13T08:46:42","guid":{"rendered":"https:\/\/www.intoscana.it\/it\/?p=154760"},"modified":"2020-10-13T15:06:55","modified_gmt":"2020-10-13T13:06:55","slug":"i-grandi-solisti-della-classica-per-festeggiare-i-100-anni-degli-amici-della-musica","status":"publish","type":"post","link":"https:\/\/www.intoscana.it\/it\/i-grandi-solisti-della-classica-per-festeggiare-i-100-anni-degli-amici-della-musica\/","title":{"rendered":"I grandi solisti della classica per festeggiare i 100 anni degli Amici della musica"},"content":{"rendered":"<p>Sono circa<strong> 60 i concerti in programma fino ad aprile 2021<\/strong> per la stagione concertistica degli <a href=\"https:\/\/amicimusicafirenze.it\" target=\"_blank\" rel=\"noopener noreferrer\"><strong>Amici della musica di Firenze<\/strong><\/a>, al<strong> teatro della Pergola<\/strong>.\u00a0<strong>Nati nel 1920<\/strong> come eredi della ottocentesca Societ\u00e0 del Quartetto, <strong>gli Amici della Musica di Firenze <\/strong>una delle pi\u00f9 antiche e prestigiose istituzioni concertistiche italiane e tra le massime realt\u00e0 della cameristica europea, <strong>festeggiano quest\u2019anno il loro Centenario.\u00a0<\/strong>Nonostante il momento storico particolarmente difficile e le incertezze legate alla pandemia Covid-19, resta ferma la volont\u00e0 di firmare una stagione con i maggiori protagonisti della classica mondiale e un\u2019attenzione speciale per i nuovi talenti, sotto la guida della direttrice artistica <strong>Domitilla Baldeschi.<\/strong><\/p>\n<h3>Il programma<\/h3>\n<p>Il cartellone si apre sabato<strong>\u00a017 ottobre con i cinque appuntamenti del &#8216;Preludio di stagione&#8217;. <\/strong>Il\u00a017 si esibiranno <strong>Isabelle Faust, Jean-Guihen Queyras e Alexander Melnikov<\/strong>, il 18 e il 24 rispettivamente i pianisti <strong>Vadym Kholodenko<\/strong> (al suo debutto per gli Amici della Musica) e <strong>Jin Ju,<\/strong> il 25 <strong>Alessandro Carbonare, Salvo Russo e Monaldo Braconi <\/strong>e il 26 ottobre il<strong> Quartetto di Fiesole<\/strong> con <strong>Vladimir Mendelssohn<\/strong> alla viola<strong>.\u00a0<\/strong>Per il <strong>concerto inaugurale, sabato 31 ottobre <\/strong>sar\u00e0 protagonista<strong> l&#8217;Orchestra Giovanile Italiana<\/strong>assieme ad<strong><b>Andrea Lucchesini<\/b>,<\/strong> solista al pianoforte, con un programma interamente dedicato a Chopin.<\/p>\n<p>Torna poi il ciclo <strong>&#8216;Il mondo del quartetto&#8217;<\/strong> con presenze d&#8217;eccezione come il <strong>Pavel Haas Quartet, il Jerusalem Quartet, il Cuarteto Casals e il ciclo &#8216;Solopiano&#8217;<\/strong> con maestri del pianoforte come <strong>Vadym Kholodenko, Jin Ju e Pietro De Maria<\/strong>. In programma anche<strong> &#8216;Odissea Bach&#8217;,<\/strong> per gli amanti della musica barocca e l&#8217;<strong>&#8216;Arte del canto&#8217;<\/strong> aperto dal tenore <strong>Mark Padmore e il pianista Simon Lepper<\/strong>. Inoltre per il loro centenario gli Amici della musica propongono <strong>una mostra curata da Moreno Bucci<\/strong> e due eventi in coproduzione con la Fondazione teatro del Maggio Musicale Fiorentino: <strong>il 9 e 10 dicembre Rudolf Buchbinder al pianoforte e il 15 marzo il duo Martha Argerich<\/strong> al pianoforte e <strong>Misha Maisky al violoncello.<\/strong><\/p>\n<h3><strong>Stefano Passigli Presidente Amici della musica<br \/>\n<\/strong><\/h3>\n<p>&#8220;In un anno come questo con i teatri fermi a una capienza di 200 posti <strong>il programma verr\u00e0 modulato a seconda dello sviluppo del Covid.<\/strong> Noi abbiamo alcuni grandissimi concerti <strong>Martha Argerich, Yo Yo Ma<\/strong>, grandi solisti, <strong>non potremo farli solo per 200 persone per ragioni economiche. <\/strong>Sono ancora in programma, se le capienze aumenteranno il programma verr\u00e0 mantenuto, se no verr\u00e0 modulato, spostato nel tempo. <strong>Cominciamo questo sabato con Isabelle Faust che \u00e8 una grandissima violinista<\/strong> malgrado la limitazione di 200 posti. Se il limite resta questo alcuni concerti non saranno possibili. In tutta Italia, in qualsiasi sala purtroppo non possono entrare pi\u00f9 di 200 persone, non dipende pi\u00f9 dalla capienza. Poi <strong>c&#8217;\u00e8 un altro problema, i solisti che vengono dall&#8217;estero sono costretti a fare il tampone e non possono suonare fino a che non arriva il risultato<\/strong>. Cos\u00ec i grandi artisti restano nel loro paese perch\u00e8\u00a0hanno paura di restare bloccati all&#8217;estero. Siamo in una fase di grande transizione e dobbiamo vivere con le regole che ci sono. <strong>Faremo un&#8217;attivit\u00e0 dedicata\u00a0i nostri abbonati per mantenere viva la musica da camera<\/strong>, ma non possiamo fare una stagione piena come avevamo gi\u00e0 programmato in questo che tra l&#8217;altro \u00e8 il <strong>centenario degli Amici della musica<\/strong>, \u00e8 un anno in cui avevamo una stagione particolarmente ricca.&#8221;<\/p>\n<h3><strong>Per vedere tutto il programma:<\/strong><br \/>\n<a href=\"https:\/\/amicimusicafirenze.it\" target=\"_blank\" rel=\"noopener noreferrer\"><strong>https:\/\/amicimusicafirenze.it<\/strong><\/a><\/h3>\n","protected":false},"excerpt":{"rendered":"<p>In programma 60 concerti nel Saloncino del teatro della Pergola, un programma che si moduler\u00e0 in base al procedere della pandemia<\/p>\n","protected":false},"author":518,"featured_media":154773,"comment_status":"open","ping_status":"open","sticky":false,"template":"","format":"standard","meta":{"_acf_changed":false,"footnotes":""},"categories":[14],"tags":[216,4474,388],"class_list":["post-154760","post","type-post","status-publish","format-standard","has-post-thumbnail","hentry","category-musica","tag-concerti","tag-eventi","tag-eventi-a-firenze"],"acf":[],"yoast_head":"<!-- This site is optimized with the Yoast SEO Premium plugin v24.2 (Yoast SEO v25.6) - https:\/\/yoast.com\/wordpress\/plugins\/seo\/ -->\n<title>I grandi solisti della classica per festeggiare i 100 anni degli Amici della musica - intoscana<\/title>\n<meta name=\"description\" content=\"In programma 60 concerti nel Saloncino del teatro della Pergola, un programma che si moduler\u00e0 in base al procedere della pandemia\" \/>\n<meta name=\"robots\" content=\"index, follow, max-snippet:-1, max-image-preview:large, max-video-preview:-1\" \/>\n<link rel=\"canonical\" href=\"https:\/\/www.intoscana.it\/it\/i-grandi-solisti-della-classica-per-festeggiare-i-100-anni-degli-amici-della-musica\/\" \/>\n<meta property=\"og:locale\" content=\"it_IT\" \/>\n<meta property=\"og:type\" content=\"article\" \/>\n<meta property=\"og:title\" content=\"I grandi solisti della classica per festeggiare i 100 anni degli Amici della musica\" \/>\n<meta property=\"og:description\" content=\"In programma 60 concerti nel Saloncino del teatro della Pergola, un programma che si moduler\u00e0 in base al procedere della pandemia\" \/>\n<meta property=\"og:url\" content=\"https:\/\/www.intoscana.it\/it\/i-grandi-solisti-della-classica-per-festeggiare-i-100-anni-degli-amici-della-musica\/\" \/>\n<meta property=\"og:site_name\" content=\"intoscana\" \/>\n<meta property=\"article:publisher\" content=\"https:\/\/www.facebook.com\/intoscana.it\" \/>\n<meta property=\"article:published_time\" content=\"2020-10-13T08:46:42+00:00\" \/>\n<meta property=\"article:modified_time\" content=\"2020-10-13T13:06:55+00:00\" \/>\n<meta property=\"og:image\" content=\"https:\/\/www.intoscana.it\/wp-content\/uploads\/Quartetto-Arod\u00a9MarcoBorggreve-scaled.jpg\" \/>\n\t<meta property=\"og:image:width\" content=\"2048\" \/>\n\t<meta property=\"og:image:height\" content=\"1427\" \/>\n\t<meta property=\"og:image:type\" content=\"image\/jpeg\" \/>\n<meta name=\"author\" content=\"Costanza Baldini\" \/>\n<meta name=\"twitter:card\" content=\"summary_large_image\" \/>\n<meta name=\"twitter:creator\" content=\"@intoscana\" \/>\n<meta name=\"twitter:site\" content=\"@intoscana\" \/>\n<meta name=\"twitter:label1\" content=\"Written by\" \/>\n\t<meta name=\"twitter:data1\" content=\"Costanza Baldini\" \/>\n\t<meta name=\"twitter:label2\" content=\"Est. reading time\" \/>\n\t<meta name=\"twitter:data2\" content=\"3 minuti\" \/>\n<script type=\"application\/ld+json\" class=\"yoast-schema-graph\">{\"@context\":\"https:\/\/schema.org\",\"@graph\":[{\"@type\":\"WebPage\",\"@id\":\"https:\/\/www.intoscana.it\/it\/i-grandi-solisti-della-classica-per-festeggiare-i-100-anni-degli-amici-della-musica\/\",\"url\":\"https:\/\/www.intoscana.it\/it\/i-grandi-solisti-della-classica-per-festeggiare-i-100-anni-degli-amici-della-musica\/\",\"name\":\"I grandi solisti della classica per festeggiare i 100 anni degli Amici della musica - intoscana\",\"isPartOf\":{\"@id\":\"https:\/\/www.intoscana.it\/it\/#website\"},\"primaryImageOfPage\":{\"@id\":\"https:\/\/www.intoscana.it\/it\/i-grandi-solisti-della-classica-per-festeggiare-i-100-anni-degli-amici-della-musica\/#primaryimage\"},\"image\":{\"@id\":\"https:\/\/www.intoscana.it\/it\/i-grandi-solisti-della-classica-per-festeggiare-i-100-anni-degli-amici-della-musica\/#primaryimage\"},\"thumbnailUrl\":\"https:\/\/www.intoscana.it\/wp-content\/uploads\/Quartetto-Arod\u00a9MarcoBorggreve-scaled.jpg\",\"datePublished\":\"2020-10-13T08:46:42+00:00\",\"dateModified\":\"2020-10-13T13:06:55+00:00\",\"author\":{\"@id\":\"https:\/\/www.intoscana.it\/it\/#\/schema\/person\/d469f35f09739bdf00bf5dd3f0647a82\"},\"description\":\"In programma 60 concerti nel Saloncino del teatro della Pergola, un programma che si moduler\u00e0 in base al procedere della pandemia\",\"breadcrumb\":{\"@id\":\"https:\/\/www.intoscana.it\/it\/i-grandi-solisti-della-classica-per-festeggiare-i-100-anni-degli-amici-della-musica\/#breadcrumb\"},\"inLanguage\":\"it-IT\",\"potentialAction\":[{\"@type\":\"ReadAction\",\"target\":[\"https:\/\/www.intoscana.it\/it\/i-grandi-solisti-della-classica-per-festeggiare-i-100-anni-degli-amici-della-musica\/\"]}]},{\"@type\":\"ImageObject\",\"inLanguage\":\"it-IT\",\"@id\":\"https:\/\/www.intoscana.it\/it\/i-grandi-solisti-della-classica-per-festeggiare-i-100-anni-degli-amici-della-musica\/#primaryimage\",\"url\":\"https:\/\/www.intoscana.it\/wp-content\/uploads\/Quartetto-Arod\u00a9MarcoBorggreve-scaled.jpg\",\"contentUrl\":\"https:\/\/www.intoscana.it\/wp-content\/uploads\/Quartetto-Arod\u00a9MarcoBorggreve-scaled.jpg\",\"width\":2048,\"height\":1427,\"caption\":\"Quator Arod\"},{\"@type\":\"BreadcrumbList\",\"@id\":\"https:\/\/www.intoscana.it\/it\/i-grandi-solisti-della-classica-per-festeggiare-i-100-anni-degli-amici-della-musica\/#breadcrumb\",\"itemListElement\":[{\"@type\":\"ListItem\",\"position\":1,\"name\":\"Home\",\"item\":\"https:\/\/www.intoscana.it\/it\/\"},{\"@type\":\"ListItem\",\"position\":2,\"name\":\"I grandi solisti della classica per festeggiare i 100 anni degli Amici della musica\"}]},{\"@type\":\"WebSite\",\"@id\":\"https:\/\/www.intoscana.it\/it\/#website\",\"url\":\"https:\/\/www.intoscana.it\/it\/\",\"name\":\"intoscana\",\"description\":\"\",\"potentialAction\":[{\"@type\":\"SearchAction\",\"target\":{\"@type\":\"EntryPoint\",\"urlTemplate\":\"https:\/\/www.intoscana.it\/it\/?s={search_term_string}\"},\"query-input\":{\"@type\":\"PropertyValueSpecification\",\"valueRequired\":true,\"valueName\":\"search_term_string\"}}],\"inLanguage\":\"it-IT\"},{\"@type\":\"Person\",\"@id\":\"https:\/\/www.intoscana.it\/it\/#\/schema\/person\/d469f35f09739bdf00bf5dd3f0647a82\",\"name\":\"Costanza Baldini\",\"url\":\"https:\/\/www.intoscana.it\/it\/author\/costanza-baldini\/\"}]}<\/script>\n<!-- \/ Yoast SEO Premium plugin. -->","yoast_head_json":{"title":"I grandi solisti della classica per festeggiare i 100 anni degli Amici della musica - intoscana","description":"In programma 60 concerti nel Saloncino del teatro della Pergola, un programma che si moduler\u00e0 in base al procedere della pandemia","robots":{"index":"index","follow":"follow","max-snippet":"max-snippet:-1","max-image-preview":"max-image-preview:large","max-video-preview":"max-video-preview:-1"},"canonical":"https:\/\/www.intoscana.it\/it\/i-grandi-solisti-della-classica-per-festeggiare-i-100-anni-degli-amici-della-musica\/","og_locale":"it_IT","og_type":"article","og_title":"I grandi solisti della classica per festeggiare i 100 anni degli Amici della musica","og_description":"In programma 60 concerti nel Saloncino del teatro della Pergola, un programma che si moduler\u00e0 in base al procedere della pandemia","og_url":"https:\/\/www.intoscana.it\/it\/i-grandi-solisti-della-classica-per-festeggiare-i-100-anni-degli-amici-della-musica\/","og_site_name":"intoscana","article_publisher":"https:\/\/www.facebook.com\/intoscana.it","article_published_time":"2020-10-13T08:46:42+00:00","article_modified_time":"2020-10-13T13:06:55+00:00","og_image":[{"width":2048,"height":1427,"url":"https:\/\/www.intoscana.it\/wp-content\/uploads\/Quartetto-Arod\u00a9MarcoBorggreve-scaled.jpg","type":"image\/jpeg"}],"author":"Costanza Baldini","twitter_card":"summary_large_image","twitter_creator":"@intoscana","twitter_site":"@intoscana","twitter_misc":{"Written by":"Costanza Baldini","Est. reading time":"3 minuti"},"schema":{"@context":"https:\/\/schema.org","@graph":[{"@type":"WebPage","@id":"https:\/\/www.intoscana.it\/it\/i-grandi-solisti-della-classica-per-festeggiare-i-100-anni-degli-amici-della-musica\/","url":"https:\/\/www.intoscana.it\/it\/i-grandi-solisti-della-classica-per-festeggiare-i-100-anni-degli-amici-della-musica\/","name":"I grandi solisti della classica per festeggiare i 100 anni degli Amici della musica - intoscana","isPartOf":{"@id":"https:\/\/www.intoscana.it\/it\/#website"},"primaryImageOfPage":{"@id":"https:\/\/www.intoscana.it\/it\/i-grandi-solisti-della-classica-per-festeggiare-i-100-anni-degli-amici-della-musica\/#primaryimage"},"image":{"@id":"https:\/\/www.intoscana.it\/it\/i-grandi-solisti-della-classica-per-festeggiare-i-100-anni-degli-amici-della-musica\/#primaryimage"},"thumbnailUrl":"https:\/\/www.intoscana.it\/wp-content\/uploads\/Quartetto-Arod\u00a9MarcoBorggreve-scaled.jpg","datePublished":"2020-10-13T08:46:42+00:00","dateModified":"2020-10-13T13:06:55+00:00","author":{"@id":"https:\/\/www.intoscana.it\/it\/#\/schema\/person\/d469f35f09739bdf00bf5dd3f0647a82"},"description":"In programma 60 concerti nel Saloncino del teatro della Pergola, un programma che si moduler\u00e0 in base al procedere della pandemia","breadcrumb":{"@id":"https:\/\/www.intoscana.it\/it\/i-grandi-solisti-della-classica-per-festeggiare-i-100-anni-degli-amici-della-musica\/#breadcrumb"},"inLanguage":"it-IT","potentialAction":[{"@type":"ReadAction","target":["https:\/\/www.intoscana.it\/it\/i-grandi-solisti-della-classica-per-festeggiare-i-100-anni-degli-amici-della-musica\/"]}]},{"@type":"ImageObject","inLanguage":"it-IT","@id":"https:\/\/www.intoscana.it\/it\/i-grandi-solisti-della-classica-per-festeggiare-i-100-anni-degli-amici-della-musica\/#primaryimage","url":"https:\/\/www.intoscana.it\/wp-content\/uploads\/Quartetto-Arod\u00a9MarcoBorggreve-scaled.jpg","contentUrl":"https:\/\/www.intoscana.it\/wp-content\/uploads\/Quartetto-Arod\u00a9MarcoBorggreve-scaled.jpg","width":2048,"height":1427,"caption":"Quator Arod"},{"@type":"BreadcrumbList","@id":"https:\/\/www.intoscana.it\/it\/i-grandi-solisti-della-classica-per-festeggiare-i-100-anni-degli-amici-della-musica\/#breadcrumb","itemListElement":[{"@type":"ListItem","position":1,"name":"Home","item":"https:\/\/www.intoscana.it\/it\/"},{"@type":"ListItem","position":2,"name":"I grandi solisti della classica per festeggiare i 100 anni degli Amici della musica"}]},{"@type":"WebSite","@id":"https:\/\/www.intoscana.it\/it\/#website","url":"https:\/\/www.intoscana.it\/it\/","name":"intoscana","description":"","potentialAction":[{"@type":"SearchAction","target":{"@type":"EntryPoint","urlTemplate":"https:\/\/www.intoscana.it\/it\/?s={search_term_string}"},"query-input":{"@type":"PropertyValueSpecification","valueRequired":true,"valueName":"search_term_string"}}],"inLanguage":"it-IT"},{"@type":"Person","@id":"https:\/\/www.intoscana.it\/it\/#\/schema\/person\/d469f35f09739bdf00bf5dd3f0647a82","name":"Costanza Baldini","url":"https:\/\/www.intoscana.it\/it\/author\/costanza-baldini\/"}]}},"_links":{"self":[{"href":"https:\/\/www.intoscana.it\/it\/wp-json\/wp\/v2\/posts\/154760","targetHints":{"allow":["GET"]}}],"collection":[{"href":"https:\/\/www.intoscana.it\/it\/wp-json\/wp\/v2\/posts"}],"about":[{"href":"https:\/\/www.intoscana.it\/it\/wp-json\/wp\/v2\/types\/post"}],"author":[{"embeddable":true,"href":"https:\/\/www.intoscana.it\/it\/wp-json\/wp\/v2\/users\/518"}],"replies":[{"embeddable":true,"href":"https:\/\/www.intoscana.it\/it\/wp-json\/wp\/v2\/comments?post=154760"}],"version-history":[{"count":0,"href":"https:\/\/www.intoscana.it\/it\/wp-json\/wp\/v2\/posts\/154760\/revisions"}],"wp:featuredmedia":[{"embeddable":true,"href":"https:\/\/www.intoscana.it\/it\/wp-json\/wp\/v2\/media\/154773"}],"wp:attachment":[{"href":"https:\/\/www.intoscana.it\/it\/wp-json\/wp\/v2\/media?parent=154760"}],"wp:term":[{"taxonomy":"category","embeddable":true,"href":"https:\/\/www.intoscana.it\/it\/wp-json\/wp\/v2\/categories?post=154760"},{"taxonomy":"post_tag","embeddable":true,"href":"https:\/\/www.intoscana.it\/it\/wp-json\/wp\/v2\/tags?post=154760"}],"curies":[{"name":"wp","href":"https:\/\/api.w.org\/{rel}","templated":true}]}}