{"id":154825,"date":"2020-10-13T13:00:38","date_gmt":"2020-10-13T11:00:38","guid":{"rendered":"https:\/\/www.intoscana.it\/it\/?p=154825"},"modified":"2020-10-13T13:01:17","modified_gmt":"2020-10-13T11:01:17","slug":"motumundi-cavriglia","status":"publish","type":"post","link":"https:\/\/www.intoscana.it\/it\/motumundi-cavriglia\/","title":{"rendered":"A Cavriglia torna Motumundi, il festival dedicato ai cambiamenti climatici e all&#8217;ambiente"},"content":{"rendered":"<p>Nella cornice di <strong>Cavriglia<\/strong>, comune tra i pi\u00f9 virtuosi per le energie rinnovabili, dal <strong>15 al 18 ottobre<\/strong>, torna il <strong>festival Motumundi<\/strong>, con l\u2019obiettivo di avviare un <strong>dialogo fra clima e ambiente<\/strong> e incidere sull\u2019approccio culturale che abbiamo nei confronti del nostro Pianeta.<\/p>\n<p>Ideato e promosso dalla Vitale Onlus in partnership con il Comune di Cavriglia e il sostegno di CSAI (Centro Servizi Ambiente Impianti) ed Enel, il Festival patrocinato dalla Regione Toscana si dipaner\u00e0 in tre giorni attraverso dibattiti, conferenze, workshop e laboratori (nel rispetto delle disposizioni in materia di prevenzione del contagio da Covid-19).<\/p>\n<p>Gli eventi si svolgeranno sia in <strong>forma partecipata e aperta al pubblico, sia con modalit\u00e0 online<\/strong>, la sede principale della manifestazione sar\u00e0 proprio Cavriglia (AR) con il coinvolgimento anche Firenze, Pisa e Siena.<\/p>\n<p>La parola chiave del festival \u00e8 <strong>sostenibilit\u00e0<\/strong>. Una sostenibilit\u00e0 declinata in <strong>cambiamento climatico, educazione ambientale, la ricerca contro l\u2019inquinamento, lo sviluppo ecosostenibile della societ\u00e0<\/strong>, i 17 UN sustainable development goals e la plastic free. Su questi temi si confronteranno oltre ai rappresentanti della comunit\u00e0 scientifica internazionale, gli studenti di diverso ordine e grado che saranno i veri protagonisti di \u201cMotumundi\u201d.<\/p>\n<p>Palcoscenico naturale dell\u2019evento, Cavriglia, territorio di oltre 3.000 ettari per lunghi anni interessato dall\u2019attivit\u00e0 estrattiva di lignite, un fazzoletto verde toscano della Valdarno che oggi, in parte, \u00e8 stato restituito alla collettivit\u00e0, mentre su un\u2019altra parte \u00e8 in atto uno dei pi\u00f9 grandi progetti, a livello nazionale, di riqualificazione ambientale.<\/p>\n<h3>Le Giornate del festival<\/h3>\n<p>Il festival si articola in giornate, in lingua italiana e inglese, caratterizzate da eventi su clima&amp;ambiente, clima&amp;istruzione, clima&amp;scienza, clima&amp;politica, clima&amp;imprenditoria, clima&amp;migrazioni, cli ma&amp;tecnologie, clima&amp;alimentazione, clima&amp;fauna, clima&amp;lavoro.<\/p>\n<p>Le principali location sono piazza Enrico Berlinguer, il teatro comunale, l\u2019auditorium del Mine (museo delle miniere e del territorio), il Centro di Geo Tecnologie dell\u2019Universit\u00e0 di Siena a cui potrebbe aggiungersi, i laboratori del Centro Servizi di Siena Ambiente Impianti.<\/p>\n<h3>Motomundian Academy<\/h3>\n<p>All\u2019interno di Motumundi \u00e8 istituita <strong>una scuola di sensibilizzazione ambientale interdisciplinare<\/strong>. Ne fanno parte, tra gli altri, studenti, ricercatori, docenti, imprenditori e rappresentanti istituzionali. I partecipanti denominati \u201cMotumundians\u201d seguono, sotto l\u2019egida del comitato scientifico, una serie di workshop giornalieri divisi in classi. L\u2019obiettivo \u00e8 far lavorare insieme persone con diverse esperienze dottrinali e professionali.<\/p>\n<h3>Clima e arte<\/h3>\n<p>Al festival sono presenti, tra gli altri, istituti di ricerca e organizzazioni per la tutela dell\u2019ambiente che hanno la possibilit\u00e0 di esporre il loro operato in modo interattivo. Si tratta di eventi pubblici a ingresso libero che fanno da cornice a una esposizione di opere d\u2019arte realizzate con materiale da riciclo.<\/p>\n<h3>Comitato scientifico<\/h3>\n<p>Il comitato scientifico \u201cThe Motumundian Committee for Climate Protection\u201d \u00e8 composto da ricercatori, professori, studenti, imprenditori \u201cverdi\u201d, rappresentanti delle istituzioni e membri delle associazioni per la tutela dell\u2019ambiente provenienti da diverse parti del mondo. Funzione del comitato scientifico \u00e8 quella di armonizzare gli ambiti di provenienza dei suoi membri per analizzare e favorire le azioni di intervento nelle diverse tematiche del festival. Nello specifico, svolge un costante lavoro di studio avvalendosi anche della Citizen Science per produrre un report da offrire alla Comunit\u00e0 Scientifica Internazionale, quale \u201cmanifesto\u201d del festival \u201cMotumundi\u201d. L\u2019intero festival \u00e8 un laboratorio di analisi e ricerca per il comitato scientifico, e, in tal senso, ricopre un ruolo guida nella Climate Protection\/Motumundian Academy, poich\u00e9 i membri sono docenti e ricercatori allo stesso tempo.<\/p>\n<p><em>\u201cMotomundi \u00e8 una festival di eccellenza in un territorio che si conferma all\u2019avanguardia per il suo rapporto con l\u2019ambiente \u2013 <\/em>ha detto il presidente della Regione <strong>Eugenio Giani<\/strong> &#8211;<em> E lo racconta bene questa rassegna di grandissimo prestigio che il Comune di Cavriglia ha saputo organizzate in quattro location che narrano in qualche modo anche il tormentato rapporto che questo territorio ha avuto con l\u2019ambiente fino al 1994, quando finalmente si \u00e8 trovata la strada verso la mitigazione degli interventi, vero il recupero e la capacit\u00e0 di avere con essi un rapporto virtuoso\u201d.<\/em><\/p>\n<p><em>\u201cMotumundi &#8211; <\/em>ha aggiunto il <strong>sindaco di Cavriglia Leonardo Degl&#8217;Innocenti O Sanni<\/strong><em> &#8211; \u00e8 un momento importantissimo che vedr\u00e0 arrivare a Cavriglia autorevoli rappresentanti della comunit\u00e0 scientifica internazionale, giornalisti esperti e personaggi della cultura. Vogliamo mettere l\u2019accento sulla necessit\u00e0 di un cambio culturale in ambito ambientale e vogliamo farlo in maniera rapida e chiara a Cavriglia, territorio che ha sofferto tantissimo dal punto di vista ambientale, dove per oltre 150 anni si \u00e8 coltivata lignite che ha portato ricchezza e benessere ma ha inferto al territorio una ferita enorme. Grazie all\u2019avvio di una serie di processi virtuosi di riqualificazione ambientale, in poco pi\u00f9 di trenta anni siamo riusciti a invertire la rotta e oggi nel nostro comune abbiamo impianti fotovoltaici pubblici che producono 20 milioni di chilowatt l\u2019anno, abbiamo puntato sull\u2019efficientamento energetico e su una politica di alta sostenibilit\u00e0. Offriamo al pubblico questa esperienza con grande umilt\u00e0 mettendoci all\u2019ascolto dei molti esperti, ricercatori e accademici che verranno a darci il loro contributo su temi con i quali Cavriglia vuole segnare non un punto di arrivo ma un punto di partenza\u201d.<\/em><\/p>\n<p><em>\u201cAbbiamo deciso di organizzare questo Festival \u2013 <\/em>ha quindi spiegato <strong>Roberto Vitale, presidente e direttore artistico di Motumundi <\/strong><em>&#8211; per accendere i riflettori su quelle che sono le nuove culture dell\u2019ambiente soprattutto per sensibilizzare le nuove generazioni. Il festival si declina in tre ambiti, l\u2019ambito scientifico con accademici, ricercatori, scienziati che dialogheranno con studenti su tematiche diverse tutte relative alla sostenibilit\u00e0 ambientale; poi ci sar\u00e0 l\u2019ambito in cui vede protagonisti proprio i giovani, con conferenze su temi che daranno spazio all\u2019arte, all\u2019architettura, alla matematica declinate in campo ambientale e poi, terzo ambito, gli appuntamenti serali al teatro di Cavriglia in cui personaggi pi\u00f9 mediatici nell\u2019ambito della scienza e della ricerca andranno a raccontare con linguaggi comprensibili la nuova rotta che deve intraprendere il sistema Paese partendo proprio dalla Toscana ma andando anche oltre, oltre i confini regionali e oltre i confini nazionali\u201d.<\/em><\/p>\n","protected":false},"excerpt":{"rendered":"<p>Cavriglia sar\u00e0 la capitale del dibattito sul cambiamento climatico per tre giorni. Tra gli ospiti attesi Sting e Filippo Giorgi, climatologo e Premio Nobel per la Pace<\/p>\n","protected":false},"author":525,"featured_media":151407,"comment_status":"open","ping_status":"open","sticky":false,"template":"","format":"standard","meta":{"_acf_changed":false,"footnotes":""},"categories":[19,494],"tags":[177,3567],"class_list":["post-154825","post","type-post","status-publish","format-standard","has-post-thumbnail","hentry","category-ambiente","category-attualita","tag-ambiente","tag-cambiamento-climatico"],"acf":[],"yoast_head":"<!-- This site is optimized with the Yoast SEO Premium plugin v24.2 (Yoast SEO v25.6) - https:\/\/yoast.com\/wordpress\/plugins\/seo\/ -->\n<title>A Cavriglia torna Motumundi, il festival dedicato ai cambiamenti climatici e all&#039;ambiente - intoscana<\/title>\n<meta name=\"description\" content=\"Cavriglia sar\u00e0 la capitale del dibattito sul cambiamento climatico. Tra gli ospiti Sting e Filippo Giorgi, climatologo e Premio Nobel\" \/>\n<meta name=\"robots\" content=\"index, follow, max-snippet:-1, max-image-preview:large, max-video-preview:-1\" \/>\n<link rel=\"canonical\" href=\"https:\/\/www.intoscana.it\/it\/motumundi-cavriglia\/\" \/>\n<meta property=\"og:locale\" content=\"it_IT\" \/>\n<meta property=\"og:type\" content=\"article\" \/>\n<meta property=\"og:title\" content=\"A Cavriglia torna Motumundi, il festival dedicato ai cambiamenti climatici e all&#039;ambiente\" \/>\n<meta property=\"og:description\" content=\"Cavriglia sar\u00e0 la capitale del dibattito sul cambiamento climatico. Tra gli ospiti Sting e Filippo Giorgi, climatologo e Premio Nobel\" \/>\n<meta property=\"og:url\" content=\"https:\/\/www.intoscana.it\/it\/motumundi-cavriglia\/\" \/>\n<meta property=\"og:site_name\" content=\"intoscana\" \/>\n<meta property=\"article:publisher\" content=\"https:\/\/www.facebook.com\/intoscana.it\" \/>\n<meta property=\"article:published_time\" content=\"2020-10-13T11:00:38+00:00\" \/>\n<meta property=\"article:modified_time\" content=\"2020-10-13T11:01:17+00:00\" \/>\n<meta property=\"og:image\" content=\"https:\/\/www.intoscana.it\/wp-content\/uploads\/ambiente-1-scaled.jpg\" \/>\n\t<meta property=\"og:image:width\" content=\"2048\" \/>\n\t<meta property=\"og:image:height\" content=\"1366\" \/>\n\t<meta property=\"og:image:type\" content=\"image\/jpeg\" \/>\n<meta name=\"author\" content=\"Redazione\" \/>\n<meta name=\"twitter:card\" content=\"summary_large_image\" \/>\n<meta name=\"twitter:creator\" content=\"@intoscana\" \/>\n<meta name=\"twitter:site\" content=\"@intoscana\" \/>\n<meta name=\"twitter:label1\" content=\"Written by\" \/>\n\t<meta name=\"twitter:data1\" content=\"Redazione\" \/>\n\t<meta name=\"twitter:label2\" content=\"Est. reading time\" \/>\n\t<meta name=\"twitter:data2\" content=\"5 minuti\" \/>\n<script type=\"application\/ld+json\" class=\"yoast-schema-graph\">{\"@context\":\"https:\/\/schema.org\",\"@graph\":[{\"@type\":\"WebPage\",\"@id\":\"https:\/\/www.intoscana.it\/it\/motumundi-cavriglia\/\",\"url\":\"https:\/\/www.intoscana.it\/it\/motumundi-cavriglia\/\",\"name\":\"A Cavriglia torna Motumundi, il festival dedicato ai cambiamenti climatici e all'ambiente - intoscana\",\"isPartOf\":{\"@id\":\"https:\/\/www.intoscana.it\/it\/#website\"},\"primaryImageOfPage\":{\"@id\":\"https:\/\/www.intoscana.it\/it\/motumundi-cavriglia\/#primaryimage\"},\"image\":{\"@id\":\"https:\/\/www.intoscana.it\/it\/motumundi-cavriglia\/#primaryimage\"},\"thumbnailUrl\":\"https:\/\/www.intoscana.it\/wp-content\/uploads\/ambiente-1-scaled.jpg\",\"datePublished\":\"2020-10-13T11:00:38+00:00\",\"dateModified\":\"2020-10-13T11:01:17+00:00\",\"author\":{\"@id\":\"https:\/\/www.intoscana.it\/it\/#\/schema\/person\/9223810753230f20bd670fdd322661f8\"},\"description\":\"Cavriglia sar\u00e0 la capitale del dibattito sul cambiamento climatico. Tra gli ospiti Sting e Filippo Giorgi, climatologo e Premio Nobel\",\"breadcrumb\":{\"@id\":\"https:\/\/www.intoscana.it\/it\/motumundi-cavriglia\/#breadcrumb\"},\"inLanguage\":\"it-IT\",\"potentialAction\":[{\"@type\":\"ReadAction\",\"target\":[\"https:\/\/www.intoscana.it\/it\/motumundi-cavriglia\/\"]}]},{\"@type\":\"ImageObject\",\"inLanguage\":\"it-IT\",\"@id\":\"https:\/\/www.intoscana.it\/it\/motumundi-cavriglia\/#primaryimage\",\"url\":\"https:\/\/www.intoscana.it\/wp-content\/uploads\/ambiente-1-scaled.jpg\",\"contentUrl\":\"https:\/\/www.intoscana.it\/wp-content\/uploads\/ambiente-1-scaled.jpg\",\"width\":2048,\"height\":1366,\"caption\":\"Save The Planet\"},{\"@type\":\"BreadcrumbList\",\"@id\":\"https:\/\/www.intoscana.it\/it\/motumundi-cavriglia\/#breadcrumb\",\"itemListElement\":[{\"@type\":\"ListItem\",\"position\":1,\"name\":\"Home\",\"item\":\"https:\/\/www.intoscana.it\/it\/\"},{\"@type\":\"ListItem\",\"position\":2,\"name\":\"A Cavriglia torna Motumundi, il festival dedicato ai cambiamenti climatici e all&#8217;ambiente\"}]},{\"@type\":\"WebSite\",\"@id\":\"https:\/\/www.intoscana.it\/it\/#website\",\"url\":\"https:\/\/www.intoscana.it\/it\/\",\"name\":\"intoscana\",\"description\":\"\",\"potentialAction\":[{\"@type\":\"SearchAction\",\"target\":{\"@type\":\"EntryPoint\",\"urlTemplate\":\"https:\/\/www.intoscana.it\/it\/?s={search_term_string}\"},\"query-input\":{\"@type\":\"PropertyValueSpecification\",\"valueRequired\":true,\"valueName\":\"search_term_string\"}}],\"inLanguage\":\"it-IT\"},{\"@type\":\"Person\",\"@id\":\"https:\/\/www.intoscana.it\/it\/#\/schema\/person\/9223810753230f20bd670fdd322661f8\",\"name\":\"Redazione\",\"url\":\"https:\/\/www.intoscana.it\/it\/author\/redazione\/\"}]}<\/script>\n<!-- \/ Yoast SEO Premium plugin. -->","yoast_head_json":{"title":"A Cavriglia torna Motumundi, il festival dedicato ai cambiamenti climatici e all'ambiente - intoscana","description":"Cavriglia sar\u00e0 la capitale del dibattito sul cambiamento climatico. Tra gli ospiti Sting e Filippo Giorgi, climatologo e Premio Nobel","robots":{"index":"index","follow":"follow","max-snippet":"max-snippet:-1","max-image-preview":"max-image-preview:large","max-video-preview":"max-video-preview:-1"},"canonical":"https:\/\/www.intoscana.it\/it\/motumundi-cavriglia\/","og_locale":"it_IT","og_type":"article","og_title":"A Cavriglia torna Motumundi, il festival dedicato ai cambiamenti climatici e all'ambiente","og_description":"Cavriglia sar\u00e0 la capitale del dibattito sul cambiamento climatico. Tra gli ospiti Sting e Filippo Giorgi, climatologo e Premio Nobel","og_url":"https:\/\/www.intoscana.it\/it\/motumundi-cavriglia\/","og_site_name":"intoscana","article_publisher":"https:\/\/www.facebook.com\/intoscana.it","article_published_time":"2020-10-13T11:00:38+00:00","article_modified_time":"2020-10-13T11:01:17+00:00","og_image":[{"width":2048,"height":1366,"url":"https:\/\/www.intoscana.it\/wp-content\/uploads\/ambiente-1-scaled.jpg","type":"image\/jpeg"}],"author":"Redazione","twitter_card":"summary_large_image","twitter_creator":"@intoscana","twitter_site":"@intoscana","twitter_misc":{"Written by":"Redazione","Est. reading time":"5 minuti"},"schema":{"@context":"https:\/\/schema.org","@graph":[{"@type":"WebPage","@id":"https:\/\/www.intoscana.it\/it\/motumundi-cavriglia\/","url":"https:\/\/www.intoscana.it\/it\/motumundi-cavriglia\/","name":"A Cavriglia torna Motumundi, il festival dedicato ai cambiamenti climatici e all'ambiente - intoscana","isPartOf":{"@id":"https:\/\/www.intoscana.it\/it\/#website"},"primaryImageOfPage":{"@id":"https:\/\/www.intoscana.it\/it\/motumundi-cavriglia\/#primaryimage"},"image":{"@id":"https:\/\/www.intoscana.it\/it\/motumundi-cavriglia\/#primaryimage"},"thumbnailUrl":"https:\/\/www.intoscana.it\/wp-content\/uploads\/ambiente-1-scaled.jpg","datePublished":"2020-10-13T11:00:38+00:00","dateModified":"2020-10-13T11:01:17+00:00","author":{"@id":"https:\/\/www.intoscana.it\/it\/#\/schema\/person\/9223810753230f20bd670fdd322661f8"},"description":"Cavriglia sar\u00e0 la capitale del dibattito sul cambiamento climatico. Tra gli ospiti Sting e Filippo Giorgi, climatologo e Premio Nobel","breadcrumb":{"@id":"https:\/\/www.intoscana.it\/it\/motumundi-cavriglia\/#breadcrumb"},"inLanguage":"it-IT","potentialAction":[{"@type":"ReadAction","target":["https:\/\/www.intoscana.it\/it\/motumundi-cavriglia\/"]}]},{"@type":"ImageObject","inLanguage":"it-IT","@id":"https:\/\/www.intoscana.it\/it\/motumundi-cavriglia\/#primaryimage","url":"https:\/\/www.intoscana.it\/wp-content\/uploads\/ambiente-1-scaled.jpg","contentUrl":"https:\/\/www.intoscana.it\/wp-content\/uploads\/ambiente-1-scaled.jpg","width":2048,"height":1366,"caption":"Save The Planet"},{"@type":"BreadcrumbList","@id":"https:\/\/www.intoscana.it\/it\/motumundi-cavriglia\/#breadcrumb","itemListElement":[{"@type":"ListItem","position":1,"name":"Home","item":"https:\/\/www.intoscana.it\/it\/"},{"@type":"ListItem","position":2,"name":"A Cavriglia torna Motumundi, il festival dedicato ai cambiamenti climatici e all&#8217;ambiente"}]},{"@type":"WebSite","@id":"https:\/\/www.intoscana.it\/it\/#website","url":"https:\/\/www.intoscana.it\/it\/","name":"intoscana","description":"","potentialAction":[{"@type":"SearchAction","target":{"@type":"EntryPoint","urlTemplate":"https:\/\/www.intoscana.it\/it\/?s={search_term_string}"},"query-input":{"@type":"PropertyValueSpecification","valueRequired":true,"valueName":"search_term_string"}}],"inLanguage":"it-IT"},{"@type":"Person","@id":"https:\/\/www.intoscana.it\/it\/#\/schema\/person\/9223810753230f20bd670fdd322661f8","name":"Redazione","url":"https:\/\/www.intoscana.it\/it\/author\/redazione\/"}]}},"_links":{"self":[{"href":"https:\/\/www.intoscana.it\/it\/wp-json\/wp\/v2\/posts\/154825","targetHints":{"allow":["GET"]}}],"collection":[{"href":"https:\/\/www.intoscana.it\/it\/wp-json\/wp\/v2\/posts"}],"about":[{"href":"https:\/\/www.intoscana.it\/it\/wp-json\/wp\/v2\/types\/post"}],"author":[{"embeddable":true,"href":"https:\/\/www.intoscana.it\/it\/wp-json\/wp\/v2\/users\/525"}],"replies":[{"embeddable":true,"href":"https:\/\/www.intoscana.it\/it\/wp-json\/wp\/v2\/comments?post=154825"}],"version-history":[{"count":0,"href":"https:\/\/www.intoscana.it\/it\/wp-json\/wp\/v2\/posts\/154825\/revisions"}],"wp:featuredmedia":[{"embeddable":true,"href":"https:\/\/www.intoscana.it\/it\/wp-json\/wp\/v2\/media\/151407"}],"wp:attachment":[{"href":"https:\/\/www.intoscana.it\/it\/wp-json\/wp\/v2\/media?parent=154825"}],"wp:term":[{"taxonomy":"category","embeddable":true,"href":"https:\/\/www.intoscana.it\/it\/wp-json\/wp\/v2\/categories?post=154825"},{"taxonomy":"post_tag","embeddable":true,"href":"https:\/\/www.intoscana.it\/it\/wp-json\/wp\/v2\/tags?post=154825"}],"curies":[{"name":"wp","href":"https:\/\/api.w.org\/{rel}","templated":true}]}}