{"id":154826,"date":"2020-10-13T13:08:21","date_gmt":"2020-10-13T11:08:21","guid":{"rendered":"https:\/\/www.intoscana.it\/it\/?p=154826"},"modified":"2020-10-13T13:08:44","modified_gmt":"2020-10-13T11:08:44","slug":"volterragusto-il-cibo-e-cultura-unedizione-speciale-allinsegna-del-divertimento-in-sicurezza","status":"publish","type":"post","link":"https:\/\/www.intoscana.it\/it\/volterragusto-il-cibo-e-cultura-unedizione-speciale-allinsegna-del-divertimento-in-sicurezza\/","title":{"rendered":"Volterragusto &#8220;Il cibo \u00e8 cultura&#8221;: un&#8217;edizione speciale all&#8217;insegna del divertimento in sicurezza"},"content":{"rendered":"<p>Sar\u00e0 <strong>un&#8217;edizione di Volterragusto davvero speciale<\/strong> quella che sabato 24 e domenica 25 ottobre, e ancora sabato 31 ottobre e domenica 1 novembre, si prepara ad ospitare Volterra.\u00a0In un anno quantomai complesso il segnale che arriva dalla conferma di un evento attesissimo e ormai parte della storia recente di questa citt\u00e0 \u00e8 la voglia di guardare avanti con fiducia, vivendo <strong>un contesto di leggerezza e socialit\u00e0 allestito nell&#8217;imprescindibile rispetto di tutte le misure di sicurezza anti Covid<\/strong> che il periodo ancora impone, anche come occasione per <strong>riscoprire tradizioni, luoghi e culture.<\/strong><\/p>\n<p>Cuore pulsante della manifestazione, tra <strong>Piazza dei Priori e Le Logge del Palazzo Pretorio<\/strong>, sar\u00e0 la XXIII edizione della <strong>Mostra mercato del tartufo bianco e dei prodotti tipici dell&#8217;Alta Val di Cecina<\/strong>\u00a0che dalle 10 alle 20 celebrer\u00e0 <strong>&#8220;Sua Maest\u00e0 il tartufo&#8221;<\/strong> affiancato dai tanti produttori che proporranno <strong>formaggi, salumi, vino, confetture, dolci, cioccolato<\/strong> e tanto altro ancora.<\/p>\n<p><strong>\u201cIl cibo \u00e8 cultura\u201d<\/strong> \u00e8 il tema scelto quest&#8217;anno, sviluppato attraverso momenti che uniranno le ricchezze gastronomiche locali con il patrimonio storico, architettonico e museale unico che Volterra \u00e8 in grado di offrire: in questa direzione un programma che coinvolger\u00e0 musei e luoghi di interesse cittadino, come il Museo Civico Guarnacci con visiche tematiche per grandi e piccini come <strong>\u201cI Rasenna cercatori di tartufo: il tartufo ai tempi degli etruschi\u201d e \u201cIl Cibo degli Dei: il tartufo nella mitologia\u201d<\/strong>, il Teatro Romano <strong>\u201cTerrae Tufer: il tartufo sulla tavola degli antichi romani\u201d<\/strong>, la Pinacoteca Civica \u201c<strong>Sua Maest\u00e0 il tartufo: il tartufo alla Corte dei Medici&#8221;,<\/strong> Palazzo De&#8217; Priori (\u201cVolterra Di-Vino\u201d, banco di assaggio dei vini locali a cura di Fisar delegazione storica Volterra e Associazione Vignaioli di Volterra), le Cantine di Palazzo Viti (tavolo degustazione di prodotti tipici), il Duomo di Volterra (visitabile fresco di restauro), la Torre del Maschio di Volterra della Fortezza Medicea, struttura oggi adibita a penitenziario, con visita guidata che inclusiva anche degli Orti del Carcere.<\/p>\n<p>Dal ricco calendario si segnalano anche \u201c<strong>Tartufando: giocando s&#8217;impara\u201d,<\/strong> simulazione in gioco della ricerca del tartufo dedicata ai pi\u00f9 piccoli a cura dell&#8217;Associazione Tartufai (Parco Fiumi, 24 e 31 ottobre) e l&#8217;esibizione del <strong>\u201cGruppo storico sbandieratori e musici citt\u00e0 di Volterra&#8221;<\/strong> in Piazza San Giovanni (domenica 1 novembre).<\/p>\n<p>Non mancheranno anche iniziative \u201cfuori porta\u201d, come le sempre gettonatissime <strong>\u201cVisite in tartufaia\u201d<\/strong> (domenica 25 ottobre), per scoprire dove nasce il tartufo e come trovarlo in compagnia dei tartufai locali e dei loro inseparabili segugi, o<strong> \u201cBacche, spiriti e gin\u201d<\/strong> (domenica 1 novembre), escursione nel Bosco di Berignone alla scoperta delle bacche locali e della distilleria perduta con piccola degustazione degli &#8220;<strong>Spiriti del Bosco&#8221;<\/strong> a cura de La Vena di Vino.<\/p>\n<p>Fra i momenti pi\u00f9 attesi della manifestazione il <strong>Premio Jarro<\/strong>, riconoscimento destinato a chi in ambito professionale si sia distinto nella divulgazione della cultura della buona tavola. A ritirarlo sabato 31 ottobre (ore 17.30, Palazzo de&#8217; Priori) <strong>il giornalista e scrittore Fabio Francione<\/strong>, curatore della nuova edizione de <strong>\u201cLa Scienza in cucina e l&#8217;Arte di mangiar bene\u201d<\/strong> di Pellegrino Artusi (ed. la Nave di Teseo 2020), per l&#8217;importante lavoro di promozione e divulgazione dell&#8217;opera che pu\u00f2 essere considerata il libro fondativo della cucina italiana scritta da un grande maestro in occasione del bicentenario della sua nascita.<\/p>\n<p><a href=\"https:\/\/www.volterragusto.com\" target=\"_blank\" rel=\"noopener noreferrer\"><strong>Per scoprire il programma visita: www.volterragusto.com<\/strong><\/a><\/p>\n","protected":false},"excerpt":{"rendered":"<p>Sabato 24 e domenica 25 ottobre e sabato 31 ottobre e domenica 1 novembre due weekend per la kermesse che unisce le ricchezze gastronomiche locali con il patrimonio storico, architettonico e museale<\/p>\n","protected":false},"author":525,"featured_media":154822,"comment_status":"open","ping_status":"open","sticky":false,"template":"","format":"standard","meta":{"_acf_changed":false,"footnotes":""},"categories":[494,8],"tags":[4474,395,451,4718],"class_list":["post-154826","post","type-post","status-publish","format-standard","has-post-thumbnail","hentry","category-attualita","category-enogastronomia","tag-eventi","tag-eventi-in-toscana","tag-sagre","tag-volterragusto"],"acf":[],"yoast_head":"<!-- This site is optimized with the Yoast SEO Premium plugin v24.2 (Yoast SEO v25.6) - https:\/\/yoast.com\/wordpress\/plugins\/seo\/ -->\n<title>Volterragusto &quot;Il cibo \u00e8 cultura&quot;: un&#039;edizione speciale all&#039;insegna del divertimento in sicurezza - intoscana<\/title>\n<meta name=\"description\" content=\"Due weekend per la kermesse che unisce le ricchezze gastronomiche locali con il patrimonio storico, architettonico e museale\" \/>\n<meta name=\"robots\" content=\"index, follow, max-snippet:-1, max-image-preview:large, max-video-preview:-1\" \/>\n<link rel=\"canonical\" href=\"https:\/\/www.intoscana.it\/it\/volterragusto-il-cibo-e-cultura-unedizione-speciale-allinsegna-del-divertimento-in-sicurezza\/\" \/>\n<meta property=\"og:locale\" content=\"it_IT\" \/>\n<meta property=\"og:type\" content=\"article\" \/>\n<meta property=\"og:title\" content=\"Volterragusto &quot;Il cibo \u00e8 cultura&quot;: un&#039;edizione speciale all&#039;insegna del divertimento in sicurezza\" \/>\n<meta property=\"og:description\" content=\"Due weekend per la kermesse che unisce le ricchezze gastronomiche locali con il patrimonio storico, architettonico e museale\" \/>\n<meta property=\"og:url\" content=\"https:\/\/www.intoscana.it\/it\/volterragusto-il-cibo-e-cultura-unedizione-speciale-allinsegna-del-divertimento-in-sicurezza\/\" \/>\n<meta property=\"og:site_name\" content=\"intoscana\" \/>\n<meta property=\"article:publisher\" content=\"https:\/\/www.facebook.com\/intoscana.it\" \/>\n<meta property=\"article:published_time\" content=\"2020-10-13T11:08:21+00:00\" \/>\n<meta property=\"article:modified_time\" content=\"2020-10-13T11:08:44+00:00\" \/>\n<meta property=\"og:image\" content=\"https:\/\/www.intoscana.it\/wp-content\/uploads\/DSC_0083.jpg\" \/>\n\t<meta property=\"og:image:width\" content=\"1555\" \/>\n\t<meta property=\"og:image:height\" content=\"1036\" \/>\n\t<meta property=\"og:image:type\" content=\"image\/jpeg\" \/>\n<meta name=\"author\" content=\"Redazione\" \/>\n<meta name=\"twitter:card\" content=\"summary_large_image\" \/>\n<meta name=\"twitter:creator\" content=\"@intoscana\" \/>\n<meta name=\"twitter:site\" content=\"@intoscana\" \/>\n<meta name=\"twitter:label1\" content=\"Written by\" \/>\n\t<meta name=\"twitter:data1\" content=\"Redazione\" \/>\n\t<meta name=\"twitter:label2\" content=\"Est. reading time\" \/>\n\t<meta name=\"twitter:data2\" content=\"3 minuti\" \/>\n<script type=\"application\/ld+json\" class=\"yoast-schema-graph\">{\"@context\":\"https:\/\/schema.org\",\"@graph\":[{\"@type\":\"WebPage\",\"@id\":\"https:\/\/www.intoscana.it\/it\/volterragusto-il-cibo-e-cultura-unedizione-speciale-allinsegna-del-divertimento-in-sicurezza\/\",\"url\":\"https:\/\/www.intoscana.it\/it\/volterragusto-il-cibo-e-cultura-unedizione-speciale-allinsegna-del-divertimento-in-sicurezza\/\",\"name\":\"Volterragusto \\\"Il cibo \u00e8 cultura\\\": un'edizione speciale all'insegna del divertimento in sicurezza - intoscana\",\"isPartOf\":{\"@id\":\"https:\/\/www.intoscana.it\/it\/#website\"},\"primaryImageOfPage\":{\"@id\":\"https:\/\/www.intoscana.it\/it\/volterragusto-il-cibo-e-cultura-unedizione-speciale-allinsegna-del-divertimento-in-sicurezza\/#primaryimage\"},\"image\":{\"@id\":\"https:\/\/www.intoscana.it\/it\/volterragusto-il-cibo-e-cultura-unedizione-speciale-allinsegna-del-divertimento-in-sicurezza\/#primaryimage\"},\"thumbnailUrl\":\"https:\/\/www.intoscana.it\/wp-content\/uploads\/DSC_0083.jpg\",\"datePublished\":\"2020-10-13T11:08:21+00:00\",\"dateModified\":\"2020-10-13T11:08:44+00:00\",\"author\":{\"@id\":\"https:\/\/www.intoscana.it\/it\/#\/schema\/person\/9223810753230f20bd670fdd322661f8\"},\"description\":\"Due weekend per la kermesse che unisce le ricchezze gastronomiche locali con il patrimonio storico, architettonico e museale\",\"breadcrumb\":{\"@id\":\"https:\/\/www.intoscana.it\/it\/volterragusto-il-cibo-e-cultura-unedizione-speciale-allinsegna-del-divertimento-in-sicurezza\/#breadcrumb\"},\"inLanguage\":\"it-IT\",\"potentialAction\":[{\"@type\":\"ReadAction\",\"target\":[\"https:\/\/www.intoscana.it\/it\/volterragusto-il-cibo-e-cultura-unedizione-speciale-allinsegna-del-divertimento-in-sicurezza\/\"]}]},{\"@type\":\"ImageObject\",\"inLanguage\":\"it-IT\",\"@id\":\"https:\/\/www.intoscana.it\/it\/volterragusto-il-cibo-e-cultura-unedizione-speciale-allinsegna-del-divertimento-in-sicurezza\/#primaryimage\",\"url\":\"https:\/\/www.intoscana.it\/wp-content\/uploads\/DSC_0083.jpg\",\"contentUrl\":\"https:\/\/www.intoscana.it\/wp-content\/uploads\/DSC_0083.jpg\",\"width\":1555,\"height\":1036},{\"@type\":\"BreadcrumbList\",\"@id\":\"https:\/\/www.intoscana.it\/it\/volterragusto-il-cibo-e-cultura-unedizione-speciale-allinsegna-del-divertimento-in-sicurezza\/#breadcrumb\",\"itemListElement\":[{\"@type\":\"ListItem\",\"position\":1,\"name\":\"Home\",\"item\":\"https:\/\/www.intoscana.it\/it\/\"},{\"@type\":\"ListItem\",\"position\":2,\"name\":\"Volterragusto &#8220;Il cibo \u00e8 cultura&#8221;: un&#8217;edizione speciale all&#8217;insegna del divertimento in sicurezza\"}]},{\"@type\":\"WebSite\",\"@id\":\"https:\/\/www.intoscana.it\/it\/#website\",\"url\":\"https:\/\/www.intoscana.it\/it\/\",\"name\":\"intoscana\",\"description\":\"\",\"potentialAction\":[{\"@type\":\"SearchAction\",\"target\":{\"@type\":\"EntryPoint\",\"urlTemplate\":\"https:\/\/www.intoscana.it\/it\/?s={search_term_string}\"},\"query-input\":{\"@type\":\"PropertyValueSpecification\",\"valueRequired\":true,\"valueName\":\"search_term_string\"}}],\"inLanguage\":\"it-IT\"},{\"@type\":\"Person\",\"@id\":\"https:\/\/www.intoscana.it\/it\/#\/schema\/person\/9223810753230f20bd670fdd322661f8\",\"name\":\"Redazione\",\"url\":\"https:\/\/www.intoscana.it\/it\/author\/redazione\/\"}]}<\/script>\n<!-- \/ Yoast SEO Premium plugin. -->","yoast_head_json":{"title":"Volterragusto \"Il cibo \u00e8 cultura\": un'edizione speciale all'insegna del divertimento in sicurezza - intoscana","description":"Due weekend per la kermesse che unisce le ricchezze gastronomiche locali con il patrimonio storico, architettonico e museale","robots":{"index":"index","follow":"follow","max-snippet":"max-snippet:-1","max-image-preview":"max-image-preview:large","max-video-preview":"max-video-preview:-1"},"canonical":"https:\/\/www.intoscana.it\/it\/volterragusto-il-cibo-e-cultura-unedizione-speciale-allinsegna-del-divertimento-in-sicurezza\/","og_locale":"it_IT","og_type":"article","og_title":"Volterragusto \"Il cibo \u00e8 cultura\": un'edizione speciale all'insegna del divertimento in sicurezza","og_description":"Due weekend per la kermesse che unisce le ricchezze gastronomiche locali con il patrimonio storico, architettonico e museale","og_url":"https:\/\/www.intoscana.it\/it\/volterragusto-il-cibo-e-cultura-unedizione-speciale-allinsegna-del-divertimento-in-sicurezza\/","og_site_name":"intoscana","article_publisher":"https:\/\/www.facebook.com\/intoscana.it","article_published_time":"2020-10-13T11:08:21+00:00","article_modified_time":"2020-10-13T11:08:44+00:00","og_image":[{"width":1555,"height":1036,"url":"https:\/\/www.intoscana.it\/wp-content\/uploads\/DSC_0083.jpg","type":"image\/jpeg"}],"author":"Redazione","twitter_card":"summary_large_image","twitter_creator":"@intoscana","twitter_site":"@intoscana","twitter_misc":{"Written by":"Redazione","Est. reading time":"3 minuti"},"schema":{"@context":"https:\/\/schema.org","@graph":[{"@type":"WebPage","@id":"https:\/\/www.intoscana.it\/it\/volterragusto-il-cibo-e-cultura-unedizione-speciale-allinsegna-del-divertimento-in-sicurezza\/","url":"https:\/\/www.intoscana.it\/it\/volterragusto-il-cibo-e-cultura-unedizione-speciale-allinsegna-del-divertimento-in-sicurezza\/","name":"Volterragusto \"Il cibo \u00e8 cultura\": un'edizione speciale all'insegna del divertimento in sicurezza - intoscana","isPartOf":{"@id":"https:\/\/www.intoscana.it\/it\/#website"},"primaryImageOfPage":{"@id":"https:\/\/www.intoscana.it\/it\/volterragusto-il-cibo-e-cultura-unedizione-speciale-allinsegna-del-divertimento-in-sicurezza\/#primaryimage"},"image":{"@id":"https:\/\/www.intoscana.it\/it\/volterragusto-il-cibo-e-cultura-unedizione-speciale-allinsegna-del-divertimento-in-sicurezza\/#primaryimage"},"thumbnailUrl":"https:\/\/www.intoscana.it\/wp-content\/uploads\/DSC_0083.jpg","datePublished":"2020-10-13T11:08:21+00:00","dateModified":"2020-10-13T11:08:44+00:00","author":{"@id":"https:\/\/www.intoscana.it\/it\/#\/schema\/person\/9223810753230f20bd670fdd322661f8"},"description":"Due weekend per la kermesse che unisce le ricchezze gastronomiche locali con il patrimonio storico, architettonico e museale","breadcrumb":{"@id":"https:\/\/www.intoscana.it\/it\/volterragusto-il-cibo-e-cultura-unedizione-speciale-allinsegna-del-divertimento-in-sicurezza\/#breadcrumb"},"inLanguage":"it-IT","potentialAction":[{"@type":"ReadAction","target":["https:\/\/www.intoscana.it\/it\/volterragusto-il-cibo-e-cultura-unedizione-speciale-allinsegna-del-divertimento-in-sicurezza\/"]}]},{"@type":"ImageObject","inLanguage":"it-IT","@id":"https:\/\/www.intoscana.it\/it\/volterragusto-il-cibo-e-cultura-unedizione-speciale-allinsegna-del-divertimento-in-sicurezza\/#primaryimage","url":"https:\/\/www.intoscana.it\/wp-content\/uploads\/DSC_0083.jpg","contentUrl":"https:\/\/www.intoscana.it\/wp-content\/uploads\/DSC_0083.jpg","width":1555,"height":1036},{"@type":"BreadcrumbList","@id":"https:\/\/www.intoscana.it\/it\/volterragusto-il-cibo-e-cultura-unedizione-speciale-allinsegna-del-divertimento-in-sicurezza\/#breadcrumb","itemListElement":[{"@type":"ListItem","position":1,"name":"Home","item":"https:\/\/www.intoscana.it\/it\/"},{"@type":"ListItem","position":2,"name":"Volterragusto &#8220;Il cibo \u00e8 cultura&#8221;: un&#8217;edizione speciale all&#8217;insegna del divertimento in sicurezza"}]},{"@type":"WebSite","@id":"https:\/\/www.intoscana.it\/it\/#website","url":"https:\/\/www.intoscana.it\/it\/","name":"intoscana","description":"","potentialAction":[{"@type":"SearchAction","target":{"@type":"EntryPoint","urlTemplate":"https:\/\/www.intoscana.it\/it\/?s={search_term_string}"},"query-input":{"@type":"PropertyValueSpecification","valueRequired":true,"valueName":"search_term_string"}}],"inLanguage":"it-IT"},{"@type":"Person","@id":"https:\/\/www.intoscana.it\/it\/#\/schema\/person\/9223810753230f20bd670fdd322661f8","name":"Redazione","url":"https:\/\/www.intoscana.it\/it\/author\/redazione\/"}]}},"_links":{"self":[{"href":"https:\/\/www.intoscana.it\/it\/wp-json\/wp\/v2\/posts\/154826","targetHints":{"allow":["GET"]}}],"collection":[{"href":"https:\/\/www.intoscana.it\/it\/wp-json\/wp\/v2\/posts"}],"about":[{"href":"https:\/\/www.intoscana.it\/it\/wp-json\/wp\/v2\/types\/post"}],"author":[{"embeddable":true,"href":"https:\/\/www.intoscana.it\/it\/wp-json\/wp\/v2\/users\/525"}],"replies":[{"embeddable":true,"href":"https:\/\/www.intoscana.it\/it\/wp-json\/wp\/v2\/comments?post=154826"}],"version-history":[{"count":0,"href":"https:\/\/www.intoscana.it\/it\/wp-json\/wp\/v2\/posts\/154826\/revisions"}],"wp:featuredmedia":[{"embeddable":true,"href":"https:\/\/www.intoscana.it\/it\/wp-json\/wp\/v2\/media\/154822"}],"wp:attachment":[{"href":"https:\/\/www.intoscana.it\/it\/wp-json\/wp\/v2\/media?parent=154826"}],"wp:term":[{"taxonomy":"category","embeddable":true,"href":"https:\/\/www.intoscana.it\/it\/wp-json\/wp\/v2\/categories?post=154826"},{"taxonomy":"post_tag","embeddable":true,"href":"https:\/\/www.intoscana.it\/it\/wp-json\/wp\/v2\/tags?post=154826"}],"curies":[{"name":"wp","href":"https:\/\/api.w.org\/{rel}","templated":true}]}}