{"id":155060,"date":"2020-10-15T11:56:28","date_gmt":"2020-10-15T09:56:28","guid":{"rendered":"https:\/\/www.intoscana.it\/it\/?p=155060"},"modified":"2020-10-15T11:57:53","modified_gmt":"2020-10-15T09:57:53","slug":"career-weeks-allateneo-di-siena-47-aziende-incontrano-gli-studenti","status":"publish","type":"post","link":"https:\/\/www.intoscana.it\/it\/career-weeks-allateneo-di-siena-47-aziende-incontrano-gli-studenti\/","title":{"rendered":"Career Weeks all&#8217;Ateneo di Siena: 47 aziende incontrano gli studenti"},"content":{"rendered":"<p>Proseguono all&#8217;<strong>Universit\u00e0 di Siena<\/strong> gli appuntamenti delle &#8220;<strong>Career Weeks<\/strong> 2020&#8243;, dedicati al lavoro e all&#8217;orientamento professionale, che quest&#8217;anno per la pandemia si svolgono <a href=\"http:\/\/www.careerweek.unisi.it\/\" target=\"_blank\" rel=\"noopener noreferrer\">online<\/a>. Dopo gli eventi di preparazione oggi, gioved\u00ec 15 ottobre, per i <strong>455 iscritti,<\/strong> tra studenti e laureati, prendono il via i colloqui con le <strong>47 aziende<\/strong> partecipanti.<\/p>\n<p>&#8220;<em>\u00c8 un numero molto alto<\/em> &#8211; commenta la professoressa Claudia Faleri, delegata dell&#8217;universit\u00e0 per il Placement &#8211; c<em>he non solo <\/em><em>testimonia la volont\u00e0 degli studenti di rimettersi in gioco, pur <\/em><em>con le limitazioni di questo complicato periodo, ma evidenzia <\/em><em>anche come la formula adottata dall&#8217;Universit\u00e0 di Siena di <\/em><em>dedicare l&#8217;intero mese di ottobre a un evento di recruiting sia <\/em><em>riuscita a intercettare la loro esigenza di confrontarsi con il <\/em><em>mondo del lavoro<\/em>&#8220;.<\/p>\n<p>Anche le aziende hanno risposto con grande impegno, facendosi conoscere con video e materiali personalizzati preparati per<br \/>\nl&#8217;evento, come ad esempio le schede di descrizione delle figure ricercate e del candidato ideale. &#8220;<em>\u00c8 importante sottolineare &#8211;<\/em><br \/>\naggiunge la professoressa Faleri <em>&#8211; il fatto che<\/em>&#8220;.<em>\u00a0le aziende\u00a0possono partecipare al nostro evento solo se hanno posizioni\u00a0aperte di lavoro o tirocinio<\/em><\/p>\n<h3>Le Career Weeks a Siena durano un intero mese<\/h3>\n<p>I colloqui si svolgeranno fino al 23 ottobre con la partecipazione di 6-8 aziende al giorno, che hanno selezionato i candidati tra coloro che si sono proposti inviando il curriculum vitae. Molte si sono rese disponibili anche a incontri successivi alla chiusura delle Career Weeks, dimostrando grande interesse verso gli studenti e i laureati dell&#8217;Ateneo.<\/p>\n<p>L&#8217;Universit\u00e0 di Siena \u00e8 l&#8217;unico ateneo ad aver progettato un evento di recruiting di durata cos\u00ec lunga. L&#8217;organizzazione &#8220;virtuale&#8221; \u00e8 stata gestita attraverso la piattaforma JobTeaser, che ha un network di pi\u00f9 di 700 scuole e universit\u00e0 in Europa.<\/p>\n<p>&#8220;<em>Il nostro Placement Office \u00e8 stato invitato ai prossimi incontri con partner internazionali proprio per illustrare la gestione di questo evento come best practic<\/em>e&#8221; conclude la professoressa Faleri.\u00f9<\/p>\n<h3>Seminari di preparazione su curriculum e colloqui<\/h3>\n<p>Grande \u00e8 stata anche la partecipazione ai <strong>seminari di preparazione<\/strong>, proposti per aiutare gli studenti a <strong>scrivere il curriculum e a presentarsi ai colloqui online<\/strong>, con 270 adesioni, oltre la met\u00e0 degli iscritti agli incontri con le aziende.<\/p>\n<p>Le Career Weeks si concluderanno con una <strong>tavola rotonda il 28 ottobre<\/strong> alle ore 15,30 su &#8220;Placement e occupabilit\u00e0: il ruolo<br \/>\ndegli Atenei&#8221; , alla quale parteciperanno il rettore Francesco Frati, la delegata al Placement Claudia Faleri, la vicepresidente e assessore uscente alla Cultura, Universit\u00e0 e Ricerca della Regione Toscana Monica Barni, la Consigliera Cnel Silvia Ciucciovino, il direttore di Almalaurea Marina Timoteo e Tommaso Cumbo, responsabile dell&#8217;unit\u00e0 organizzativa Career service nelle universit\u00e0 presso Anpal servizi.<\/p>\n","protected":false},"excerpt":{"rendered":"<p>Sono 455 gli studenti e i laureati iscritti all&#8217;iniziativa dell&#8217;universit\u00e0 per l&#8217;orientamento professionale, che quest&#8217;anno si tiene tutta online<\/p>\n","protected":false},"author":525,"featured_media":102134,"comment_status":"open","ping_status":"open","sticky":false,"template":"","format":"standard","meta":{"_acf_changed":false,"footnotes":""},"categories":[494],"tags":[221,260,234,378],"class_list":["post-155060","post","type-post","status-publish","format-standard","has-post-thumbnail","hentry","category-attualita","tag-giovani","tag-lavoro","tag-universita","tag-universita-di-siena"],"acf":[],"yoast_head":"<!-- This site is optimized with the Yoast SEO Premium plugin v24.2 (Yoast SEO v25.6) - https:\/\/yoast.com\/wordpress\/plugins\/seo\/ -->\n<title>Career Weeks all&#039;Ateneo di Siena: 47 aziende incontrano gli studenti - intoscana<\/title>\n<meta name=\"description\" content=\"Entrano nel vivo la Career Weeks all&#039;Universit\u00e0 di Siena: al via i colloqui online tra 47 aziende e 455 studenti e laureati dell&#039;ateneo.\" \/>\n<meta name=\"robots\" content=\"index, follow, max-snippet:-1, max-image-preview:large, max-video-preview:-1\" \/>\n<link rel=\"canonical\" href=\"https:\/\/www.intoscana.it\/it\/career-weeks-allateneo-di-siena-47-aziende-incontrano-gli-studenti\/\" \/>\n<meta property=\"og:locale\" content=\"it_IT\" \/>\n<meta property=\"og:type\" content=\"article\" \/>\n<meta property=\"og:title\" content=\"Career Weeks all&#039;Ateneo di Siena: 47 aziende incontrano gli studenti\" \/>\n<meta property=\"og:description\" content=\"Entrano nel vivo la Career Weeks all&#039;Universit\u00e0 di Siena: al via i colloqui online tra 47 aziende e 455 studenti e laureati dell&#039;ateneo.\" \/>\n<meta property=\"og:url\" content=\"https:\/\/www.intoscana.it\/it\/career-weeks-allateneo-di-siena-47-aziende-incontrano-gli-studenti\/\" \/>\n<meta property=\"og:site_name\" content=\"intoscana\" \/>\n<meta property=\"article:publisher\" content=\"https:\/\/www.facebook.com\/intoscana.it\" \/>\n<meta property=\"article:published_time\" content=\"2020-10-15T09:56:28+00:00\" \/>\n<meta property=\"article:modified_time\" content=\"2020-10-15T09:57:53+00:00\" \/>\n<meta property=\"og:image\" content=\"https:\/\/www.intoscana.it\/wp-content\/uploads\/giovani-studenti-formazione-3.jpg\" \/>\n\t<meta property=\"og:image:width\" content=\"1920\" \/>\n\t<meta property=\"og:image:height\" content=\"1279\" \/>\n\t<meta property=\"og:image:type\" content=\"image\/jpeg\" \/>\n<meta name=\"author\" content=\"Redazione\" \/>\n<meta name=\"twitter:card\" content=\"summary_large_image\" \/>\n<meta name=\"twitter:creator\" content=\"@intoscana\" \/>\n<meta name=\"twitter:site\" content=\"@intoscana\" \/>\n<meta name=\"twitter:label1\" content=\"Written by\" \/>\n\t<meta name=\"twitter:data1\" content=\"Redazione\" \/>\n\t<meta name=\"twitter:label2\" content=\"Est. reading time\" \/>\n\t<meta name=\"twitter:data2\" content=\"2 minuti\" \/>\n<script type=\"application\/ld+json\" class=\"yoast-schema-graph\">{\"@context\":\"https:\/\/schema.org\",\"@graph\":[{\"@type\":\"WebPage\",\"@id\":\"https:\/\/www.intoscana.it\/it\/career-weeks-allateneo-di-siena-47-aziende-incontrano-gli-studenti\/\",\"url\":\"https:\/\/www.intoscana.it\/it\/career-weeks-allateneo-di-siena-47-aziende-incontrano-gli-studenti\/\",\"name\":\"Career Weeks all'Ateneo di Siena: 47 aziende incontrano gli studenti - intoscana\",\"isPartOf\":{\"@id\":\"https:\/\/www.intoscana.it\/it\/#website\"},\"primaryImageOfPage\":{\"@id\":\"https:\/\/www.intoscana.it\/it\/career-weeks-allateneo-di-siena-47-aziende-incontrano-gli-studenti\/#primaryimage\"},\"image\":{\"@id\":\"https:\/\/www.intoscana.it\/it\/career-weeks-allateneo-di-siena-47-aziende-incontrano-gli-studenti\/#primaryimage\"},\"thumbnailUrl\":\"https:\/\/www.intoscana.it\/wp-content\/uploads\/giovani-studenti-formazione-3.jpg\",\"datePublished\":\"2020-10-15T09:56:28+00:00\",\"dateModified\":\"2020-10-15T09:57:53+00:00\",\"author\":{\"@id\":\"https:\/\/www.intoscana.it\/it\/#\/schema\/person\/9223810753230f20bd670fdd322661f8\"},\"description\":\"Entrano nel vivo la Career Weeks all'Universit\u00e0 di Siena: al via i colloqui online tra 47 aziende e 455 studenti e laureati dell'ateneo.\",\"breadcrumb\":{\"@id\":\"https:\/\/www.intoscana.it\/it\/career-weeks-allateneo-di-siena-47-aziende-incontrano-gli-studenti\/#breadcrumb\"},\"inLanguage\":\"it-IT\",\"potentialAction\":[{\"@type\":\"ReadAction\",\"target\":[\"https:\/\/www.intoscana.it\/it\/career-weeks-allateneo-di-siena-47-aziende-incontrano-gli-studenti\/\"]}]},{\"@type\":\"ImageObject\",\"inLanguage\":\"it-IT\",\"@id\":\"https:\/\/www.intoscana.it\/it\/career-weeks-allateneo-di-siena-47-aziende-incontrano-gli-studenti\/#primaryimage\",\"url\":\"https:\/\/www.intoscana.it\/wp-content\/uploads\/giovani-studenti-formazione-3.jpg\",\"contentUrl\":\"https:\/\/www.intoscana.it\/wp-content\/uploads\/giovani-studenti-formazione-3.jpg\",\"width\":1920,\"height\":1279,\"caption\":\"Giovani e formazione\"},{\"@type\":\"BreadcrumbList\",\"@id\":\"https:\/\/www.intoscana.it\/it\/career-weeks-allateneo-di-siena-47-aziende-incontrano-gli-studenti\/#breadcrumb\",\"itemListElement\":[{\"@type\":\"ListItem\",\"position\":1,\"name\":\"Home\",\"item\":\"https:\/\/www.intoscana.it\/it\/\"},{\"@type\":\"ListItem\",\"position\":2,\"name\":\"Career Weeks all&#8217;Ateneo di Siena: 47 aziende incontrano gli studenti\"}]},{\"@type\":\"WebSite\",\"@id\":\"https:\/\/www.intoscana.it\/it\/#website\",\"url\":\"https:\/\/www.intoscana.it\/it\/\",\"name\":\"intoscana\",\"description\":\"\",\"potentialAction\":[{\"@type\":\"SearchAction\",\"target\":{\"@type\":\"EntryPoint\",\"urlTemplate\":\"https:\/\/www.intoscana.it\/it\/?s={search_term_string}\"},\"query-input\":{\"@type\":\"PropertyValueSpecification\",\"valueRequired\":true,\"valueName\":\"search_term_string\"}}],\"inLanguage\":\"it-IT\"},{\"@type\":\"Person\",\"@id\":\"https:\/\/www.intoscana.it\/it\/#\/schema\/person\/9223810753230f20bd670fdd322661f8\",\"name\":\"Redazione\",\"url\":\"https:\/\/www.intoscana.it\/it\/author\/redazione\/\"}]}<\/script>\n<!-- \/ Yoast SEO Premium plugin. -->","yoast_head_json":{"title":"Career Weeks all'Ateneo di Siena: 47 aziende incontrano gli studenti - intoscana","description":"Entrano nel vivo la Career Weeks all'Universit\u00e0 di Siena: al via i colloqui online tra 47 aziende e 455 studenti e laureati dell'ateneo.","robots":{"index":"index","follow":"follow","max-snippet":"max-snippet:-1","max-image-preview":"max-image-preview:large","max-video-preview":"max-video-preview:-1"},"canonical":"https:\/\/www.intoscana.it\/it\/career-weeks-allateneo-di-siena-47-aziende-incontrano-gli-studenti\/","og_locale":"it_IT","og_type":"article","og_title":"Career Weeks all'Ateneo di Siena: 47 aziende incontrano gli studenti","og_description":"Entrano nel vivo la Career Weeks all'Universit\u00e0 di Siena: al via i colloqui online tra 47 aziende e 455 studenti e laureati dell'ateneo.","og_url":"https:\/\/www.intoscana.it\/it\/career-weeks-allateneo-di-siena-47-aziende-incontrano-gli-studenti\/","og_site_name":"intoscana","article_publisher":"https:\/\/www.facebook.com\/intoscana.it","article_published_time":"2020-10-15T09:56:28+00:00","article_modified_time":"2020-10-15T09:57:53+00:00","og_image":[{"width":1920,"height":1279,"url":"https:\/\/www.intoscana.it\/wp-content\/uploads\/giovani-studenti-formazione-3.jpg","type":"image\/jpeg"}],"author":"Redazione","twitter_card":"summary_large_image","twitter_creator":"@intoscana","twitter_site":"@intoscana","twitter_misc":{"Written by":"Redazione","Est. reading time":"2 minuti"},"schema":{"@context":"https:\/\/schema.org","@graph":[{"@type":"WebPage","@id":"https:\/\/www.intoscana.it\/it\/career-weeks-allateneo-di-siena-47-aziende-incontrano-gli-studenti\/","url":"https:\/\/www.intoscana.it\/it\/career-weeks-allateneo-di-siena-47-aziende-incontrano-gli-studenti\/","name":"Career Weeks all'Ateneo di Siena: 47 aziende incontrano gli studenti - intoscana","isPartOf":{"@id":"https:\/\/www.intoscana.it\/it\/#website"},"primaryImageOfPage":{"@id":"https:\/\/www.intoscana.it\/it\/career-weeks-allateneo-di-siena-47-aziende-incontrano-gli-studenti\/#primaryimage"},"image":{"@id":"https:\/\/www.intoscana.it\/it\/career-weeks-allateneo-di-siena-47-aziende-incontrano-gli-studenti\/#primaryimage"},"thumbnailUrl":"https:\/\/www.intoscana.it\/wp-content\/uploads\/giovani-studenti-formazione-3.jpg","datePublished":"2020-10-15T09:56:28+00:00","dateModified":"2020-10-15T09:57:53+00:00","author":{"@id":"https:\/\/www.intoscana.it\/it\/#\/schema\/person\/9223810753230f20bd670fdd322661f8"},"description":"Entrano nel vivo la Career Weeks all'Universit\u00e0 di Siena: al via i colloqui online tra 47 aziende e 455 studenti e laureati dell'ateneo.","breadcrumb":{"@id":"https:\/\/www.intoscana.it\/it\/career-weeks-allateneo-di-siena-47-aziende-incontrano-gli-studenti\/#breadcrumb"},"inLanguage":"it-IT","potentialAction":[{"@type":"ReadAction","target":["https:\/\/www.intoscana.it\/it\/career-weeks-allateneo-di-siena-47-aziende-incontrano-gli-studenti\/"]}]},{"@type":"ImageObject","inLanguage":"it-IT","@id":"https:\/\/www.intoscana.it\/it\/career-weeks-allateneo-di-siena-47-aziende-incontrano-gli-studenti\/#primaryimage","url":"https:\/\/www.intoscana.it\/wp-content\/uploads\/giovani-studenti-formazione-3.jpg","contentUrl":"https:\/\/www.intoscana.it\/wp-content\/uploads\/giovani-studenti-formazione-3.jpg","width":1920,"height":1279,"caption":"Giovani e formazione"},{"@type":"BreadcrumbList","@id":"https:\/\/www.intoscana.it\/it\/career-weeks-allateneo-di-siena-47-aziende-incontrano-gli-studenti\/#breadcrumb","itemListElement":[{"@type":"ListItem","position":1,"name":"Home","item":"https:\/\/www.intoscana.it\/it\/"},{"@type":"ListItem","position":2,"name":"Career Weeks all&#8217;Ateneo di Siena: 47 aziende incontrano gli studenti"}]},{"@type":"WebSite","@id":"https:\/\/www.intoscana.it\/it\/#website","url":"https:\/\/www.intoscana.it\/it\/","name":"intoscana","description":"","potentialAction":[{"@type":"SearchAction","target":{"@type":"EntryPoint","urlTemplate":"https:\/\/www.intoscana.it\/it\/?s={search_term_string}"},"query-input":{"@type":"PropertyValueSpecification","valueRequired":true,"valueName":"search_term_string"}}],"inLanguage":"it-IT"},{"@type":"Person","@id":"https:\/\/www.intoscana.it\/it\/#\/schema\/person\/9223810753230f20bd670fdd322661f8","name":"Redazione","url":"https:\/\/www.intoscana.it\/it\/author\/redazione\/"}]}},"_links":{"self":[{"href":"https:\/\/www.intoscana.it\/it\/wp-json\/wp\/v2\/posts\/155060","targetHints":{"allow":["GET"]}}],"collection":[{"href":"https:\/\/www.intoscana.it\/it\/wp-json\/wp\/v2\/posts"}],"about":[{"href":"https:\/\/www.intoscana.it\/it\/wp-json\/wp\/v2\/types\/post"}],"author":[{"embeddable":true,"href":"https:\/\/www.intoscana.it\/it\/wp-json\/wp\/v2\/users\/525"}],"replies":[{"embeddable":true,"href":"https:\/\/www.intoscana.it\/it\/wp-json\/wp\/v2\/comments?post=155060"}],"version-history":[{"count":0,"href":"https:\/\/www.intoscana.it\/it\/wp-json\/wp\/v2\/posts\/155060\/revisions"}],"wp:featuredmedia":[{"embeddable":true,"href":"https:\/\/www.intoscana.it\/it\/wp-json\/wp\/v2\/media\/102134"}],"wp:attachment":[{"href":"https:\/\/www.intoscana.it\/it\/wp-json\/wp\/v2\/media?parent=155060"}],"wp:term":[{"taxonomy":"category","embeddable":true,"href":"https:\/\/www.intoscana.it\/it\/wp-json\/wp\/v2\/categories?post=155060"},{"taxonomy":"post_tag","embeddable":true,"href":"https:\/\/www.intoscana.it\/it\/wp-json\/wp\/v2\/tags?post=155060"}],"curies":[{"name":"wp","href":"https:\/\/api.w.org\/{rel}","templated":true}]}}