{"id":155131,"date":"2020-10-16T10:22:44","date_gmt":"2020-10-16T08:22:44","guid":{"rendered":"https:\/\/www.intoscana.it\/it\/?p=155131"},"modified":"2020-10-16T10:26:49","modified_gmt":"2020-10-16T08:26:49","slug":"dr-vranjes-fragranze","status":"publish","type":"post","link":"https:\/\/www.intoscana.it\/it\/dr-vranjes-fragranze\/","title":{"rendered":"Dr. Vranjes Firenze: un successo toscano nel mondo delle fragranze"},"content":{"rendered":"<p>Pi\u00f9 di <strong>cento dipendenti<\/strong> nelle due sedi a Firenze, un fatturato che nel 2019 ha superato i <strong>18 milioni di euro<\/strong>\u00a0e uno shop online che durante la pandemia ha trainato tutta l\u2019azienda. Quella di <strong>Dr. Vranjes Firenze<\/strong>, lo storico marchio che produce profumi ed essenze per l\u2019ambiente, \u00e8 una storia imprenditoriale di successo tutta toscana.<\/p>\n<p>S\u00ec perch\u00e9 quella fondata nel 1983 nel capoluogo toscano come <a href=\"https:\/\/corporate.drvranjes.com\/\" target=\"_blank\" rel=\"noopener noreferrer\">Antica Officina del Farmacista<\/a> da <strong>Paolo Vranjes, chimico, farmacista e maestro profumiere<\/strong> \u2013 in sintesi: il dottore \u2013 \u00e8 un\u2019azienda che punta davvero sulla filiera corta.<\/p>\n<p>\u201c<em>Abbiamo due stabilimenti produttivi a Firenze e poi tranne le essenze, che acquistiamo ovunque nel mondo,<strong> i nostri fornitori sono tutti in Toscana<\/strong><\/em>\u201d racconta Paolo Vranjes, bolognese di nascita e approdato sulle sponde dell\u2019Arno guidato dalla sua passione per le fragranze. \u201c<em>Le nostre bottiglie, che hanno una linea ispirata alla cupola del Brunelleschi, ma anche i bicchieri per le candele sono realizzate da una vetreria artigianale toscana e anche il packaging \u00e8 fatto da cartiere toscane. Vogliamo sostenere gli artigiani che altrimenti rischierebbero di scomparire<\/em>\u201d spiega il dottore.<\/p>\n<h3>Una passione per i profumi che nasce nell&#8217;infanzia<\/h3>\n<p>Una passione per i profumi che nasce da lontano quella di Paolo Vranjes, dalle <strong>bottiglie di essenze che il nonno<\/strong> commerciante riportava dai suoi viaggi e che gli insegnano sin da piccolo a \u201c<em>prestare attenzione a quello che la maggior parte delle persone passa inosservato, ovvero gli odori<\/em>\u201d.<\/p>\n<p>A dodici anni ha gi\u00e0 messo su un piccolo laboratorio chimico, all\u2019universit\u00e0 studia farmacia e chimica e poi inizia a lavorare nella cosmetologia. \u201c<em>Mi sono sempre interessato della <strong>psicologia degli odori<\/strong>, volevo creare profumi che ripercorressero le memorie olfattive delle person<\/em>e\u201d racconta Vranjes.<\/p>\n<figure id=\"attachment_155142\" aria-describedby=\"caption-attachment-155142\" style=\"width: 800px\" class=\"wp-caption alignnone\"><img loading=\"lazy\" decoding=\"async\" class=\"wp-image-155142\" src=\"https:\/\/www.intoscana.it\/wp-content\/uploads\/7A4A2316-300x200.jpg\" alt=\"\" width=\"800\" height=\"533\" srcset=\"https:\/\/www.intoscana.it\/wp-content\/uploads\/7A4A2316-300x200.jpg 300w, https:\/\/www.intoscana.it\/wp-content\/uploads\/7A4A2316-500x333.jpg 500w, https:\/\/www.intoscana.it\/wp-content\/uploads\/7A4A2316-768x512.jpg 768w, https:\/\/www.intoscana.it\/wp-content\/uploads\/7A4A2316-1536x1024.jpg 1536w, https:\/\/www.intoscana.it\/wp-content\/uploads\/7A4A2316-scaled.jpg 2048w\" sizes=\"auto, (max-width: 800px) 100vw, 800px\" \/><figcaption id=\"caption-attachment-155142\" class=\"wp-caption-text\">Le fragranze del Dr. Vranjes<\/figcaption><\/figure>\n<h3>La solidariet\u00e0 di Dr. Vranjes in lockdown<\/h3>\n<p>Da questo sogno nasce l\u2019azienda che ha chiuso il 2019 con una crescita del fatturato del 22%, grazie soprattutto all\u2019<strong>export, che assorbe quasi il 70% della produzione<\/strong>.<\/p>\n<div class=\"focuson\"><a href=\"https:\/\/www.intoscana.it\/it\/articolo\/dai-profumi-al-gel-igienizzante-cosi-dr-vranjes-firenze-si-e-riconvertita\/\"><img decoding=\"async\" class=\"lazy\" src=\"https:\/\/www.intoscana.it\/wp-content\/uploads\/drv_hq_lab-1.jpg\" style=\"\">\n                <div class=\"cat\">Dr. Vranjes: dai profumi al gel igienizzante<\/div>\n                <h4>L\u2019azienda per dare il suo contributo contro il Coronavirus ha trasformato le sue linee produttive<\/h4><\/a>\n              <\/div>\n<p>\u201c<em>Questo \u00e8 stato un anno particolare ma pur con tutte le difficolt\u00e0 speriamo di finirlo in modo positivo, lo shop online nel periodo del lockdown ha venduto<strong> il 350% in pi\u00f9<\/strong> rispetto all\u2019anno scorso e anche adesso con il rallentamento dei consumi nei negozi tradizionali \u00e8 sopra al 220% rispetto al 2019<\/em>\u201d spiega il dottore.<\/p>\n<p>Durante il lockdown la Dr. Vranjes Firenze lancia anche un\u2019iniziativa di solidariet\u00e0 importante: converte un\u2019intera linea produttiva per realizzare un <a href=\"https:\/\/www.intoscana.it\/it\/articolo\/dai-profumi-al-gel-igienizzante-cosi-dr-vranjes-firenze-si-e-riconvertita\/\" target=\"_blank\" rel=\"noopener noreferrer\">gel disinfettante<\/a> per le mani, che <strong>distribuisce gratuitamente agli ospedali e alle rsa della zona<\/strong>.<br \/>\n\u201c<em>Lo stiamo ancora facendo <\/em>\u2013 spiega Vranjes \u2013<em> l\u2019abbiamo fornito anche al Gaslini e al Gemelli di Roma, \u00e8 una questione etica perch\u00e9 vedevamo i gel da 70 millilitri venduti a 12 euro, era uno sciacallaggio, cos\u00ec li abbiamo immessi sul mercato gratis.\u201d<\/em><\/p>\n<h3>La fragranza Italia, un omaggio al nostro paese<\/h3>\n<p>E come speranza di rinascita dopo la pandemia Dr. Vranjes ha lanciato la nuova <strong>fragranza per ambienti \u201cItalia\u201d,<\/strong> che \u00e8 anche un omaggio al nostro paese.<br \/>\n\u201c<em>\u00c8 un inno all\u2019Italia, <strong>alle risorse che gli italiani sono in grado di tirare fuori<\/strong> nei momenti pi\u00f9 difficili <\/em>\u2013 spiega Paolo Vranjes \u2013<em> per questo ho usato i colori della bandiera. La fragranza \u00e8 verde, che \u00e8 il colore della speranza, con note erbacee e selvatiche, mentre il bianco, costruito con il bergamotto, \u00e8 sinonimo della solarit\u00e0 del nostro paese e il rosso invece simboleggia la forza e la perseveranza degli italiani<\/em>.\u201d<\/p>\n<p>La stessa forza che anima anche l\u2019azienda fiorentina, che punta oltre che sulla filiera corta anche su una accurata ricerca interna, su una <strong>qualit\u00e0 sempre pi\u00f9 alta e sull\u2019originalit\u00e0 delle proposte:<\/strong> cos\u00ec Dr. Vranjes spicca in un settore come quello delle fragranze che \u00e8 in crescita a livello mondiale ma dove occorre sapersi far riconoscere.<\/p>\n","protected":false},"excerpt":{"rendered":"<p>Passione, filiera corta, ricerca: \u00e8 la ricetta della storica azienda fiorentina che nel 2019 ha superato i 18 milioni di euro di fatturato<\/p>\n","protected":false},"author":502,"featured_media":155154,"comment_status":"open","ping_status":"open","sticky":false,"template":"","format":"standard","meta":{"_acf_changed":false,"footnotes":""},"categories":[9],"tags":[194,202],"class_list":["post-155131","post","type-post","status-publish","format-standard","has-post-thumbnail","hentry","category-made-in-toscana","tag-aziende","tag-firenze"],"acf":[],"yoast_head":"<!-- This site is optimized with the Yoast SEO Premium plugin v24.2 (Yoast SEO v25.6) - https:\/\/yoast.com\/wordpress\/plugins\/seo\/ -->\n<title>Dr. Vranjes Firenze: un successo toscano nel mondo delle fragranze - intoscana<\/title>\n<meta name=\"description\" content=\"Quello di Dr. Vranjes Firenze, storico marchio di fragranze per l&#039;ambiente, \u00e8 un successo tutto toscano\" \/>\n<meta name=\"robots\" content=\"index, follow, max-snippet:-1, max-image-preview:large, max-video-preview:-1\" \/>\n<link rel=\"canonical\" href=\"https:\/\/www.intoscana.it\/it\/dr-vranjes-fragranze\/\" \/>\n<meta property=\"og:locale\" content=\"it_IT\" \/>\n<meta property=\"og:type\" content=\"article\" \/>\n<meta property=\"og:title\" content=\"Dr. Vranjes Firenze: un successo toscano nel mondo delle fragranze\" \/>\n<meta property=\"og:description\" content=\"Quello di Dr. Vranjes Firenze, storico marchio di fragranze per l&#039;ambiente, \u00e8 un successo tutto toscano\" \/>\n<meta property=\"og:url\" content=\"https:\/\/www.intoscana.it\/it\/dr-vranjes-fragranze\/\" \/>\n<meta property=\"og:site_name\" content=\"intoscana\" \/>\n<meta property=\"article:publisher\" content=\"https:\/\/www.facebook.com\/intoscana.it\" \/>\n<meta property=\"article:published_time\" content=\"2020-10-16T08:22:44+00:00\" \/>\n<meta property=\"article:modified_time\" content=\"2020-10-16T08:26:49+00:00\" \/>\n<meta property=\"og:image\" content=\"https:\/\/www.intoscana.it\/wp-content\/uploads\/7A4A2605_-scaled.jpg\" \/>\n\t<meta property=\"og:image:width\" content=\"2048\" \/>\n\t<meta property=\"og:image:height\" content=\"1366\" \/>\n\t<meta property=\"og:image:type\" content=\"image\/jpeg\" \/>\n<meta name=\"author\" content=\"Ilaria Giannini\" \/>\n<meta name=\"twitter:card\" content=\"summary_large_image\" \/>\n<meta name=\"twitter:creator\" content=\"@i.giannini@fst.it\" \/>\n<meta name=\"twitter:site\" content=\"@intoscana\" \/>\n<meta name=\"twitter:label1\" content=\"Written by\" \/>\n\t<meta name=\"twitter:data1\" content=\"Ilaria Giannini\" \/>\n\t<meta name=\"twitter:label2\" content=\"Est. reading time\" \/>\n\t<meta name=\"twitter:data2\" content=\"3 minuti\" \/>\n<script type=\"application\/ld+json\" class=\"yoast-schema-graph\">{\"@context\":\"https:\/\/schema.org\",\"@graph\":[{\"@type\":\"WebPage\",\"@id\":\"https:\/\/www.intoscana.it\/it\/dr-vranjes-fragranze\/\",\"url\":\"https:\/\/www.intoscana.it\/it\/dr-vranjes-fragranze\/\",\"name\":\"Dr. Vranjes Firenze: un successo toscano nel mondo delle fragranze - intoscana\",\"isPartOf\":{\"@id\":\"https:\/\/www.intoscana.it\/it\/#website\"},\"primaryImageOfPage\":{\"@id\":\"https:\/\/www.intoscana.it\/it\/dr-vranjes-fragranze\/#primaryimage\"},\"image\":{\"@id\":\"https:\/\/www.intoscana.it\/it\/dr-vranjes-fragranze\/#primaryimage\"},\"thumbnailUrl\":\"https:\/\/www.intoscana.it\/wp-content\/uploads\/7A4A2605_-scaled.jpg\",\"datePublished\":\"2020-10-16T08:22:44+00:00\",\"dateModified\":\"2020-10-16T08:26:49+00:00\",\"author\":{\"@id\":\"https:\/\/www.intoscana.it\/it\/#\/schema\/person\/de95e1ed2c1c8c30a6922bbba3a90185\"},\"description\":\"Quello di Dr. Vranjes Firenze, storico marchio di fragranze per l'ambiente, \u00e8 un successo tutto toscano\",\"breadcrumb\":{\"@id\":\"https:\/\/www.intoscana.it\/it\/dr-vranjes-fragranze\/#breadcrumb\"},\"inLanguage\":\"it-IT\",\"potentialAction\":[{\"@type\":\"ReadAction\",\"target\":[\"https:\/\/www.intoscana.it\/it\/dr-vranjes-fragranze\/\"]}]},{\"@type\":\"ImageObject\",\"inLanguage\":\"it-IT\",\"@id\":\"https:\/\/www.intoscana.it\/it\/dr-vranjes-fragranze\/#primaryimage\",\"url\":\"https:\/\/www.intoscana.it\/wp-content\/uploads\/7A4A2605_-scaled.jpg\",\"contentUrl\":\"https:\/\/www.intoscana.it\/wp-content\/uploads\/7A4A2605_-scaled.jpg\",\"width\":2048,\"height\":1366,\"caption\":\"Paolo Vranjes, maestro profumiere e fondatore della Dr. Vranjes\"},{\"@type\":\"BreadcrumbList\",\"@id\":\"https:\/\/www.intoscana.it\/it\/dr-vranjes-fragranze\/#breadcrumb\",\"itemListElement\":[{\"@type\":\"ListItem\",\"position\":1,\"name\":\"Home\",\"item\":\"https:\/\/www.intoscana.it\/it\/\"},{\"@type\":\"ListItem\",\"position\":2,\"name\":\"Dr. Vranjes Firenze: un successo toscano nel mondo delle fragranze\"}]},{\"@type\":\"WebSite\",\"@id\":\"https:\/\/www.intoscana.it\/it\/#website\",\"url\":\"https:\/\/www.intoscana.it\/it\/\",\"name\":\"intoscana\",\"description\":\"\",\"potentialAction\":[{\"@type\":\"SearchAction\",\"target\":{\"@type\":\"EntryPoint\",\"urlTemplate\":\"https:\/\/www.intoscana.it\/it\/?s={search_term_string}\"},\"query-input\":{\"@type\":\"PropertyValueSpecification\",\"valueRequired\":true,\"valueName\":\"search_term_string\"}}],\"inLanguage\":\"it-IT\"},{\"@type\":\"Person\",\"@id\":\"https:\/\/www.intoscana.it\/it\/#\/schema\/person\/de95e1ed2c1c8c30a6922bbba3a90185\",\"name\":\"Ilaria Giannini\",\"sameAs\":[\"https:\/\/x.com\/i.giannini@fst.it\"],\"url\":\"https:\/\/www.intoscana.it\/it\/author\/ilaria-giannini\/\"}]}<\/script>\n<!-- \/ Yoast SEO Premium plugin. -->","yoast_head_json":{"title":"Dr. Vranjes Firenze: un successo toscano nel mondo delle fragranze - intoscana","description":"Quello di Dr. Vranjes Firenze, storico marchio di fragranze per l'ambiente, \u00e8 un successo tutto toscano","robots":{"index":"index","follow":"follow","max-snippet":"max-snippet:-1","max-image-preview":"max-image-preview:large","max-video-preview":"max-video-preview:-1"},"canonical":"https:\/\/www.intoscana.it\/it\/dr-vranjes-fragranze\/","og_locale":"it_IT","og_type":"article","og_title":"Dr. Vranjes Firenze: un successo toscano nel mondo delle fragranze","og_description":"Quello di Dr. Vranjes Firenze, storico marchio di fragranze per l'ambiente, \u00e8 un successo tutto toscano","og_url":"https:\/\/www.intoscana.it\/it\/dr-vranjes-fragranze\/","og_site_name":"intoscana","article_publisher":"https:\/\/www.facebook.com\/intoscana.it","article_published_time":"2020-10-16T08:22:44+00:00","article_modified_time":"2020-10-16T08:26:49+00:00","og_image":[{"width":2048,"height":1366,"url":"https:\/\/www.intoscana.it\/wp-content\/uploads\/7A4A2605_-scaled.jpg","type":"image\/jpeg"}],"author":"Ilaria Giannini","twitter_card":"summary_large_image","twitter_creator":"@i.giannini@fst.it","twitter_site":"@intoscana","twitter_misc":{"Written by":"Ilaria Giannini","Est. reading time":"3 minuti"},"schema":{"@context":"https:\/\/schema.org","@graph":[{"@type":"WebPage","@id":"https:\/\/www.intoscana.it\/it\/dr-vranjes-fragranze\/","url":"https:\/\/www.intoscana.it\/it\/dr-vranjes-fragranze\/","name":"Dr. Vranjes Firenze: un successo toscano nel mondo delle fragranze - intoscana","isPartOf":{"@id":"https:\/\/www.intoscana.it\/it\/#website"},"primaryImageOfPage":{"@id":"https:\/\/www.intoscana.it\/it\/dr-vranjes-fragranze\/#primaryimage"},"image":{"@id":"https:\/\/www.intoscana.it\/it\/dr-vranjes-fragranze\/#primaryimage"},"thumbnailUrl":"https:\/\/www.intoscana.it\/wp-content\/uploads\/7A4A2605_-scaled.jpg","datePublished":"2020-10-16T08:22:44+00:00","dateModified":"2020-10-16T08:26:49+00:00","author":{"@id":"https:\/\/www.intoscana.it\/it\/#\/schema\/person\/de95e1ed2c1c8c30a6922bbba3a90185"},"description":"Quello di Dr. Vranjes Firenze, storico marchio di fragranze per l'ambiente, \u00e8 un successo tutto toscano","breadcrumb":{"@id":"https:\/\/www.intoscana.it\/it\/dr-vranjes-fragranze\/#breadcrumb"},"inLanguage":"it-IT","potentialAction":[{"@type":"ReadAction","target":["https:\/\/www.intoscana.it\/it\/dr-vranjes-fragranze\/"]}]},{"@type":"ImageObject","inLanguage":"it-IT","@id":"https:\/\/www.intoscana.it\/it\/dr-vranjes-fragranze\/#primaryimage","url":"https:\/\/www.intoscana.it\/wp-content\/uploads\/7A4A2605_-scaled.jpg","contentUrl":"https:\/\/www.intoscana.it\/wp-content\/uploads\/7A4A2605_-scaled.jpg","width":2048,"height":1366,"caption":"Paolo Vranjes, maestro profumiere e fondatore della Dr. Vranjes"},{"@type":"BreadcrumbList","@id":"https:\/\/www.intoscana.it\/it\/dr-vranjes-fragranze\/#breadcrumb","itemListElement":[{"@type":"ListItem","position":1,"name":"Home","item":"https:\/\/www.intoscana.it\/it\/"},{"@type":"ListItem","position":2,"name":"Dr. Vranjes Firenze: un successo toscano nel mondo delle fragranze"}]},{"@type":"WebSite","@id":"https:\/\/www.intoscana.it\/it\/#website","url":"https:\/\/www.intoscana.it\/it\/","name":"intoscana","description":"","potentialAction":[{"@type":"SearchAction","target":{"@type":"EntryPoint","urlTemplate":"https:\/\/www.intoscana.it\/it\/?s={search_term_string}"},"query-input":{"@type":"PropertyValueSpecification","valueRequired":true,"valueName":"search_term_string"}}],"inLanguage":"it-IT"},{"@type":"Person","@id":"https:\/\/www.intoscana.it\/it\/#\/schema\/person\/de95e1ed2c1c8c30a6922bbba3a90185","name":"Ilaria Giannini","sameAs":["https:\/\/x.com\/i.giannini@fst.it"],"url":"https:\/\/www.intoscana.it\/it\/author\/ilaria-giannini\/"}]}},"_links":{"self":[{"href":"https:\/\/www.intoscana.it\/it\/wp-json\/wp\/v2\/posts\/155131","targetHints":{"allow":["GET"]}}],"collection":[{"href":"https:\/\/www.intoscana.it\/it\/wp-json\/wp\/v2\/posts"}],"about":[{"href":"https:\/\/www.intoscana.it\/it\/wp-json\/wp\/v2\/types\/post"}],"author":[{"embeddable":true,"href":"https:\/\/www.intoscana.it\/it\/wp-json\/wp\/v2\/users\/502"}],"replies":[{"embeddable":true,"href":"https:\/\/www.intoscana.it\/it\/wp-json\/wp\/v2\/comments?post=155131"}],"version-history":[{"count":0,"href":"https:\/\/www.intoscana.it\/it\/wp-json\/wp\/v2\/posts\/155131\/revisions"}],"wp:featuredmedia":[{"embeddable":true,"href":"https:\/\/www.intoscana.it\/it\/wp-json\/wp\/v2\/media\/155154"}],"wp:attachment":[{"href":"https:\/\/www.intoscana.it\/it\/wp-json\/wp\/v2\/media?parent=155131"}],"wp:term":[{"taxonomy":"category","embeddable":true,"href":"https:\/\/www.intoscana.it\/it\/wp-json\/wp\/v2\/categories?post=155131"},{"taxonomy":"post_tag","embeddable":true,"href":"https:\/\/www.intoscana.it\/it\/wp-json\/wp\/v2\/tags?post=155131"}],"curies":[{"name":"wp","href":"https:\/\/api.w.org\/{rel}","templated":true}]}}