{"id":155248,"date":"2020-10-16T15:45:54","date_gmt":"2020-10-16T13:45:54","guid":{"rendered":"https:\/\/www.intoscana.it\/it\/?p=155248"},"modified":"2020-11-05T09:53:33","modified_gmt":"2020-11-05T08:53:33","slug":"covid-19-in-toscana-755-nuovi-casi-144-guariti-e-due-decessi","status":"publish","type":"post","link":"https:\/\/www.intoscana.it\/it\/covid-19-in-toscana-755-nuovi-casi-144-guariti-e-due-decessi\/","title":{"rendered":"Covid-19: in Toscana 755 nuovi casi, 144 guariti e due decessi"},"content":{"rendered":"<p><strong>Si contano altri 755 casi positivi d Covid-19,<\/strong> il 10 per cento delle persone sottoposte a controllo, e <strong>due decessi \u2013 uno in provincia di Massa Carrara e l\u2019altro nell\u2019area fiorentina,<\/strong> et\u00e0 media 82 anni &#8211; nell\u2019ultimo bollettino quotidiano regionale che fotografa l\u2019andamento dell\u2019epidemia da coronavirus in Toscana. I numeri sono quelli accertati a mezzogiorno sulla base delle richieste della Protezione civile nazionale.<\/p>\n<p><strong>Salgono dunque a 8.515, pi\u00f9 7,7 per cento, le persone al momento ammalate<\/strong>. Di questi solo in 359 sono comunque ricoverati in ospedale (37 in pi\u00f9 rispetto a ieri), di cui 51 in terapia intensiva (5 in pi\u00f9). Gli altri si trovano in isolamento a casa, perch\u00e9 privi di sintomi o senza la necessit\u00e0 di particolari cure sanitarie. Dall&#8217;inizio dell&#8217;emergenza a febbraio diventano 21.017 i casi di coronavirus complessivamente diagnosticati nella regione. Di questi 11.315 sono per\u00f2 nel frattempo guariti (53,8% dei casi totali) &#8211; 144 tra ieri ed oggi, pi\u00f9 1,3 per cento &#8211; e 1.187 sono i deceduti.<\/p>\n<p>Dei 755 nuovi casi di oggi, il 3,7 per cento in pi\u00f9 rispetto al giorno precedente, 366 sono i casi riscontrati nell&#8217;Asl Centro, 256 nella Nord Ovest, 133 nella Sud est. Per 731 persone l\u2019identificazione \u00e8 avvenuta in corso di tracciamento, mentre per 24 \u00e8 l\u2019esito di attivit\u00e0 di screening. <strong>L&#8217;et\u00e0 media \u00e8 di 44 anni circa<\/strong> (il 19% ne ha meno di venti, il 25% tra 20 e 39, il 30% tra 40 e 59, il 16% tra 60 e 79 anni, mentre il restante 10% conta 80 e pi\u00f9 anni.<\/p>\n<p><strong>Nelle ultime ventiquattro ore sono stati analizzati 11.500 tamponi:<\/strong> 890.317 da febbraio. I soggetti testati ieri, esclusi i tamponi di controllo, sono 7.525.<\/p>\n<p>Su 21.017 casi diagnosticati da febbraio, 5.947 (in base alla provincia di residenza o domicilio) riguardano Firenze (263 in pi\u00f9 rispetto a ieri), 1.469 Prato (39 in pi\u00f9), 1.436 Pistoia (64 in pi\u00f9), 1.787 Massa Carrara (46 in pi\u00f9), 2.464 Lucca (102 in pi\u00f9), 2.577 Pisa (80 in pi\u00f9), 1.072 Livorno (28 in pi\u00f9), 1.952 Arezzo (80 in pi\u00f9), 1.018 Siena (44 in pi\u00f9), 745 Grosseto (9 in pi\u00f9). Sono 550 i casi positivi notificati in Toscana ma di residenti in altre regioni.<\/p>\n<p><strong>La Toscana si conferma ancora al 10\u00b0 posto in Italia come numerosit\u00e0 di casi<\/strong> (comprensivi di residenti e non residenti), con circa 564 contagiati ogni 100mila abitanti (la media italiana \u00e8 di circa 632 per 100mila, dato di ieri). Le province di notifica con il tasso pi\u00f9 alto sono Massa Carrara con 917 casi per 100 mila abitanti, Lucca con 635, Pisa con 615, la pi\u00f9 bassa Livorno con 320.<\/p>\n<p>Complessivamente sono ad oggi<strong> 8.156 le persone in isolamento nel proprio domicilio<\/strong>, poich\u00e9 presentano sintomi lievi che non richiedono cure ospedaliere o perch\u00e9 risultano prive di sintomi (572 in pi\u00f9 rispetto a ieri, pi\u00f9 7,5%). Sono 16.211 (252 in pi\u00f9 rispetto a ieri, pi\u00f9 1,6%) le persone, non malate ma anch&#8217;esse isolate, in sorveglianza attiva perch\u00e9 hanno avuto contatti con persone contagiate (Asl Centro 6.132, Nord Ovest 6.181, Sud Est 3.898).<\/p>\n<p><strong>Le persone ricoverate nei posti letto dedicati ai pazienti Covid sono al momento 359<\/strong> (37 in pi\u00f9 rispetto a ieri, pi\u00f9 11,5%): 308 per l&#8217;appunto non in terapia intensiva e <strong>51 in terapia intensiva<\/strong> (5 in pi\u00f9 rispetto a ieri, pi\u00f9 10,9%). Degli 11.315 pazienti guariti dall\u2019inizio dell\u2019emergenza, 386 lo sono clinicamente (ovvero non hanno pi\u00f9 i sintomi dell\u2019infezione) &#8211; ventotto in meno rispetto ieri perch\u00e8 nel frattempo qualcuno \u00e8 guarito anche da un punto di vista virale &#8211; mentre 10.929 (172 in pi\u00f9 nell&#8217;ultimo giorno, pi\u00f9 1,6%) sono appunto tali a tutti gli effetti, a seguito del doppio tampone negativo che certifica la scomparsa del virus.<\/p>\n<p>Con i due nuovi decessi,<strong> le persone che dall\u2019inizio dell\u2019epidemia non ce l\u2019hanno fatta salgono a 1.187:<\/strong> 430 a Firenze, 54 a Prato, 84 a Pistoia, 183 a Massa Carrara, 149 a Lucca, 100 a Pisa, 65 a Livorno, 54 ad Arezzo, 33 a Siena e 26 a Grosseto. Nove persone sono decedute sul suolo toscano ma erano residenti fuori regione.<\/p>\n<p>Il tasso grezzo di mortalit\u00e0 toscano (numero di deceduti\/popolazione residente) per Covid-19 \u00e8 di 31,8 per 100mila residenti contro il 60,3 per 100mila della media italiana. La Toscana in questa classifica \u00e8 undicesima. Per quanto riguarda le province, il tasso di mortalit\u00e0 pi\u00f9 alto si riscontra a Massa Carrara (93,9 per 100.000), Firenze (42,5 per 100.000) e Lucca (38,4 x100.000), mentre il pi\u00f9 basso \u00e8 a Grosseto (11,7 per 100.000).<\/p>\n","protected":false},"excerpt":{"rendered":"<p>Ecco i numeri del bollettino quotidiano regionale sull&#8217;andamento dell&#8217;epidemia in Toscana del 16 ottobre 2020<\/p>\n","protected":false},"author":518,"featured_media":145729,"comment_status":"open","ping_status":"open","sticky":false,"template":"","format":"standard","meta":{"_acf_changed":false,"footnotes":""},"categories":[494],"tags":[4868,418],"class_list":["post-155248","post","type-post","status-publish","format-standard","has-post-thumbnail","hentry","category-attualita","tag-bollettino-covid-toscana","tag-covid-19"],"acf":[],"yoast_head":"<!-- This site is optimized with the Yoast SEO Premium plugin v24.2 (Yoast SEO v25.6) - https:\/\/yoast.com\/wordpress\/plugins\/seo\/ -->\n<title>Covid-19: in Toscana 755 nuovi casi, 144 guariti e due decessi - intoscana<\/title>\n<meta name=\"description\" content=\"Ecco i numeri del bollettino quotidiano regionale sull&#039;andamento dell&#039;epidemia in Toscana in data 16 ottobre 2020\" \/>\n<meta name=\"robots\" content=\"index, follow, max-snippet:-1, max-image-preview:large, max-video-preview:-1\" \/>\n<link rel=\"canonical\" href=\"https:\/\/www.intoscana.it\/it\/covid-19-in-toscana-755-nuovi-casi-144-guariti-e-due-decessi\/\" \/>\n<meta property=\"og:locale\" content=\"it_IT\" \/>\n<meta property=\"og:type\" content=\"article\" \/>\n<meta property=\"og:title\" content=\"Covid-19: in Toscana 755 nuovi casi, 144 guariti e due decessi\" \/>\n<meta property=\"og:description\" content=\"Ecco i numeri del bollettino quotidiano regionale sull&#039;andamento dell&#039;epidemia in Toscana in data 16 ottobre 2020\" \/>\n<meta property=\"og:url\" content=\"https:\/\/www.intoscana.it\/it\/covid-19-in-toscana-755-nuovi-casi-144-guariti-e-due-decessi\/\" \/>\n<meta property=\"og:site_name\" content=\"intoscana\" \/>\n<meta property=\"article:publisher\" content=\"https:\/\/www.facebook.com\/intoscana.it\" \/>\n<meta property=\"article:published_time\" content=\"2020-10-16T13:45:54+00:00\" \/>\n<meta property=\"article:modified_time\" content=\"2020-11-05T08:53:33+00:00\" \/>\n<meta property=\"og:image\" content=\"https:\/\/www.intoscana.it\/wp-content\/uploads\/20200616152200700.jpg\" \/>\n\t<meta property=\"og:image:width\" content=\"992\" \/>\n\t<meta property=\"og:image:height\" content=\"794\" \/>\n\t<meta property=\"og:image:type\" content=\"image\/jpeg\" \/>\n<meta name=\"author\" content=\"Costanza Baldini\" \/>\n<meta name=\"twitter:card\" content=\"summary_large_image\" \/>\n<meta name=\"twitter:creator\" content=\"@intoscana\" \/>\n<meta name=\"twitter:site\" content=\"@intoscana\" \/>\n<meta name=\"twitter:label1\" content=\"Written by\" \/>\n\t<meta name=\"twitter:data1\" content=\"Costanza Baldini\" \/>\n\t<meta name=\"twitter:label2\" content=\"Est. reading time\" \/>\n\t<meta name=\"twitter:data2\" content=\"3 minuti\" \/>\n<script type=\"application\/ld+json\" class=\"yoast-schema-graph\">{\"@context\":\"https:\/\/schema.org\",\"@graph\":[{\"@type\":\"WebPage\",\"@id\":\"https:\/\/www.intoscana.it\/it\/covid-19-in-toscana-755-nuovi-casi-144-guariti-e-due-decessi\/\",\"url\":\"https:\/\/www.intoscana.it\/it\/covid-19-in-toscana-755-nuovi-casi-144-guariti-e-due-decessi\/\",\"name\":\"Covid-19: in Toscana 755 nuovi casi, 144 guariti e due decessi - intoscana\",\"isPartOf\":{\"@id\":\"https:\/\/www.intoscana.it\/it\/#website\"},\"primaryImageOfPage\":{\"@id\":\"https:\/\/www.intoscana.it\/it\/covid-19-in-toscana-755-nuovi-casi-144-guariti-e-due-decessi\/#primaryimage\"},\"image\":{\"@id\":\"https:\/\/www.intoscana.it\/it\/covid-19-in-toscana-755-nuovi-casi-144-guariti-e-due-decessi\/#primaryimage\"},\"thumbnailUrl\":\"https:\/\/www.intoscana.it\/wp-content\/uploads\/20200616152200700.jpg\",\"datePublished\":\"2020-10-16T13:45:54+00:00\",\"dateModified\":\"2020-11-05T08:53:33+00:00\",\"author\":{\"@id\":\"https:\/\/www.intoscana.it\/it\/#\/schema\/person\/d469f35f09739bdf00bf5dd3f0647a82\"},\"description\":\"Ecco i numeri del bollettino quotidiano regionale sull'andamento dell'epidemia in Toscana in data 16 ottobre 2020\",\"breadcrumb\":{\"@id\":\"https:\/\/www.intoscana.it\/it\/covid-19-in-toscana-755-nuovi-casi-144-guariti-e-due-decessi\/#breadcrumb\"},\"inLanguage\":\"it-IT\",\"potentialAction\":[{\"@type\":\"ReadAction\",\"target\":[\"https:\/\/www.intoscana.it\/it\/covid-19-in-toscana-755-nuovi-casi-144-guariti-e-due-decessi\/\"]}]},{\"@type\":\"ImageObject\",\"inLanguage\":\"it-IT\",\"@id\":\"https:\/\/www.intoscana.it\/it\/covid-19-in-toscana-755-nuovi-casi-144-guariti-e-due-decessi\/#primaryimage\",\"url\":\"https:\/\/www.intoscana.it\/wp-content\/uploads\/20200616152200700.jpg\",\"contentUrl\":\"https:\/\/www.intoscana.it\/wp-content\/uploads\/20200616152200700.jpg\",\"width\":992,\"height\":794,\"caption\":\"Covid-19: la Regione ricorda di lavarsi le mani e non usare i guanti\"},{\"@type\":\"BreadcrumbList\",\"@id\":\"https:\/\/www.intoscana.it\/it\/covid-19-in-toscana-755-nuovi-casi-144-guariti-e-due-decessi\/#breadcrumb\",\"itemListElement\":[{\"@type\":\"ListItem\",\"position\":1,\"name\":\"Home\",\"item\":\"https:\/\/www.intoscana.it\/it\/\"},{\"@type\":\"ListItem\",\"position\":2,\"name\":\"Covid-19: in Toscana 755 nuovi casi, 144 guariti e due decessi\"}]},{\"@type\":\"WebSite\",\"@id\":\"https:\/\/www.intoscana.it\/it\/#website\",\"url\":\"https:\/\/www.intoscana.it\/it\/\",\"name\":\"intoscana\",\"description\":\"\",\"potentialAction\":[{\"@type\":\"SearchAction\",\"target\":{\"@type\":\"EntryPoint\",\"urlTemplate\":\"https:\/\/www.intoscana.it\/it\/?s={search_term_string}\"},\"query-input\":{\"@type\":\"PropertyValueSpecification\",\"valueRequired\":true,\"valueName\":\"search_term_string\"}}],\"inLanguage\":\"it-IT\"},{\"@type\":\"Person\",\"@id\":\"https:\/\/www.intoscana.it\/it\/#\/schema\/person\/d469f35f09739bdf00bf5dd3f0647a82\",\"name\":\"Costanza Baldini\",\"url\":\"https:\/\/www.intoscana.it\/it\/author\/costanza-baldini\/\"}]}<\/script>\n<!-- \/ Yoast SEO Premium plugin. -->","yoast_head_json":{"title":"Covid-19: in Toscana 755 nuovi casi, 144 guariti e due decessi - intoscana","description":"Ecco i numeri del bollettino quotidiano regionale sull'andamento dell'epidemia in Toscana in data 16 ottobre 2020","robots":{"index":"index","follow":"follow","max-snippet":"max-snippet:-1","max-image-preview":"max-image-preview:large","max-video-preview":"max-video-preview:-1"},"canonical":"https:\/\/www.intoscana.it\/it\/covid-19-in-toscana-755-nuovi-casi-144-guariti-e-due-decessi\/","og_locale":"it_IT","og_type":"article","og_title":"Covid-19: in Toscana 755 nuovi casi, 144 guariti e due decessi","og_description":"Ecco i numeri del bollettino quotidiano regionale sull'andamento dell'epidemia in Toscana in data 16 ottobre 2020","og_url":"https:\/\/www.intoscana.it\/it\/covid-19-in-toscana-755-nuovi-casi-144-guariti-e-due-decessi\/","og_site_name":"intoscana","article_publisher":"https:\/\/www.facebook.com\/intoscana.it","article_published_time":"2020-10-16T13:45:54+00:00","article_modified_time":"2020-11-05T08:53:33+00:00","og_image":[{"width":992,"height":794,"url":"https:\/\/www.intoscana.it\/wp-content\/uploads\/20200616152200700.jpg","type":"image\/jpeg"}],"author":"Costanza Baldini","twitter_card":"summary_large_image","twitter_creator":"@intoscana","twitter_site":"@intoscana","twitter_misc":{"Written by":"Costanza Baldini","Est. reading time":"3 minuti"},"schema":{"@context":"https:\/\/schema.org","@graph":[{"@type":"WebPage","@id":"https:\/\/www.intoscana.it\/it\/covid-19-in-toscana-755-nuovi-casi-144-guariti-e-due-decessi\/","url":"https:\/\/www.intoscana.it\/it\/covid-19-in-toscana-755-nuovi-casi-144-guariti-e-due-decessi\/","name":"Covid-19: in Toscana 755 nuovi casi, 144 guariti e due decessi - intoscana","isPartOf":{"@id":"https:\/\/www.intoscana.it\/it\/#website"},"primaryImageOfPage":{"@id":"https:\/\/www.intoscana.it\/it\/covid-19-in-toscana-755-nuovi-casi-144-guariti-e-due-decessi\/#primaryimage"},"image":{"@id":"https:\/\/www.intoscana.it\/it\/covid-19-in-toscana-755-nuovi-casi-144-guariti-e-due-decessi\/#primaryimage"},"thumbnailUrl":"https:\/\/www.intoscana.it\/wp-content\/uploads\/20200616152200700.jpg","datePublished":"2020-10-16T13:45:54+00:00","dateModified":"2020-11-05T08:53:33+00:00","author":{"@id":"https:\/\/www.intoscana.it\/it\/#\/schema\/person\/d469f35f09739bdf00bf5dd3f0647a82"},"description":"Ecco i numeri del bollettino quotidiano regionale sull'andamento dell'epidemia in Toscana in data 16 ottobre 2020","breadcrumb":{"@id":"https:\/\/www.intoscana.it\/it\/covid-19-in-toscana-755-nuovi-casi-144-guariti-e-due-decessi\/#breadcrumb"},"inLanguage":"it-IT","potentialAction":[{"@type":"ReadAction","target":["https:\/\/www.intoscana.it\/it\/covid-19-in-toscana-755-nuovi-casi-144-guariti-e-due-decessi\/"]}]},{"@type":"ImageObject","inLanguage":"it-IT","@id":"https:\/\/www.intoscana.it\/it\/covid-19-in-toscana-755-nuovi-casi-144-guariti-e-due-decessi\/#primaryimage","url":"https:\/\/www.intoscana.it\/wp-content\/uploads\/20200616152200700.jpg","contentUrl":"https:\/\/www.intoscana.it\/wp-content\/uploads\/20200616152200700.jpg","width":992,"height":794,"caption":"Covid-19: la Regione ricorda di lavarsi le mani e non usare i guanti"},{"@type":"BreadcrumbList","@id":"https:\/\/www.intoscana.it\/it\/covid-19-in-toscana-755-nuovi-casi-144-guariti-e-due-decessi\/#breadcrumb","itemListElement":[{"@type":"ListItem","position":1,"name":"Home","item":"https:\/\/www.intoscana.it\/it\/"},{"@type":"ListItem","position":2,"name":"Covid-19: in Toscana 755 nuovi casi, 144 guariti e due decessi"}]},{"@type":"WebSite","@id":"https:\/\/www.intoscana.it\/it\/#website","url":"https:\/\/www.intoscana.it\/it\/","name":"intoscana","description":"","potentialAction":[{"@type":"SearchAction","target":{"@type":"EntryPoint","urlTemplate":"https:\/\/www.intoscana.it\/it\/?s={search_term_string}"},"query-input":{"@type":"PropertyValueSpecification","valueRequired":true,"valueName":"search_term_string"}}],"inLanguage":"it-IT"},{"@type":"Person","@id":"https:\/\/www.intoscana.it\/it\/#\/schema\/person\/d469f35f09739bdf00bf5dd3f0647a82","name":"Costanza Baldini","url":"https:\/\/www.intoscana.it\/it\/author\/costanza-baldini\/"}]}},"_links":{"self":[{"href":"https:\/\/www.intoscana.it\/it\/wp-json\/wp\/v2\/posts\/155248","targetHints":{"allow":["GET"]}}],"collection":[{"href":"https:\/\/www.intoscana.it\/it\/wp-json\/wp\/v2\/posts"}],"about":[{"href":"https:\/\/www.intoscana.it\/it\/wp-json\/wp\/v2\/types\/post"}],"author":[{"embeddable":true,"href":"https:\/\/www.intoscana.it\/it\/wp-json\/wp\/v2\/users\/518"}],"replies":[{"embeddable":true,"href":"https:\/\/www.intoscana.it\/it\/wp-json\/wp\/v2\/comments?post=155248"}],"version-history":[{"count":0,"href":"https:\/\/www.intoscana.it\/it\/wp-json\/wp\/v2\/posts\/155248\/revisions"}],"wp:featuredmedia":[{"embeddable":true,"href":"https:\/\/www.intoscana.it\/it\/wp-json\/wp\/v2\/media\/145729"}],"wp:attachment":[{"href":"https:\/\/www.intoscana.it\/it\/wp-json\/wp\/v2\/media?parent=155248"}],"wp:term":[{"taxonomy":"category","embeddable":true,"href":"https:\/\/www.intoscana.it\/it\/wp-json\/wp\/v2\/categories?post=155248"},{"taxonomy":"post_tag","embeddable":true,"href":"https:\/\/www.intoscana.it\/it\/wp-json\/wp\/v2\/tags?post=155248"}],"curies":[{"name":"wp","href":"https:\/\/api.w.org\/{rel}","templated":true}]}}