{"id":155380,"date":"2020-10-19T09:19:54","date_gmt":"2020-10-19T07:19:54","guid":{"rendered":"https:\/\/www.intoscana.it\/it\/?p=155380"},"modified":"2020-10-19T10:35:45","modified_gmt":"2020-10-19T08:35:45","slug":"covid-19-ecco-il-nuovo-dpcm-morbido-di-conte-no-a-un-nuovo-lockdown","status":"publish","type":"post","link":"https:\/\/www.intoscana.it\/it\/covid-19-ecco-il-nuovo-dpcm-morbido-di-conte-no-a-un-nuovo-lockdown\/","title":{"rendered":"Covid-19, ecco il nuovo Dpcm &#8220;morbido&#8221; di Conte: &#8220;no a un nuovo Lockdown&#8221;"},"content":{"rendered":"<p>Entra in vigore oggi il nuovo dpcm con le misure anti-Covid, annunciate ieri sera da Conte: una stretta prudente e proporzionale. I sindaci potranno chiudere dopo le 21 piazze e vie della movida a rischio. I locali di ristorazione potranno servire al tavolo dalle 5 alle 24, fino alle 18 se non al tavolo; nessun limite al servizio a domicilio n\u00e9 per le attivit\u00e0 in ospedali, aeroporti e autogrill. Da mercoled\u00ec ingresso alle 9 per le scuole superiori. Una settimana di tempo alle palestre per adeguarsi alle norme, altrimenti dovranno chiudere. Niente sport amatoriale in squadra. Fiere solo da livello nazionale.<\/p>\n<p><iframe loading=\"lazy\" style=\"border: none; overflow: hidden;\" src=\"https:\/\/www.facebook.com\/plugins\/video.php?href=https%3A%2F%2Fwww.facebook.com%2FGiuseppeConte64%2Fvideos%2F686070298687714%2F&amp;show_text=0&amp;width=860\" width=\"860\" height=\"615\" frameborder=\"0\" scrolling=\"no\" allowfullscreen=\"allowfullscreen\"><span style=\"display: inline-block; width: 0px; overflow: hidden; line-height: 0;\" data-mce-type=\"bookmark\" class=\"mce_SELRES_start\">\ufeff<\/span><\/iframe><\/p>\n<p>&#8220;<strong>La strategia non \u00e8 e non pu\u00f2 essere la stessa della primavera<\/strong>&#8220;, assicura quindi Giuseppe Conte, che avverte: &#8220;<strong>il governo c&#8217;\u00e8 ma ciascuno deve fare la sua parte<\/strong>&#8220;. Ed \u00e8 solo l&#8217;inizio di un piano pi\u00f9 ampio. Il Presidente \u00e8 consapevole &#8220;<strong>che ci sono ancora diverse criticit\u00e0: facciamo 160 mila tamponi al giorno<\/strong> &#8211; dice &#8211; <strong>ma certo non possiamo tollerare le file di ore<\/strong>&#8220;. Saranno valide fino al 13 novembre le misure del nuovo dpcm sul Covid. Fanno eccezione le norme che rafforzano la didattica a distanza e gli orari scaglionati alle superiori, consentendo i doppi turni e stabilendo l&#8217;ingresso a scuola per i liceali non prima delle 9: questa disposizione varr\u00e0 da mercoled\u00ec 21 ottobre. Per le Asl c&#8217;\u00e8 l&#8217;obbligo segnalare contagio su app Immuni<\/p>\n<p>Ecco in dettaglio le nuove disposizioni:<\/p>\n<p><em>&#8211; I sindaci potranno disporre la chiusura al pubblico dopo le ore 21 le chiusure di vie e piazze dove si creano assembramenti<\/em><\/p>\n<p><em>&#8211; Tutte le attivit\u00e0 di ristorazione sono consentite dalle ore 5.00 a 00:00 se il consumo avviene ai tavoli. Se non \u00e8 previsto ai tavoli, fino alle ore 18. Le consegne a domicilio sono consentite fino senza vincolo<\/em><\/p>\n<p><em>&#8211; Nelle sale gioco, sale scommesse, l&#8217;apertura sar\u00e0 limitata sino alle ore 21<\/em><\/p>\n<p><em>&#8211; Le attivit\u00e0 scolastiche continueranno in presenza. \u00c8 un asset fondamentale per il nostro paese.Per le scuole secondarie di 2\u00b0 grado verranno favorite modalit\u00e0 ancora pi\u00f9 flessibili dell&#8217;organizzazione delle attivit\u00e0 didattiche<\/em><\/p>\n<p><em>&#8211; Vietato lo sport da contatto a livello amatoriale. Non sono consentite gare e competizioni delle gare agonistiche di base. Consentite attivit\u00e0 individuali e attivit\u00e0 sportive professioniste<\/em><\/p>\n<p><em>&#8211; Incrementeremo anche le modalit\u00e0 per fare corso allo smart working<\/em><\/p>\n<p><em>&#8211; Per quanto riguarda le palestre daremo una settimana per adeguare i protocolli di sicurezza e per verificarne il rispetto<\/em><\/p>\n<h3>La reazione dei sindaci<\/h3>\n<p><strong>Il nuovo pacchetto di misure coinvolge soprattutto bar e ristoranti che chiuderanno a mezzanotte,<\/strong> ma su di loro potrebbero gravare provvedimenti che puntano a limitare in modo mirato i luoghi che espongono a maggiore rischio di assembramento: in quei casi la chiusura anticipata alle 21 potrebbe quindi essere applicata &#8211; secondo il provvedimento &#8211; dagli stessi sindaci per intere strade. Sindaci che per\u00f2 non ci stanno e rimandano la palla al Governo: &#8220;<strong>Sarebbe un coprifuoco scaricato sulle nostre spalle. L&#8217;esecutivo si assuma le sue responsabilit\u00e0<\/strong>&#8220;. In qualunque caso, dalle 18 sar\u00e0 possibile soltanto il consumo al tavolo, a cui dovranno in ogni caso sedersi massimo sei persone. E all&#8217;esterno dei locali dovr\u00e0 essere riportato il numero massimo di clienti consentiti all&#8217;interno. E&#8217; proprio su questi ultimi punti che \u00e8 rimasta in piedi l&#8217;intesa tra governo e Regioni, le quali chiedevano di non penalizzare ulteriormente quei settori gi\u00e0 colpiti dal lockdown (4 i miliardi previsti per il ristoro, ma non &#8216;pi\u00f9 a pioggia&#8217;).<\/p>\n<h3>Il trasporto pubblico<\/h3>\n<p>Sul fronte dell&#8217;alleggerimento del trasporto locale, l&#8217;unica soluzione che accontenta tutti &#8211; Esecutivo e Regioni &#8211; \u00e8 quella di portare <strong>la quota di persone in smartworking dal 50 al 75%<\/strong>. Non ci sar\u00e0 una riduzione della quota di riempimento dei mezzi, ma l&#8217;adozione di misure un maggior controllo sulle banchine delle metropolitane per agevolare i flussi di salita e discesa. &#8220;Aerei, navi, bus, treni a lunga e corta percorrenza hanno contribuito con lo 0,1% al contagio&#8221;, chiarisce il ministro ai Trasporti, <strong>Paola De Micheli<\/strong>, che &#8211; oltre ai 1.600 bus turistici in circolazione &#8211; si dice &#8220;<strong>disponibile a potenziare il sistema<\/strong>&#8220;.<\/p>\n<div class=\"focuson\"><a href=\"https:\/\/www.intoscana.it\/it\/articolo\/covid-19-in-toscana-906-nuovi-casi-eta-media-42-anni-5-decessi\/\"><img decoding=\"async\" class=\"lazy\" src=\"https:\/\/www.intoscana.it\/wp-content\/uploads\/Tampone-JC-Gellidon-Unsplash.jpg\" style=\"\">\n                <div class=\"cat\">Toscana, l'ultimo bollettino: oltre 900 contagiati<\/div>\n                <h4><\/h4><\/a>\n              <\/div>\n<h3>Il commento del presidente Giani<\/h3>\n<p><strong>&#8220;Oggi in regione abbiamo superato i 900 contagi&#8221; in un giorno &#8220;supereremo i 1.000<\/strong>. Troveremo una stabilizzazione sui 1.100-1.200 casi al giorno di contagio. Cambia la natura del virus, cambia il modello di contagio. Abbiamo davanti tre mesi difficili, in attesa del farmaco o del vaccino. Tre mesi nei quali la prevenzione sar\u00e0 la nostra arma. E per questo il volontariato deve essere in prima linea nel diffondere il sentimento di responsabilit\u00e0 tra i cittadini&#8221;.<strong> Ha dichiarato il governatore toscano Eugenio Giani<\/strong> riguardo agli sviluppi dell&#8217;epidemia Coronavirus. Giani ne ha parlato intervenendo a Livorno dove si \u00e8 tenuta l&#8217;assemblea regionale di<strong> Anpas, l&#8217;associazione delle Pubbliche assistenze.<\/strong><\/p>\n<p style=\"text-align: center;\">\n","protected":false},"excerpt":{"rendered":"<p>Il Premier ha dichiarato che il Governo cercher\u00e0 in ogni modo di evitare un nuovo lockdown, la situazione &#8211; ha detto &#8211; \u00e8 diversa da quella della primavera. Potere ai sindaci per chiudere piazze e movida<\/p>\n","protected":false},"author":525,"featured_media":143695,"comment_status":"open","ping_status":"open","sticky":false,"template":"","format":"standard","meta":{"_acf_changed":false,"footnotes":""},"categories":[494],"tags":[4715],"class_list":["post-155380","post","type-post","status-publish","format-standard","has-post-thumbnail","hentry","category-attualita","tag-dpcm"],"acf":[],"yoast_head":"<!-- This site is optimized with the Yoast SEO Premium plugin v24.2 (Yoast SEO v25.6) - https:\/\/yoast.com\/wordpress\/plugins\/seo\/ -->\n<title>Covid-19, ecco il nuovo Dpcm &quot;morbido&quot; di Conte: &quot;no a un nuovo Lockdown&quot; - intoscana<\/title>\n<meta name=\"description\" content=\"Il Premier ha dichiarato che il Governo cercher\u00e0 in ogni modo di evitare un nuovo lockdown, la situazione \u00e8 diversa rispetto alla primavera\" \/>\n<meta name=\"robots\" content=\"index, follow, max-snippet:-1, max-image-preview:large, max-video-preview:-1\" \/>\n<link rel=\"canonical\" href=\"https:\/\/www.intoscana.it\/it\/covid-19-ecco-il-nuovo-dpcm-morbido-di-conte-no-a-un-nuovo-lockdown\/\" \/>\n<meta property=\"og:locale\" content=\"it_IT\" \/>\n<meta property=\"og:type\" content=\"article\" \/>\n<meta property=\"og:title\" content=\"Covid-19, ecco il nuovo Dpcm &quot;morbido&quot; di Conte: &quot;no a un nuovo Lockdown&quot;\" \/>\n<meta property=\"og:description\" content=\"Il Premier ha dichiarato che il Governo cercher\u00e0 in ogni modo di evitare un nuovo lockdown, la situazione \u00e8 diversa rispetto alla primavera\" \/>\n<meta property=\"og:url\" content=\"https:\/\/www.intoscana.it\/it\/covid-19-ecco-il-nuovo-dpcm-morbido-di-conte-no-a-un-nuovo-lockdown\/\" \/>\n<meta property=\"og:site_name\" content=\"intoscana\" \/>\n<meta property=\"article:publisher\" content=\"https:\/\/www.facebook.com\/intoscana.it\" \/>\n<meta property=\"article:published_time\" content=\"2020-10-19T07:19:54+00:00\" \/>\n<meta property=\"article:modified_time\" content=\"2020-10-19T08:35:45+00:00\" \/>\n<meta property=\"og:image\" content=\"https:\/\/www.intoscana.it\/wp-content\/uploads\/conte-3-maggio-1.png\" \/>\n\t<meta property=\"og:image:width\" content=\"1338\" \/>\n\t<meta property=\"og:image:height\" content=\"956\" \/>\n\t<meta property=\"og:image:type\" content=\"image\/png\" \/>\n<meta name=\"author\" content=\"Redazione\" \/>\n<meta name=\"twitter:card\" content=\"summary_large_image\" \/>\n<meta name=\"twitter:creator\" content=\"@intoscana\" \/>\n<meta name=\"twitter:site\" content=\"@intoscana\" \/>\n<meta name=\"twitter:label1\" content=\"Written by\" \/>\n\t<meta name=\"twitter:data1\" content=\"Redazione\" \/>\n\t<meta name=\"twitter:label2\" content=\"Est. reading time\" \/>\n\t<meta name=\"twitter:data2\" content=\"4 minuti\" \/>\n<script type=\"application\/ld+json\" class=\"yoast-schema-graph\">{\"@context\":\"https:\/\/schema.org\",\"@graph\":[{\"@type\":\"WebPage\",\"@id\":\"https:\/\/www.intoscana.it\/it\/covid-19-ecco-il-nuovo-dpcm-morbido-di-conte-no-a-un-nuovo-lockdown\/\",\"url\":\"https:\/\/www.intoscana.it\/it\/covid-19-ecco-il-nuovo-dpcm-morbido-di-conte-no-a-un-nuovo-lockdown\/\",\"name\":\"Covid-19, ecco il nuovo Dpcm \\\"morbido\\\" di Conte: \\\"no a un nuovo Lockdown\\\" - intoscana\",\"isPartOf\":{\"@id\":\"https:\/\/www.intoscana.it\/it\/#website\"},\"primaryImageOfPage\":{\"@id\":\"https:\/\/www.intoscana.it\/it\/covid-19-ecco-il-nuovo-dpcm-morbido-di-conte-no-a-un-nuovo-lockdown\/#primaryimage\"},\"image\":{\"@id\":\"https:\/\/www.intoscana.it\/it\/covid-19-ecco-il-nuovo-dpcm-morbido-di-conte-no-a-un-nuovo-lockdown\/#primaryimage\"},\"thumbnailUrl\":\"https:\/\/www.intoscana.it\/wp-content\/uploads\/conte-3-maggio-1.png\",\"datePublished\":\"2020-10-19T07:19:54+00:00\",\"dateModified\":\"2020-10-19T08:35:45+00:00\",\"author\":{\"@id\":\"https:\/\/www.intoscana.it\/it\/#\/schema\/person\/9223810753230f20bd670fdd322661f8\"},\"description\":\"Il Premier ha dichiarato che il Governo cercher\u00e0 in ogni modo di evitare un nuovo lockdown, la situazione \u00e8 diversa rispetto alla primavera\",\"breadcrumb\":{\"@id\":\"https:\/\/www.intoscana.it\/it\/covid-19-ecco-il-nuovo-dpcm-morbido-di-conte-no-a-un-nuovo-lockdown\/#breadcrumb\"},\"inLanguage\":\"it-IT\",\"potentialAction\":[{\"@type\":\"ReadAction\",\"target\":[\"https:\/\/www.intoscana.it\/it\/covid-19-ecco-il-nuovo-dpcm-morbido-di-conte-no-a-un-nuovo-lockdown\/\"]}]},{\"@type\":\"ImageObject\",\"inLanguage\":\"it-IT\",\"@id\":\"https:\/\/www.intoscana.it\/it\/covid-19-ecco-il-nuovo-dpcm-morbido-di-conte-no-a-un-nuovo-lockdown\/#primaryimage\",\"url\":\"https:\/\/www.intoscana.it\/wp-content\/uploads\/conte-3-maggio-1.png\",\"contentUrl\":\"https:\/\/www.intoscana.it\/wp-content\/uploads\/conte-3-maggio-1.png\",\"width\":1338,\"height\":956,\"caption\":\"Giuseppe Conte\"},{\"@type\":\"BreadcrumbList\",\"@id\":\"https:\/\/www.intoscana.it\/it\/covid-19-ecco-il-nuovo-dpcm-morbido-di-conte-no-a-un-nuovo-lockdown\/#breadcrumb\",\"itemListElement\":[{\"@type\":\"ListItem\",\"position\":1,\"name\":\"Home\",\"item\":\"https:\/\/www.intoscana.it\/it\/\"},{\"@type\":\"ListItem\",\"position\":2,\"name\":\"Covid-19, ecco il nuovo Dpcm &#8220;morbido&#8221; di Conte: &#8220;no a un nuovo Lockdown&#8221;\"}]},{\"@type\":\"WebSite\",\"@id\":\"https:\/\/www.intoscana.it\/it\/#website\",\"url\":\"https:\/\/www.intoscana.it\/it\/\",\"name\":\"intoscana\",\"description\":\"\",\"potentialAction\":[{\"@type\":\"SearchAction\",\"target\":{\"@type\":\"EntryPoint\",\"urlTemplate\":\"https:\/\/www.intoscana.it\/it\/?s={search_term_string}\"},\"query-input\":{\"@type\":\"PropertyValueSpecification\",\"valueRequired\":true,\"valueName\":\"search_term_string\"}}],\"inLanguage\":\"it-IT\"},{\"@type\":\"Person\",\"@id\":\"https:\/\/www.intoscana.it\/it\/#\/schema\/person\/9223810753230f20bd670fdd322661f8\",\"name\":\"Redazione\",\"url\":\"https:\/\/www.intoscana.it\/it\/author\/redazione\/\"}]}<\/script>\n<!-- \/ Yoast SEO Premium plugin. -->","yoast_head_json":{"title":"Covid-19, ecco il nuovo Dpcm \"morbido\" di Conte: \"no a un nuovo Lockdown\" - intoscana","description":"Il Premier ha dichiarato che il Governo cercher\u00e0 in ogni modo di evitare un nuovo lockdown, la situazione \u00e8 diversa rispetto alla primavera","robots":{"index":"index","follow":"follow","max-snippet":"max-snippet:-1","max-image-preview":"max-image-preview:large","max-video-preview":"max-video-preview:-1"},"canonical":"https:\/\/www.intoscana.it\/it\/covid-19-ecco-il-nuovo-dpcm-morbido-di-conte-no-a-un-nuovo-lockdown\/","og_locale":"it_IT","og_type":"article","og_title":"Covid-19, ecco il nuovo Dpcm \"morbido\" di Conte: \"no a un nuovo Lockdown\"","og_description":"Il Premier ha dichiarato che il Governo cercher\u00e0 in ogni modo di evitare un nuovo lockdown, la situazione \u00e8 diversa rispetto alla primavera","og_url":"https:\/\/www.intoscana.it\/it\/covid-19-ecco-il-nuovo-dpcm-morbido-di-conte-no-a-un-nuovo-lockdown\/","og_site_name":"intoscana","article_publisher":"https:\/\/www.facebook.com\/intoscana.it","article_published_time":"2020-10-19T07:19:54+00:00","article_modified_time":"2020-10-19T08:35:45+00:00","og_image":[{"width":1338,"height":956,"url":"https:\/\/www.intoscana.it\/wp-content\/uploads\/conte-3-maggio-1.png","type":"image\/png"}],"author":"Redazione","twitter_card":"summary_large_image","twitter_creator":"@intoscana","twitter_site":"@intoscana","twitter_misc":{"Written by":"Redazione","Est. reading time":"4 minuti"},"schema":{"@context":"https:\/\/schema.org","@graph":[{"@type":"WebPage","@id":"https:\/\/www.intoscana.it\/it\/covid-19-ecco-il-nuovo-dpcm-morbido-di-conte-no-a-un-nuovo-lockdown\/","url":"https:\/\/www.intoscana.it\/it\/covid-19-ecco-il-nuovo-dpcm-morbido-di-conte-no-a-un-nuovo-lockdown\/","name":"Covid-19, ecco il nuovo Dpcm \"morbido\" di Conte: \"no a un nuovo Lockdown\" - intoscana","isPartOf":{"@id":"https:\/\/www.intoscana.it\/it\/#website"},"primaryImageOfPage":{"@id":"https:\/\/www.intoscana.it\/it\/covid-19-ecco-il-nuovo-dpcm-morbido-di-conte-no-a-un-nuovo-lockdown\/#primaryimage"},"image":{"@id":"https:\/\/www.intoscana.it\/it\/covid-19-ecco-il-nuovo-dpcm-morbido-di-conte-no-a-un-nuovo-lockdown\/#primaryimage"},"thumbnailUrl":"https:\/\/www.intoscana.it\/wp-content\/uploads\/conte-3-maggio-1.png","datePublished":"2020-10-19T07:19:54+00:00","dateModified":"2020-10-19T08:35:45+00:00","author":{"@id":"https:\/\/www.intoscana.it\/it\/#\/schema\/person\/9223810753230f20bd670fdd322661f8"},"description":"Il Premier ha dichiarato che il Governo cercher\u00e0 in ogni modo di evitare un nuovo lockdown, la situazione \u00e8 diversa rispetto alla primavera","breadcrumb":{"@id":"https:\/\/www.intoscana.it\/it\/covid-19-ecco-il-nuovo-dpcm-morbido-di-conte-no-a-un-nuovo-lockdown\/#breadcrumb"},"inLanguage":"it-IT","potentialAction":[{"@type":"ReadAction","target":["https:\/\/www.intoscana.it\/it\/covid-19-ecco-il-nuovo-dpcm-morbido-di-conte-no-a-un-nuovo-lockdown\/"]}]},{"@type":"ImageObject","inLanguage":"it-IT","@id":"https:\/\/www.intoscana.it\/it\/covid-19-ecco-il-nuovo-dpcm-morbido-di-conte-no-a-un-nuovo-lockdown\/#primaryimage","url":"https:\/\/www.intoscana.it\/wp-content\/uploads\/conte-3-maggio-1.png","contentUrl":"https:\/\/www.intoscana.it\/wp-content\/uploads\/conte-3-maggio-1.png","width":1338,"height":956,"caption":"Giuseppe Conte"},{"@type":"BreadcrumbList","@id":"https:\/\/www.intoscana.it\/it\/covid-19-ecco-il-nuovo-dpcm-morbido-di-conte-no-a-un-nuovo-lockdown\/#breadcrumb","itemListElement":[{"@type":"ListItem","position":1,"name":"Home","item":"https:\/\/www.intoscana.it\/it\/"},{"@type":"ListItem","position":2,"name":"Covid-19, ecco il nuovo Dpcm &#8220;morbido&#8221; di Conte: &#8220;no a un nuovo Lockdown&#8221;"}]},{"@type":"WebSite","@id":"https:\/\/www.intoscana.it\/it\/#website","url":"https:\/\/www.intoscana.it\/it\/","name":"intoscana","description":"","potentialAction":[{"@type":"SearchAction","target":{"@type":"EntryPoint","urlTemplate":"https:\/\/www.intoscana.it\/it\/?s={search_term_string}"},"query-input":{"@type":"PropertyValueSpecification","valueRequired":true,"valueName":"search_term_string"}}],"inLanguage":"it-IT"},{"@type":"Person","@id":"https:\/\/www.intoscana.it\/it\/#\/schema\/person\/9223810753230f20bd670fdd322661f8","name":"Redazione","url":"https:\/\/www.intoscana.it\/it\/author\/redazione\/"}]}},"_links":{"self":[{"href":"https:\/\/www.intoscana.it\/it\/wp-json\/wp\/v2\/posts\/155380","targetHints":{"allow":["GET"]}}],"collection":[{"href":"https:\/\/www.intoscana.it\/it\/wp-json\/wp\/v2\/posts"}],"about":[{"href":"https:\/\/www.intoscana.it\/it\/wp-json\/wp\/v2\/types\/post"}],"author":[{"embeddable":true,"href":"https:\/\/www.intoscana.it\/it\/wp-json\/wp\/v2\/users\/525"}],"replies":[{"embeddable":true,"href":"https:\/\/www.intoscana.it\/it\/wp-json\/wp\/v2\/comments?post=155380"}],"version-history":[{"count":0,"href":"https:\/\/www.intoscana.it\/it\/wp-json\/wp\/v2\/posts\/155380\/revisions"}],"wp:featuredmedia":[{"embeddable":true,"href":"https:\/\/www.intoscana.it\/it\/wp-json\/wp\/v2\/media\/143695"}],"wp:attachment":[{"href":"https:\/\/www.intoscana.it\/it\/wp-json\/wp\/v2\/media?parent=155380"}],"wp:term":[{"taxonomy":"category","embeddable":true,"href":"https:\/\/www.intoscana.it\/it\/wp-json\/wp\/v2\/categories?post=155380"},{"taxonomy":"post_tag","embeddable":true,"href":"https:\/\/www.intoscana.it\/it\/wp-json\/wp\/v2\/tags?post=155380"}],"curies":[{"name":"wp","href":"https:\/\/api.w.org\/{rel}","templated":true}]}}