{"id":155382,"date":"2020-10-19T09:22:58","date_gmt":"2020-10-19T07:22:58","guid":{"rendered":"https:\/\/www.intoscana.it\/it\/?p=155382"},"modified":"2020-11-05T09:53:15","modified_gmt":"2020-11-05T08:53:15","slug":"covid-19-in-toscana-906-nuovi-casi-eta-media-42-anni-5-decessi","status":"publish","type":"post","link":"https:\/\/www.intoscana.it\/it\/covid-19-in-toscana-906-nuovi-casi-eta-media-42-anni-5-decessi\/","title":{"rendered":"Covid-19: in Toscana 906 nuovi casi, et\u00e0 media 42 anni, 5 decessi"},"content":{"rendered":"<p><strong>Sono oggi\u00a0 906\u00a0i\u00a0 nuovi casi di positivit\u00e0 al Coronavirus<\/strong>\u00a0(849 identificati in corso di tracciamento e 57 da attivit\u00e0 di screening) su un totale di casi, registrati\u00a0dall\u2019inizio dell\u2019epidemia, pari a 22.802 unit\u00e0. I nuovi casi sono il 4,1% in pi\u00f9 rispetto al totale del giorno precedente. L&#8217;et\u00e0 media dei 906 casi odierni \u00e8 di 42 anni circa (il 22% ha meno di 20 anni, il 25% tra 20 e 39 anni, il 31% tra 40 e 59 anni, il 16% tra 60 e 79 anni, il 6% ha 80 anni o pi\u00f9).<\/p>\n<p>I <strong>guariti crescono dell\u20191,4%<\/strong> e raggiungono quota 11.622 (51% dei casi totali). I <strong>tamponi eseguiti<\/strong> hanno raggiunto quota 917.245, <strong>13.380 in pi\u00f9 rispetto a ieri<\/strong>. Sono 8.981 i soggetti testati (escludendo i tamponi di controllo), di cui il 10,1% \u00e8 risultato positivo. Gli attualmente positivi sono oggi 9.986, +8% rispetto a ieri. I ricoverati sono 440 (46 in pi\u00f9 rispetto a ieri), di cui 55 in terapia intensiva (5 in pi\u00f9). <strong>Oggi si registrano 5 nuovi decessi: un uomo e 4 donne con un&#8217;et\u00e0 media di 89,4 anni, a Firenze<\/strong>.<\/p>\n<p><strong>Di seguito i casi di positivit\u00e0 sul territorio<\/strong> con la variazione rispetto a ieri. Sono 6.520 i casi complessivi a oggi a Firenze (314 in pi\u00f9 rispetto a ieri), 1.543 a Prato (50 in pi\u00f9), 1.599 a Pistoia (105 in pi\u00f9), 1.856 a Massa (27 in pi\u00f9), 2.609 a Lucca (78 in pi\u00f9), 2.889 a Pisa (133 in pi\u00f9), 1.176 a Livorno (53 in pi\u00f9), 2.127 ad Arezzo (84 in pi\u00f9), 1.139 a Siena (34 in pi\u00f9), 794 a Grosseto (28 in pi\u00f9). Sono 550 i casi positivi notificati in Toscana, ma residenti in altre regioni. Sono 469, quindi, i casi riscontrati oggi nell&#8217;Asl Centro, 291 nella Nord Ovest, 146 nella Sud est.<\/p>\n<p><strong>La Toscana si conferma al 10\u00b0 posto in Italia come numerosit\u00e0 di casi<\/strong> (comprensivi di residenti e non residenti), con circa 611 casi per 100.000 abitanti (media italiana circa 667 x100.000, dato di ieri). Le province di notifica con il tasso pi\u00f9 alto sono Massa Carrara con 952 casi x100.000 abitanti, Pisa con 689, Lucca con 673, la pi\u00f9 bassa Livorno con 351.<br \/>\nComplessivamente, 9.546 persone sono in isolamento a casa, poich\u00e9 presentano sintomi lievi che non richiedono cure ospedaliere o risultano prive di sintomi (693 in pi\u00f9 rispetto a ieri, pi\u00f9 7,8%).<\/p>\n<p>Sono <strong>16.881<\/strong> (378 in meno rispetto a ieri, meno 2,2%) le persone, anche loro isolate, <strong>in sorveglianza attiva<\/strong>, perch\u00e9 hanno avuto contatti con persone contagiate (Asl Centro 6.344, Nord Ovest 6.128, Sud Est 4.409).<\/p>\n<p><strong>Le persone ricoverate nei posti letto dedicati ai pazienti Covid oggi sono complessivamente 440<\/strong> (46 in pi\u00f9 rispetto a ieri, pi\u00f9 11,7%), 55 in terapia intensiva (5 in pi\u00f9 rispetto a ieri, pi\u00f9 10%).<\/p>\n<p>Le <strong>persone <\/strong>complessivamente <strong>guarite<\/strong> sono 11.622 (<strong>162 in pi\u00f9 rispetto a ieri<\/strong>, pi\u00f9 1,4%): 460 persone clinicamente guarite (43 in pi\u00f9 rispetto a ieri, pi\u00f9 10,3%), divenute cio\u00e8 asintomatiche dopo aver presentato manifestazioni cliniche associate all&#8217;infezione e 11.162 (119 in pi\u00f9 rispetto a ieri, pi\u00f9 1,1%) dichiarate guarite a tutti gli effetti, le cosiddette guarigioni virali, con doppio tampone negativo.<\/p>\n<p>Oggi si registrano 5 nuovi decessi: un uomo e 4 donne con un&#8217;et\u00e0 media di 89,4 anni. Relativamente alla provincia di residenza, le persone decedute sono a Firenze. Sono <strong>1.194 i deceduti dall&#8217;inizio dell&#8217;epidemia<\/strong> cosi ripartiti: 436 a Firenze, 54 a Prato, 84 a Pistoia, 183 a Massa Carrara, 149 a Lucca, 100 a Pisa, 65 a Livorno, 55 ad Arezzo, 33 a Siena, 26 a Grosseto, 9 persone sono decedute sul suolo toscano ma erano residenti fuori regione.<\/p>\n<p>Il tasso grezzo di mortalit\u00e0 toscano (numero di deceduti\/popolazione residente) per Covid-19 \u00e8 di 32,0 x100.000 residenti contro il 60,4 x100.000 della media italiana (11\u00b0 regione). Per quanto riguarda le province, il tasso di mortalit\u00e0 pi\u00f9 alto si riscontra a Massa Carrara (93,9 x100.000), Firenze (43,1 x100.000) e Lucca (38,4 x100.000), il pi\u00f9 basso a Grosseto (11,7 x100.000).<\/p>\n","protected":false},"excerpt":{"rendered":"<p>Domenica 18 ottobre 2020 i tamponi eseguiti sono stati 13.380 in pi\u00f9 rispetto al giorno precedente, le guarigioni crescono dell&#8217;1,4%<\/p>\n","protected":false},"author":525,"featured_media":153340,"comment_status":"open","ping_status":"open","sticky":false,"template":"","format":"standard","meta":{"_acf_changed":false,"footnotes":""},"categories":[494],"tags":[4868,418],"class_list":["post-155382","post","type-post","status-publish","format-standard","has-post-thumbnail","hentry","category-attualita","tag-bollettino-covid-toscana","tag-covid-19"],"acf":[],"yoast_head":"<!-- This site is optimized with the Yoast SEO Premium plugin v24.2 (Yoast SEO v25.6) - https:\/\/yoast.com\/wordpress\/plugins\/seo\/ -->\n<title>Covid-19: in Toscana 906 nuovi casi, et\u00e0 media 42 anni, 5 decessi - intoscana<\/title>\n<meta name=\"description\" content=\"Domenica 18 ottobre 2020 i tamponi eseguiti sono stati 13.380 in pi\u00f9 rispetto al giorno precedente, le guarigioni crescono dell&#039;1,4%\" \/>\n<meta name=\"robots\" content=\"index, follow, max-snippet:-1, max-image-preview:large, max-video-preview:-1\" \/>\n<link rel=\"canonical\" href=\"https:\/\/www.intoscana.it\/it\/covid-19-in-toscana-906-nuovi-casi-eta-media-42-anni-5-decessi\/\" \/>\n<meta property=\"og:locale\" content=\"it_IT\" \/>\n<meta property=\"og:type\" content=\"article\" \/>\n<meta property=\"og:title\" content=\"Covid-19: in Toscana 906 nuovi casi, et\u00e0 media 42 anni, 5 decessi\" \/>\n<meta property=\"og:description\" content=\"Domenica 18 ottobre 2020 i tamponi eseguiti sono stati 13.380 in pi\u00f9 rispetto al giorno precedente, le guarigioni crescono dell&#039;1,4%\" \/>\n<meta property=\"og:url\" content=\"https:\/\/www.intoscana.it\/it\/covid-19-in-toscana-906-nuovi-casi-eta-media-42-anni-5-decessi\/\" \/>\n<meta property=\"og:site_name\" content=\"intoscana\" \/>\n<meta property=\"article:publisher\" content=\"https:\/\/www.facebook.com\/intoscana.it\" \/>\n<meta property=\"article:published_time\" content=\"2020-10-19T07:22:58+00:00\" \/>\n<meta property=\"article:modified_time\" content=\"2020-11-05T08:53:15+00:00\" \/>\n<meta property=\"og:image\" content=\"https:\/\/www.intoscana.it\/wp-content\/uploads\/Bambino-con-la-mascherina-Oscar-Gallardo-Unsplash.jpg\" \/>\n\t<meta property=\"og:image:width\" content=\"1920\" \/>\n\t<meta property=\"og:image:height\" content=\"1440\" \/>\n\t<meta property=\"og:image:type\" content=\"image\/jpeg\" \/>\n<meta name=\"author\" content=\"Redazione\" \/>\n<meta name=\"twitter:card\" content=\"summary_large_image\" \/>\n<meta name=\"twitter:creator\" content=\"@intoscana\" \/>\n<meta name=\"twitter:site\" content=\"@intoscana\" \/>\n<meta name=\"twitter:label1\" content=\"Written by\" \/>\n\t<meta name=\"twitter:data1\" content=\"Redazione\" \/>\n\t<meta name=\"twitter:label2\" content=\"Est. reading time\" \/>\n\t<meta name=\"twitter:data2\" content=\"3 minuti\" \/>\n<script type=\"application\/ld+json\" class=\"yoast-schema-graph\">{\"@context\":\"https:\/\/schema.org\",\"@graph\":[{\"@type\":\"WebPage\",\"@id\":\"https:\/\/www.intoscana.it\/it\/covid-19-in-toscana-906-nuovi-casi-eta-media-42-anni-5-decessi\/\",\"url\":\"https:\/\/www.intoscana.it\/it\/covid-19-in-toscana-906-nuovi-casi-eta-media-42-anni-5-decessi\/\",\"name\":\"Covid-19: in Toscana 906 nuovi casi, et\u00e0 media 42 anni, 5 decessi - intoscana\",\"isPartOf\":{\"@id\":\"https:\/\/www.intoscana.it\/it\/#website\"},\"primaryImageOfPage\":{\"@id\":\"https:\/\/www.intoscana.it\/it\/covid-19-in-toscana-906-nuovi-casi-eta-media-42-anni-5-decessi\/#primaryimage\"},\"image\":{\"@id\":\"https:\/\/www.intoscana.it\/it\/covid-19-in-toscana-906-nuovi-casi-eta-media-42-anni-5-decessi\/#primaryimage\"},\"thumbnailUrl\":\"https:\/\/www.intoscana.it\/wp-content\/uploads\/Bambino-con-la-mascherina-Oscar-Gallardo-Unsplash.jpg\",\"datePublished\":\"2020-10-19T07:22:58+00:00\",\"dateModified\":\"2020-11-05T08:53:15+00:00\",\"author\":{\"@id\":\"https:\/\/www.intoscana.it\/it\/#\/schema\/person\/9223810753230f20bd670fdd322661f8\"},\"description\":\"Domenica 18 ottobre 2020 i tamponi eseguiti sono stati 13.380 in pi\u00f9 rispetto al giorno precedente, le guarigioni crescono dell'1,4%\",\"breadcrumb\":{\"@id\":\"https:\/\/www.intoscana.it\/it\/covid-19-in-toscana-906-nuovi-casi-eta-media-42-anni-5-decessi\/#breadcrumb\"},\"inLanguage\":\"it-IT\",\"potentialAction\":[{\"@type\":\"ReadAction\",\"target\":[\"https:\/\/www.intoscana.it\/it\/covid-19-in-toscana-906-nuovi-casi-eta-media-42-anni-5-decessi\/\"]}]},{\"@type\":\"ImageObject\",\"inLanguage\":\"it-IT\",\"@id\":\"https:\/\/www.intoscana.it\/it\/covid-19-in-toscana-906-nuovi-casi-eta-media-42-anni-5-decessi\/#primaryimage\",\"url\":\"https:\/\/www.intoscana.it\/wp-content\/uploads\/Bambino-con-la-mascherina-Oscar-Gallardo-Unsplash.jpg\",\"contentUrl\":\"https:\/\/www.intoscana.it\/wp-content\/uploads\/Bambino-con-la-mascherina-Oscar-Gallardo-Unsplash.jpg\",\"width\":1920,\"height\":1440,\"caption\":\"Oscar Gallardo Unsplash\"},{\"@type\":\"BreadcrumbList\",\"@id\":\"https:\/\/www.intoscana.it\/it\/covid-19-in-toscana-906-nuovi-casi-eta-media-42-anni-5-decessi\/#breadcrumb\",\"itemListElement\":[{\"@type\":\"ListItem\",\"position\":1,\"name\":\"Home\",\"item\":\"https:\/\/www.intoscana.it\/it\/\"},{\"@type\":\"ListItem\",\"position\":2,\"name\":\"Covid-19: in Toscana 906 nuovi casi, et\u00e0 media 42 anni, 5 decessi\"}]},{\"@type\":\"WebSite\",\"@id\":\"https:\/\/www.intoscana.it\/it\/#website\",\"url\":\"https:\/\/www.intoscana.it\/it\/\",\"name\":\"intoscana\",\"description\":\"\",\"potentialAction\":[{\"@type\":\"SearchAction\",\"target\":{\"@type\":\"EntryPoint\",\"urlTemplate\":\"https:\/\/www.intoscana.it\/it\/?s={search_term_string}\"},\"query-input\":{\"@type\":\"PropertyValueSpecification\",\"valueRequired\":true,\"valueName\":\"search_term_string\"}}],\"inLanguage\":\"it-IT\"},{\"@type\":\"Person\",\"@id\":\"https:\/\/www.intoscana.it\/it\/#\/schema\/person\/9223810753230f20bd670fdd322661f8\",\"name\":\"Redazione\",\"url\":\"https:\/\/www.intoscana.it\/it\/author\/redazione\/\"}]}<\/script>\n<!-- \/ Yoast SEO Premium plugin. -->","yoast_head_json":{"title":"Covid-19: in Toscana 906 nuovi casi, et\u00e0 media 42 anni, 5 decessi - intoscana","description":"Domenica 18 ottobre 2020 i tamponi eseguiti sono stati 13.380 in pi\u00f9 rispetto al giorno precedente, le guarigioni crescono dell'1,4%","robots":{"index":"index","follow":"follow","max-snippet":"max-snippet:-1","max-image-preview":"max-image-preview:large","max-video-preview":"max-video-preview:-1"},"canonical":"https:\/\/www.intoscana.it\/it\/covid-19-in-toscana-906-nuovi-casi-eta-media-42-anni-5-decessi\/","og_locale":"it_IT","og_type":"article","og_title":"Covid-19: in Toscana 906 nuovi casi, et\u00e0 media 42 anni, 5 decessi","og_description":"Domenica 18 ottobre 2020 i tamponi eseguiti sono stati 13.380 in pi\u00f9 rispetto al giorno precedente, le guarigioni crescono dell'1,4%","og_url":"https:\/\/www.intoscana.it\/it\/covid-19-in-toscana-906-nuovi-casi-eta-media-42-anni-5-decessi\/","og_site_name":"intoscana","article_publisher":"https:\/\/www.facebook.com\/intoscana.it","article_published_time":"2020-10-19T07:22:58+00:00","article_modified_time":"2020-11-05T08:53:15+00:00","og_image":[{"width":1920,"height":1440,"url":"https:\/\/www.intoscana.it\/wp-content\/uploads\/Bambino-con-la-mascherina-Oscar-Gallardo-Unsplash.jpg","type":"image\/jpeg"}],"author":"Redazione","twitter_card":"summary_large_image","twitter_creator":"@intoscana","twitter_site":"@intoscana","twitter_misc":{"Written by":"Redazione","Est. reading time":"3 minuti"},"schema":{"@context":"https:\/\/schema.org","@graph":[{"@type":"WebPage","@id":"https:\/\/www.intoscana.it\/it\/covid-19-in-toscana-906-nuovi-casi-eta-media-42-anni-5-decessi\/","url":"https:\/\/www.intoscana.it\/it\/covid-19-in-toscana-906-nuovi-casi-eta-media-42-anni-5-decessi\/","name":"Covid-19: in Toscana 906 nuovi casi, et\u00e0 media 42 anni, 5 decessi - intoscana","isPartOf":{"@id":"https:\/\/www.intoscana.it\/it\/#website"},"primaryImageOfPage":{"@id":"https:\/\/www.intoscana.it\/it\/covid-19-in-toscana-906-nuovi-casi-eta-media-42-anni-5-decessi\/#primaryimage"},"image":{"@id":"https:\/\/www.intoscana.it\/it\/covid-19-in-toscana-906-nuovi-casi-eta-media-42-anni-5-decessi\/#primaryimage"},"thumbnailUrl":"https:\/\/www.intoscana.it\/wp-content\/uploads\/Bambino-con-la-mascherina-Oscar-Gallardo-Unsplash.jpg","datePublished":"2020-10-19T07:22:58+00:00","dateModified":"2020-11-05T08:53:15+00:00","author":{"@id":"https:\/\/www.intoscana.it\/it\/#\/schema\/person\/9223810753230f20bd670fdd322661f8"},"description":"Domenica 18 ottobre 2020 i tamponi eseguiti sono stati 13.380 in pi\u00f9 rispetto al giorno precedente, le guarigioni crescono dell'1,4%","breadcrumb":{"@id":"https:\/\/www.intoscana.it\/it\/covid-19-in-toscana-906-nuovi-casi-eta-media-42-anni-5-decessi\/#breadcrumb"},"inLanguage":"it-IT","potentialAction":[{"@type":"ReadAction","target":["https:\/\/www.intoscana.it\/it\/covid-19-in-toscana-906-nuovi-casi-eta-media-42-anni-5-decessi\/"]}]},{"@type":"ImageObject","inLanguage":"it-IT","@id":"https:\/\/www.intoscana.it\/it\/covid-19-in-toscana-906-nuovi-casi-eta-media-42-anni-5-decessi\/#primaryimage","url":"https:\/\/www.intoscana.it\/wp-content\/uploads\/Bambino-con-la-mascherina-Oscar-Gallardo-Unsplash.jpg","contentUrl":"https:\/\/www.intoscana.it\/wp-content\/uploads\/Bambino-con-la-mascherina-Oscar-Gallardo-Unsplash.jpg","width":1920,"height":1440,"caption":"Oscar Gallardo Unsplash"},{"@type":"BreadcrumbList","@id":"https:\/\/www.intoscana.it\/it\/covid-19-in-toscana-906-nuovi-casi-eta-media-42-anni-5-decessi\/#breadcrumb","itemListElement":[{"@type":"ListItem","position":1,"name":"Home","item":"https:\/\/www.intoscana.it\/it\/"},{"@type":"ListItem","position":2,"name":"Covid-19: in Toscana 906 nuovi casi, et\u00e0 media 42 anni, 5 decessi"}]},{"@type":"WebSite","@id":"https:\/\/www.intoscana.it\/it\/#website","url":"https:\/\/www.intoscana.it\/it\/","name":"intoscana","description":"","potentialAction":[{"@type":"SearchAction","target":{"@type":"EntryPoint","urlTemplate":"https:\/\/www.intoscana.it\/it\/?s={search_term_string}"},"query-input":{"@type":"PropertyValueSpecification","valueRequired":true,"valueName":"search_term_string"}}],"inLanguage":"it-IT"},{"@type":"Person","@id":"https:\/\/www.intoscana.it\/it\/#\/schema\/person\/9223810753230f20bd670fdd322661f8","name":"Redazione","url":"https:\/\/www.intoscana.it\/it\/author\/redazione\/"}]}},"_links":{"self":[{"href":"https:\/\/www.intoscana.it\/it\/wp-json\/wp\/v2\/posts\/155382","targetHints":{"allow":["GET"]}}],"collection":[{"href":"https:\/\/www.intoscana.it\/it\/wp-json\/wp\/v2\/posts"}],"about":[{"href":"https:\/\/www.intoscana.it\/it\/wp-json\/wp\/v2\/types\/post"}],"author":[{"embeddable":true,"href":"https:\/\/www.intoscana.it\/it\/wp-json\/wp\/v2\/users\/525"}],"replies":[{"embeddable":true,"href":"https:\/\/www.intoscana.it\/it\/wp-json\/wp\/v2\/comments?post=155382"}],"version-history":[{"count":0,"href":"https:\/\/www.intoscana.it\/it\/wp-json\/wp\/v2\/posts\/155382\/revisions"}],"wp:featuredmedia":[{"embeddable":true,"href":"https:\/\/www.intoscana.it\/it\/wp-json\/wp\/v2\/media\/153340"}],"wp:attachment":[{"href":"https:\/\/www.intoscana.it\/it\/wp-json\/wp\/v2\/media?parent=155382"}],"wp:term":[{"taxonomy":"category","embeddable":true,"href":"https:\/\/www.intoscana.it\/it\/wp-json\/wp\/v2\/categories?post=155382"},{"taxonomy":"post_tag","embeddable":true,"href":"https:\/\/www.intoscana.it\/it\/wp-json\/wp\/v2\/tags?post=155382"}],"curies":[{"name":"wp","href":"https:\/\/api.w.org\/{rel}","templated":true}]}}