{"id":155438,"date":"2020-10-19T14:27:00","date_gmt":"2020-10-19T12:27:00","guid":{"rendered":"https:\/\/www.intoscana.it\/it\/?p=155438"},"modified":"2020-10-19T15:48:56","modified_gmt":"2020-10-19T13:48:56","slug":"intervista-al-dottor-fabio-voller-contagi-in-famiglia-al-lavoro-nelle-rsa-e-nei-trasporti-in-autobus-mettete-sempre-la-fpp2","status":"publish","type":"post","link":"https:\/\/www.intoscana.it\/it\/intervista-al-dottor-fabio-voller-contagi-in-famiglia-al-lavoro-nelle-rsa-e-nei-trasporti-in-autobus-mettete-sempre-la-fpp2\/","title":{"rendered":"Ars, il direttore Fabio Voller: &#8220;Contagi in famiglia, al lavoro, nelle Rsa e nei trasporti. In autobus usate la Fpp2&#8221;"},"content":{"rendered":"<p><strong>Salgono anche in Toscana come in tutta Italia i casi di Coronavirus,<\/strong>\u00a0i positivi sono quasi <strong>quintuplicati nel corso dell\u2019ultimo mese<\/strong>: erano 833 quattro settimane fa, poi 839, 1.901 e 3.992 nell\u2019ultima settimana. <strong>I tamponi analizzati<\/strong> ormai si sono stabilizzati mediamente <strong>oltre i 10.000 giornalieri,<\/strong> con un calo durante il fine settimana.\u00a0<strong>L\u2019Italia ha toccato i 10.000 casi giornalieri,<\/strong> distribuiti piuttosto uniformemente tra le regioni, con Lombardia e Campania che evidenziano, per i numeri assoluti che le contraddistinguono, le situazioni di maggior criticit\u00e0.<\/p>\n<p>Se guardiamo ai casi degli ultimi 14 giorni (dati forniti dall&#8217;ARS) le zone socio sanitarie maggiormente colpite sono quelle della <strong>Valle del Serchio<\/strong> (oltre 400 casi x100.000 abitanti), e, con oltre 200 casi x100.000, il <strong>Valdarno, l\u2019Alta Val d\u2019Elsa, la Val di Chiana Aretina,\u00a0\u00a0l\u2019Alta Val di Cecina, l\u2019Empolese Valdarno, la Pratese, l\u2019Aretina<\/strong> (con aggiunta delle ex zone del Casentino e della Valtiberina).\u00a0<strong>L\u2019et\u00e0 media dei casi si \u00e8 spostata intorno ai 43 anni,<\/strong> con un bilanciamento tra i due generi, colpiti praticamente in egual misura dal contagio.<strong> La quota degli ultra 65 anni sta tornando a salire<\/strong>, e rappresenta quasi un quarto casistica dei contagiati attuali.\u00a0Nelle ultime 4 settimane <strong>i ricoveri Covid si sono triplicati:<\/strong> sono 359 le persone attualmente ricoverate nei reparti Covid, erano 170 una settimana fa e 111 quattro settimane fa. \u00a0Nello stesso periodo le <strong>terapie intensive<\/strong> sono passate da 24 ricoverati a 30, fino ai 51 attuali, <strong>l\u2019incremento in questo caso \u00e8 meno repentino<\/strong>.<\/p>\n<p><img loading=\"lazy\" decoding=\"async\" class=\"alignnone size-full wp-image-155445\" src=\"https:\/\/www.intoscana.it\/wp-content\/uploads\/121993286_10224386477080212_8724090961226711964_o.jpg\" alt=\"\" width=\"1600\" height=\"1131\" srcset=\"https:\/\/www.intoscana.it\/wp-content\/uploads\/121993286_10224386477080212_8724090961226711964_o.jpg 1600w, https:\/\/www.intoscana.it\/wp-content\/uploads\/121993286_10224386477080212_8724090961226711964_o-300x212.jpg 300w, https:\/\/www.intoscana.it\/wp-content\/uploads\/121993286_10224386477080212_8724090961226711964_o-500x353.jpg 500w, https:\/\/www.intoscana.it\/wp-content\/uploads\/121993286_10224386477080212_8724090961226711964_o-768x543.jpg 768w, https:\/\/www.intoscana.it\/wp-content\/uploads\/121993286_10224386477080212_8724090961226711964_o-1536x1086.jpg 1536w\" sizes=\"auto, (max-width: 1600px) 100vw, 1600px\" \/><\/p>\n<h3>Ecco la nostra intervista al dottor Fabio Voller direttore dell&#8217;Ars Agenzia Regionale di Sanit\u00e0<\/h3>\n<p><strong>Salve dottore la curva dei contagi sta salendo, ce lo aspettavamo, ma quali sono le cause principali di questo innalzamento? Sono effettivamente i comportamenti sbagliati di alcuni cittadini o ci sono anche altro motivi?<\/strong><\/p>\n<p>Ci saranno stati dei comportamenti sbagliati rispetto all\u2019utilizzo della mascherina, probabilmente anche<strong> il sistema di tracciamento \u00e8 andato molto in difficolt\u00e0 passati i 150 casi al giorno.<\/strong> Questo ha portato ovviamente all\u2019<strong>impossibilit\u00e0 di tracciare in modo efficace i contatti dei casi<\/strong>. In questo senso<a href=\"https:\/\/www.intoscana.it\/it\/articolo\/coronavirus-tamponi-test-online\/\" target=\"_blank\" rel=\"noopener noreferrer\"><strong> il nuovo sistema della Regione Toscana di prenotazione del tampone online<\/strong><\/a> potrebbe aiutare tanto per effettuare immediatamente i tamponi, questo gi\u00e0 ci permette di velocizzare il tracciamento dei casi. Ho capito che verr\u00e0 messa su anche <strong>una centrale di &#8220;contact tracing&#8221;<\/strong> e questo \u00e8 fondamentale perch\u00e9 poi sono gli stesso operatori che vano a fare il tampone che fanno un\u2019indagine epidemiologica e devono mettere in quarantena le persone che sono venute a contatto, questa parte sicuramente va implementata.<\/p>\n<p><strong>Quali sono i \u201cluoghi a rischio\u201d, dov\u2019\u00e8 il pericolo reale di contagio?<\/strong><\/p>\n<p>Quello che vediamo noi \u00e8 che <strong>i luoghi della diffusione del virus sono: la famiglia, il lavoro, le Rsa<\/strong> (anche se non con numeri ancora importanti), quella che \u00e8 la mia percezione per\u00f2 \u00e8 che<strong> il problema dei trasporti \u00e8 stato fondamentale<\/strong>. Le persone sono in grande prossimit\u00e0 e non \u00e8 detto che tutti indossino la mascherina sempre, perch\u00e9 <strong>non ci pu\u00f2 essere un controllo<\/strong>. C\u2019\u00e8 da ricordare che <strong>in autobus o in treno \u00e8 sempre meglio indossare l\u2019fpp2<\/strong> piuttosto che la mascherina chirurgica perch\u00e9 d\u00e0 una maggiore protezione. La nostra paura \u00e8 che il maggior movimento e l\u2019utilizzo dei trasporti pubblici abbia aiutato molto il virus a circolare.<\/p>\n<p><strong>Per\u00f2 adesso le morti sono molto basse, ora siamo pi\u00f9 pronti a curare il virus?<\/strong><\/p>\n<p><strong>Le morti seguono la cura dei contagi 15-20 giorni dopo, sono cio\u00e8 differite nel tempo.<\/strong> Quello che purtroppo stiamo vedendo \u00e8 che <strong>l\u2019incremento esponenziale nei casi sta portando in questi giorni all\u2019incremento esponenziale dei ricoveri.<\/strong> Se aumentano i ricoveri sicuramente aumenteremo anche i decessi, probabilmente non con la quota di prima. Non saranno i numeri di marzo e aprile perch\u00e9 <strong>abbiamo imparato ad usare quelle poche armi che abbiamo contro il viru<\/strong>s cio\u00e8 la posizione prona, il cortisone, l\u2019utilizzo delle terapie di supporto dell\u2019ossigeno. Questo aiuta per\u00f2<strong> io mi aspetto un aumento esponenziale. S<\/strong>iamo gi\u00e0 a un terzo di occupazione delle risorse ospedaliere che occupammo al massimo di marzo. <strong>A fine marzo avevamo 1500 ricoveri generali con 300 terapie intensive<\/strong>, oggi siamo a quasi <strong>500 ricoveri e una 70ina di terapie intensive<\/strong>. Le TI crescono meno perch\u00e9 il quadro clinico \u00e8 un po\u2019 diverso,<strong> abbiamo meno polmoniti ma pi\u00f9 persone hanno bisogno delle terapie di supporto<\/strong>. Forse questo mette anche pi\u00f9 in crisi l\u2019organizzazione ospedaliera che deve rispondere anche a tutti gli altri problemi no-Covid, i ricoveri ordinari. Quindi <strong>la pressione sugli ospedali rimane importante e cresce giorno dopo giorno.<\/strong><\/p>\n<p><strong>A che punto siamo col vaccino? Quando arriver\u00e0?<\/strong><\/p>\n<p>Stiamo alla fonte ufficiale \u00e8 <a href=\"https:\/\/clinicaltrials.gov\" target=\"_blank\" rel=\"noopener noreferrer\"><strong>ClinicalTrials.gov<\/strong><\/a>, ci sono<strong> 8 vaccini in fase 3 nel mondo,<\/strong>\u00a0che stanno cio\u00e8 finendo la sperimentazione. Nel vaccino di Oxford c\u2019\u00e8 una piccola partecipazione anche dell\u2019Italia. Ovviamente stanno correndo. Tutte le indiscrezioni su quando potremo prenderlo lasciano secondo me il tempo che trovano.<\/p>\n<p><strong>Quando leggiamo che il virus \u2018sta mutando\u2019 \u00e8 una fake news?<\/strong><\/p>\n<p><strong>Direi che il virus \u00e8 identico a prima. E\u2019 un virus molto contagioso, questo lo abbiamo capito.<\/strong> Ora lo intercettiamo di pi\u00f9 perch\u00e9 a livello italiano siamo arrivati a <strong>160 mila tamponi al giorno<\/strong>, in Toscana ci stiamo avviando verso i<strong> 15 mila al giorno<\/strong>. <strong>Pi\u00f9 si cerca e pi\u00f9 si trova, il virus non \u00e8 cambiato, siamo cambiati noi ma non fino in fondo.<\/strong><\/p>\n","protected":false},"excerpt":{"rendered":"<p>Il Dottor Fabio Voller \u00e8 dirigente dell\u2019ARS Agenzia Regionale di Sanit\u00e0 e coordinatore dell\u2019Osservatorio di Epidemiologia della Toscana, ci parla dell&#8217;andamento dei contagi nella nostra regione<\/p>\n","protected":false},"author":518,"featured_media":155439,"comment_status":"open","ping_status":"open","sticky":false,"template":"","format":"standard","meta":{"_acf_changed":false,"footnotes":""},"categories":[18],"tags":[418],"class_list":["post-155438","post","type-post","status-publish","format-standard","has-post-thumbnail","hentry","category-salute","tag-covid-19"],"acf":[],"yoast_head":"<!-- This site is optimized with the Yoast SEO Premium plugin v24.2 (Yoast SEO v25.6) - https:\/\/yoast.com\/wordpress\/plugins\/seo\/ -->\n<title>Ars, il direttore Fabio Voller: &quot;Contagi in famiglia, al lavoro, nelle Rsa e nei trasporti. In autobus usate la Fpp2&quot; - intoscana<\/title>\n<meta name=\"description\" content=\"Il Dottor Fabio Voller \u00e8 dirigente dell\u2019ARS Agenzia Regionale di Sanit\u00e0 e coordinatore dell\u2019Osservatorio di Epidemiologia della Toscana\" \/>\n<meta name=\"robots\" content=\"index, follow, max-snippet:-1, max-image-preview:large, max-video-preview:-1\" \/>\n<link rel=\"canonical\" href=\"https:\/\/www.intoscana.it\/it\/intervista-al-dottor-fabio-voller-contagi-in-famiglia-al-lavoro-nelle-rsa-e-nei-trasporti-in-autobus-mettete-sempre-la-fpp2\/\" \/>\n<meta property=\"og:locale\" content=\"it_IT\" \/>\n<meta property=\"og:type\" content=\"article\" \/>\n<meta property=\"og:title\" content=\"Ars, il direttore Fabio Voller: &quot;Contagi in famiglia, al lavoro, nelle Rsa e nei trasporti. In autobus usate la Fpp2&quot;\" \/>\n<meta property=\"og:description\" content=\"Il Dottor Fabio Voller \u00e8 dirigente dell\u2019ARS Agenzia Regionale di Sanit\u00e0 e coordinatore dell\u2019Osservatorio di Epidemiologia della Toscana\" \/>\n<meta property=\"og:url\" content=\"https:\/\/www.intoscana.it\/it\/intervista-al-dottor-fabio-voller-contagi-in-famiglia-al-lavoro-nelle-rsa-e-nei-trasporti-in-autobus-mettete-sempre-la-fpp2\/\" \/>\n<meta property=\"og:site_name\" content=\"intoscana\" \/>\n<meta property=\"article:publisher\" content=\"https:\/\/www.facebook.com\/intoscana.it\" \/>\n<meta property=\"article:published_time\" content=\"2020-10-19T12:27:00+00:00\" \/>\n<meta property=\"article:modified_time\" content=\"2020-10-19T13:48:56+00:00\" \/>\n<meta property=\"og:image\" content=\"https:\/\/www.intoscana.it\/wp-content\/uploads\/mascherina_autobus-scaled.jpg\" \/>\n\t<meta property=\"og:image:width\" content=\"2048\" \/>\n\t<meta property=\"og:image:height\" content=\"1367\" \/>\n\t<meta property=\"og:image:type\" content=\"image\/jpeg\" \/>\n<meta name=\"author\" content=\"Costanza Baldini\" \/>\n<meta name=\"twitter:card\" content=\"summary_large_image\" \/>\n<meta name=\"twitter:creator\" content=\"@intoscana\" \/>\n<meta name=\"twitter:site\" content=\"@intoscana\" \/>\n<meta name=\"twitter:label1\" content=\"Written by\" \/>\n\t<meta name=\"twitter:data1\" content=\"Costanza Baldini\" \/>\n\t<meta name=\"twitter:label2\" content=\"Est. reading time\" \/>\n\t<meta name=\"twitter:data2\" content=\"4 minuti\" \/>\n<script type=\"application\/ld+json\" class=\"yoast-schema-graph\">{\"@context\":\"https:\/\/schema.org\",\"@graph\":[{\"@type\":\"WebPage\",\"@id\":\"https:\/\/www.intoscana.it\/it\/intervista-al-dottor-fabio-voller-contagi-in-famiglia-al-lavoro-nelle-rsa-e-nei-trasporti-in-autobus-mettete-sempre-la-fpp2\/\",\"url\":\"https:\/\/www.intoscana.it\/it\/intervista-al-dottor-fabio-voller-contagi-in-famiglia-al-lavoro-nelle-rsa-e-nei-trasporti-in-autobus-mettete-sempre-la-fpp2\/\",\"name\":\"Ars, il direttore Fabio Voller: \\\"Contagi in famiglia, al lavoro, nelle Rsa e nei trasporti. In autobus usate la Fpp2\\\" - intoscana\",\"isPartOf\":{\"@id\":\"https:\/\/www.intoscana.it\/it\/#website\"},\"primaryImageOfPage\":{\"@id\":\"https:\/\/www.intoscana.it\/it\/intervista-al-dottor-fabio-voller-contagi-in-famiglia-al-lavoro-nelle-rsa-e-nei-trasporti-in-autobus-mettete-sempre-la-fpp2\/#primaryimage\"},\"image\":{\"@id\":\"https:\/\/www.intoscana.it\/it\/intervista-al-dottor-fabio-voller-contagi-in-famiglia-al-lavoro-nelle-rsa-e-nei-trasporti-in-autobus-mettete-sempre-la-fpp2\/#primaryimage\"},\"thumbnailUrl\":\"https:\/\/www.intoscana.it\/wp-content\/uploads\/mascherina_autobus-scaled.jpg\",\"datePublished\":\"2020-10-19T12:27:00+00:00\",\"dateModified\":\"2020-10-19T13:48:56+00:00\",\"author\":{\"@id\":\"https:\/\/www.intoscana.it\/it\/#\/schema\/person\/d469f35f09739bdf00bf5dd3f0647a82\"},\"description\":\"Il Dottor Fabio Voller \u00e8 dirigente dell\u2019ARS Agenzia Regionale di Sanit\u00e0 e coordinatore dell\u2019Osservatorio di Epidemiologia della Toscana\",\"breadcrumb\":{\"@id\":\"https:\/\/www.intoscana.it\/it\/intervista-al-dottor-fabio-voller-contagi-in-famiglia-al-lavoro-nelle-rsa-e-nei-trasporti-in-autobus-mettete-sempre-la-fpp2\/#breadcrumb\"},\"inLanguage\":\"it-IT\",\"potentialAction\":[{\"@type\":\"ReadAction\",\"target\":[\"https:\/\/www.intoscana.it\/it\/intervista-al-dottor-fabio-voller-contagi-in-famiglia-al-lavoro-nelle-rsa-e-nei-trasporti-in-autobus-mettete-sempre-la-fpp2\/\"]}]},{\"@type\":\"ImageObject\",\"inLanguage\":\"it-IT\",\"@id\":\"https:\/\/www.intoscana.it\/it\/intervista-al-dottor-fabio-voller-contagi-in-famiglia-al-lavoro-nelle-rsa-e-nei-trasporti-in-autobus-mettete-sempre-la-fpp2\/#primaryimage\",\"url\":\"https:\/\/www.intoscana.it\/wp-content\/uploads\/mascherina_autobus-scaled.jpg\",\"contentUrl\":\"https:\/\/www.intoscana.it\/wp-content\/uploads\/mascherina_autobus-scaled.jpg\",\"width\":2048,\"height\":1367},{\"@type\":\"BreadcrumbList\",\"@id\":\"https:\/\/www.intoscana.it\/it\/intervista-al-dottor-fabio-voller-contagi-in-famiglia-al-lavoro-nelle-rsa-e-nei-trasporti-in-autobus-mettete-sempre-la-fpp2\/#breadcrumb\",\"itemListElement\":[{\"@type\":\"ListItem\",\"position\":1,\"name\":\"Home\",\"item\":\"https:\/\/www.intoscana.it\/it\/\"},{\"@type\":\"ListItem\",\"position\":2,\"name\":\"Ars, il direttore Fabio Voller: &#8220;Contagi in famiglia, al lavoro, nelle Rsa e nei trasporti. In autobus usate la Fpp2&#8221;\"}]},{\"@type\":\"WebSite\",\"@id\":\"https:\/\/www.intoscana.it\/it\/#website\",\"url\":\"https:\/\/www.intoscana.it\/it\/\",\"name\":\"intoscana\",\"description\":\"\",\"potentialAction\":[{\"@type\":\"SearchAction\",\"target\":{\"@type\":\"EntryPoint\",\"urlTemplate\":\"https:\/\/www.intoscana.it\/it\/?s={search_term_string}\"},\"query-input\":{\"@type\":\"PropertyValueSpecification\",\"valueRequired\":true,\"valueName\":\"search_term_string\"}}],\"inLanguage\":\"it-IT\"},{\"@type\":\"Person\",\"@id\":\"https:\/\/www.intoscana.it\/it\/#\/schema\/person\/d469f35f09739bdf00bf5dd3f0647a82\",\"name\":\"Costanza Baldini\",\"url\":\"https:\/\/www.intoscana.it\/it\/author\/costanza-baldini\/\"}]}<\/script>\n<!-- \/ Yoast SEO Premium plugin. -->","yoast_head_json":{"title":"Ars, il direttore Fabio Voller: \"Contagi in famiglia, al lavoro, nelle Rsa e nei trasporti. In autobus usate la Fpp2\" - intoscana","description":"Il Dottor Fabio Voller \u00e8 dirigente dell\u2019ARS Agenzia Regionale di Sanit\u00e0 e coordinatore dell\u2019Osservatorio di Epidemiologia della Toscana","robots":{"index":"index","follow":"follow","max-snippet":"max-snippet:-1","max-image-preview":"max-image-preview:large","max-video-preview":"max-video-preview:-1"},"canonical":"https:\/\/www.intoscana.it\/it\/intervista-al-dottor-fabio-voller-contagi-in-famiglia-al-lavoro-nelle-rsa-e-nei-trasporti-in-autobus-mettete-sempre-la-fpp2\/","og_locale":"it_IT","og_type":"article","og_title":"Ars, il direttore Fabio Voller: \"Contagi in famiglia, al lavoro, nelle Rsa e nei trasporti. In autobus usate la Fpp2\"","og_description":"Il Dottor Fabio Voller \u00e8 dirigente dell\u2019ARS Agenzia Regionale di Sanit\u00e0 e coordinatore dell\u2019Osservatorio di Epidemiologia della Toscana","og_url":"https:\/\/www.intoscana.it\/it\/intervista-al-dottor-fabio-voller-contagi-in-famiglia-al-lavoro-nelle-rsa-e-nei-trasporti-in-autobus-mettete-sempre-la-fpp2\/","og_site_name":"intoscana","article_publisher":"https:\/\/www.facebook.com\/intoscana.it","article_published_time":"2020-10-19T12:27:00+00:00","article_modified_time":"2020-10-19T13:48:56+00:00","og_image":[{"width":2048,"height":1367,"url":"https:\/\/www.intoscana.it\/wp-content\/uploads\/mascherina_autobus-scaled.jpg","type":"image\/jpeg"}],"author":"Costanza Baldini","twitter_card":"summary_large_image","twitter_creator":"@intoscana","twitter_site":"@intoscana","twitter_misc":{"Written by":"Costanza Baldini","Est. reading time":"4 minuti"},"schema":{"@context":"https:\/\/schema.org","@graph":[{"@type":"WebPage","@id":"https:\/\/www.intoscana.it\/it\/intervista-al-dottor-fabio-voller-contagi-in-famiglia-al-lavoro-nelle-rsa-e-nei-trasporti-in-autobus-mettete-sempre-la-fpp2\/","url":"https:\/\/www.intoscana.it\/it\/intervista-al-dottor-fabio-voller-contagi-in-famiglia-al-lavoro-nelle-rsa-e-nei-trasporti-in-autobus-mettete-sempre-la-fpp2\/","name":"Ars, il direttore Fabio Voller: \"Contagi in famiglia, al lavoro, nelle Rsa e nei trasporti. In autobus usate la Fpp2\" - intoscana","isPartOf":{"@id":"https:\/\/www.intoscana.it\/it\/#website"},"primaryImageOfPage":{"@id":"https:\/\/www.intoscana.it\/it\/intervista-al-dottor-fabio-voller-contagi-in-famiglia-al-lavoro-nelle-rsa-e-nei-trasporti-in-autobus-mettete-sempre-la-fpp2\/#primaryimage"},"image":{"@id":"https:\/\/www.intoscana.it\/it\/intervista-al-dottor-fabio-voller-contagi-in-famiglia-al-lavoro-nelle-rsa-e-nei-trasporti-in-autobus-mettete-sempre-la-fpp2\/#primaryimage"},"thumbnailUrl":"https:\/\/www.intoscana.it\/wp-content\/uploads\/mascherina_autobus-scaled.jpg","datePublished":"2020-10-19T12:27:00+00:00","dateModified":"2020-10-19T13:48:56+00:00","author":{"@id":"https:\/\/www.intoscana.it\/it\/#\/schema\/person\/d469f35f09739bdf00bf5dd3f0647a82"},"description":"Il Dottor Fabio Voller \u00e8 dirigente dell\u2019ARS Agenzia Regionale di Sanit\u00e0 e coordinatore dell\u2019Osservatorio di Epidemiologia della Toscana","breadcrumb":{"@id":"https:\/\/www.intoscana.it\/it\/intervista-al-dottor-fabio-voller-contagi-in-famiglia-al-lavoro-nelle-rsa-e-nei-trasporti-in-autobus-mettete-sempre-la-fpp2\/#breadcrumb"},"inLanguage":"it-IT","potentialAction":[{"@type":"ReadAction","target":["https:\/\/www.intoscana.it\/it\/intervista-al-dottor-fabio-voller-contagi-in-famiglia-al-lavoro-nelle-rsa-e-nei-trasporti-in-autobus-mettete-sempre-la-fpp2\/"]}]},{"@type":"ImageObject","inLanguage":"it-IT","@id":"https:\/\/www.intoscana.it\/it\/intervista-al-dottor-fabio-voller-contagi-in-famiglia-al-lavoro-nelle-rsa-e-nei-trasporti-in-autobus-mettete-sempre-la-fpp2\/#primaryimage","url":"https:\/\/www.intoscana.it\/wp-content\/uploads\/mascherina_autobus-scaled.jpg","contentUrl":"https:\/\/www.intoscana.it\/wp-content\/uploads\/mascherina_autobus-scaled.jpg","width":2048,"height":1367},{"@type":"BreadcrumbList","@id":"https:\/\/www.intoscana.it\/it\/intervista-al-dottor-fabio-voller-contagi-in-famiglia-al-lavoro-nelle-rsa-e-nei-trasporti-in-autobus-mettete-sempre-la-fpp2\/#breadcrumb","itemListElement":[{"@type":"ListItem","position":1,"name":"Home","item":"https:\/\/www.intoscana.it\/it\/"},{"@type":"ListItem","position":2,"name":"Ars, il direttore Fabio Voller: &#8220;Contagi in famiglia, al lavoro, nelle Rsa e nei trasporti. In autobus usate la Fpp2&#8221;"}]},{"@type":"WebSite","@id":"https:\/\/www.intoscana.it\/it\/#website","url":"https:\/\/www.intoscana.it\/it\/","name":"intoscana","description":"","potentialAction":[{"@type":"SearchAction","target":{"@type":"EntryPoint","urlTemplate":"https:\/\/www.intoscana.it\/it\/?s={search_term_string}"},"query-input":{"@type":"PropertyValueSpecification","valueRequired":true,"valueName":"search_term_string"}}],"inLanguage":"it-IT"},{"@type":"Person","@id":"https:\/\/www.intoscana.it\/it\/#\/schema\/person\/d469f35f09739bdf00bf5dd3f0647a82","name":"Costanza Baldini","url":"https:\/\/www.intoscana.it\/it\/author\/costanza-baldini\/"}]}},"_links":{"self":[{"href":"https:\/\/www.intoscana.it\/it\/wp-json\/wp\/v2\/posts\/155438","targetHints":{"allow":["GET"]}}],"collection":[{"href":"https:\/\/www.intoscana.it\/it\/wp-json\/wp\/v2\/posts"}],"about":[{"href":"https:\/\/www.intoscana.it\/it\/wp-json\/wp\/v2\/types\/post"}],"author":[{"embeddable":true,"href":"https:\/\/www.intoscana.it\/it\/wp-json\/wp\/v2\/users\/518"}],"replies":[{"embeddable":true,"href":"https:\/\/www.intoscana.it\/it\/wp-json\/wp\/v2\/comments?post=155438"}],"version-history":[{"count":0,"href":"https:\/\/www.intoscana.it\/it\/wp-json\/wp\/v2\/posts\/155438\/revisions"}],"wp:featuredmedia":[{"embeddable":true,"href":"https:\/\/www.intoscana.it\/it\/wp-json\/wp\/v2\/media\/155439"}],"wp:attachment":[{"href":"https:\/\/www.intoscana.it\/it\/wp-json\/wp\/v2\/media?parent=155438"}],"wp:term":[{"taxonomy":"category","embeddable":true,"href":"https:\/\/www.intoscana.it\/it\/wp-json\/wp\/v2\/categories?post=155438"},{"taxonomy":"post_tag","embeddable":true,"href":"https:\/\/www.intoscana.it\/it\/wp-json\/wp\/v2\/tags?post=155438"}],"curies":[{"name":"wp","href":"https:\/\/api.w.org\/{rel}","templated":true}]}}