{"id":155470,"date":"2020-10-19T15:40:46","date_gmt":"2020-10-19T13:40:46","guid":{"rendered":"https:\/\/www.intoscana.it\/it\/?p=155470"},"modified":"2020-11-05T09:53:06","modified_gmt":"2020-11-05T08:53:06","slug":"covid-19-in-toscana-si-registrano-altri-986-casi-62-in-terapia-intensiva-e-12-decessi","status":"publish","type":"post","link":"https:\/\/www.intoscana.it\/it\/covid-19-in-toscana-si-registrano-altri-986-casi-62-in-terapia-intensiva-e-12-decessi\/","title":{"rendered":"Covid-19: in Toscana si registrano altri 986 casi, 62 in terapia intensiva e 12 decessi"},"content":{"rendered":"<p><strong>Sono 986 i casi positivi al Covid-19<\/strong> nelle ultime ventiquattro ore registrati in Toscana &#8211; 462 nei territori dell\u2019Asl Centro, 363 nella Nord Ovest e 161 nella Sud est \u2013 i quali portano il numero complessivo delle <strong>persone al momento ammalate a quota 10.851<\/strong> (+8,7 per cento rispetto a ieri): <strong>865 sono state identificate in corso di tracciamento<\/strong> e 121 da attivit\u00e0 di screening. I dati son quelli del bollettino stilato giornalmente dalla Regione sulla base delle richieste della Protezione civile nazionale per monitorare l\u2019andamento dell\u2019epidemia, accertati a mezzogiorno di oggi.<\/p>\n<p><strong>Su 10.851 persone malate, la quasi totalit\u00e0 si trova in isolamento a casa<\/strong> (10.340), perch\u00e9 non ha bisogno di particolari cure sanitarie, e solo 511 sono comunque ricoverati in ospedale, 71 in pi\u00f9 rispetto a ieri. \u00a0Escludendo i tamponi di controllo, <strong>nell\u2019ultimo giorno sono state sottoposte a test 7.178 persone<\/strong>: di questi il 13,7 per cento, dato pi\u00f9 alto di ieri, \u00e8 risultato positivo. Purtroppo si contano anche dodici morti (sei uomini e sei donne, et\u00e0 media 87 anni), che fanno lievitare a 1.206 il numero dei decessi da febbraio quando \u00e8 iniziata l\u2019emergenza sanitaria. \u00a0Dalla comparsa dell\u2019epidemia nella regione <strong>sono 23.788 i casi di positivit\u00e0 finora accertati, con 927.802 tamponi eseguiti in nove mesi<\/strong> (10.557 solo nell\u2019ultimo giorno). Le persone gi\u00e0 guarite sono 11.731 (49,3 per cento di tutti i casi), cresciute dello 0,9 per cento nelle ultime ventiquattro ore.<\/p>\n<p><strong>L&#8217;et\u00e0 media dei 986 casi di oggi \u00e8 di circa 43 anni<\/strong> (il 19% ha meno di 20 anni, il 26% tra 20 e 39, il 31% tra 40 e 59, il 16% tra 60 e 79 e l\u20198% ne ha 80 o pi\u00f9).<\/p>\n<p>Su 23.788 persone che hanno contratto il virus, in base alla provincia di residenza o domicilio <strong>6.867 interessano l\u2019area delle citt\u00e0 metropolitana di Firenze<\/strong> (347 in pi\u00f9 rispetto a ieri), 1.580 Prato (37 in pi\u00f9), 1.677 Pistoia (78 in pi\u00f9), 1.923 Massa Carrara (67 in pi\u00f9), 2.649 Lucca (40 in pi\u00f9), 3.082 Pisa (193 in pi\u00f9), 1.239 Livorno (63 in pi\u00f9), 2.215 Arezzo (88 in pi\u00f9), 1.193 Siena (54 in pi\u00f9) e 813 Grosseto (19 in pi\u00f9). Ci sono poi 550 casi positivi notificati in Toscana ma di residenti in altre regioni.<\/p>\n<p><strong>La Toscana si conferma al decimo posto in Italia come numerosit\u00e0 di casi<\/strong> (comprensivi di residenti e non residenti), con circa 638 per 100 mila abitanti (la media italiana \u00e8 di circa 686 per 100 mila, dato di ieri). Le province di notifica con il tasso pi\u00f9 alto sono Massa Carrara con 987 casi per 100 mila abitanti, Pisa con 735, Lucca con 683, mentre la pi\u00f9 bassa \u00e8 Grosseto con 367.<\/p>\n<p>Le persone isolate a casa, perch\u00e9 presentano sintomi lievi che non richiedono cure ospedaliere o perch\u00e9 risultano prive di sintomi sono 794 in pi\u00f9 rispetto a ieri, cresciute dell\u20198,3 per cento. Altri 16.832 \u00a0toscani (49 in meno rispetto a ieri, meno 0,3%) sono anch&#8217;essi isolati al proprio domicilio, in sorveglianza attiva perch\u00e9 hanno avuto contatti con persone contagiate (Asl Centro 6.106, Nord Ovest 6.472, Sud Est 4.254).<\/p>\n<p>Le persone ricoverate <strong>nei posti letto dedicati ai pazienti Covid sono ad oggi complessivamente 511<\/strong> (pi\u00f9 16,1%), di cui <strong>62 in terapia intensiva<\/strong> (7 in pi\u00f9 rispetto a ieri, pi\u00f9 12,7%).<\/p>\n<p>Su <strong>11.731 guariti dall\u2019inizio dell\u2019epidemia<\/strong> (109 in pi\u00f9 rispetto a ieri, pi\u00f9 0,9%), 498 lo sono clinicamente (38 in pi\u00f9 nelle ultime ventiquattro ore, pi\u00f9 8,3%), divenuti cio\u00e8 asintomatici dopo aver presentato manifestazioni cliniche associate all&#8217;infezione, mentre 11.233 (71 in pi\u00f9 rispetto a ieri, pi\u00f9 0,6%) sono stati dichiarati guariti a tutti gli effetti, le cosiddette guarigioni virali, a seguito di doppio tampone negativo.<\/p>\n<p>I dodici decessi di oggi \u00a0(6 uomini e 6 donne con un\u2019et\u00e0 media di 87 anni) riguardano residenti nelle province di Firenze (4), Pistoia (2), Massa Carrara (1) ed Arezzo (2). <strong>Tre persone provenivano da fuori Toscana<\/strong>. Dall\u2019avvio dell\u2019emergenza <strong>sono dunque 440 i morti a Firenze,<\/strong> 54 a Prato, 86 a Pistoia, 184 a Massa Carrara, 149 a Lucca, 100 a Pisa, 65 a Livorno, 57 ad Arezzo, 33 a Siena e 26 a Grosseto, mentre dodici persone sono decedute sul suolo toscano ma erano residenti altrove.<\/p>\n<p>Il tasso grezzo di mortalit\u00e0 toscano (numero di deceduti\/popolazione residente) per Covid-19 \u00e8 di 32,3 per 100 mila residenti contro il 60,5 per 100 mila della media italiana. La Toscana \u00e8 undicesima in questa speciale classifica. Per quanto riguarda le province, il tasso di mortalit\u00e0 pi\u00f9 alto si riscontra a Massa Carrara (94,4 per 100 mila), Firenze (43,5 per 100 mila) e Lucca (38,4 per 100 mila); il pi\u00f9 basso \u00e8 a Grosseto (11,7 per 100 mila).<\/p>\n","protected":false},"excerpt":{"rendered":"<p>Il 13,7 per cento delle persone sottoposte agli ultimi controlli \u00e8 risultato positivo. Sale a 10.851 il numero di chi al momento \u00e8 ancora malato, ma solo 511 sono ricoverati in ospedale<\/p>\n","protected":false},"author":525,"featured_media":149584,"comment_status":"open","ping_status":"open","sticky":false,"template":"","format":"standard","meta":{"_acf_changed":false,"footnotes":""},"categories":[494],"tags":[4868,418],"class_list":["post-155470","post","type-post","status-publish","format-standard","has-post-thumbnail","hentry","category-attualita","tag-bollettino-covid-toscana","tag-covid-19"],"acf":[],"yoast_head":"<!-- This site is optimized with the Yoast SEO Premium plugin v24.2 (Yoast SEO v25.6) - https:\/\/yoast.com\/wordpress\/plugins\/seo\/ -->\n<title>Covid-19: in Toscana si registrano altri 986 casi, 62 in terapia intensiva e 12 decessi - intoscana<\/title>\n<meta name=\"description\" content=\"Il 13,7 per cento delle persone sottoposte agli ultimi controlli \u00e8 risultato positivo. Sale a 10.851 il numero di chi al momento \u00e8 malato\" \/>\n<meta name=\"robots\" content=\"index, follow, max-snippet:-1, max-image-preview:large, max-video-preview:-1\" \/>\n<link rel=\"canonical\" href=\"https:\/\/www.intoscana.it\/it\/covid-19-in-toscana-si-registrano-altri-986-casi-62-in-terapia-intensiva-e-12-decessi\/\" \/>\n<meta property=\"og:locale\" content=\"it_IT\" \/>\n<meta property=\"og:type\" content=\"article\" \/>\n<meta property=\"og:title\" content=\"Covid-19: in Toscana si registrano altri 986 casi, 62 in terapia intensiva e 12 decessi\" \/>\n<meta property=\"og:description\" content=\"Il 13,7 per cento delle persone sottoposte agli ultimi controlli \u00e8 risultato positivo. Sale a 10.851 il numero di chi al momento \u00e8 malato\" \/>\n<meta property=\"og:url\" content=\"https:\/\/www.intoscana.it\/it\/covid-19-in-toscana-si-registrano-altri-986-casi-62-in-terapia-intensiva-e-12-decessi\/\" \/>\n<meta property=\"og:site_name\" content=\"intoscana\" \/>\n<meta property=\"article:publisher\" content=\"https:\/\/www.facebook.com\/intoscana.it\" \/>\n<meta property=\"article:published_time\" content=\"2020-10-19T13:40:46+00:00\" \/>\n<meta property=\"article:modified_time\" content=\"2020-11-05T08:53:06+00:00\" \/>\n<meta property=\"og:image\" content=\"https:\/\/www.intoscana.it\/wp-content\/uploads\/Coronavirus_gel.jpeg\" \/>\n\t<meta property=\"og:image:width\" content=\"1899\" \/>\n\t<meta property=\"og:image:height\" content=\"1061\" \/>\n\t<meta property=\"og:image:type\" content=\"image\/jpeg\" \/>\n<meta name=\"author\" content=\"Redazione\" \/>\n<meta name=\"twitter:card\" content=\"summary_large_image\" \/>\n<meta name=\"twitter:creator\" content=\"@intoscana\" \/>\n<meta name=\"twitter:site\" content=\"@intoscana\" \/>\n<meta name=\"twitter:label1\" content=\"Written by\" \/>\n\t<meta name=\"twitter:data1\" content=\"Redazione\" \/>\n\t<meta name=\"twitter:label2\" content=\"Est. reading time\" \/>\n\t<meta name=\"twitter:data2\" content=\"3 minuti\" \/>\n<script type=\"application\/ld+json\" class=\"yoast-schema-graph\">{\"@context\":\"https:\/\/schema.org\",\"@graph\":[{\"@type\":\"WebPage\",\"@id\":\"https:\/\/www.intoscana.it\/it\/covid-19-in-toscana-si-registrano-altri-986-casi-62-in-terapia-intensiva-e-12-decessi\/\",\"url\":\"https:\/\/www.intoscana.it\/it\/covid-19-in-toscana-si-registrano-altri-986-casi-62-in-terapia-intensiva-e-12-decessi\/\",\"name\":\"Covid-19: in Toscana si registrano altri 986 casi, 62 in terapia intensiva e 12 decessi - intoscana\",\"isPartOf\":{\"@id\":\"https:\/\/www.intoscana.it\/it\/#website\"},\"primaryImageOfPage\":{\"@id\":\"https:\/\/www.intoscana.it\/it\/covid-19-in-toscana-si-registrano-altri-986-casi-62-in-terapia-intensiva-e-12-decessi\/#primaryimage\"},\"image\":{\"@id\":\"https:\/\/www.intoscana.it\/it\/covid-19-in-toscana-si-registrano-altri-986-casi-62-in-terapia-intensiva-e-12-decessi\/#primaryimage\"},\"thumbnailUrl\":\"https:\/\/www.intoscana.it\/wp-content\/uploads\/Coronavirus_gel.jpeg\",\"datePublished\":\"2020-10-19T13:40:46+00:00\",\"dateModified\":\"2020-11-05T08:53:06+00:00\",\"author\":{\"@id\":\"https:\/\/www.intoscana.it\/it\/#\/schema\/person\/9223810753230f20bd670fdd322661f8\"},\"description\":\"Il 13,7 per cento delle persone sottoposte agli ultimi controlli \u00e8 risultato positivo. Sale a 10.851 il numero di chi al momento \u00e8 malato\",\"breadcrumb\":{\"@id\":\"https:\/\/www.intoscana.it\/it\/covid-19-in-toscana-si-registrano-altri-986-casi-62-in-terapia-intensiva-e-12-decessi\/#breadcrumb\"},\"inLanguage\":\"it-IT\",\"potentialAction\":[{\"@type\":\"ReadAction\",\"target\":[\"https:\/\/www.intoscana.it\/it\/covid-19-in-toscana-si-registrano-altri-986-casi-62-in-terapia-intensiva-e-12-decessi\/\"]}]},{\"@type\":\"ImageObject\",\"inLanguage\":\"it-IT\",\"@id\":\"https:\/\/www.intoscana.it\/it\/covid-19-in-toscana-si-registrano-altri-986-casi-62-in-terapia-intensiva-e-12-decessi\/#primaryimage\",\"url\":\"https:\/\/www.intoscana.it\/wp-content\/uploads\/Coronavirus_gel.jpeg\",\"contentUrl\":\"https:\/\/www.intoscana.it\/wp-content\/uploads\/Coronavirus_gel.jpeg\",\"width\":1899,\"height\":1061,\"caption\":\"Coronavirus\"},{\"@type\":\"BreadcrumbList\",\"@id\":\"https:\/\/www.intoscana.it\/it\/covid-19-in-toscana-si-registrano-altri-986-casi-62-in-terapia-intensiva-e-12-decessi\/#breadcrumb\",\"itemListElement\":[{\"@type\":\"ListItem\",\"position\":1,\"name\":\"Home\",\"item\":\"https:\/\/www.intoscana.it\/it\/\"},{\"@type\":\"ListItem\",\"position\":2,\"name\":\"Covid-19: in Toscana si registrano altri 986 casi, 62 in terapia intensiva e 12 decessi\"}]},{\"@type\":\"WebSite\",\"@id\":\"https:\/\/www.intoscana.it\/it\/#website\",\"url\":\"https:\/\/www.intoscana.it\/it\/\",\"name\":\"intoscana\",\"description\":\"\",\"potentialAction\":[{\"@type\":\"SearchAction\",\"target\":{\"@type\":\"EntryPoint\",\"urlTemplate\":\"https:\/\/www.intoscana.it\/it\/?s={search_term_string}\"},\"query-input\":{\"@type\":\"PropertyValueSpecification\",\"valueRequired\":true,\"valueName\":\"search_term_string\"}}],\"inLanguage\":\"it-IT\"},{\"@type\":\"Person\",\"@id\":\"https:\/\/www.intoscana.it\/it\/#\/schema\/person\/9223810753230f20bd670fdd322661f8\",\"name\":\"Redazione\",\"url\":\"https:\/\/www.intoscana.it\/it\/author\/redazione\/\"}]}<\/script>\n<!-- \/ Yoast SEO Premium plugin. -->","yoast_head_json":{"title":"Covid-19: in Toscana si registrano altri 986 casi, 62 in terapia intensiva e 12 decessi - intoscana","description":"Il 13,7 per cento delle persone sottoposte agli ultimi controlli \u00e8 risultato positivo. Sale a 10.851 il numero di chi al momento \u00e8 malato","robots":{"index":"index","follow":"follow","max-snippet":"max-snippet:-1","max-image-preview":"max-image-preview:large","max-video-preview":"max-video-preview:-1"},"canonical":"https:\/\/www.intoscana.it\/it\/covid-19-in-toscana-si-registrano-altri-986-casi-62-in-terapia-intensiva-e-12-decessi\/","og_locale":"it_IT","og_type":"article","og_title":"Covid-19: in Toscana si registrano altri 986 casi, 62 in terapia intensiva e 12 decessi","og_description":"Il 13,7 per cento delle persone sottoposte agli ultimi controlli \u00e8 risultato positivo. Sale a 10.851 il numero di chi al momento \u00e8 malato","og_url":"https:\/\/www.intoscana.it\/it\/covid-19-in-toscana-si-registrano-altri-986-casi-62-in-terapia-intensiva-e-12-decessi\/","og_site_name":"intoscana","article_publisher":"https:\/\/www.facebook.com\/intoscana.it","article_published_time":"2020-10-19T13:40:46+00:00","article_modified_time":"2020-11-05T08:53:06+00:00","og_image":[{"width":1899,"height":1061,"url":"https:\/\/www.intoscana.it\/wp-content\/uploads\/Coronavirus_gel.jpeg","type":"image\/jpeg"}],"author":"Redazione","twitter_card":"summary_large_image","twitter_creator":"@intoscana","twitter_site":"@intoscana","twitter_misc":{"Written by":"Redazione","Est. reading time":"3 minuti"},"schema":{"@context":"https:\/\/schema.org","@graph":[{"@type":"WebPage","@id":"https:\/\/www.intoscana.it\/it\/covid-19-in-toscana-si-registrano-altri-986-casi-62-in-terapia-intensiva-e-12-decessi\/","url":"https:\/\/www.intoscana.it\/it\/covid-19-in-toscana-si-registrano-altri-986-casi-62-in-terapia-intensiva-e-12-decessi\/","name":"Covid-19: in Toscana si registrano altri 986 casi, 62 in terapia intensiva e 12 decessi - intoscana","isPartOf":{"@id":"https:\/\/www.intoscana.it\/it\/#website"},"primaryImageOfPage":{"@id":"https:\/\/www.intoscana.it\/it\/covid-19-in-toscana-si-registrano-altri-986-casi-62-in-terapia-intensiva-e-12-decessi\/#primaryimage"},"image":{"@id":"https:\/\/www.intoscana.it\/it\/covid-19-in-toscana-si-registrano-altri-986-casi-62-in-terapia-intensiva-e-12-decessi\/#primaryimage"},"thumbnailUrl":"https:\/\/www.intoscana.it\/wp-content\/uploads\/Coronavirus_gel.jpeg","datePublished":"2020-10-19T13:40:46+00:00","dateModified":"2020-11-05T08:53:06+00:00","author":{"@id":"https:\/\/www.intoscana.it\/it\/#\/schema\/person\/9223810753230f20bd670fdd322661f8"},"description":"Il 13,7 per cento delle persone sottoposte agli ultimi controlli \u00e8 risultato positivo. Sale a 10.851 il numero di chi al momento \u00e8 malato","breadcrumb":{"@id":"https:\/\/www.intoscana.it\/it\/covid-19-in-toscana-si-registrano-altri-986-casi-62-in-terapia-intensiva-e-12-decessi\/#breadcrumb"},"inLanguage":"it-IT","potentialAction":[{"@type":"ReadAction","target":["https:\/\/www.intoscana.it\/it\/covid-19-in-toscana-si-registrano-altri-986-casi-62-in-terapia-intensiva-e-12-decessi\/"]}]},{"@type":"ImageObject","inLanguage":"it-IT","@id":"https:\/\/www.intoscana.it\/it\/covid-19-in-toscana-si-registrano-altri-986-casi-62-in-terapia-intensiva-e-12-decessi\/#primaryimage","url":"https:\/\/www.intoscana.it\/wp-content\/uploads\/Coronavirus_gel.jpeg","contentUrl":"https:\/\/www.intoscana.it\/wp-content\/uploads\/Coronavirus_gel.jpeg","width":1899,"height":1061,"caption":"Coronavirus"},{"@type":"BreadcrumbList","@id":"https:\/\/www.intoscana.it\/it\/covid-19-in-toscana-si-registrano-altri-986-casi-62-in-terapia-intensiva-e-12-decessi\/#breadcrumb","itemListElement":[{"@type":"ListItem","position":1,"name":"Home","item":"https:\/\/www.intoscana.it\/it\/"},{"@type":"ListItem","position":2,"name":"Covid-19: in Toscana si registrano altri 986 casi, 62 in terapia intensiva e 12 decessi"}]},{"@type":"WebSite","@id":"https:\/\/www.intoscana.it\/it\/#website","url":"https:\/\/www.intoscana.it\/it\/","name":"intoscana","description":"","potentialAction":[{"@type":"SearchAction","target":{"@type":"EntryPoint","urlTemplate":"https:\/\/www.intoscana.it\/it\/?s={search_term_string}"},"query-input":{"@type":"PropertyValueSpecification","valueRequired":true,"valueName":"search_term_string"}}],"inLanguage":"it-IT"},{"@type":"Person","@id":"https:\/\/www.intoscana.it\/it\/#\/schema\/person\/9223810753230f20bd670fdd322661f8","name":"Redazione","url":"https:\/\/www.intoscana.it\/it\/author\/redazione\/"}]}},"_links":{"self":[{"href":"https:\/\/www.intoscana.it\/it\/wp-json\/wp\/v2\/posts\/155470","targetHints":{"allow":["GET"]}}],"collection":[{"href":"https:\/\/www.intoscana.it\/it\/wp-json\/wp\/v2\/posts"}],"about":[{"href":"https:\/\/www.intoscana.it\/it\/wp-json\/wp\/v2\/types\/post"}],"author":[{"embeddable":true,"href":"https:\/\/www.intoscana.it\/it\/wp-json\/wp\/v2\/users\/525"}],"replies":[{"embeddable":true,"href":"https:\/\/www.intoscana.it\/it\/wp-json\/wp\/v2\/comments?post=155470"}],"version-history":[{"count":0,"href":"https:\/\/www.intoscana.it\/it\/wp-json\/wp\/v2\/posts\/155470\/revisions"}],"wp:featuredmedia":[{"embeddable":true,"href":"https:\/\/www.intoscana.it\/it\/wp-json\/wp\/v2\/media\/149584"}],"wp:attachment":[{"href":"https:\/\/www.intoscana.it\/it\/wp-json\/wp\/v2\/media?parent=155470"}],"wp:term":[{"taxonomy":"category","embeddable":true,"href":"https:\/\/www.intoscana.it\/it\/wp-json\/wp\/v2\/categories?post=155470"},{"taxonomy":"post_tag","embeddable":true,"href":"https:\/\/www.intoscana.it\/it\/wp-json\/wp\/v2\/tags?post=155470"}],"curies":[{"name":"wp","href":"https:\/\/api.w.org\/{rel}","templated":true}]}}