{"id":155533,"date":"2020-10-20T10:03:56","date_gmt":"2020-10-20T08:03:56","guid":{"rendered":"https:\/\/www.intoscana.it\/it\/?p=155533"},"modified":"2020-10-20T10:03:56","modified_gmt":"2020-10-20T08:03:56","slug":"arezzo-youth-music-festival-quando-la-musica-classica-non-e-noiosa","status":"publish","type":"post","link":"https:\/\/www.intoscana.it\/it\/arezzo-youth-music-festival-quando-la-musica-classica-non-e-noiosa\/","title":{"rendered":"Arezzo Youth Music Festival: quando la musica classica non \u00e8 \u201cnoiosa\u201d"},"content":{"rendered":"<p>Alcuni tra i pi\u00f9 giovani e talentuosi protagonisti della <strong>scena concertistica internazionale<\/strong> saranno protagonisti <strong>ad Arezzo dal 24 ottobre al 13 novembre<\/strong> della prima edizione dell\u2019<a href=\"https:\/\/www.fondazioneguidodarezzo.com\/eventi\/arezzo-youth-music-festival\" target=\"_blank\" rel=\"noopener noreferrer\"><strong>Arezzo Youth Music Festival<\/strong>,<\/a> un progetto innovativo che nasce nella volont\u00e0 di <strong>attrarre i ragazzi alla bellezza del repertorio classico<\/strong>.<\/p>\n<p>La direzione artistica della rassegna \u00e8 affidata al <strong>violinista <a href=\"https:\/\/www.instagram.com\/giovanni_andrea_zanon\/?hl=it\" target=\"_blank\" rel=\"noopener noreferrer\">Giovanni Andrea Zanon<\/a>, classe 1998<\/strong> e curriculum impressionante; un \u201ctestimonial\u201d ideale capace di raccontare ai suoi coetanei che la musica classica \u00e8 \u201ccool\u201d.\u00a0Zanon ha infatti invitato ad Arezzo<strong> straordinari musicisti \u201cunder30\u201d a dar vita ad un intenso programma concertistico<\/strong> che sar\u00e0 accompagnato da una serie di incontri pensati per coinvolgere i suoi coetanei.<\/p>\n<p><strong>Quattro i concerti<\/strong> che saranno proposti al <strong>Teatro Petrarca<\/strong>: fil rouge del festival, <a href=\"https:\/\/it.wikipedia.org\/wiki\/Ludwig_van_Beethoven\" target=\"_blank\" rel=\"noopener noreferrer\"><strong>Ludwig van Beethoven<\/strong><\/a> le cui partiture saranno presenti nei programmi eseguiti nelle varie serate, nella volont\u00e0 di rendere omaggio al genio tedesco nell\u2019anniversario della nascita. Inoltre saranno eseguiti alcuni dei pi\u00f9 grandi capolavori della letteratura musicale.<\/p>\n<h3>Il programma<\/h3>\n<p>Si comincia il<strong> 24 ottobre<\/strong> con il duo <strong>Giovanni Andrea Zanon (violino) e Federico Colli (pianoforte)<\/strong>, che proporranno un programma che prevede la Sonatina per violino e pianoforte N\u00b01, Op. 137 di Franz Schubert, la Sonata per violino e pianoforte \u201cLa Primavera\u201d N\u00b05, Op. 24 di Ludwig van Beethoven e Sonata per violino e pianoforte N\u00b03, Op. 108 di Johannes Brahms.<br \/>\nIl <strong>31 ottobre<\/strong> invece, sar\u00e0 la volta di un trio con <strong>Giovanni Andrea Zanon (violino), Pablo Ferr\u00e1ndez (violoncello) e Filippo Gorini (pianoforte)<\/strong> che eseguiranno il Trio \u201cdegli spettri\u201d N\u00b05, Op. 70 di Ludwig van Beethoven e il Trio N\u00b01, Op. 8 di Johannes Brahms.<br \/>\nIl <strong>7 novembre<\/strong> Giovanni Andrea Zanon (violino), Sara Ferr\u00e1ndez (viola), Erica Piccotti (violoncello), Ux\u00eda Mart\u00ednez Botana (contrabbasso) e Daniel Ciobanu (pianoforte), con la<strong> partecipazione straordinaria del baritono Mario Cassi<\/strong>, propongono un programma dedicato a Franz Schubert che prevede il Trio per archi N\u00b01, D. 471, alcuni Lieder e il Quintetto \u201cLa Trota\u201d Op. 114, D. 667.<br \/>\nIl <strong>13 novembre<\/strong> invece sar\u00e0 <strong>l\u2019Orchestra giovanile di Arezzo diretta da Roberto Pasquini<\/strong> con solista Giovanni Andrea Zanon (violino) a chiudere l\u2019Arezzo Youth Music Festival, con un programma che, oltre all\u2019overture \u201cCoriolano\u201d Op. 62 e il concerto per violino e orchestra Op. 61 di Ludwig van Beethoven, propone brani originali composti per la rassegna.<\/p>\n<h3>La musica classica non \u00e8 &#8220;noiosa&#8221;<\/h3>\n<p>\u201cSpesso la musica classica viene catalogata dai ragazzi come \u201cnoiosa\u201d \u2013 <strong>ha dichiarato il direttore artistico Giovanni Andrea Zanon<\/strong> &#8211; ma \u00e8 mia convinzione che questo distacco sia dovuto ad un errato coinvolgimento. <strong>Non \u00e8 sufficiente un semplice invito ai concerti, \u00e8 necessario far sentire i giovani coinvolti.<\/strong> Per questo motivo, prima di ogni concerto, tutti i musicisti invitati all\u2019<strong>Arezzo Youth Music Festival<\/strong> parteciperanno con i propri strumenti ad incontri organizzati con le scuole discutendo con i ragazzi. La giovane et\u00e0 dei musicisti faciliter\u00e0 il dialogo. Inoltre <strong>l\u2019idea di organizzare un festival musicale per i giovani musicisti<\/strong> proprio nella citt\u00e0 dove la scrittura musicale nacque per essere insegnata ai ragazzi \u00e8 assolutamente affascinante\u201d.<\/p>\n<p><iframe loading=\"lazy\" src=\"https:\/\/www.youtube.com\/embed\/I7h-Yx2tmlw\" width=\"800\" height=\"500\" frameborder=\"0\" allowfullscreen=\"allowfullscreen\"><span data-mce-type=\"bookmark\" style=\"display: inline-block; width: 0px; overflow: hidden; line-height: 0;\" class=\"mce_SELRES_start\">\ufeff<\/span><\/iframe><\/p>\n","protected":false},"excerpt":{"rendered":"<p>Dal 24 ottobre al 13 novembre, il Teatro Petrarca ospita quattro concerti che portano in scena il talento e la passione di straordinari musicisti \u201cunder30\u201d<\/p>\n","protected":false},"author":525,"featured_media":155536,"comment_status":"open","ping_status":"open","sticky":false,"template":"","format":"standard","meta":{"_acf_changed":false,"footnotes":""},"categories":[14],"tags":[216,4474,395,228,277],"class_list":["post-155533","post","type-post","status-publish","format-standard","has-post-thumbnail","hentry","category-musica","tag-concerti","tag-eventi","tag-eventi-in-toscana","tag-festival","tag-musica-classica"],"acf":[],"yoast_head":"<!-- This site is optimized with the Yoast SEO Premium plugin v24.2 (Yoast SEO v25.6) - https:\/\/yoast.com\/wordpress\/plugins\/seo\/ -->\n<title>Arezzo Youth Music Festival: quando la musica classica non \u00e8 \u201cnoiosa\u201d - intoscana<\/title>\n<meta name=\"description\" content=\"Dal 24 ottobre al 13 novembre, il Teatro Petrarca ospita quattro concerti che portano in scena il talento degli under30\" \/>\n<meta name=\"robots\" content=\"index, follow, max-snippet:-1, max-image-preview:large, max-video-preview:-1\" \/>\n<link rel=\"canonical\" href=\"https:\/\/www.intoscana.it\/it\/arezzo-youth-music-festival-quando-la-musica-classica-non-e-noiosa\/\" \/>\n<meta property=\"og:locale\" content=\"it_IT\" \/>\n<meta property=\"og:type\" content=\"article\" \/>\n<meta property=\"og:title\" content=\"Arezzo Youth Music Festival: quando la musica classica non \u00e8 \u201cnoiosa\u201d\" \/>\n<meta property=\"og:description\" content=\"Dal 24 ottobre al 13 novembre, il Teatro Petrarca ospita quattro concerti che portano in scena il talento degli under30\" \/>\n<meta property=\"og:url\" content=\"https:\/\/www.intoscana.it\/it\/arezzo-youth-music-festival-quando-la-musica-classica-non-e-noiosa\/\" \/>\n<meta property=\"og:site_name\" content=\"intoscana\" \/>\n<meta property=\"article:publisher\" content=\"https:\/\/www.facebook.com\/intoscana.it\" \/>\n<meta property=\"article:published_time\" content=\"2020-10-20T08:03:56+00:00\" \/>\n<meta property=\"og:image\" content=\"https:\/\/www.intoscana.it\/wp-content\/uploads\/unnamed-2-12.jpg\" \/>\n\t<meta property=\"og:image:width\" content=\"1920\" \/>\n\t<meta property=\"og:image:height\" content=\"1279\" \/>\n\t<meta property=\"og:image:type\" content=\"image\/jpeg\" \/>\n<meta name=\"author\" content=\"Redazione\" \/>\n<meta name=\"twitter:card\" content=\"summary_large_image\" \/>\n<meta name=\"twitter:creator\" content=\"@intoscana\" \/>\n<meta name=\"twitter:site\" content=\"@intoscana\" \/>\n<meta name=\"twitter:label1\" content=\"Written by\" \/>\n\t<meta name=\"twitter:data1\" content=\"Redazione\" \/>\n\t<meta name=\"twitter:label2\" content=\"Est. reading time\" \/>\n\t<meta name=\"twitter:data2\" content=\"2 minuti\" \/>\n<script type=\"application\/ld+json\" class=\"yoast-schema-graph\">{\"@context\":\"https:\/\/schema.org\",\"@graph\":[{\"@type\":\"WebPage\",\"@id\":\"https:\/\/www.intoscana.it\/it\/arezzo-youth-music-festival-quando-la-musica-classica-non-e-noiosa\/\",\"url\":\"https:\/\/www.intoscana.it\/it\/arezzo-youth-music-festival-quando-la-musica-classica-non-e-noiosa\/\",\"name\":\"Arezzo Youth Music Festival: quando la musica classica non \u00e8 \u201cnoiosa\u201d - intoscana\",\"isPartOf\":{\"@id\":\"https:\/\/www.intoscana.it\/it\/#website\"},\"primaryImageOfPage\":{\"@id\":\"https:\/\/www.intoscana.it\/it\/arezzo-youth-music-festival-quando-la-musica-classica-non-e-noiosa\/#primaryimage\"},\"image\":{\"@id\":\"https:\/\/www.intoscana.it\/it\/arezzo-youth-music-festival-quando-la-musica-classica-non-e-noiosa\/#primaryimage\"},\"thumbnailUrl\":\"https:\/\/www.intoscana.it\/wp-content\/uploads\/unnamed-2-12.jpg\",\"datePublished\":\"2020-10-20T08:03:56+00:00\",\"author\":{\"@id\":\"https:\/\/www.intoscana.it\/it\/#\/schema\/person\/9223810753230f20bd670fdd322661f8\"},\"description\":\"Dal 24 ottobre al 13 novembre, il Teatro Petrarca ospita quattro concerti che portano in scena il talento degli under30\",\"breadcrumb\":{\"@id\":\"https:\/\/www.intoscana.it\/it\/arezzo-youth-music-festival-quando-la-musica-classica-non-e-noiosa\/#breadcrumb\"},\"inLanguage\":\"it-IT\",\"potentialAction\":[{\"@type\":\"ReadAction\",\"target\":[\"https:\/\/www.intoscana.it\/it\/arezzo-youth-music-festival-quando-la-musica-classica-non-e-noiosa\/\"]}]},{\"@type\":\"ImageObject\",\"inLanguage\":\"it-IT\",\"@id\":\"https:\/\/www.intoscana.it\/it\/arezzo-youth-music-festival-quando-la-musica-classica-non-e-noiosa\/#primaryimage\",\"url\":\"https:\/\/www.intoscana.it\/wp-content\/uploads\/unnamed-2-12.jpg\",\"contentUrl\":\"https:\/\/www.intoscana.it\/wp-content\/uploads\/unnamed-2-12.jpg\",\"width\":1920,\"height\":1279},{\"@type\":\"BreadcrumbList\",\"@id\":\"https:\/\/www.intoscana.it\/it\/arezzo-youth-music-festival-quando-la-musica-classica-non-e-noiosa\/#breadcrumb\",\"itemListElement\":[{\"@type\":\"ListItem\",\"position\":1,\"name\":\"Home\",\"item\":\"https:\/\/www.intoscana.it\/it\/\"},{\"@type\":\"ListItem\",\"position\":2,\"name\":\"Arezzo Youth Music Festival: quando la musica classica non \u00e8 \u201cnoiosa\u201d\"}]},{\"@type\":\"WebSite\",\"@id\":\"https:\/\/www.intoscana.it\/it\/#website\",\"url\":\"https:\/\/www.intoscana.it\/it\/\",\"name\":\"intoscana\",\"description\":\"\",\"potentialAction\":[{\"@type\":\"SearchAction\",\"target\":{\"@type\":\"EntryPoint\",\"urlTemplate\":\"https:\/\/www.intoscana.it\/it\/?s={search_term_string}\"},\"query-input\":{\"@type\":\"PropertyValueSpecification\",\"valueRequired\":true,\"valueName\":\"search_term_string\"}}],\"inLanguage\":\"it-IT\"},{\"@type\":\"Person\",\"@id\":\"https:\/\/www.intoscana.it\/it\/#\/schema\/person\/9223810753230f20bd670fdd322661f8\",\"name\":\"Redazione\",\"url\":\"https:\/\/www.intoscana.it\/it\/author\/redazione\/\"}]}<\/script>\n<!-- \/ Yoast SEO Premium plugin. -->","yoast_head_json":{"title":"Arezzo Youth Music Festival: quando la musica classica non \u00e8 \u201cnoiosa\u201d - intoscana","description":"Dal 24 ottobre al 13 novembre, il Teatro Petrarca ospita quattro concerti che portano in scena il talento degli under30","robots":{"index":"index","follow":"follow","max-snippet":"max-snippet:-1","max-image-preview":"max-image-preview:large","max-video-preview":"max-video-preview:-1"},"canonical":"https:\/\/www.intoscana.it\/it\/arezzo-youth-music-festival-quando-la-musica-classica-non-e-noiosa\/","og_locale":"it_IT","og_type":"article","og_title":"Arezzo Youth Music Festival: quando la musica classica non \u00e8 \u201cnoiosa\u201d","og_description":"Dal 24 ottobre al 13 novembre, il Teatro Petrarca ospita quattro concerti che portano in scena il talento degli under30","og_url":"https:\/\/www.intoscana.it\/it\/arezzo-youth-music-festival-quando-la-musica-classica-non-e-noiosa\/","og_site_name":"intoscana","article_publisher":"https:\/\/www.facebook.com\/intoscana.it","article_published_time":"2020-10-20T08:03:56+00:00","og_image":[{"width":1920,"height":1279,"url":"https:\/\/www.intoscana.it\/wp-content\/uploads\/unnamed-2-12.jpg","type":"image\/jpeg"}],"author":"Redazione","twitter_card":"summary_large_image","twitter_creator":"@intoscana","twitter_site":"@intoscana","twitter_misc":{"Written by":"Redazione","Est. reading time":"2 minuti"},"schema":{"@context":"https:\/\/schema.org","@graph":[{"@type":"WebPage","@id":"https:\/\/www.intoscana.it\/it\/arezzo-youth-music-festival-quando-la-musica-classica-non-e-noiosa\/","url":"https:\/\/www.intoscana.it\/it\/arezzo-youth-music-festival-quando-la-musica-classica-non-e-noiosa\/","name":"Arezzo Youth Music Festival: quando la musica classica non \u00e8 \u201cnoiosa\u201d - intoscana","isPartOf":{"@id":"https:\/\/www.intoscana.it\/it\/#website"},"primaryImageOfPage":{"@id":"https:\/\/www.intoscana.it\/it\/arezzo-youth-music-festival-quando-la-musica-classica-non-e-noiosa\/#primaryimage"},"image":{"@id":"https:\/\/www.intoscana.it\/it\/arezzo-youth-music-festival-quando-la-musica-classica-non-e-noiosa\/#primaryimage"},"thumbnailUrl":"https:\/\/www.intoscana.it\/wp-content\/uploads\/unnamed-2-12.jpg","datePublished":"2020-10-20T08:03:56+00:00","author":{"@id":"https:\/\/www.intoscana.it\/it\/#\/schema\/person\/9223810753230f20bd670fdd322661f8"},"description":"Dal 24 ottobre al 13 novembre, il Teatro Petrarca ospita quattro concerti che portano in scena il talento degli under30","breadcrumb":{"@id":"https:\/\/www.intoscana.it\/it\/arezzo-youth-music-festival-quando-la-musica-classica-non-e-noiosa\/#breadcrumb"},"inLanguage":"it-IT","potentialAction":[{"@type":"ReadAction","target":["https:\/\/www.intoscana.it\/it\/arezzo-youth-music-festival-quando-la-musica-classica-non-e-noiosa\/"]}]},{"@type":"ImageObject","inLanguage":"it-IT","@id":"https:\/\/www.intoscana.it\/it\/arezzo-youth-music-festival-quando-la-musica-classica-non-e-noiosa\/#primaryimage","url":"https:\/\/www.intoscana.it\/wp-content\/uploads\/unnamed-2-12.jpg","contentUrl":"https:\/\/www.intoscana.it\/wp-content\/uploads\/unnamed-2-12.jpg","width":1920,"height":1279},{"@type":"BreadcrumbList","@id":"https:\/\/www.intoscana.it\/it\/arezzo-youth-music-festival-quando-la-musica-classica-non-e-noiosa\/#breadcrumb","itemListElement":[{"@type":"ListItem","position":1,"name":"Home","item":"https:\/\/www.intoscana.it\/it\/"},{"@type":"ListItem","position":2,"name":"Arezzo Youth Music Festival: quando la musica classica non \u00e8 \u201cnoiosa\u201d"}]},{"@type":"WebSite","@id":"https:\/\/www.intoscana.it\/it\/#website","url":"https:\/\/www.intoscana.it\/it\/","name":"intoscana","description":"","potentialAction":[{"@type":"SearchAction","target":{"@type":"EntryPoint","urlTemplate":"https:\/\/www.intoscana.it\/it\/?s={search_term_string}"},"query-input":{"@type":"PropertyValueSpecification","valueRequired":true,"valueName":"search_term_string"}}],"inLanguage":"it-IT"},{"@type":"Person","@id":"https:\/\/www.intoscana.it\/it\/#\/schema\/person\/9223810753230f20bd670fdd322661f8","name":"Redazione","url":"https:\/\/www.intoscana.it\/it\/author\/redazione\/"}]}},"_links":{"self":[{"href":"https:\/\/www.intoscana.it\/it\/wp-json\/wp\/v2\/posts\/155533","targetHints":{"allow":["GET"]}}],"collection":[{"href":"https:\/\/www.intoscana.it\/it\/wp-json\/wp\/v2\/posts"}],"about":[{"href":"https:\/\/www.intoscana.it\/it\/wp-json\/wp\/v2\/types\/post"}],"author":[{"embeddable":true,"href":"https:\/\/www.intoscana.it\/it\/wp-json\/wp\/v2\/users\/525"}],"replies":[{"embeddable":true,"href":"https:\/\/www.intoscana.it\/it\/wp-json\/wp\/v2\/comments?post=155533"}],"version-history":[{"count":0,"href":"https:\/\/www.intoscana.it\/it\/wp-json\/wp\/v2\/posts\/155533\/revisions"}],"wp:featuredmedia":[{"embeddable":true,"href":"https:\/\/www.intoscana.it\/it\/wp-json\/wp\/v2\/media\/155536"}],"wp:attachment":[{"href":"https:\/\/www.intoscana.it\/it\/wp-json\/wp\/v2\/media?parent=155533"}],"wp:term":[{"taxonomy":"category","embeddable":true,"href":"https:\/\/www.intoscana.it\/it\/wp-json\/wp\/v2\/categories?post=155533"},{"taxonomy":"post_tag","embeddable":true,"href":"https:\/\/www.intoscana.it\/it\/wp-json\/wp\/v2\/tags?post=155533"}],"curies":[{"name":"wp","href":"https:\/\/api.w.org\/{rel}","templated":true}]}}