{"id":155569,"date":"2020-10-20T10:48:37","date_gmt":"2020-10-20T08:48:37","guid":{"rendered":"https:\/\/www.intoscana.it\/it\/?p=155569"},"modified":"2020-10-20T10:48:37","modified_gmt":"2020-10-20T08:48:37","slug":"job-fair-la-fiera-del-lavoro-delle-scuole-universitarie-superiori-va-online","status":"publish","type":"post","link":"https:\/\/www.intoscana.it\/it\/job-fair-la-fiera-del-lavoro-delle-scuole-universitarie-superiori-va-online\/","title":{"rendered":"Job Fair: la fiera del lavoro delle scuole universitarie superiori va online"},"content":{"rendered":"<p>Il 21 e 22 ottobre torna con un&#8217;edizione online <strong>Job Fair, la fiera del lavoro<\/strong> dedicata ad allieve ed ex allieve, allievi ed ex allievi delle sei Scuole universitarie superiori italiane, di cui tre si trovano in Toscana: la Scuola Superiore San<strong>t\u2019Anna di Pisa, la Scuola Normale <\/strong>Superiore e la Scuola<strong> Imt Alti Studi Lucca.<\/strong><\/p>\n<p>Un&#8217;occasione per i talenti altamente selezionati e formati in atenei pubblici, che potranno cos\u00ec entrare in contatto con i rappresentanti di organizzazioni e con selezionatori di alcune delle pi\u00f9 importanti aziende del panorama italiano e internazionale, per candidarsi a ricoprire posizioni aperte e per creare e approfondire la rete dei contatti, anche per cogliere opportunit\u00e0 future.<\/p>\n<p>L\u2019obiettivo \u00e8 confermare il successo dell\u2019edizione precedente, che ha visto la partecipazione di oltre 250 tra allieve e allievi, ex allieve ed ex allievi delle sei Scuole universitarie superiori, per un totale di circa <strong>mille colloqui individuali con i recruiter di 50 aziende<\/strong> alla ricerca di risorse umane ad altissimo potenziale.<\/p>\n<h3>Il progamma della due giorni<\/h3>\n<p>Per l\u2019e<a href=\"https:\/\/www.santannapisa.it\/it\/jobfair-il-job-meeting-delle-scuole-di-eccellenza-italiane\" target=\"_blank\" rel=\"noopener noreferrer\">dizione 2020<\/a> della Job Fair, la prima giornata (mercoled\u00ec 21 ottobre) sar\u00e0 dedicata alla cerimonia di apertura, con una \u201cConsensus conference\u201d per riflettere e confrontarsi sul ruolo delle Scuole universitarie superiori nella formazione, per il riconoscimento del merito e per la valorizzazione del talento, anche in prospettiva di un contributo per il rilancio del \u201cSistema italia\u201d. \u00c8 prevista la presenza, da remoto, del <strong>ministro dell\u2019Universit\u00e0 Gaetano Manfred<\/strong>i e del vice presidente per il Capitale umano di Confindustria Giovanni Brugnoli. Sempre in questa prima giornata, sono previste sessioni parallele per la presentazione delle aziende. La seconda giornata (gioved\u00ec 22 ottobre) \u00e8 invece dedicata ai colloqui con i rappresentanti di istituzioni e di aziende, sempre da remoto.<\/p>\n<p>Nelle precedenti edizioni, la Job Fair ha creato numerose opportunit\u00e0 di lavoro, dando un contributo all\u2019orientamento di allieve e allievi, ex allieve ed ex allievi verso realt\u00e0 professionali differenti rispetto a quelle offerte dal mondo accademico e della ricerca, ma altrettanto dinamiche e stimolanti. Per chi si appresta a terminare o ha gi\u00e0 concluso il percorso formativo in una delle sei Scuole universitarie superiori si tratta di un\u2019opportunit\u00e0 preziosa per chiarirsi le idee sulle caratteristiche del mondo del lavoro e per creare contatti preziosi in vista di un prossimo inserimento in istituzioni o aziende. <strong>I colloqui rappresentano infatti l\u2019occasione per mettersi alla prova in un ambiente nuovo<\/strong> e per verificare l\u2019adeguatezza sia delle competenze tecniche acquisite, sia delle capacit\u00e0 relazionali che sono richieste dalle istituzioni e dalle imprese leader.<\/p>\n<h3>Al centro la valorizzazione del talento<\/h3>\n<p>Dal punto di vista delle istituzioni e delle aziende, Job Fair si distingue dagli altri Career Day. Il numero di chi partecipa \u00e8 relativamente contenuto, ma le caratteristiche individuali permettono di <strong>rendere al massimo l\u2019efficacia del processo di selezione.<\/strong> In aggiunta alle alte competenze tecniche di allieve, allievi, ex allieve ed ex allievi, le aziende dimostrano di apprezzare la loro capacit\u00e0 di interpretare i dati, di interagire in modo efficace con il mondo esterno e anche la forte motivazione.<\/p>\n<p>La Job Fair rappresenta l\u2019unico appuntamento dove le sei Scuole universitarie superiori, tra le realt\u00e0 accademiche pi\u00f9 dinamiche e di maggior successo scientifico in Italia e all\u2019estero, si presentano in maniera congiunta per partecipare a un evento unico che mette al centro la <strong>valorizzazione del talento<\/strong> e che getta un ponte tra formazione avanzata, ricerca e mondo delle istituzioni e delle imprese top. Oltre ai tre atenei toscani sono coinvolti la <span lang=\"IT\">Scuola Universitaria Superiore Iuss di Pavia, Gran Sasso Science Institute dell\u2019Aquila e la <\/span><span lang=\"IT\">Scuola Internazionale Superiore di Studi Avanzati di Trieste.<\/span><\/p>\n<p><em>\u201cLe Scuole Universitarie Superiori<\/em> \u2013 sottolineano in maniera congiunta i rettori e i direttori nel presentare la Job Fair 2020 &#8211;<em> svolgono un ruolo centrale nello sviluppo del tessuto imprenditoriale ed economico italiano. Attraverso percorsi di formazione avanzata, esse offrono alle proprie allieve e ai propri allievi tutti gli strumenti per generare innovazione e crescita e per affrontare le sfide lavorative del futuro, sviluppando al meglio le loro notevoli capacit\u00e0.<strong> Il 2020 \u00e8 stato e sar\u00e0 un anno difficile anche per l\u2019Italia, e<\/strong>ppure le sei Scuole universitarie superiori non hanno interrotto la loro attivit\u00e0 a sostegno della didattica e della ricerca, per dare un utile contributo a supporto dello sviluppo e dell\u2019innovazione. In questa prospettiva e in un momento cos\u00ec delicato, riteniamo particolarmente importante \u2013 concludono i rettori e i direttori &#8211; continuare a sostenere chi ha terminato o \u00e8 in procinto di terminare percorsi formativi di elevata qualificazione, mettendo altres\u00ec le nostre istituzioni in stretto contatto con le pi\u00f9 importanti istituzioni e aziende italiane e internazionali\u201d.<\/em><\/p>\n","protected":false},"excerpt":{"rendered":"<p>Il 21 e 22 ottobre torna l&#8217;iniziativa che mette in contatto gli studenti e i laureati con le aziende, promosso anche dalla Normale di Pisa, Scuola Sant&#8217;Anna e Imt di Lucca<\/p>\n","protected":false},"author":525,"featured_media":145491,"comment_status":"open","ping_status":"open","sticky":false,"template":"","format":"standard","meta":{"_acf_changed":false,"footnotes":""},"categories":[494],"tags":[260,4438,4373,234],"class_list":["post-155569","post","type-post","status-publish","format-standard","has-post-thumbnail","hentry","category-attualita","tag-lavoro","tag-scuola-normale-di-pisa","tag-scuola-santanna-di-pisa","tag-universita"],"acf":[],"yoast_head":"<!-- This site is optimized with the Yoast SEO Premium plugin v24.2 (Yoast SEO v25.6) - https:\/\/yoast.com\/wordpress\/plugins\/seo\/ -->\n<title>Job Fair: la fiera del lavoro delle scuole universitarie superiori va online - intoscana<\/title>\n<meta name=\"description\" content=\"Torna Job Fair, la fiera del lavoro per gli allievi delle scuole universitarie superiori italiane, tra cui Sant&#039;Anna, Normale e Imt di Lucca.\" \/>\n<meta name=\"robots\" content=\"index, follow, max-snippet:-1, max-image-preview:large, max-video-preview:-1\" \/>\n<link rel=\"canonical\" href=\"https:\/\/www.intoscana.it\/it\/job-fair-la-fiera-del-lavoro-delle-scuole-universitarie-superiori-va-online\/\" \/>\n<meta property=\"og:locale\" content=\"it_IT\" \/>\n<meta property=\"og:type\" content=\"article\" \/>\n<meta property=\"og:title\" content=\"Job Fair: la fiera del lavoro delle scuole universitarie superiori va online\" \/>\n<meta property=\"og:description\" content=\"Torna Job Fair, la fiera del lavoro per gli allievi delle scuole universitarie superiori italiane, tra cui Sant&#039;Anna, Normale e Imt di Lucca.\" \/>\n<meta property=\"og:url\" content=\"https:\/\/www.intoscana.it\/it\/job-fair-la-fiera-del-lavoro-delle-scuole-universitarie-superiori-va-online\/\" \/>\n<meta property=\"og:site_name\" content=\"intoscana\" \/>\n<meta property=\"article:publisher\" content=\"https:\/\/www.facebook.com\/intoscana.it\" \/>\n<meta property=\"article:published_time\" content=\"2020-10-20T08:48:37+00:00\" \/>\n<meta property=\"og:image\" content=\"https:\/\/www.intoscana.it\/wp-content\/uploads\/giovani-studenti-formazione-4.jpg\" \/>\n\t<meta property=\"og:image:width\" content=\"1920\" \/>\n\t<meta property=\"og:image:height\" content=\"1279\" \/>\n\t<meta property=\"og:image:type\" content=\"image\/jpeg\" \/>\n<meta name=\"author\" content=\"Redazione\" \/>\n<meta name=\"twitter:card\" content=\"summary_large_image\" \/>\n<meta name=\"twitter:creator\" content=\"@intoscana\" \/>\n<meta name=\"twitter:site\" content=\"@intoscana\" \/>\n<meta name=\"twitter:label1\" content=\"Written by\" \/>\n\t<meta name=\"twitter:data1\" content=\"Redazione\" \/>\n\t<meta name=\"twitter:label2\" content=\"Est. reading time\" \/>\n\t<meta name=\"twitter:data2\" content=\"4 minuti\" \/>\n<script type=\"application\/ld+json\" class=\"yoast-schema-graph\">{\"@context\":\"https:\/\/schema.org\",\"@graph\":[{\"@type\":\"WebPage\",\"@id\":\"https:\/\/www.intoscana.it\/it\/job-fair-la-fiera-del-lavoro-delle-scuole-universitarie-superiori-va-online\/\",\"url\":\"https:\/\/www.intoscana.it\/it\/job-fair-la-fiera-del-lavoro-delle-scuole-universitarie-superiori-va-online\/\",\"name\":\"Job Fair: la fiera del lavoro delle scuole universitarie superiori va online - intoscana\",\"isPartOf\":{\"@id\":\"https:\/\/www.intoscana.it\/it\/#website\"},\"primaryImageOfPage\":{\"@id\":\"https:\/\/www.intoscana.it\/it\/job-fair-la-fiera-del-lavoro-delle-scuole-universitarie-superiori-va-online\/#primaryimage\"},\"image\":{\"@id\":\"https:\/\/www.intoscana.it\/it\/job-fair-la-fiera-del-lavoro-delle-scuole-universitarie-superiori-va-online\/#primaryimage\"},\"thumbnailUrl\":\"https:\/\/www.intoscana.it\/wp-content\/uploads\/giovani-studenti-formazione-4.jpg\",\"datePublished\":\"2020-10-20T08:48:37+00:00\",\"author\":{\"@id\":\"https:\/\/www.intoscana.it\/it\/#\/schema\/person\/9223810753230f20bd670fdd322661f8\"},\"description\":\"Torna Job Fair, la fiera del lavoro per gli allievi delle scuole universitarie superiori italiane, tra cui Sant'Anna, Normale e Imt di Lucca.\",\"breadcrumb\":{\"@id\":\"https:\/\/www.intoscana.it\/it\/job-fair-la-fiera-del-lavoro-delle-scuole-universitarie-superiori-va-online\/#breadcrumb\"},\"inLanguage\":\"it-IT\",\"potentialAction\":[{\"@type\":\"ReadAction\",\"target\":[\"https:\/\/www.intoscana.it\/it\/job-fair-la-fiera-del-lavoro-delle-scuole-universitarie-superiori-va-online\/\"]}]},{\"@type\":\"ImageObject\",\"inLanguage\":\"it-IT\",\"@id\":\"https:\/\/www.intoscana.it\/it\/job-fair-la-fiera-del-lavoro-delle-scuole-universitarie-superiori-va-online\/#primaryimage\",\"url\":\"https:\/\/www.intoscana.it\/wp-content\/uploads\/giovani-studenti-formazione-4.jpg\",\"contentUrl\":\"https:\/\/www.intoscana.it\/wp-content\/uploads\/giovani-studenti-formazione-4.jpg\",\"width\":1920,\"height\":1279},{\"@type\":\"BreadcrumbList\",\"@id\":\"https:\/\/www.intoscana.it\/it\/job-fair-la-fiera-del-lavoro-delle-scuole-universitarie-superiori-va-online\/#breadcrumb\",\"itemListElement\":[{\"@type\":\"ListItem\",\"position\":1,\"name\":\"Home\",\"item\":\"https:\/\/www.intoscana.it\/it\/\"},{\"@type\":\"ListItem\",\"position\":2,\"name\":\"Job Fair: la fiera del lavoro delle scuole universitarie superiori va online\"}]},{\"@type\":\"WebSite\",\"@id\":\"https:\/\/www.intoscana.it\/it\/#website\",\"url\":\"https:\/\/www.intoscana.it\/it\/\",\"name\":\"intoscana\",\"description\":\"\",\"potentialAction\":[{\"@type\":\"SearchAction\",\"target\":{\"@type\":\"EntryPoint\",\"urlTemplate\":\"https:\/\/www.intoscana.it\/it\/?s={search_term_string}\"},\"query-input\":{\"@type\":\"PropertyValueSpecification\",\"valueRequired\":true,\"valueName\":\"search_term_string\"}}],\"inLanguage\":\"it-IT\"},{\"@type\":\"Person\",\"@id\":\"https:\/\/www.intoscana.it\/it\/#\/schema\/person\/9223810753230f20bd670fdd322661f8\",\"name\":\"Redazione\",\"url\":\"https:\/\/www.intoscana.it\/it\/author\/redazione\/\"}]}<\/script>\n<!-- \/ Yoast SEO Premium plugin. -->","yoast_head_json":{"title":"Job Fair: la fiera del lavoro delle scuole universitarie superiori va online - intoscana","description":"Torna Job Fair, la fiera del lavoro per gli allievi delle scuole universitarie superiori italiane, tra cui Sant'Anna, Normale e Imt di Lucca.","robots":{"index":"index","follow":"follow","max-snippet":"max-snippet:-1","max-image-preview":"max-image-preview:large","max-video-preview":"max-video-preview:-1"},"canonical":"https:\/\/www.intoscana.it\/it\/job-fair-la-fiera-del-lavoro-delle-scuole-universitarie-superiori-va-online\/","og_locale":"it_IT","og_type":"article","og_title":"Job Fair: la fiera del lavoro delle scuole universitarie superiori va online","og_description":"Torna Job Fair, la fiera del lavoro per gli allievi delle scuole universitarie superiori italiane, tra cui Sant'Anna, Normale e Imt di Lucca.","og_url":"https:\/\/www.intoscana.it\/it\/job-fair-la-fiera-del-lavoro-delle-scuole-universitarie-superiori-va-online\/","og_site_name":"intoscana","article_publisher":"https:\/\/www.facebook.com\/intoscana.it","article_published_time":"2020-10-20T08:48:37+00:00","og_image":[{"width":1920,"height":1279,"url":"https:\/\/www.intoscana.it\/wp-content\/uploads\/giovani-studenti-formazione-4.jpg","type":"image\/jpeg"}],"author":"Redazione","twitter_card":"summary_large_image","twitter_creator":"@intoscana","twitter_site":"@intoscana","twitter_misc":{"Written by":"Redazione","Est. reading time":"4 minuti"},"schema":{"@context":"https:\/\/schema.org","@graph":[{"@type":"WebPage","@id":"https:\/\/www.intoscana.it\/it\/job-fair-la-fiera-del-lavoro-delle-scuole-universitarie-superiori-va-online\/","url":"https:\/\/www.intoscana.it\/it\/job-fair-la-fiera-del-lavoro-delle-scuole-universitarie-superiori-va-online\/","name":"Job Fair: la fiera del lavoro delle scuole universitarie superiori va online - intoscana","isPartOf":{"@id":"https:\/\/www.intoscana.it\/it\/#website"},"primaryImageOfPage":{"@id":"https:\/\/www.intoscana.it\/it\/job-fair-la-fiera-del-lavoro-delle-scuole-universitarie-superiori-va-online\/#primaryimage"},"image":{"@id":"https:\/\/www.intoscana.it\/it\/job-fair-la-fiera-del-lavoro-delle-scuole-universitarie-superiori-va-online\/#primaryimage"},"thumbnailUrl":"https:\/\/www.intoscana.it\/wp-content\/uploads\/giovani-studenti-formazione-4.jpg","datePublished":"2020-10-20T08:48:37+00:00","author":{"@id":"https:\/\/www.intoscana.it\/it\/#\/schema\/person\/9223810753230f20bd670fdd322661f8"},"description":"Torna Job Fair, la fiera del lavoro per gli allievi delle scuole universitarie superiori italiane, tra cui Sant'Anna, Normale e Imt di Lucca.","breadcrumb":{"@id":"https:\/\/www.intoscana.it\/it\/job-fair-la-fiera-del-lavoro-delle-scuole-universitarie-superiori-va-online\/#breadcrumb"},"inLanguage":"it-IT","potentialAction":[{"@type":"ReadAction","target":["https:\/\/www.intoscana.it\/it\/job-fair-la-fiera-del-lavoro-delle-scuole-universitarie-superiori-va-online\/"]}]},{"@type":"ImageObject","inLanguage":"it-IT","@id":"https:\/\/www.intoscana.it\/it\/job-fair-la-fiera-del-lavoro-delle-scuole-universitarie-superiori-va-online\/#primaryimage","url":"https:\/\/www.intoscana.it\/wp-content\/uploads\/giovani-studenti-formazione-4.jpg","contentUrl":"https:\/\/www.intoscana.it\/wp-content\/uploads\/giovani-studenti-formazione-4.jpg","width":1920,"height":1279},{"@type":"BreadcrumbList","@id":"https:\/\/www.intoscana.it\/it\/job-fair-la-fiera-del-lavoro-delle-scuole-universitarie-superiori-va-online\/#breadcrumb","itemListElement":[{"@type":"ListItem","position":1,"name":"Home","item":"https:\/\/www.intoscana.it\/it\/"},{"@type":"ListItem","position":2,"name":"Job Fair: la fiera del lavoro delle scuole universitarie superiori va online"}]},{"@type":"WebSite","@id":"https:\/\/www.intoscana.it\/it\/#website","url":"https:\/\/www.intoscana.it\/it\/","name":"intoscana","description":"","potentialAction":[{"@type":"SearchAction","target":{"@type":"EntryPoint","urlTemplate":"https:\/\/www.intoscana.it\/it\/?s={search_term_string}"},"query-input":{"@type":"PropertyValueSpecification","valueRequired":true,"valueName":"search_term_string"}}],"inLanguage":"it-IT"},{"@type":"Person","@id":"https:\/\/www.intoscana.it\/it\/#\/schema\/person\/9223810753230f20bd670fdd322661f8","name":"Redazione","url":"https:\/\/www.intoscana.it\/it\/author\/redazione\/"}]}},"_links":{"self":[{"href":"https:\/\/www.intoscana.it\/it\/wp-json\/wp\/v2\/posts\/155569","targetHints":{"allow":["GET"]}}],"collection":[{"href":"https:\/\/www.intoscana.it\/it\/wp-json\/wp\/v2\/posts"}],"about":[{"href":"https:\/\/www.intoscana.it\/it\/wp-json\/wp\/v2\/types\/post"}],"author":[{"embeddable":true,"href":"https:\/\/www.intoscana.it\/it\/wp-json\/wp\/v2\/users\/525"}],"replies":[{"embeddable":true,"href":"https:\/\/www.intoscana.it\/it\/wp-json\/wp\/v2\/comments?post=155569"}],"version-history":[{"count":0,"href":"https:\/\/www.intoscana.it\/it\/wp-json\/wp\/v2\/posts\/155569\/revisions"}],"wp:featuredmedia":[{"embeddable":true,"href":"https:\/\/www.intoscana.it\/it\/wp-json\/wp\/v2\/media\/145491"}],"wp:attachment":[{"href":"https:\/\/www.intoscana.it\/it\/wp-json\/wp\/v2\/media?parent=155569"}],"wp:term":[{"taxonomy":"category","embeddable":true,"href":"https:\/\/www.intoscana.it\/it\/wp-json\/wp\/v2\/categories?post=155569"},{"taxonomy":"post_tag","embeddable":true,"href":"https:\/\/www.intoscana.it\/it\/wp-json\/wp\/v2\/tags?post=155569"}],"curies":[{"name":"wp","href":"https:\/\/api.w.org\/{rel}","templated":true}]}}