{"id":155603,"date":"2020-10-20T12:30:01","date_gmt":"2020-10-20T10:30:01","guid":{"rendered":"https:\/\/www.intoscana.it\/it\/?p=155603"},"modified":"2020-10-20T12:30:38","modified_gmt":"2020-10-20T10:30:38","slug":"firenze-rosa-tumore-al-seno","status":"publish","type":"post","link":"https:\/\/www.intoscana.it\/it\/firenze-rosa-tumore-al-seno\/","title":{"rendered":"Firenze si tinge di rosa per la lotta contro il tumore al seno"},"content":{"rendered":"<p>Il centro di <strong>Firenze si tinge di rosa per la lotta contro il tumore al seno.<\/strong> Per una settimana, <strong>dal 19 al 24 ottobr<\/strong>e, alcuni monumenti della citt\u00e0 si illuminano ogni sera di rosa per sensibilizzare all&#8217;importanza della diagnosi precoce del cancro al seno, dalle porte storiche ai loggiati dell&#8217;Istituto degli Innocenti, a cui si aggiunge il Palazzo comunale di Bagno a Ripoli che rester\u00e0 acceso per tutto il mese.<\/p>\n<h3>L&#8217;importanza della prevenzione<\/h3>\n<p>\u00c8 una delle tante iniziative promosse dall&#8217;associazione <a href=\"http:\/\/www.firenzeinrosa.it\/firenze-in-rosa-per-il-pink-october-2020\/\" target=\"_blank\" rel=\"noopener noreferrer\"><strong>Firenze in rosa Onlus,<\/strong><\/a> in collaborazione con il Comune e con la partecipazione concreta di altre istituzioni tra cui l&#8217;Istituto degli Innocenti, per il Pink October, mese internazionale dedicato al tema della prevenzione.<\/p>\n<p>&#8220;<em>Il cuore della citt\u00e0 si colora di rosa grazie ad una partecipazione concreta di istituzioni ed enti per sfidare insieme il tumore al seno e ricordare a donne e uomini quanto sia importante sottoporsi a controlli periodici nella lotta contro il tumore al seno<\/em>&#8221; afferma la presidente di Firenze in rosa Onlus, Lucia De Ranieri &#8220;<em>Il drastico calo degli screening e delle diagnosi di tumori nei primi mesi del 2020, dovuto anche alla situazione di emergenza Covid, non significa purtroppo meno tumori, bens\u00ec un aumento di persone inconsapevoli di essere malate. \u00c8 importante, oggi ancora di pi\u00f9, sottolineare l&#8217;importanza di fare prevenzione<\/em>&#8220;.<\/p>\n<figure id=\"attachment_155607\" aria-describedby=\"caption-attachment-155607\" style=\"width: 800px\" class=\"wp-caption alignnone\"><img loading=\"lazy\" decoding=\"async\" class=\"wp-image-155607\" src=\"https:\/\/www.intoscana.it\/wp-content\/uploads\/Loggiato-Istituto-Innocenti_2-300x205.jpg\" alt=\"Il Loggiato dell'Istituto degli Innocenti in rosa per la lotta al tumore al seno\" width=\"800\" height=\"547\" srcset=\"https:\/\/www.intoscana.it\/wp-content\/uploads\/Loggiato-Istituto-Innocenti_2-300x205.jpg 300w, https:\/\/www.intoscana.it\/wp-content\/uploads\/Loggiato-Istituto-Innocenti_2-500x342.jpg 500w, https:\/\/www.intoscana.it\/wp-content\/uploads\/Loggiato-Istituto-Innocenti_2-768x525.jpg 768w, https:\/\/www.intoscana.it\/wp-content\/uploads\/Loggiato-Istituto-Innocenti_2-1536x1051.jpg 1536w, https:\/\/www.intoscana.it\/wp-content\/uploads\/Loggiato-Istituto-Innocenti_2-scaled.jpg 2048w\" sizes=\"auto, (max-width: 800px) 100vw, 800px\" \/><figcaption id=\"caption-attachment-155607\" class=\"wp-caption-text\">Il Loggiato dell&#8217;Istituto degli Innocenti in rosa<\/figcaption><\/figure>\n<p>Anche l&#8217;<strong>Istituto degli Innocenti<\/strong> aderisce alla manifestazione per sottolineare ancora una volta l&#8217;importanza della prevenzione oncologica ed in particolare dello screening legato al tumore al seno. Per l&#8217;occasione i loggiati dell&#8217;istituto, alla sera, si tingeranno del colore simbolo della campagna.<\/p>\n<p>&#8220;<em>L&#8217;Istituto degli Innocenti, che da seicento anni opera in favore dei diritti non solo dei bambini ma anche delle madri con un&#8217;attenzione speciale per l&#8217;universo femminile, non poteva che essere in prima linea per questa battaglia, che parte da una corretta informazione e da un corretto e puntuale screening oncologico<\/em>&#8221; sottolinea la presidente dell&#8217;istituto, Maria Grazia Giuffrida. &#8220;L<em>a lotta al tumore al seno non si deve fermare. \u00c8 fondamentale non perdere di vista l&#8217;importanza di stili di vita corretti e delle potenzialit\u00e0 dello screening oncologico, anche e soprattutto in un momento come quello che stiamo vivendo dove la nostra attenzione \u00e8 focalizzata principalmente al contenimento del Covid-19&#8243; <\/em>.<\/p>\n<h3>Ecografie al seno gratuite a The Student Hoel<\/h3>\n<p>Tra le altre iniziative messe in campo dall&#8217;associazione il Punto Rosa, in corso fino al 23 ottobre presso The Student Hotel, dove la Onlus offre<strong> su prenotazione controlli ecografici al seno<\/strong> gratuiti per donne fino ai 45 anni e oltre i 75 anni di et\u00e0.<\/p>\n<p>Per l&#8217;occasione anche duemila negozi, aderenti all&#8217;iniziativa, esporranno il Fiocco Rosa ed i materiali del Pink October appositamente elaborati dalla Onlus. E l&#8217;invito \u00e8 rivolto a tutti i cittadini ad esporre dal balcone qualcosa di rosa o ad indossare un accessorio &#8216;pink&#8217;.<\/p>\n<p>&nbsp;<\/p>\n","protected":false},"excerpt":{"rendered":"<p>Fino al 24 ottobre per una settimana le porte storiche fiorentine, i loggiati dell&#8217;Istituto degli Innocenti e l&#8217;Arno si illuminano di rosa per ricordare l&#8217;importanza della prevenzione<\/p>\n","protected":false},"author":525,"featured_media":155611,"comment_status":"open","ping_status":"open","sticky":false,"template":"","format":"standard","meta":{"_acf_changed":false,"footnotes":""},"categories":[494,18],"tags":[202,134],"class_list":["post-155603","post","type-post","status-publish","format-standard","has-post-thumbnail","hentry","category-attualita","category-salute","tag-firenze","tag-salute"],"acf":[],"yoast_head":"<!-- This site is optimized with the Yoast SEO Premium plugin v24.2 (Yoast SEO v25.6) - https:\/\/yoast.com\/wordpress\/plugins\/seo\/ -->\n<title>Firenze si tinge di rosa per la lotta contro il tumore al seno - intoscana<\/title>\n<meta name=\"description\" content=\"Il centro di Firenze si tinge di rosa contro il tumore al seno grazie all&#039;iniziativa dell&#039;associazione Firenze in rosa.\" \/>\n<meta name=\"robots\" content=\"index, follow, max-snippet:-1, max-image-preview:large, max-video-preview:-1\" \/>\n<link rel=\"canonical\" href=\"https:\/\/www.intoscana.it\/it\/firenze-rosa-tumore-al-seno\/\" \/>\n<meta property=\"og:locale\" content=\"it_IT\" \/>\n<meta property=\"og:type\" content=\"article\" \/>\n<meta property=\"og:title\" content=\"Firenze si tinge di rosa per la lotta contro il tumore al seno\" \/>\n<meta property=\"og:description\" content=\"Il centro di Firenze si tinge di rosa contro il tumore al seno grazie all&#039;iniziativa dell&#039;associazione Firenze in rosa.\" \/>\n<meta property=\"og:url\" content=\"https:\/\/www.intoscana.it\/it\/firenze-rosa-tumore-al-seno\/\" \/>\n<meta property=\"og:site_name\" content=\"intoscana\" \/>\n<meta property=\"article:publisher\" content=\"https:\/\/www.facebook.com\/intoscana.it\" \/>\n<meta property=\"article:published_time\" content=\"2020-10-20T10:30:01+00:00\" \/>\n<meta property=\"article:modified_time\" content=\"2020-10-20T10:30:38+00:00\" \/>\n<meta property=\"og:image\" content=\"https:\/\/www.intoscana.it\/wp-content\/uploads\/porta-romana-SAN_5067.jpg\" \/>\n\t<meta property=\"og:image:width\" content=\"2048\" \/>\n\t<meta property=\"og:image:height\" content=\"1366\" \/>\n\t<meta property=\"og:image:type\" content=\"image\/jpeg\" \/>\n<meta name=\"author\" content=\"Redazione\" \/>\n<meta name=\"twitter:card\" content=\"summary_large_image\" \/>\n<meta name=\"twitter:creator\" content=\"@intoscana\" \/>\n<meta name=\"twitter:site\" content=\"@intoscana\" \/>\n<meta name=\"twitter:label1\" content=\"Written by\" \/>\n\t<meta name=\"twitter:data1\" content=\"Redazione\" \/>\n\t<meta name=\"twitter:label2\" content=\"Est. reading time\" \/>\n\t<meta name=\"twitter:data2\" content=\"2 minuti\" \/>\n<script type=\"application\/ld+json\" class=\"yoast-schema-graph\">{\"@context\":\"https:\/\/schema.org\",\"@graph\":[{\"@type\":\"WebPage\",\"@id\":\"https:\/\/www.intoscana.it\/it\/firenze-rosa-tumore-al-seno\/\",\"url\":\"https:\/\/www.intoscana.it\/it\/firenze-rosa-tumore-al-seno\/\",\"name\":\"Firenze si tinge di rosa per la lotta contro il tumore al seno - intoscana\",\"isPartOf\":{\"@id\":\"https:\/\/www.intoscana.it\/it\/#website\"},\"primaryImageOfPage\":{\"@id\":\"https:\/\/www.intoscana.it\/it\/firenze-rosa-tumore-al-seno\/#primaryimage\"},\"image\":{\"@id\":\"https:\/\/www.intoscana.it\/it\/firenze-rosa-tumore-al-seno\/#primaryimage\"},\"thumbnailUrl\":\"https:\/\/www.intoscana.it\/wp-content\/uploads\/porta-romana-SAN_5067.jpg\",\"datePublished\":\"2020-10-20T10:30:01+00:00\",\"dateModified\":\"2020-10-20T10:30:38+00:00\",\"author\":{\"@id\":\"https:\/\/www.intoscana.it\/it\/#\/schema\/person\/9223810753230f20bd670fdd322661f8\"},\"description\":\"Il centro di Firenze si tinge di rosa contro il tumore al seno grazie all'iniziativa dell'associazione Firenze in rosa.\",\"breadcrumb\":{\"@id\":\"https:\/\/www.intoscana.it\/it\/firenze-rosa-tumore-al-seno\/#breadcrumb\"},\"inLanguage\":\"it-IT\",\"potentialAction\":[{\"@type\":\"ReadAction\",\"target\":[\"https:\/\/www.intoscana.it\/it\/firenze-rosa-tumore-al-seno\/\"]}]},{\"@type\":\"ImageObject\",\"inLanguage\":\"it-IT\",\"@id\":\"https:\/\/www.intoscana.it\/it\/firenze-rosa-tumore-al-seno\/#primaryimage\",\"url\":\"https:\/\/www.intoscana.it\/wp-content\/uploads\/porta-romana-SAN_5067.jpg\",\"contentUrl\":\"https:\/\/www.intoscana.it\/wp-content\/uploads\/porta-romana-SAN_5067.jpg\",\"width\":2048,\"height\":1366,\"caption\":\"Porta Romana in rosa per la lotta al tumore al seno\"},{\"@type\":\"BreadcrumbList\",\"@id\":\"https:\/\/www.intoscana.it\/it\/firenze-rosa-tumore-al-seno\/#breadcrumb\",\"itemListElement\":[{\"@type\":\"ListItem\",\"position\":1,\"name\":\"Home\",\"item\":\"https:\/\/www.intoscana.it\/it\/\"},{\"@type\":\"ListItem\",\"position\":2,\"name\":\"Firenze si tinge di rosa per la lotta contro il tumore al seno\"}]},{\"@type\":\"WebSite\",\"@id\":\"https:\/\/www.intoscana.it\/it\/#website\",\"url\":\"https:\/\/www.intoscana.it\/it\/\",\"name\":\"intoscana\",\"description\":\"\",\"potentialAction\":[{\"@type\":\"SearchAction\",\"target\":{\"@type\":\"EntryPoint\",\"urlTemplate\":\"https:\/\/www.intoscana.it\/it\/?s={search_term_string}\"},\"query-input\":{\"@type\":\"PropertyValueSpecification\",\"valueRequired\":true,\"valueName\":\"search_term_string\"}}],\"inLanguage\":\"it-IT\"},{\"@type\":\"Person\",\"@id\":\"https:\/\/www.intoscana.it\/it\/#\/schema\/person\/9223810753230f20bd670fdd322661f8\",\"name\":\"Redazione\",\"url\":\"https:\/\/www.intoscana.it\/it\/author\/redazione\/\"}]}<\/script>\n<!-- \/ Yoast SEO Premium plugin. -->","yoast_head_json":{"title":"Firenze si tinge di rosa per la lotta contro il tumore al seno - intoscana","description":"Il centro di Firenze si tinge di rosa contro il tumore al seno grazie all'iniziativa dell'associazione Firenze in rosa.","robots":{"index":"index","follow":"follow","max-snippet":"max-snippet:-1","max-image-preview":"max-image-preview:large","max-video-preview":"max-video-preview:-1"},"canonical":"https:\/\/www.intoscana.it\/it\/firenze-rosa-tumore-al-seno\/","og_locale":"it_IT","og_type":"article","og_title":"Firenze si tinge di rosa per la lotta contro il tumore al seno","og_description":"Il centro di Firenze si tinge di rosa contro il tumore al seno grazie all'iniziativa dell'associazione Firenze in rosa.","og_url":"https:\/\/www.intoscana.it\/it\/firenze-rosa-tumore-al-seno\/","og_site_name":"intoscana","article_publisher":"https:\/\/www.facebook.com\/intoscana.it","article_published_time":"2020-10-20T10:30:01+00:00","article_modified_time":"2020-10-20T10:30:38+00:00","og_image":[{"width":2048,"height":1366,"url":"https:\/\/www.intoscana.it\/wp-content\/uploads\/porta-romana-SAN_5067.jpg","type":"image\/jpeg"}],"author":"Redazione","twitter_card":"summary_large_image","twitter_creator":"@intoscana","twitter_site":"@intoscana","twitter_misc":{"Written by":"Redazione","Est. reading time":"2 minuti"},"schema":{"@context":"https:\/\/schema.org","@graph":[{"@type":"WebPage","@id":"https:\/\/www.intoscana.it\/it\/firenze-rosa-tumore-al-seno\/","url":"https:\/\/www.intoscana.it\/it\/firenze-rosa-tumore-al-seno\/","name":"Firenze si tinge di rosa per la lotta contro il tumore al seno - intoscana","isPartOf":{"@id":"https:\/\/www.intoscana.it\/it\/#website"},"primaryImageOfPage":{"@id":"https:\/\/www.intoscana.it\/it\/firenze-rosa-tumore-al-seno\/#primaryimage"},"image":{"@id":"https:\/\/www.intoscana.it\/it\/firenze-rosa-tumore-al-seno\/#primaryimage"},"thumbnailUrl":"https:\/\/www.intoscana.it\/wp-content\/uploads\/porta-romana-SAN_5067.jpg","datePublished":"2020-10-20T10:30:01+00:00","dateModified":"2020-10-20T10:30:38+00:00","author":{"@id":"https:\/\/www.intoscana.it\/it\/#\/schema\/person\/9223810753230f20bd670fdd322661f8"},"description":"Il centro di Firenze si tinge di rosa contro il tumore al seno grazie all'iniziativa dell'associazione Firenze in rosa.","breadcrumb":{"@id":"https:\/\/www.intoscana.it\/it\/firenze-rosa-tumore-al-seno\/#breadcrumb"},"inLanguage":"it-IT","potentialAction":[{"@type":"ReadAction","target":["https:\/\/www.intoscana.it\/it\/firenze-rosa-tumore-al-seno\/"]}]},{"@type":"ImageObject","inLanguage":"it-IT","@id":"https:\/\/www.intoscana.it\/it\/firenze-rosa-tumore-al-seno\/#primaryimage","url":"https:\/\/www.intoscana.it\/wp-content\/uploads\/porta-romana-SAN_5067.jpg","contentUrl":"https:\/\/www.intoscana.it\/wp-content\/uploads\/porta-romana-SAN_5067.jpg","width":2048,"height":1366,"caption":"Porta Romana in rosa per la lotta al tumore al seno"},{"@type":"BreadcrumbList","@id":"https:\/\/www.intoscana.it\/it\/firenze-rosa-tumore-al-seno\/#breadcrumb","itemListElement":[{"@type":"ListItem","position":1,"name":"Home","item":"https:\/\/www.intoscana.it\/it\/"},{"@type":"ListItem","position":2,"name":"Firenze si tinge di rosa per la lotta contro il tumore al seno"}]},{"@type":"WebSite","@id":"https:\/\/www.intoscana.it\/it\/#website","url":"https:\/\/www.intoscana.it\/it\/","name":"intoscana","description":"","potentialAction":[{"@type":"SearchAction","target":{"@type":"EntryPoint","urlTemplate":"https:\/\/www.intoscana.it\/it\/?s={search_term_string}"},"query-input":{"@type":"PropertyValueSpecification","valueRequired":true,"valueName":"search_term_string"}}],"inLanguage":"it-IT"},{"@type":"Person","@id":"https:\/\/www.intoscana.it\/it\/#\/schema\/person\/9223810753230f20bd670fdd322661f8","name":"Redazione","url":"https:\/\/www.intoscana.it\/it\/author\/redazione\/"}]}},"_links":{"self":[{"href":"https:\/\/www.intoscana.it\/it\/wp-json\/wp\/v2\/posts\/155603","targetHints":{"allow":["GET"]}}],"collection":[{"href":"https:\/\/www.intoscana.it\/it\/wp-json\/wp\/v2\/posts"}],"about":[{"href":"https:\/\/www.intoscana.it\/it\/wp-json\/wp\/v2\/types\/post"}],"author":[{"embeddable":true,"href":"https:\/\/www.intoscana.it\/it\/wp-json\/wp\/v2\/users\/525"}],"replies":[{"embeddable":true,"href":"https:\/\/www.intoscana.it\/it\/wp-json\/wp\/v2\/comments?post=155603"}],"version-history":[{"count":0,"href":"https:\/\/www.intoscana.it\/it\/wp-json\/wp\/v2\/posts\/155603\/revisions"}],"wp:featuredmedia":[{"embeddable":true,"href":"https:\/\/www.intoscana.it\/it\/wp-json\/wp\/v2\/media\/155611"}],"wp:attachment":[{"href":"https:\/\/www.intoscana.it\/it\/wp-json\/wp\/v2\/media?parent=155603"}],"wp:term":[{"taxonomy":"category","embeddable":true,"href":"https:\/\/www.intoscana.it\/it\/wp-json\/wp\/v2\/categories?post=155603"},{"taxonomy":"post_tag","embeddable":true,"href":"https:\/\/www.intoscana.it\/it\/wp-json\/wp\/v2\/tags?post=155603"}],"curies":[{"name":"wp","href":"https:\/\/api.w.org\/{rel}","templated":true}]}}