{"id":155944,"date":"2020-10-22T14:52:42","date_gmt":"2020-10-22T12:52:42","guid":{"rendered":"https:\/\/www.intoscana.it\/it\/?p=155944"},"modified":"2020-11-05T09:52:44","modified_gmt":"2020-11-05T08:52:44","slug":"covid-19-in-toscana-1145-nuovi-casi-eta-media-46-anni-8-decessi","status":"publish","type":"post","link":"https:\/\/www.intoscana.it\/it\/covid-19-in-toscana-1145-nuovi-casi-eta-media-46-anni-8-decessi\/","title":{"rendered":"Covid-19 in Toscana: 1145 nuovi casi, et\u00e0 media 46 anni, 8 decessi"},"content":{"rendered":"<p><strong>Sono oggi 1145 i nuovi casi di positivit\u00e0 al Coronavirus<\/strong>\u00a0(927 identificati in corso di tracciamento e 218 da attivit\u00e0 di screening) su un totale di casi, registrati dall\u2019inizio dell\u2019epidemia, pari a 26.611 unit\u00e0. I nuovi casi sono il 4,5% in pi\u00f9 rispetto al totale del giorno precedente. L&#8217;et\u00e0 media dei 1.145 casi odierni \u00e8 di 46 anni circa (il 14% ha meno di 20 anni, il 26% tra 20 e 39 anni, il 33% tra 40 e 59 anni, il 17% tra 60 e 79 anni, il 10% ha 80 anni o pi\u00f9).<\/p>\n<p><strong>I guariti crescono dell\u20191%<\/strong> e raggiungono quota 12.121 (45,5% dei casi totali). I <strong>tamponi eseguiti<\/strong> hanno raggiunto quota 962.277, <strong>11.495 in pi\u00f9 rispetto a ieri<\/strong>. Sono 7.270 i soggetti testati (escludendo i tamponi di controllo), di cui il 15,7% \u00e8 risultato positivo. Gli attualmente positivi sono oggi 13.261, +8,4% rispetto a ieri. I ricoverati sono 606 (27 in pi\u00f9 rispetto a ieri), di cui 82 in terapia intensiva (6 in pi\u00f9). <strong>Oggi si registrano 8 nuovi decessi: 7 uomini e una donna con un&#8217;et\u00e0 media di 86,1 anni<\/strong>.<\/p>\n<p><strong>Di seguito i casi di positivit\u00e0 sul territorio<\/strong> con la variazione rispetto a ieri. Sono 7.690 i casi complessivi ad oggi a Firenze (277 in pi\u00f9 rispetto a ieri), 1.735 a Prato (51 in pi\u00f9), 1.852 a Pistoia (51 in pi\u00f9), 2.061 a Massa (60 in pi\u00f9), 2.841 a Lucca (95 in pi\u00f9), 3.506 a Pisa (212 in pi\u00f9), 1.562 a Livorno (176 in pi\u00f9), 2.563 ad Arezzo (120 in pi\u00f9), 1.350 a Siena (71 in pi\u00f9), 901 a Grosseto (32 in pi\u00f9). Sono 550 i casi positivi notificati in Toscana, ma residenti in altre regioni. Sono 379 quindi i casi riscontrati oggi nell&#8217;Asl Centro, 543 nella Nord Ovest, 223 nella Sud est.<\/p>\n<p>La Toscana si trova al 9\u00b0 posto in Italia come numerosit\u00e0 di casi (comprensivi di residenti e non residenti), con circa 714 casi per 100.000 abitanti (media italiana circa 745 x100.000, dato di ieri). Le province di notifica con il tasso pi\u00f9 alto sono Massa Carrara con 1.058 casi x100.000 abitanti, Pisa con 837, Firenze con 760, la pi\u00f9 bassa Grosseto con 407.<\/p>\n<p>Complessivamente, <strong>12.655 persone sono in isolamento a casa<\/strong>, poich\u00e9 presentano sintomi lievi che non richiedono cure ospedaliere o risultano prive di sintomi (995 in pi\u00f9 rispetto a ieri, pi\u00f9 8,5%).\u00a0Sono <strong>20.237<\/strong> (696 in pi\u00f9 rispetto a ieri, pi\u00f9 3,6%) le persone, anche loro\u00a0isolate, <strong>in sorveglianza attiva<\/strong>, perch\u00e9 hanno avuto contatti con persone contagiate (Asl Centro 8.443, Nord Ovest 6.821, Sud Est 4.973).<\/p>\n<p><strong>Le persone ricoverate nei posti letto dedicati ai pazienti Covid oggi sono complessivamente 606<\/strong> (27 in pi\u00f9 rispetto a ieri, pi\u00f9 4,7%), 82 in terapia intensiva (6 in pi\u00f9 rispetto a ieri, pi\u00f9 7,9%).<\/p>\n<p>Le persone complessivamente guarite sono 12.121 (115 in pi\u00f9 rispetto a ieri, pi\u00f9 1%): 480 persone clinicamente guarite (13 in pi\u00f9 rispetto a ieri, pi\u00f9 2,8%), divenute cio\u00e8 asintomatiche dopo aver presentato manifestazioni cliniche associate all&#8217;infezione e 11.641 (102 in pi\u00f9 rispetto a ieri, pi\u00f9 0,9%) dichiarate guarite a tutti gli effetti, le cosiddette guarigioni virali, con doppio tampone negativo.<\/p>\n<p>Oggi si registrano 8 nuovi decessi: 7 uomini e una donna con un&#8217;et\u00e0 media di 86,1 anni. Relativamente alla provincia di residenza, le persone decedute sono: 2 a Prato, 1 a Pistoia, 2 a Pisa, 1 a Arezzo, 2 a Siena. Sono <strong>1.229 i deceduti dall&#8217;inizio dell&#8217;epidemia <\/strong>cosi ripartiti: 449 a Firenze, 58 a Prato, 87 a Pistoia, 186 a Massa Carrara, 149 a Lucca, 102 a Pisa, 66 a Livorno, 58 ad Arezzo, 35 a Siena, 26 a Grosseto, 13 persone sono decedute sul suolo toscano ma erano residenti fuori regione.<\/p>\n<p>Il tasso grezzo di mortalit\u00e0 toscano (numero di deceduti\/popolazione residente) per Covid-19 \u00e8 di 33,0 x100.000 residenti contro il 61,0 x100.000 della media italiana (11\u00b0 regione). Per quanto riguarda le province, il tasso di mortalit\u00e0 pi\u00f9 alto si riscontra a Massa Carrara (95,4 x100.000), Firenze (44,4 x100.000) e Lucca (38,4 x100.000), il pi\u00f9 basso a Grosseto (11,7 x100.000).<\/p>\n","protected":false},"excerpt":{"rendered":"<p>I tamponi eseguiti sono 11.495 in pi\u00f9 rispetto a ieri. Le guarigioni crescono dell&#8217;1%<\/p>\n","protected":false},"author":525,"featured_media":152634,"comment_status":"open","ping_status":"open","sticky":false,"template":"","format":"standard","meta":{"_acf_changed":false,"footnotes":""},"categories":[494],"tags":[4868,418],"class_list":["post-155944","post","type-post","status-publish","format-standard","has-post-thumbnail","hentry","category-attualita","tag-bollettino-covid-toscana","tag-covid-19"],"acf":[],"yoast_head":"<!-- This site is optimized with the Yoast SEO Premium plugin v24.2 (Yoast SEO v25.6) - https:\/\/yoast.com\/wordpress\/plugins\/seo\/ -->\n<title>Covid-19 in Toscana: 1145 nuovi casi, et\u00e0 media 46 anni, 8 decessi - intoscana<\/title>\n<meta name=\"description\" content=\"I tamponi eseguiti in tutta la regione sono 11.495 in pi\u00f9 rispetto a ieri. Le guarigioni crescono dell&#039;1%\" \/>\n<meta name=\"robots\" content=\"index, follow, max-snippet:-1, max-image-preview:large, max-video-preview:-1\" \/>\n<link rel=\"canonical\" href=\"https:\/\/www.intoscana.it\/it\/covid-19-in-toscana-1145-nuovi-casi-eta-media-46-anni-8-decessi\/\" \/>\n<meta property=\"og:locale\" content=\"it_IT\" \/>\n<meta property=\"og:type\" content=\"article\" \/>\n<meta property=\"og:title\" content=\"Covid-19 in Toscana: 1145 nuovi casi, et\u00e0 media 46 anni, 8 decessi\" \/>\n<meta property=\"og:description\" content=\"I tamponi eseguiti in tutta la regione sono 11.495 in pi\u00f9 rispetto a ieri. Le guarigioni crescono dell&#039;1%\" \/>\n<meta property=\"og:url\" content=\"https:\/\/www.intoscana.it\/it\/covid-19-in-toscana-1145-nuovi-casi-eta-media-46-anni-8-decessi\/\" \/>\n<meta property=\"og:site_name\" content=\"intoscana\" \/>\n<meta property=\"article:publisher\" content=\"https:\/\/www.facebook.com\/intoscana.it\" \/>\n<meta property=\"article:published_time\" content=\"2020-10-22T12:52:42+00:00\" \/>\n<meta property=\"article:modified_time\" content=\"2020-11-05T08:52:44+00:00\" \/>\n<meta property=\"og:image\" content=\"https:\/\/www.intoscana.it\/wp-content\/uploads\/covid-mascherina-engin-akyurt-Unsplash.jpg\" \/>\n\t<meta property=\"og:image:width\" content=\"1920\" \/>\n\t<meta property=\"og:image:height\" content=\"1280\" \/>\n\t<meta property=\"og:image:type\" content=\"image\/jpeg\" \/>\n<meta name=\"author\" content=\"Redazione\" \/>\n<meta name=\"twitter:card\" content=\"summary_large_image\" \/>\n<meta name=\"twitter:creator\" content=\"@intoscana\" \/>\n<meta name=\"twitter:site\" content=\"@intoscana\" \/>\n<meta name=\"twitter:label1\" content=\"Written by\" \/>\n\t<meta name=\"twitter:data1\" content=\"Redazione\" \/>\n\t<meta name=\"twitter:label2\" content=\"Est. reading time\" \/>\n\t<meta name=\"twitter:data2\" content=\"3 minuti\" \/>\n<script type=\"application\/ld+json\" class=\"yoast-schema-graph\">{\"@context\":\"https:\/\/schema.org\",\"@graph\":[{\"@type\":\"WebPage\",\"@id\":\"https:\/\/www.intoscana.it\/it\/covid-19-in-toscana-1145-nuovi-casi-eta-media-46-anni-8-decessi\/\",\"url\":\"https:\/\/www.intoscana.it\/it\/covid-19-in-toscana-1145-nuovi-casi-eta-media-46-anni-8-decessi\/\",\"name\":\"Covid-19 in Toscana: 1145 nuovi casi, et\u00e0 media 46 anni, 8 decessi - intoscana\",\"isPartOf\":{\"@id\":\"https:\/\/www.intoscana.it\/it\/#website\"},\"primaryImageOfPage\":{\"@id\":\"https:\/\/www.intoscana.it\/it\/covid-19-in-toscana-1145-nuovi-casi-eta-media-46-anni-8-decessi\/#primaryimage\"},\"image\":{\"@id\":\"https:\/\/www.intoscana.it\/it\/covid-19-in-toscana-1145-nuovi-casi-eta-media-46-anni-8-decessi\/#primaryimage\"},\"thumbnailUrl\":\"https:\/\/www.intoscana.it\/wp-content\/uploads\/covid-mascherina-engin-akyurt-Unsplash.jpg\",\"datePublished\":\"2020-10-22T12:52:42+00:00\",\"dateModified\":\"2020-11-05T08:52:44+00:00\",\"author\":{\"@id\":\"https:\/\/www.intoscana.it\/it\/#\/schema\/person\/9223810753230f20bd670fdd322661f8\"},\"description\":\"I tamponi eseguiti in tutta la regione sono 11.495 in pi\u00f9 rispetto a ieri. Le guarigioni crescono dell'1%\",\"breadcrumb\":{\"@id\":\"https:\/\/www.intoscana.it\/it\/covid-19-in-toscana-1145-nuovi-casi-eta-media-46-anni-8-decessi\/#breadcrumb\"},\"inLanguage\":\"it-IT\",\"potentialAction\":[{\"@type\":\"ReadAction\",\"target\":[\"https:\/\/www.intoscana.it\/it\/covid-19-in-toscana-1145-nuovi-casi-eta-media-46-anni-8-decessi\/\"]}]},{\"@type\":\"ImageObject\",\"inLanguage\":\"it-IT\",\"@id\":\"https:\/\/www.intoscana.it\/it\/covid-19-in-toscana-1145-nuovi-casi-eta-media-46-anni-8-decessi\/#primaryimage\",\"url\":\"https:\/\/www.intoscana.it\/wp-content\/uploads\/covid-mascherina-engin-akyurt-Unsplash.jpg\",\"contentUrl\":\"https:\/\/www.intoscana.it\/wp-content\/uploads\/covid-mascherina-engin-akyurt-Unsplash.jpg\",\"width\":1920,\"height\":1280,\"caption\":\"Ragazza con la mascherina\"},{\"@type\":\"BreadcrumbList\",\"@id\":\"https:\/\/www.intoscana.it\/it\/covid-19-in-toscana-1145-nuovi-casi-eta-media-46-anni-8-decessi\/#breadcrumb\",\"itemListElement\":[{\"@type\":\"ListItem\",\"position\":1,\"name\":\"Home\",\"item\":\"https:\/\/www.intoscana.it\/it\/\"},{\"@type\":\"ListItem\",\"position\":2,\"name\":\"Covid-19 in Toscana: 1145 nuovi casi, et\u00e0 media 46 anni, 8 decessi\"}]},{\"@type\":\"WebSite\",\"@id\":\"https:\/\/www.intoscana.it\/it\/#website\",\"url\":\"https:\/\/www.intoscana.it\/it\/\",\"name\":\"intoscana\",\"description\":\"\",\"potentialAction\":[{\"@type\":\"SearchAction\",\"target\":{\"@type\":\"EntryPoint\",\"urlTemplate\":\"https:\/\/www.intoscana.it\/it\/?s={search_term_string}\"},\"query-input\":{\"@type\":\"PropertyValueSpecification\",\"valueRequired\":true,\"valueName\":\"search_term_string\"}}],\"inLanguage\":\"it-IT\"},{\"@type\":\"Person\",\"@id\":\"https:\/\/www.intoscana.it\/it\/#\/schema\/person\/9223810753230f20bd670fdd322661f8\",\"name\":\"Redazione\",\"url\":\"https:\/\/www.intoscana.it\/it\/author\/redazione\/\"}]}<\/script>\n<!-- \/ Yoast SEO Premium plugin. -->","yoast_head_json":{"title":"Covid-19 in Toscana: 1145 nuovi casi, et\u00e0 media 46 anni, 8 decessi - intoscana","description":"I tamponi eseguiti in tutta la regione sono 11.495 in pi\u00f9 rispetto a ieri. Le guarigioni crescono dell'1%","robots":{"index":"index","follow":"follow","max-snippet":"max-snippet:-1","max-image-preview":"max-image-preview:large","max-video-preview":"max-video-preview:-1"},"canonical":"https:\/\/www.intoscana.it\/it\/covid-19-in-toscana-1145-nuovi-casi-eta-media-46-anni-8-decessi\/","og_locale":"it_IT","og_type":"article","og_title":"Covid-19 in Toscana: 1145 nuovi casi, et\u00e0 media 46 anni, 8 decessi","og_description":"I tamponi eseguiti in tutta la regione sono 11.495 in pi\u00f9 rispetto a ieri. Le guarigioni crescono dell'1%","og_url":"https:\/\/www.intoscana.it\/it\/covid-19-in-toscana-1145-nuovi-casi-eta-media-46-anni-8-decessi\/","og_site_name":"intoscana","article_publisher":"https:\/\/www.facebook.com\/intoscana.it","article_published_time":"2020-10-22T12:52:42+00:00","article_modified_time":"2020-11-05T08:52:44+00:00","og_image":[{"width":1920,"height":1280,"url":"https:\/\/www.intoscana.it\/wp-content\/uploads\/covid-mascherina-engin-akyurt-Unsplash.jpg","type":"image\/jpeg"}],"author":"Redazione","twitter_card":"summary_large_image","twitter_creator":"@intoscana","twitter_site":"@intoscana","twitter_misc":{"Written by":"Redazione","Est. reading time":"3 minuti"},"schema":{"@context":"https:\/\/schema.org","@graph":[{"@type":"WebPage","@id":"https:\/\/www.intoscana.it\/it\/covid-19-in-toscana-1145-nuovi-casi-eta-media-46-anni-8-decessi\/","url":"https:\/\/www.intoscana.it\/it\/covid-19-in-toscana-1145-nuovi-casi-eta-media-46-anni-8-decessi\/","name":"Covid-19 in Toscana: 1145 nuovi casi, et\u00e0 media 46 anni, 8 decessi - intoscana","isPartOf":{"@id":"https:\/\/www.intoscana.it\/it\/#website"},"primaryImageOfPage":{"@id":"https:\/\/www.intoscana.it\/it\/covid-19-in-toscana-1145-nuovi-casi-eta-media-46-anni-8-decessi\/#primaryimage"},"image":{"@id":"https:\/\/www.intoscana.it\/it\/covid-19-in-toscana-1145-nuovi-casi-eta-media-46-anni-8-decessi\/#primaryimage"},"thumbnailUrl":"https:\/\/www.intoscana.it\/wp-content\/uploads\/covid-mascherina-engin-akyurt-Unsplash.jpg","datePublished":"2020-10-22T12:52:42+00:00","dateModified":"2020-11-05T08:52:44+00:00","author":{"@id":"https:\/\/www.intoscana.it\/it\/#\/schema\/person\/9223810753230f20bd670fdd322661f8"},"description":"I tamponi eseguiti in tutta la regione sono 11.495 in pi\u00f9 rispetto a ieri. Le guarigioni crescono dell'1%","breadcrumb":{"@id":"https:\/\/www.intoscana.it\/it\/covid-19-in-toscana-1145-nuovi-casi-eta-media-46-anni-8-decessi\/#breadcrumb"},"inLanguage":"it-IT","potentialAction":[{"@type":"ReadAction","target":["https:\/\/www.intoscana.it\/it\/covid-19-in-toscana-1145-nuovi-casi-eta-media-46-anni-8-decessi\/"]}]},{"@type":"ImageObject","inLanguage":"it-IT","@id":"https:\/\/www.intoscana.it\/it\/covid-19-in-toscana-1145-nuovi-casi-eta-media-46-anni-8-decessi\/#primaryimage","url":"https:\/\/www.intoscana.it\/wp-content\/uploads\/covid-mascherina-engin-akyurt-Unsplash.jpg","contentUrl":"https:\/\/www.intoscana.it\/wp-content\/uploads\/covid-mascherina-engin-akyurt-Unsplash.jpg","width":1920,"height":1280,"caption":"Ragazza con la mascherina"},{"@type":"BreadcrumbList","@id":"https:\/\/www.intoscana.it\/it\/covid-19-in-toscana-1145-nuovi-casi-eta-media-46-anni-8-decessi\/#breadcrumb","itemListElement":[{"@type":"ListItem","position":1,"name":"Home","item":"https:\/\/www.intoscana.it\/it\/"},{"@type":"ListItem","position":2,"name":"Covid-19 in Toscana: 1145 nuovi casi, et\u00e0 media 46 anni, 8 decessi"}]},{"@type":"WebSite","@id":"https:\/\/www.intoscana.it\/it\/#website","url":"https:\/\/www.intoscana.it\/it\/","name":"intoscana","description":"","potentialAction":[{"@type":"SearchAction","target":{"@type":"EntryPoint","urlTemplate":"https:\/\/www.intoscana.it\/it\/?s={search_term_string}"},"query-input":{"@type":"PropertyValueSpecification","valueRequired":true,"valueName":"search_term_string"}}],"inLanguage":"it-IT"},{"@type":"Person","@id":"https:\/\/www.intoscana.it\/it\/#\/schema\/person\/9223810753230f20bd670fdd322661f8","name":"Redazione","url":"https:\/\/www.intoscana.it\/it\/author\/redazione\/"}]}},"_links":{"self":[{"href":"https:\/\/www.intoscana.it\/it\/wp-json\/wp\/v2\/posts\/155944","targetHints":{"allow":["GET"]}}],"collection":[{"href":"https:\/\/www.intoscana.it\/it\/wp-json\/wp\/v2\/posts"}],"about":[{"href":"https:\/\/www.intoscana.it\/it\/wp-json\/wp\/v2\/types\/post"}],"author":[{"embeddable":true,"href":"https:\/\/www.intoscana.it\/it\/wp-json\/wp\/v2\/users\/525"}],"replies":[{"embeddable":true,"href":"https:\/\/www.intoscana.it\/it\/wp-json\/wp\/v2\/comments?post=155944"}],"version-history":[{"count":0,"href":"https:\/\/www.intoscana.it\/it\/wp-json\/wp\/v2\/posts\/155944\/revisions"}],"wp:featuredmedia":[{"embeddable":true,"href":"https:\/\/www.intoscana.it\/it\/wp-json\/wp\/v2\/media\/152634"}],"wp:attachment":[{"href":"https:\/\/www.intoscana.it\/it\/wp-json\/wp\/v2\/media?parent=155944"}],"wp:term":[{"taxonomy":"category","embeddable":true,"href":"https:\/\/www.intoscana.it\/it\/wp-json\/wp\/v2\/categories?post=155944"},{"taxonomy":"post_tag","embeddable":true,"href":"https:\/\/www.intoscana.it\/it\/wp-json\/wp\/v2\/tags?post=155944"}],"curies":[{"name":"wp","href":"https:\/\/api.w.org\/{rel}","templated":true}]}}