{"id":155986,"date":"2020-10-23T10:11:46","date_gmt":"2020-10-23T08:11:46","guid":{"rendered":"https:\/\/www.intoscana.it\/it\/?p=155986"},"modified":"2021-01-19T13:51:40","modified_gmt":"2021-01-19T12:51:40","slug":"veronica-yoko-plebani-a-leredita-delle-donne-la-bellezza-per-me-e-liberta-e-diversita","status":"publish","type":"post","link":"https:\/\/www.intoscana.it\/it\/veronica-yoko-plebani-a-leredita-delle-donne-la-bellezza-per-me-e-liberta-e-diversita\/","title":{"rendered":"Veronica Yoko Plebani: &#8220;La bellezza per me \u00e8 libert\u00e0 e diversit\u00e0&#8221;"},"content":{"rendered":"<p><strong>Da un grande dolore pu\u00f2 nascere una grande forza,<\/strong> questa \u00e8 la testimonianza e l&#8217;esempio di <a href=\"https:\/\/it.wikipedia.org\/wiki\/Veronica_Yoko_Plebani\" target=\"_blank\" rel=\"noopener noreferrer\"><strong>Veronica Yoko Plebani<\/strong><\/a> l&#8217;atleta paralimpica che a 15 anni \u00e8 stata colpita dalla <strong>meningite batterica fulminante di tipo C<\/strong>. Si tratta di una malattia gravissima che, come Veronica ha spesso spiegato nelle interviste, porta tutto il sangue agli organi pi\u00f9 importanti del corpo facendo &#8220;bruciare dall&#8217;interno&#8221; le estremit\u00e0 e causando cos\u00ec ustioni e ferite profonde. <strong>La malattia ha cambiato il suo corpo, ma Veronica ha affrontato tutto con coraggio e determinazione senza mai arrendersi<\/strong>.\u00a0E&#8217; diventata una\u00a0pluriatleta paralimpica\u00a0nelle discipline di <strong>snowboard (Sochi 2014), kayak (Rio 2016) e triathlon,<\/strong> per cui si allena in vista di <strong>Tokyo 2021.<br \/>\n<\/strong><strong>Laureata in Scienze Politiche Sociali e Internazionali con una tesi sulle pari opportunit\u00e0<\/strong> e sulla rappresentazione delle donne nello sport, da anni\u00a0<strong>Veronica\u00a0Yoko\u00a0si occupa di diversit\u00e0, uguaglianza e inclusivit\u00e0<\/strong> attraverso i canali social e con interventi all\u2019interno di eventi, festival, conferenze e programmi televisivi. Da poco <strong>Mondadori<\/strong> ha pubblicato il suo primo romanzo <em><strong>&#8220;Fiori affamati di vita&#8221;.<\/strong><\/em><\/p>\n<h3>Ecco la nostra intervista<\/h3>\n<p><strong>Ciao Veronica! Quello che ti \u00e8 capitato \u00e8 stato un trauma, a cui per\u00f2 hai reagito nel modo migliore possibile. Secondo te quali sono stati i fattori pi\u00f9 importanti per la tua rinascita?<\/strong><\/p>\n<p>Non \u00e8 facile un&#8217;analisi &#8220;scientifica&#8221; della situazione, ci sono tante variabili,\u00a0tanti fattori.\u00a0<strong>Ho dei genitori pazzi, molto diversi tra loro, che mi sono molto serviti ad affrontare tutto quello che mi \u00e8 successo<\/strong>. Mi ha aiutato avere la possibilit\u00e0 di essere vulnerabile, di potermi lasciarmi andare con loro anche ai momenti no. Coccolavano le mie tristezze. Sicuramente c&#8217;\u00e8 anche una componente del mio carattere, io reagisco alle cose e questo sicuramente mi ha aiutata nell&#8217;affrontare in modo positivo alla cosa.<\/p>\n<p><strong>Hai pubblicato da poco un libro &#8220;Fiori affamati di vita&#8221;, chi sono questi fiori per te?<\/strong><\/p>\n<p><strong>Il fiore \u00e8 il simbolo del riuscire a sbocciare ogni anno,<\/strong> rifiorire in qualsiasi situazione, avere la forza di trovare la bellezza, una rinascita continua, uno stimolo per me nella vita. <strong>Nel libro racconto che quando ero in ospedale pensavo che dovevo essere come un fiore che doveva imparare a &#8220;ruggire&#8221;.<\/strong> Allora sembrava una cosa quasi impossibile ma io ho reagito, a un certo punto ce l&#8217;ho fatta in qualche modo.<\/p>\n<p><span class=\"citazione\">Mi ha aiutato avere la possibilit\u00e0 di essere vulnerabile, di potermi lasciar andare anche ai momenti no<\/span><\/p>\n<p><strong>Tempo fa sei stata protagonista di un&#8217;intervista per VICE in cui parlavi della prima volta che hai fatto l&#8217;amore dopo le cicatrici. Il video ha fatto il boom di visualizzazioni, quanto coraggio c&#8217;\u00e8 voluto per sostenere l&#8217;intervista con Irene Graziosi?<br \/>\n<\/strong><br \/>\nRaccontare i fatti proprio non \u00e8 mai troppo facile. <strong>Negli ultimi anni ho sempre raccontato molto del mio intimo perch\u00e8 ho capito che serve per gli altri<\/strong>. Quando serve per gli altri d\u00e0 anche qualcosa indietro a me. <strong>Quando capisco che ho aiutato qualcuno a sbloccarsi in certe situazioni per me \u00e8 una gratificazione immensa.<\/strong> Quindi semplicemente \u00e8 una cosa normale per me, ne parlo anche molto nel libro. Racconto di una ragazzina adolescente\u00a0(io) che si trova in un corpo diverso e deve affrontare i problemi dell&#8217;adolescenza.<\/p>\n<p><iframe loading=\"lazy\" src=\"https:\/\/www.youtube.com\/embed\/DJ0yF_h08J0\" width=\"800\" height=\"500\" frameborder=\"0\" allowfullscreen=\"allowfullscreen\"><\/iframe><\/p>\n<p><strong>Hai iniziato come canoista ora invece ti stai dedicando al Triathlon, come mai questo cambiamento?<br \/>\n<\/strong><br \/>\nSono una persona che ha bisogno sempre di stimoli nuovi, di nuove avventure. Quando sono andata a <strong>Rio<\/strong> ho conosciuto la squadra di Paratriathlon, mi hanno detto: perch\u00e8 non vieni a provare? E <strong>io non me lo sono fatta dire due volte! Mi sono catapultata in questa nuova avventura.<\/strong><\/p>\n<p><strong><div class=\"focuson\"><a href=\"https:\/\/www.intoscana.it\/it\/articolo\/scienziate-economiste-imprenditrici-politiche-scrittrici-e-artiste-a-firenze-per-leredita-delle-donne\/\"><img decoding=\"async\" class=\"lazy\" src=\"https:\/\/www.intoscana.it\/wp-content\/uploads\/03_-l-eredita-delle-donne-le-nostre-giornate-del-patromonio-serena-dandini-2.jpg\" style=\"\">\n                <div class=\"cat\">L'Eredit\u00e0 delle donne a Firenze<\/div>\n                <h4>Scopri tutti gli eventi in programma<\/h4><\/a>\n              <\/div><\/strong><\/p>\n<p><strong>Per te cos&#8217;\u00e8 la bellezza?<br \/>\n<\/strong><br \/>\nPer me la bellezza \u00e8 un sentimento, sentirsi belle \u00e8 un sentimento che si prova. Detto questo non \u00e8 sempre facile percepirlo quando sei influenzata nel pensiero da fattori esterni della societ\u00e0.<strong> La bellezza per me \u00e8 libert\u00e0, complessit\u00e0, diversit\u00e0.<\/strong><\/p>\n<p><strong>\u00a0<\/strong><\/p>\n","protected":false},"excerpt":{"rendered":"<p>Intervista alla campionessa delle Paralimpiadi tra le protagoniste dell&#8217;ultima edizione del Festival fiorentino &#8220;L&#8217;eredit\u00e0 delle donne&#8221;<\/p>\n","protected":false},"author":518,"featured_media":155988,"comment_status":"open","ping_status":"open","sticky":false,"template":"","format":"standard","meta":{"_acf_changed":false,"footnotes":""},"categories":[4],"tags":[411,4776,228,287,159],"class_list":["post-155986","post","type-post","status-publish","format-standard","has-post-thumbnail","hentry","category-storie","tag-donne","tag-eredita-delle-donne","tag-festival","tag-intervista","tag-sport"],"acf":[],"yoast_head":"<!-- This site is optimized with the Yoast SEO Premium plugin v24.2 (Yoast SEO v25.6) - https:\/\/yoast.com\/wordpress\/plugins\/seo\/ -->\n<title>Veronica Yoko Plebani: &quot;La bellezza per me \u00e8 libert\u00e0 e diversit\u00e0&quot; - intoscana<\/title>\n<meta name=\"description\" content=\"Intervista alla campionessa delle Paralimpiadi sar\u00e0 ospite di un panel domenica pomeriggio a Firenze, con lei anche Camihawke\" \/>\n<meta name=\"robots\" content=\"index, follow, max-snippet:-1, max-image-preview:large, max-video-preview:-1\" \/>\n<link rel=\"canonical\" href=\"https:\/\/www.intoscana.it\/it\/veronica-yoko-plebani-a-leredita-delle-donne-la-bellezza-per-me-e-liberta-e-diversita\/\" \/>\n<meta property=\"og:locale\" content=\"it_IT\" \/>\n<meta property=\"og:type\" content=\"article\" \/>\n<meta property=\"og:title\" content=\"Veronica Yoko Plebani: &quot;La bellezza per me \u00e8 libert\u00e0 e diversit\u00e0&quot;\" \/>\n<meta property=\"og:description\" content=\"Intervista alla campionessa delle Paralimpiadi sar\u00e0 ospite di un panel domenica pomeriggio a Firenze, con lei anche Camihawke\" \/>\n<meta property=\"og:url\" content=\"https:\/\/www.intoscana.it\/it\/veronica-yoko-plebani-a-leredita-delle-donne-la-bellezza-per-me-e-liberta-e-diversita\/\" \/>\n<meta property=\"og:site_name\" content=\"intoscana\" \/>\n<meta property=\"article:publisher\" content=\"https:\/\/www.facebook.com\/intoscana.it\" \/>\n<meta property=\"article:published_time\" content=\"2020-10-23T08:11:46+00:00\" \/>\n<meta property=\"article:modified_time\" content=\"2021-01-19T12:51:40+00:00\" \/>\n<meta property=\"og:image\" content=\"https:\/\/www.intoscana.it\/wp-content\/uploads\/13475219_1724349087823758_5950110963828476227_o.jpg\" \/>\n\t<meta property=\"og:image:width\" content=\"1241\" \/>\n\t<meta property=\"og:image:height\" content=\"766\" \/>\n\t<meta property=\"og:image:type\" content=\"image\/jpeg\" \/>\n<meta name=\"author\" content=\"Costanza Baldini\" \/>\n<meta name=\"twitter:card\" content=\"summary_large_image\" \/>\n<meta name=\"twitter:creator\" content=\"@intoscana\" \/>\n<meta name=\"twitter:site\" content=\"@intoscana\" \/>\n<meta name=\"twitter:label1\" content=\"Written by\" \/>\n\t<meta name=\"twitter:data1\" content=\"Costanza Baldini\" \/>\n\t<meta name=\"twitter:label2\" content=\"Est. reading time\" \/>\n\t<meta name=\"twitter:data2\" content=\"3 minuti\" \/>\n<script type=\"application\/ld+json\" class=\"yoast-schema-graph\">{\"@context\":\"https:\/\/schema.org\",\"@graph\":[{\"@type\":\"WebPage\",\"@id\":\"https:\/\/www.intoscana.it\/it\/veronica-yoko-plebani-a-leredita-delle-donne-la-bellezza-per-me-e-liberta-e-diversita\/\",\"url\":\"https:\/\/www.intoscana.it\/it\/veronica-yoko-plebani-a-leredita-delle-donne-la-bellezza-per-me-e-liberta-e-diversita\/\",\"name\":\"Veronica Yoko Plebani: \\\"La bellezza per me \u00e8 libert\u00e0 e diversit\u00e0\\\" - intoscana\",\"isPartOf\":{\"@id\":\"https:\/\/www.intoscana.it\/it\/#website\"},\"primaryImageOfPage\":{\"@id\":\"https:\/\/www.intoscana.it\/it\/veronica-yoko-plebani-a-leredita-delle-donne-la-bellezza-per-me-e-liberta-e-diversita\/#primaryimage\"},\"image\":{\"@id\":\"https:\/\/www.intoscana.it\/it\/veronica-yoko-plebani-a-leredita-delle-donne-la-bellezza-per-me-e-liberta-e-diversita\/#primaryimage\"},\"thumbnailUrl\":\"https:\/\/www.intoscana.it\/wp-content\/uploads\/13475219_1724349087823758_5950110963828476227_o.jpg\",\"datePublished\":\"2020-10-23T08:11:46+00:00\",\"dateModified\":\"2021-01-19T12:51:40+00:00\",\"author\":{\"@id\":\"https:\/\/www.intoscana.it\/it\/#\/schema\/person\/d469f35f09739bdf00bf5dd3f0647a82\"},\"description\":\"Intervista alla campionessa delle Paralimpiadi sar\u00e0 ospite di un panel domenica pomeriggio a Firenze, con lei anche Camihawke\",\"breadcrumb\":{\"@id\":\"https:\/\/www.intoscana.it\/it\/veronica-yoko-plebani-a-leredita-delle-donne-la-bellezza-per-me-e-liberta-e-diversita\/#breadcrumb\"},\"inLanguage\":\"it-IT\",\"potentialAction\":[{\"@type\":\"ReadAction\",\"target\":[\"https:\/\/www.intoscana.it\/it\/veronica-yoko-plebani-a-leredita-delle-donne-la-bellezza-per-me-e-liberta-e-diversita\/\"]}]},{\"@type\":\"ImageObject\",\"inLanguage\":\"it-IT\",\"@id\":\"https:\/\/www.intoscana.it\/it\/veronica-yoko-plebani-a-leredita-delle-donne-la-bellezza-per-me-e-liberta-e-diversita\/#primaryimage\",\"url\":\"https:\/\/www.intoscana.it\/wp-content\/uploads\/13475219_1724349087823758_5950110963828476227_o.jpg\",\"contentUrl\":\"https:\/\/www.intoscana.it\/wp-content\/uploads\/13475219_1724349087823758_5950110963828476227_o.jpg\",\"width\":1241,\"height\":766,\"caption\":\"Veronica Yoko Plebani\"},{\"@type\":\"BreadcrumbList\",\"@id\":\"https:\/\/www.intoscana.it\/it\/veronica-yoko-plebani-a-leredita-delle-donne-la-bellezza-per-me-e-liberta-e-diversita\/#breadcrumb\",\"itemListElement\":[{\"@type\":\"ListItem\",\"position\":1,\"name\":\"Home\",\"item\":\"https:\/\/www.intoscana.it\/it\/\"},{\"@type\":\"ListItem\",\"position\":2,\"name\":\"Veronica Yoko Plebani: &#8220;La bellezza per me \u00e8 libert\u00e0 e diversit\u00e0&#8221;\"}]},{\"@type\":\"WebSite\",\"@id\":\"https:\/\/www.intoscana.it\/it\/#website\",\"url\":\"https:\/\/www.intoscana.it\/it\/\",\"name\":\"intoscana\",\"description\":\"\",\"potentialAction\":[{\"@type\":\"SearchAction\",\"target\":{\"@type\":\"EntryPoint\",\"urlTemplate\":\"https:\/\/www.intoscana.it\/it\/?s={search_term_string}\"},\"query-input\":{\"@type\":\"PropertyValueSpecification\",\"valueRequired\":true,\"valueName\":\"search_term_string\"}}],\"inLanguage\":\"it-IT\"},{\"@type\":\"Person\",\"@id\":\"https:\/\/www.intoscana.it\/it\/#\/schema\/person\/d469f35f09739bdf00bf5dd3f0647a82\",\"name\":\"Costanza Baldini\",\"url\":\"https:\/\/www.intoscana.it\/it\/author\/costanza-baldini\/\"}]}<\/script>\n<!-- \/ Yoast SEO Premium plugin. -->","yoast_head_json":{"title":"Veronica Yoko Plebani: \"La bellezza per me \u00e8 libert\u00e0 e diversit\u00e0\" - intoscana","description":"Intervista alla campionessa delle Paralimpiadi sar\u00e0 ospite di un panel domenica pomeriggio a Firenze, con lei anche Camihawke","robots":{"index":"index","follow":"follow","max-snippet":"max-snippet:-1","max-image-preview":"max-image-preview:large","max-video-preview":"max-video-preview:-1"},"canonical":"https:\/\/www.intoscana.it\/it\/veronica-yoko-plebani-a-leredita-delle-donne-la-bellezza-per-me-e-liberta-e-diversita\/","og_locale":"it_IT","og_type":"article","og_title":"Veronica Yoko Plebani: \"La bellezza per me \u00e8 libert\u00e0 e diversit\u00e0\"","og_description":"Intervista alla campionessa delle Paralimpiadi sar\u00e0 ospite di un panel domenica pomeriggio a Firenze, con lei anche Camihawke","og_url":"https:\/\/www.intoscana.it\/it\/veronica-yoko-plebani-a-leredita-delle-donne-la-bellezza-per-me-e-liberta-e-diversita\/","og_site_name":"intoscana","article_publisher":"https:\/\/www.facebook.com\/intoscana.it","article_published_time":"2020-10-23T08:11:46+00:00","article_modified_time":"2021-01-19T12:51:40+00:00","og_image":[{"width":1241,"height":766,"url":"https:\/\/www.intoscana.it\/wp-content\/uploads\/13475219_1724349087823758_5950110963828476227_o.jpg","type":"image\/jpeg"}],"author":"Costanza Baldini","twitter_card":"summary_large_image","twitter_creator":"@intoscana","twitter_site":"@intoscana","twitter_misc":{"Written by":"Costanza Baldini","Est. reading time":"3 minuti"},"schema":{"@context":"https:\/\/schema.org","@graph":[{"@type":"WebPage","@id":"https:\/\/www.intoscana.it\/it\/veronica-yoko-plebani-a-leredita-delle-donne-la-bellezza-per-me-e-liberta-e-diversita\/","url":"https:\/\/www.intoscana.it\/it\/veronica-yoko-plebani-a-leredita-delle-donne-la-bellezza-per-me-e-liberta-e-diversita\/","name":"Veronica Yoko Plebani: \"La bellezza per me \u00e8 libert\u00e0 e diversit\u00e0\" - intoscana","isPartOf":{"@id":"https:\/\/www.intoscana.it\/it\/#website"},"primaryImageOfPage":{"@id":"https:\/\/www.intoscana.it\/it\/veronica-yoko-plebani-a-leredita-delle-donne-la-bellezza-per-me-e-liberta-e-diversita\/#primaryimage"},"image":{"@id":"https:\/\/www.intoscana.it\/it\/veronica-yoko-plebani-a-leredita-delle-donne-la-bellezza-per-me-e-liberta-e-diversita\/#primaryimage"},"thumbnailUrl":"https:\/\/www.intoscana.it\/wp-content\/uploads\/13475219_1724349087823758_5950110963828476227_o.jpg","datePublished":"2020-10-23T08:11:46+00:00","dateModified":"2021-01-19T12:51:40+00:00","author":{"@id":"https:\/\/www.intoscana.it\/it\/#\/schema\/person\/d469f35f09739bdf00bf5dd3f0647a82"},"description":"Intervista alla campionessa delle Paralimpiadi sar\u00e0 ospite di un panel domenica pomeriggio a Firenze, con lei anche Camihawke","breadcrumb":{"@id":"https:\/\/www.intoscana.it\/it\/veronica-yoko-plebani-a-leredita-delle-donne-la-bellezza-per-me-e-liberta-e-diversita\/#breadcrumb"},"inLanguage":"it-IT","potentialAction":[{"@type":"ReadAction","target":["https:\/\/www.intoscana.it\/it\/veronica-yoko-plebani-a-leredita-delle-donne-la-bellezza-per-me-e-liberta-e-diversita\/"]}]},{"@type":"ImageObject","inLanguage":"it-IT","@id":"https:\/\/www.intoscana.it\/it\/veronica-yoko-plebani-a-leredita-delle-donne-la-bellezza-per-me-e-liberta-e-diversita\/#primaryimage","url":"https:\/\/www.intoscana.it\/wp-content\/uploads\/13475219_1724349087823758_5950110963828476227_o.jpg","contentUrl":"https:\/\/www.intoscana.it\/wp-content\/uploads\/13475219_1724349087823758_5950110963828476227_o.jpg","width":1241,"height":766,"caption":"Veronica Yoko Plebani"},{"@type":"BreadcrumbList","@id":"https:\/\/www.intoscana.it\/it\/veronica-yoko-plebani-a-leredita-delle-donne-la-bellezza-per-me-e-liberta-e-diversita\/#breadcrumb","itemListElement":[{"@type":"ListItem","position":1,"name":"Home","item":"https:\/\/www.intoscana.it\/it\/"},{"@type":"ListItem","position":2,"name":"Veronica Yoko Plebani: &#8220;La bellezza per me \u00e8 libert\u00e0 e diversit\u00e0&#8221;"}]},{"@type":"WebSite","@id":"https:\/\/www.intoscana.it\/it\/#website","url":"https:\/\/www.intoscana.it\/it\/","name":"intoscana","description":"","potentialAction":[{"@type":"SearchAction","target":{"@type":"EntryPoint","urlTemplate":"https:\/\/www.intoscana.it\/it\/?s={search_term_string}"},"query-input":{"@type":"PropertyValueSpecification","valueRequired":true,"valueName":"search_term_string"}}],"inLanguage":"it-IT"},{"@type":"Person","@id":"https:\/\/www.intoscana.it\/it\/#\/schema\/person\/d469f35f09739bdf00bf5dd3f0647a82","name":"Costanza Baldini","url":"https:\/\/www.intoscana.it\/it\/author\/costanza-baldini\/"}]}},"_links":{"self":[{"href":"https:\/\/www.intoscana.it\/it\/wp-json\/wp\/v2\/posts\/155986","targetHints":{"allow":["GET"]}}],"collection":[{"href":"https:\/\/www.intoscana.it\/it\/wp-json\/wp\/v2\/posts"}],"about":[{"href":"https:\/\/www.intoscana.it\/it\/wp-json\/wp\/v2\/types\/post"}],"author":[{"embeddable":true,"href":"https:\/\/www.intoscana.it\/it\/wp-json\/wp\/v2\/users\/518"}],"replies":[{"embeddable":true,"href":"https:\/\/www.intoscana.it\/it\/wp-json\/wp\/v2\/comments?post=155986"}],"version-history":[{"count":0,"href":"https:\/\/www.intoscana.it\/it\/wp-json\/wp\/v2\/posts\/155986\/revisions"}],"wp:featuredmedia":[{"embeddable":true,"href":"https:\/\/www.intoscana.it\/it\/wp-json\/wp\/v2\/media\/155988"}],"wp:attachment":[{"href":"https:\/\/www.intoscana.it\/it\/wp-json\/wp\/v2\/media?parent=155986"}],"wp:term":[{"taxonomy":"category","embeddable":true,"href":"https:\/\/www.intoscana.it\/it\/wp-json\/wp\/v2\/categories?post=155986"},{"taxonomy":"post_tag","embeddable":true,"href":"https:\/\/www.intoscana.it\/it\/wp-json\/wp\/v2\/tags?post=155986"}],"curies":[{"name":"wp","href":"https:\/\/api.w.org\/{rel}","templated":true}]}}