{"id":156276,"date":"2020-10-26T11:38:31","date_gmt":"2020-10-26T10:38:31","guid":{"rendered":"https:\/\/www.intoscana.it\/it\/?p=156276"},"modified":"2020-10-26T14:36:20","modified_gmt":"2020-10-26T13:36:20","slug":"beatrice-bruschi-a-leredita-delle-donne-il-velo-di-sana-e-il-simbolo-della-sua-liberta","status":"publish","type":"post","link":"https:\/\/www.intoscana.it\/it\/beatrice-bruschi-a-leredita-delle-donne-il-velo-di-sana-e-il-simbolo-della-sua-liberta\/","title":{"rendered":"Beatrice Bruschi a L&#8217;Eredit\u00e0 delle donne: &#8220;Il velo di Sana \u00e8 il simbolo della sua libert\u00e0&#8221;"},"content":{"rendered":"<p><strong>Giovane, musulmana, femminista, incazzata<\/strong> questi sono alcuni degli aggettivi con cui si pu\u00f2 provare a descrivere <strong>Sana<\/strong> personaggio protagonista dell&#8217;ultima fortunata serie del telefilm <a href=\"https:\/\/www.netflix.com\/it\/title\/81229431\" target=\"_blank\" rel=\"noopener noreferrer\"><strong>Skam Italia<\/strong><\/a>. <strong>Sana \u00e8 un personaggio rivoluzionario, che sfugge da ogni incasellamento<\/strong>. Come dice <strong>Marina Pierri nel suo libro sulle<a href=\"https:\/\/tlon.it\/prodotti\/eroine\/\" target=\"_blank\" rel=\"noopener noreferrer\"> Eroine delle serie tv<\/a>,<\/strong> Sana \u00e8 una cercatrice, ma quello che cerca lo cerca non fuori, ma dentro di s\u00e8, \u00e8 una ricerca per capire <strong>chi \u00e8 e chi vuole essere nel mondo.<\/strong> Una delle scene pi\u00f9 belle della serie \u00e8 un momento in cui Sana si trova a una festa con le sue amiche, chiede dov&#8217;\u00e8 il bagno e si chiude in una stanza per pregare. Una scena molto toccante che fa capire quanto<strong> il &#8216;mondo interiore&#8217; della preghiera, ma non solo, sia per lei fondamentale\u00a0per ritrovare se stessa<\/strong> in un mondo esterno in cui quasi tutti la accusano e la prendono in giro per la sua scelta. Per interpretare il personaggio di Sana <strong>Beatrice Bruschi \u00e8 stata aiutata dall&#8217;attivista e scrittrice musulmana\u00a0Sumaya Abdel Qader<\/strong> che ha collaborato anche alla stesura della sceneggiatura di<strong> SKAM Italia<\/strong>.<\/p>\n<h3>Ecco la nostra intervista<\/h3>\n<p><strong>Ciao Beatrice! Il personaggio di Sana da te interpretato protagonista dell&#8217;ultima serie di Skam Italia \u00e8 una giovane donna che lotta per essere se stessa, il suo &#8220;problema&#8221; \u00e8 che il velo da lei indossato rende immediatamente visibile a tutti quella che \u00e8 la sua scelta di vita<\/strong><\/p>\n<p>S\u00ec, il personaggio di Sana era complicato ed era una bella sfida proprio per questo. <strong>Era fondamentale mostrare quanto fosse importante per lei e anche per tante ragazze musulmane di seconda generazione indossare il velo<\/strong>. Era importante far capire agli altri che \u00e8 una scelta che loro fanno, potremmo anche dire che<strong> per molte di loro il velo \u00e8 il simbolo della loro libert\u00e0<\/strong>. Per interpretare questo personaggio<strong> ho indossato il velo sulla mia pelle, per capire cosa provava una ragazza adolescente musulmana<\/strong>. Una ragazza che ha 17-18 anni come Sana, \u00e8 in un&#8217;et\u00e0 molto difficile,<strong> l&#8217;adolescenza \u00e8 l&#8217;et\u00e0 delle insicurezze, di non sentirsi mai giusti o mai abbastanza.<\/strong> Quello che fa Sana cio\u00e8 lottare ed essere convinta al 100% di chi \u00e8 lei \u00e8 per me di un coraggio allucinante che io alla sua et\u00e0 sicuramente non avevo, \u00e8 da ammirare. <strong>Io dico sempre che questo lato di Sana mi ha cambiata, \u00e8 entrato dentro di me, andare in giro a testa alta, sempre, senza avere paura del giudizio degli altri<\/strong>.<\/p>\n<figure id=\"attachment_156295\" aria-describedby=\"caption-attachment-156295\" style=\"width: 700px\" class=\"wp-caption alignnone\"><img loading=\"lazy\" decoding=\"async\" class=\"size-full wp-image-156295\" src=\"https:\/\/www.intoscana.it\/wp-content\/uploads\/49797727151_db0edffe48_c-2.jpg\" alt=\"Sana, SKAM Italia\" width=\"700\" height=\"394\" srcset=\"https:\/\/www.intoscana.it\/wp-content\/uploads\/49797727151_db0edffe48_c-2.jpg 700w, https:\/\/www.intoscana.it\/wp-content\/uploads\/49797727151_db0edffe48_c-2-300x169.jpg 300w, https:\/\/www.intoscana.it\/wp-content\/uploads\/49797727151_db0edffe48_c-2-500x281.jpg 500w\" sizes=\"auto, (max-width: 700px) 100vw, 700px\" \/><figcaption id=\"caption-attachment-156295\" class=\"wp-caption-text\">Sana, SKAM Italia<\/figcaption><\/figure>\n<p><span class=\"citazione\">Bisogna dare risposte intelligenti, alle loro domande stupide<\/span><\/p>\n<p><strong>Bisogna anche dire che Sana \u00e8 sempre incazzata perch\u00e8 vive la discriminazione tutti i giorni sulla sua pelle<\/strong><\/p>\n<p>Sana \u00e8 una stronza, ma ti dico secondo me Sana \u00e8 stronza anche perch\u00e8\u00a0\u00e8 stronza lei (ride). <strong>E&#8217; costretta, come tante ragazze\u00a0come lei che indossano il velo in Italia, a farlo, a mettere un muro.<\/strong> Io ho notato in molte ragazze musulmane che conosco gli stessi atteggiamenti che ha Sana. <strong>Sono costrette a mettere un muro perch\u00e8\u00a0hanno paura del giudizio degli altri e sono stanche di sentire sempre le stesse cose<\/strong>. Secondo me non c&#8217;\u00e8 una soluzione, una risposta definitiva. Lo dice anche Martino della quarta stagione, lui dice: <strong><em>&#8220;Bisogna dare risposte intelligenti alle loro domande stupide&#8221;<\/em><\/strong> ed \u00e8 vero, come per\u00f2 \u00e8 vero anche che <strong>le ragazze sono stufe di dare risposte e non per forza devono rispondere.<\/strong> Bisognerebbe semplicemente accettare l&#8217;essere umano che abbiamo davanti che sia musulmano, cristiano per quello che \u00e8.<\/p>\n<p><iframe loading=\"lazy\" src=\"https:\/\/www.youtube.com\/embed\/qlKCqHbkRwY\" width=\"800\" height=\"500\" frameborder=\"0\" allowfullscreen=\"allowfullscreen\"><\/iframe><\/p>\n<p><strong>Penso che Sana sia davvero un&#8217;eroina contemporanea, che cerca di affermare la propria identit\u00e0<br \/>\n<\/strong><br \/>\nE&#8217; una ragazza in cerca della propria identit\u00e0 di donna, ma non solo, cerca il proprio posto nel mondo. <strong>Si chiede: a chi appartengo veramente? Al mondo musulmano o quello delle mie coetanee? Sana non trova una risposta, perch\u00e8\u00a0la risposta non c&#8217;\u00e8. Bisogna &#8216;barare&#8217;, molte volte la verit\u00e0 assoluta non esiste, \u00e8 un incastro di tante cose.<\/strong> In questa esperienza che ho fatto ho avuto modo di conoscere una miriade di persone e famiglie, tra cui la consulente <strong>Sumaya che \u00e8 veramente un modello da seguire<\/strong>. Sumaya mi ha ammaliato, la ascoltavo e pensavo &#8216;voglio essere te, voglio avere la met\u00e0 della tua intelligenza&#8217;. Skam Italia in questo senso mi ha dato veramente tanto. Con Sumaya siamo ancora molto amiche. Pensa che <strong>quando sono stata invitata da lei a pranzo per la prima volta, mi aspettavo che mi preparasse un piatto giordano. Arriva e mette in tavola delle fettuccine al rag\u00f9 e io mi sono sentito in colpa, perch\u00e8 mi sono detta: \u00e8 ovvio che mi avrebbe servito un piatto di pasta perch\u00e8 \u00e8 nata e vissuta in Italia<\/strong>.<\/p>\n<p><strong>Il 29 ottobre uscir\u00e0 per HarperCollins il tuo primo libro &#8220;Nessuna differenza. Come ho capito che le emozioni ci rendono tutti uguali&#8221; come mai hai deciso di scriverlo?<\/strong><\/p>\n<p>L&#8217;esperienza di <strong>SKAM Italia<\/strong> \u00e8 quella che ha dato il via a una serie di riflessioni. Sono rimasta molto colpita da questo studioso che si chiama <strong>Paul Ekman<\/strong> che ha &#8220;scoperto&#8221;<strong> le emozioni universali: rabbia, paura, tristezza, sorpresa, disprezzo, disgusto e felicit\u00e0<\/strong>. Sono universali perch\u00e8 tutti noi in qualsiasi luogo del mondo ci troviamo le proviamo e quando le proviamo abbiamo la stessa espressione sul viso. Io ho visto questa cosa come un legame che abbiamo tutti noi esseri umani, per quanto possiamo essere diversi, con culture diverse, lingue diverse, colore della pelle diverso, <strong>dentro di noi alla fine siamo esseri umani che provano tutti le stesse emozioni.<\/strong>\u00a0Nel libro ho associato a ognuna di queste emozioni un capitolo in cui racconto un&#8217;esperienza che ho vissuto nella mia vita.<\/p>\n<figure id=\"attachment_156293\" aria-describedby=\"caption-attachment-156293\" style=\"width: 1713px\" class=\"wp-caption alignnone\"><img loading=\"lazy\" decoding=\"async\" class=\"size-full wp-image-156293\" src=\"https:\/\/www.intoscana.it\/wp-content\/uploads\/Bruschi_Nessuna-differenza.jpg\" alt=\"Beatrice Bruschi, Nessuna differenza\" width=\"1713\" height=\"1977\" srcset=\"https:\/\/www.intoscana.it\/wp-content\/uploads\/Bruschi_Nessuna-differenza.jpg 1713w, https:\/\/www.intoscana.it\/wp-content\/uploads\/Bruschi_Nessuna-differenza-260x300.jpg 260w, https:\/\/www.intoscana.it\/wp-content\/uploads\/Bruschi_Nessuna-differenza-433x500.jpg 433w, https:\/\/www.intoscana.it\/wp-content\/uploads\/Bruschi_Nessuna-differenza-768x886.jpg 768w, https:\/\/www.intoscana.it\/wp-content\/uploads\/Bruschi_Nessuna-differenza-1331x1536.jpg 1331w\" sizes=\"auto, (max-width: 1713px) 100vw, 1713px\" \/><figcaption id=\"caption-attachment-156293\" class=\"wp-caption-text\">Beatrice Bruschi, Nessuna differenza<\/figcaption><\/figure>\n","protected":false},"excerpt":{"rendered":"<p>La giovane attrice che ha interpretato &#8220;Sana&#8221; la protagonista dell&#8217;ultima stagione della fortunata serie tv SKAM Italia ha partecipato domenica 25 ottobre al festival L&#8217;eredit\u00e0 delle donne a Firenze<\/p>\n","protected":false},"author":518,"featured_media":156250,"comment_status":"open","ping_status":"open","sticky":false,"template":"","format":"standard","meta":{"_acf_changed":false,"footnotes":""},"categories":[4],"tags":[411,3138,4804],"class_list":["post-156276","post","type-post","status-publish","format-standard","has-post-thumbnail","hentry","category-storie","tag-donne","tag-interviste-agli-artisti","tag-leredita-delle-donne"],"acf":[],"yoast_head":"<!-- This site is optimized with the Yoast SEO Premium plugin v24.2 (Yoast SEO v25.6) - https:\/\/yoast.com\/wordpress\/plugins\/seo\/ -->\n<title>Beatrice Bruschi a L&#039;Eredit\u00e0 delle donne: &quot;Il velo di Sana \u00e8 il simbolo della sua libert\u00e0&quot; - intoscana<\/title>\n<meta name=\"description\" content=\"La protagonista dell&#039;ultima stagione di SKAM Italia ha partecipato domenica 25 ottobre al festival L&#039;eredit\u00e0 delle donne a Firenze\" \/>\n<meta name=\"robots\" content=\"index, follow, max-snippet:-1, max-image-preview:large, max-video-preview:-1\" \/>\n<link rel=\"canonical\" href=\"https:\/\/www.intoscana.it\/it\/beatrice-bruschi-a-leredita-delle-donne-il-velo-di-sana-e-il-simbolo-della-sua-liberta\/\" \/>\n<meta property=\"og:locale\" content=\"it_IT\" \/>\n<meta property=\"og:type\" content=\"article\" \/>\n<meta property=\"og:title\" content=\"Beatrice Bruschi a L&#039;Eredit\u00e0 delle donne: &quot;Il velo di Sana \u00e8 il simbolo della sua libert\u00e0&quot;\" \/>\n<meta property=\"og:description\" content=\"La protagonista dell&#039;ultima stagione di SKAM Italia ha partecipato domenica 25 ottobre al festival L&#039;eredit\u00e0 delle donne a Firenze\" \/>\n<meta property=\"og:url\" content=\"https:\/\/www.intoscana.it\/it\/beatrice-bruschi-a-leredita-delle-donne-il-velo-di-sana-e-il-simbolo-della-sua-liberta\/\" \/>\n<meta property=\"og:site_name\" content=\"intoscana\" \/>\n<meta property=\"article:publisher\" content=\"https:\/\/www.facebook.com\/intoscana.it\" \/>\n<meta property=\"article:published_time\" content=\"2020-10-26T10:38:31+00:00\" \/>\n<meta property=\"article:modified_time\" content=\"2020-10-26T13:36:20+00:00\" \/>\n<meta property=\"og:image\" content=\"https:\/\/www.intoscana.it\/wp-content\/uploads\/Skam-Italia-Sana-e1589738478103.jpg\" \/>\n\t<meta property=\"og:image:width\" content=\"750\" \/>\n\t<meta property=\"og:image:height\" content=\"513\" \/>\n\t<meta property=\"og:image:type\" content=\"image\/jpeg\" \/>\n<meta name=\"author\" content=\"Costanza Baldini\" \/>\n<meta name=\"twitter:card\" content=\"summary_large_image\" \/>\n<meta name=\"twitter:creator\" content=\"@intoscana\" \/>\n<meta name=\"twitter:site\" content=\"@intoscana\" \/>\n<meta name=\"twitter:label1\" content=\"Written by\" \/>\n\t<meta name=\"twitter:data1\" content=\"Costanza Baldini\" \/>\n\t<meta name=\"twitter:label2\" content=\"Est. reading time\" \/>\n\t<meta name=\"twitter:data2\" content=\"5 minuti\" \/>\n<script type=\"application\/ld+json\" class=\"yoast-schema-graph\">{\"@context\":\"https:\/\/schema.org\",\"@graph\":[{\"@type\":\"WebPage\",\"@id\":\"https:\/\/www.intoscana.it\/it\/beatrice-bruschi-a-leredita-delle-donne-il-velo-di-sana-e-il-simbolo-della-sua-liberta\/\",\"url\":\"https:\/\/www.intoscana.it\/it\/beatrice-bruschi-a-leredita-delle-donne-il-velo-di-sana-e-il-simbolo-della-sua-liberta\/\",\"name\":\"Beatrice Bruschi a L'Eredit\u00e0 delle donne: \\\"Il velo di Sana \u00e8 il simbolo della sua libert\u00e0\\\" - intoscana\",\"isPartOf\":{\"@id\":\"https:\/\/www.intoscana.it\/it\/#website\"},\"primaryImageOfPage\":{\"@id\":\"https:\/\/www.intoscana.it\/it\/beatrice-bruschi-a-leredita-delle-donne-il-velo-di-sana-e-il-simbolo-della-sua-liberta\/#primaryimage\"},\"image\":{\"@id\":\"https:\/\/www.intoscana.it\/it\/beatrice-bruschi-a-leredita-delle-donne-il-velo-di-sana-e-il-simbolo-della-sua-liberta\/#primaryimage\"},\"thumbnailUrl\":\"https:\/\/www.intoscana.it\/wp-content\/uploads\/Skam-Italia-Sana-e1589738478103.jpg\",\"datePublished\":\"2020-10-26T10:38:31+00:00\",\"dateModified\":\"2020-10-26T13:36:20+00:00\",\"author\":{\"@id\":\"https:\/\/www.intoscana.it\/it\/#\/schema\/person\/d469f35f09739bdf00bf5dd3f0647a82\"},\"description\":\"La protagonista dell'ultima stagione di SKAM Italia ha partecipato domenica 25 ottobre al festival L'eredit\u00e0 delle donne a Firenze\",\"breadcrumb\":{\"@id\":\"https:\/\/www.intoscana.it\/it\/beatrice-bruschi-a-leredita-delle-donne-il-velo-di-sana-e-il-simbolo-della-sua-liberta\/#breadcrumb\"},\"inLanguage\":\"it-IT\",\"potentialAction\":[{\"@type\":\"ReadAction\",\"target\":[\"https:\/\/www.intoscana.it\/it\/beatrice-bruschi-a-leredita-delle-donne-il-velo-di-sana-e-il-simbolo-della-sua-liberta\/\"]}]},{\"@type\":\"ImageObject\",\"inLanguage\":\"it-IT\",\"@id\":\"https:\/\/www.intoscana.it\/it\/beatrice-bruschi-a-leredita-delle-donne-il-velo-di-sana-e-il-simbolo-della-sua-liberta\/#primaryimage\",\"url\":\"https:\/\/www.intoscana.it\/wp-content\/uploads\/Skam-Italia-Sana-e1589738478103.jpg\",\"contentUrl\":\"https:\/\/www.intoscana.it\/wp-content\/uploads\/Skam-Italia-Sana-e1589738478103.jpg\",\"width\":750,\"height\":513,\"caption\":\"Skam Italia, Beatrice Bruschi nei panni di Sana\"},{\"@type\":\"BreadcrumbList\",\"@id\":\"https:\/\/www.intoscana.it\/it\/beatrice-bruschi-a-leredita-delle-donne-il-velo-di-sana-e-il-simbolo-della-sua-liberta\/#breadcrumb\",\"itemListElement\":[{\"@type\":\"ListItem\",\"position\":1,\"name\":\"Home\",\"item\":\"https:\/\/www.intoscana.it\/it\/\"},{\"@type\":\"ListItem\",\"position\":2,\"name\":\"Beatrice Bruschi a L&#8217;Eredit\u00e0 delle donne: &#8220;Il velo di Sana \u00e8 il simbolo della sua libert\u00e0&#8221;\"}]},{\"@type\":\"WebSite\",\"@id\":\"https:\/\/www.intoscana.it\/it\/#website\",\"url\":\"https:\/\/www.intoscana.it\/it\/\",\"name\":\"intoscana\",\"description\":\"\",\"potentialAction\":[{\"@type\":\"SearchAction\",\"target\":{\"@type\":\"EntryPoint\",\"urlTemplate\":\"https:\/\/www.intoscana.it\/it\/?s={search_term_string}\"},\"query-input\":{\"@type\":\"PropertyValueSpecification\",\"valueRequired\":true,\"valueName\":\"search_term_string\"}}],\"inLanguage\":\"it-IT\"},{\"@type\":\"Person\",\"@id\":\"https:\/\/www.intoscana.it\/it\/#\/schema\/person\/d469f35f09739bdf00bf5dd3f0647a82\",\"name\":\"Costanza Baldini\",\"url\":\"https:\/\/www.intoscana.it\/it\/author\/costanza-baldini\/\"}]}<\/script>\n<!-- \/ Yoast SEO Premium plugin. -->","yoast_head_json":{"title":"Beatrice Bruschi a L'Eredit\u00e0 delle donne: \"Il velo di Sana \u00e8 il simbolo della sua libert\u00e0\" - intoscana","description":"La protagonista dell'ultima stagione di SKAM Italia ha partecipato domenica 25 ottobre al festival L'eredit\u00e0 delle donne a Firenze","robots":{"index":"index","follow":"follow","max-snippet":"max-snippet:-1","max-image-preview":"max-image-preview:large","max-video-preview":"max-video-preview:-1"},"canonical":"https:\/\/www.intoscana.it\/it\/beatrice-bruschi-a-leredita-delle-donne-il-velo-di-sana-e-il-simbolo-della-sua-liberta\/","og_locale":"it_IT","og_type":"article","og_title":"Beatrice Bruschi a L'Eredit\u00e0 delle donne: \"Il velo di Sana \u00e8 il simbolo della sua libert\u00e0\"","og_description":"La protagonista dell'ultima stagione di SKAM Italia ha partecipato domenica 25 ottobre al festival L'eredit\u00e0 delle donne a Firenze","og_url":"https:\/\/www.intoscana.it\/it\/beatrice-bruschi-a-leredita-delle-donne-il-velo-di-sana-e-il-simbolo-della-sua-liberta\/","og_site_name":"intoscana","article_publisher":"https:\/\/www.facebook.com\/intoscana.it","article_published_time":"2020-10-26T10:38:31+00:00","article_modified_time":"2020-10-26T13:36:20+00:00","og_image":[{"width":750,"height":513,"url":"https:\/\/www.intoscana.it\/wp-content\/uploads\/Skam-Italia-Sana-e1589738478103.jpg","type":"image\/jpeg"}],"author":"Costanza Baldini","twitter_card":"summary_large_image","twitter_creator":"@intoscana","twitter_site":"@intoscana","twitter_misc":{"Written by":"Costanza Baldini","Est. reading time":"5 minuti"},"schema":{"@context":"https:\/\/schema.org","@graph":[{"@type":"WebPage","@id":"https:\/\/www.intoscana.it\/it\/beatrice-bruschi-a-leredita-delle-donne-il-velo-di-sana-e-il-simbolo-della-sua-liberta\/","url":"https:\/\/www.intoscana.it\/it\/beatrice-bruschi-a-leredita-delle-donne-il-velo-di-sana-e-il-simbolo-della-sua-liberta\/","name":"Beatrice Bruschi a L'Eredit\u00e0 delle donne: \"Il velo di Sana \u00e8 il simbolo della sua libert\u00e0\" - intoscana","isPartOf":{"@id":"https:\/\/www.intoscana.it\/it\/#website"},"primaryImageOfPage":{"@id":"https:\/\/www.intoscana.it\/it\/beatrice-bruschi-a-leredita-delle-donne-il-velo-di-sana-e-il-simbolo-della-sua-liberta\/#primaryimage"},"image":{"@id":"https:\/\/www.intoscana.it\/it\/beatrice-bruschi-a-leredita-delle-donne-il-velo-di-sana-e-il-simbolo-della-sua-liberta\/#primaryimage"},"thumbnailUrl":"https:\/\/www.intoscana.it\/wp-content\/uploads\/Skam-Italia-Sana-e1589738478103.jpg","datePublished":"2020-10-26T10:38:31+00:00","dateModified":"2020-10-26T13:36:20+00:00","author":{"@id":"https:\/\/www.intoscana.it\/it\/#\/schema\/person\/d469f35f09739bdf00bf5dd3f0647a82"},"description":"La protagonista dell'ultima stagione di SKAM Italia ha partecipato domenica 25 ottobre al festival L'eredit\u00e0 delle donne a Firenze","breadcrumb":{"@id":"https:\/\/www.intoscana.it\/it\/beatrice-bruschi-a-leredita-delle-donne-il-velo-di-sana-e-il-simbolo-della-sua-liberta\/#breadcrumb"},"inLanguage":"it-IT","potentialAction":[{"@type":"ReadAction","target":["https:\/\/www.intoscana.it\/it\/beatrice-bruschi-a-leredita-delle-donne-il-velo-di-sana-e-il-simbolo-della-sua-liberta\/"]}]},{"@type":"ImageObject","inLanguage":"it-IT","@id":"https:\/\/www.intoscana.it\/it\/beatrice-bruschi-a-leredita-delle-donne-il-velo-di-sana-e-il-simbolo-della-sua-liberta\/#primaryimage","url":"https:\/\/www.intoscana.it\/wp-content\/uploads\/Skam-Italia-Sana-e1589738478103.jpg","contentUrl":"https:\/\/www.intoscana.it\/wp-content\/uploads\/Skam-Italia-Sana-e1589738478103.jpg","width":750,"height":513,"caption":"Skam Italia, Beatrice Bruschi nei panni di Sana"},{"@type":"BreadcrumbList","@id":"https:\/\/www.intoscana.it\/it\/beatrice-bruschi-a-leredita-delle-donne-il-velo-di-sana-e-il-simbolo-della-sua-liberta\/#breadcrumb","itemListElement":[{"@type":"ListItem","position":1,"name":"Home","item":"https:\/\/www.intoscana.it\/it\/"},{"@type":"ListItem","position":2,"name":"Beatrice Bruschi a L&#8217;Eredit\u00e0 delle donne: &#8220;Il velo di Sana \u00e8 il simbolo della sua libert\u00e0&#8221;"}]},{"@type":"WebSite","@id":"https:\/\/www.intoscana.it\/it\/#website","url":"https:\/\/www.intoscana.it\/it\/","name":"intoscana","description":"","potentialAction":[{"@type":"SearchAction","target":{"@type":"EntryPoint","urlTemplate":"https:\/\/www.intoscana.it\/it\/?s={search_term_string}"},"query-input":{"@type":"PropertyValueSpecification","valueRequired":true,"valueName":"search_term_string"}}],"inLanguage":"it-IT"},{"@type":"Person","@id":"https:\/\/www.intoscana.it\/it\/#\/schema\/person\/d469f35f09739bdf00bf5dd3f0647a82","name":"Costanza Baldini","url":"https:\/\/www.intoscana.it\/it\/author\/costanza-baldini\/"}]}},"_links":{"self":[{"href":"https:\/\/www.intoscana.it\/it\/wp-json\/wp\/v2\/posts\/156276","targetHints":{"allow":["GET"]}}],"collection":[{"href":"https:\/\/www.intoscana.it\/it\/wp-json\/wp\/v2\/posts"}],"about":[{"href":"https:\/\/www.intoscana.it\/it\/wp-json\/wp\/v2\/types\/post"}],"author":[{"embeddable":true,"href":"https:\/\/www.intoscana.it\/it\/wp-json\/wp\/v2\/users\/518"}],"replies":[{"embeddable":true,"href":"https:\/\/www.intoscana.it\/it\/wp-json\/wp\/v2\/comments?post=156276"}],"version-history":[{"count":0,"href":"https:\/\/www.intoscana.it\/it\/wp-json\/wp\/v2\/posts\/156276\/revisions"}],"wp:featuredmedia":[{"embeddable":true,"href":"https:\/\/www.intoscana.it\/it\/wp-json\/wp\/v2\/media\/156250"}],"wp:attachment":[{"href":"https:\/\/www.intoscana.it\/it\/wp-json\/wp\/v2\/media?parent=156276"}],"wp:term":[{"taxonomy":"category","embeddable":true,"href":"https:\/\/www.intoscana.it\/it\/wp-json\/wp\/v2\/categories?post=156276"},{"taxonomy":"post_tag","embeddable":true,"href":"https:\/\/www.intoscana.it\/it\/wp-json\/wp\/v2\/tags?post=156276"}],"curies":[{"name":"wp","href":"https:\/\/api.w.org\/{rel}","templated":true}]}}