{"id":156453,"date":"2020-10-27T12:45:03","date_gmt":"2020-10-27T11:45:03","guid":{"rendered":"https:\/\/www.intoscana.it\/it\/?p=156453"},"modified":"2020-10-27T12:45:03","modified_gmt":"2020-10-27T11:45:03","slug":"siena-green-trekking-urbano","status":"publish","type":"post","link":"https:\/\/www.intoscana.it\/it\/siena-green-trekking-urbano\/","title":{"rendered":"Siena racconta la sua anima green per la Giornata del Trekking Urbano"},"content":{"rendered":"<p>Un <strong>itinerario green nel cuore di Siena<\/strong>, dalla Valle di Follonica ai lavatoi di Fontebranda, passando per il Cortile del Podest\u00e0 di Palazzo Pubblico. \u00c8 questa la proposta della citt\u00e0 del Palio per la 17esima <strong>Giornata Nazionale del Trekking Urbano<\/strong>\u00a0in programma\u00a0<strong>sabato 31 ottobre<\/strong> in 70 localit\u00e0 italiane tra cui<a href=\"https:\/\/www.intoscana.it\/it\/articolo\/giornata-trekking-urbano\/\" target=\"_blank\" rel=\"noopener noreferrer\"> 8 citt\u00e0 e borghi della Toscana<\/a>.<\/p>\n<p>Tema di questa edizione \u00e8 &#8220;Com&#8217;\u00e8 Green la mia Citt\u00e0&#8221; all\u2019insegna di percorsi di turismo lento alla scoperta di angoli poco conosciuti di grandi citt\u00e0 e piccoli borghi.<\/p>\n<p><em>&#8220;L\u2019incremento delle citt\u00e0 aderenti che sono arrivate a settanta dimostra come la risposta delle amministrazione comunale al post lockdown sia improntata ad una sensibilit\u00e0 maggiore rispetto al tema del turismo all\u2019aria aperta &#8211; <\/em>sottolinea l&#8217;assessore al turismo di Siena,<strong> Alberto Tirelli <\/strong><em>&#8211; il trekking urbano, che \u00e8 partito da Siena, oggi rappresenta un modello di turismo lento per consentire ai visitatori di riscoprire o scoprire angoli delle citt\u00e0 italiane meno noti e per tornare a vivere le citt\u00e0. Pur nelle difficolt\u00e0 del momento abbiamo deciso di mantenere l\u2019iniziativa che si svolger\u00e0 in totale sicurezza e nel pineo rispetto delle normative&#8221;<\/em>.<\/p>\n<h3>Una giornata in sicurezza anti-Covid<\/h3>\n<p>Le partenze da Piazza del Campo dalle ore 10.40 alle ore 15.40 (ogni 20 minuti) si svolgeranno a<strong> gruppi di massimo 15 persone<\/strong> alla volta in ottemperanza alle nuove disposizioni per il contenimento di Covid-19. Ultima partenza della mattina ore 11.40 e prima del pomeriggio ore 14. La partenza delle ore 16 \u00e8 stata annullata e sostituita con quella della mattina delle ore 10.40 per coerenza con le disposizioni del Dpcm. L\u2019iniziativa si svolger\u00e0 nel rispetto dei protocolli anti Covid-19 e ad ogni partecipante sar\u00e0 consegnato un auricolare opportunamente sanificato per favorire il distanziamento sociale.<\/p>\n<p>La prenotazione \u00e8 obbligatoria fino ad esaurimento posti con lista di attesa, contattando l&#8217;Ufficio Turismo del Comune di Siena ai numeri 0577 92128\/178 o inviando una mail a <a href=\"mailto:trekkingurbano@comune.siena.it\">trekkingurbano@comune.siena.it<\/a> .<\/p>\n<h3 style=\"font-weight: 400;\"><b>A Siena tra orti e fonti<\/b><\/h3>\n<p style=\"font-weight: 400;\">Nel corso della sua storia, Siena ha sempre dedicato particolare attenzione all\u2019ambiente e al rispetto del proprio tessuto urbano. Ne sono testimonianza le<strong> valli verdi all\u2019interno delle mura,<\/strong> preservate dall\u2019urbanizzazione, ricche di olivi, viti e orti, ma anche le numerose lapidi e targhe sui muri della citt\u00e0, in cui sono presenti moniti e raccomandazioni, che nei secoli hanno suggerito a cittadini e visitatori come mantenere il decoro nel centro storico e che, neppure oggi, sfuggono all\u2019attento osservatore in cerca di storie e di curiosit\u00e0.<\/p>\n<p style=\"font-weight: 400;\">Ulteriore dimostrazione dell\u2019attenzione e della cura per l\u2019ambiente \u00e8<strong> l\u2019ingegnoso sistema di captazione delle acque, ancora oggi perfettamente funzionante,<\/strong> che permette di ammirarne di cristalline nelle imponenti fonti cittadine.<\/p>\n<p style=\"font-weight: 400;\">L\u2019<a href=\"https:\/\/www.trekkingurbano.info\/siena-trekking-urbano-2020\/\" target=\"_blank\" rel=\"noopener noreferrer\">itinerario del trekking urbano<\/a> condurr\u00e0 i partecipanti proprio alla scoperta di tante particolarit\u00e0 presenti nel centro di Siena, <strong>dalla Valle di Follonica,<\/strong> dove si avvertono profumi e colori della natura a due passi dalle vie principali della citt\u00e0, a <strong>Fonte Nuova d\u2019Ovile, storico bacino idrico<\/strong>\u00a0utilizzato non solo per lavare ma anche per l\u2019abbeveraggio, <strong>ai lavatoi di Fontebranda,<\/strong> in cui si possono immaginare le donne curve sui fontini tra lo scorrere dell\u2019acqua e le chiacchiere di passatempo. Il percorso si concluder\u00e0 nel <strong>Cortile del Podest\u00e0<\/strong>, da sempre avvolto in un\u2019atmosfera affascinante e misteriosa, dove verr\u00e0 consegnata ai partecipanti una borraccia ecosostenibile in cambio di una bottiglia di plastica, a simbolica testimonianza dell\u2019ancor oggi vivo interesse verso il rispetto dell\u2019ambiente dimostrato, nei secoli da Siena.<\/p>\n","protected":false},"excerpt":{"rendered":"<p>Sabato 31 ottobre torna l\u2019appuntamento a cui aderiscono 70 localit\u00e0 italiane: le partenze da Piazza del Campo si svolgeranno a gruppi di massimo 15 persone per garantire la sicurezza<\/p>\n","protected":false},"author":525,"featured_media":141462,"comment_status":"open","ping_status":"open","sticky":false,"template":"","format":"standard","meta":{"_acf_changed":false,"footnotes":""},"categories":[6],"tags":[164,4494],"class_list":["post-156453","post","type-post","status-publish","format-standard","has-post-thumbnail","hentry","category-viaggi","tag-siena","tag-trekking-urbano"],"acf":[],"yoast_head":"<!-- This site is optimized with the Yoast SEO Premium plugin v24.2 (Yoast SEO v25.6) - https:\/\/yoast.com\/wordpress\/plugins\/seo\/ -->\n<title>Siena racconta la sua anima green per la Giornata del Trekking Urbano - intoscana<\/title>\n<meta name=\"description\" content=\"Siena partecipa alla Giornata del Trekking Urbano con un percorso green tra orti e fonti, nel rispetto delle norme anti-Covid.\" \/>\n<meta name=\"robots\" content=\"index, follow, max-snippet:-1, max-image-preview:large, max-video-preview:-1\" \/>\n<link rel=\"canonical\" href=\"https:\/\/www.intoscana.it\/it\/siena-green-trekking-urbano\/\" \/>\n<meta property=\"og:locale\" content=\"it_IT\" \/>\n<meta property=\"og:type\" content=\"article\" \/>\n<meta property=\"og:title\" content=\"Siena racconta la sua anima green per la Giornata del Trekking Urbano\" \/>\n<meta property=\"og:description\" content=\"Siena partecipa alla Giornata del Trekking Urbano con un percorso green tra orti e fonti, nel rispetto delle norme anti-Covid.\" \/>\n<meta property=\"og:url\" content=\"https:\/\/www.intoscana.it\/it\/siena-green-trekking-urbano\/\" \/>\n<meta property=\"og:site_name\" content=\"intoscana\" \/>\n<meta property=\"article:publisher\" content=\"https:\/\/www.facebook.com\/intoscana.it\" \/>\n<meta property=\"article:published_time\" content=\"2020-10-27T11:45:03+00:00\" \/>\n<meta property=\"og:image\" content=\"https:\/\/www.intoscana.it\/wp-content\/uploads\/DSC0215ok-1.jpg\" \/>\n\t<meta property=\"og:image:width\" content=\"851\" \/>\n\t<meta property=\"og:image:height\" content=\"600\" \/>\n\t<meta property=\"og:image:type\" content=\"image\/jpeg\" \/>\n<meta name=\"author\" content=\"Redazione\" \/>\n<meta name=\"twitter:card\" content=\"summary_large_image\" \/>\n<meta name=\"twitter:creator\" content=\"@intoscana\" \/>\n<meta name=\"twitter:site\" content=\"@intoscana\" \/>\n<meta name=\"twitter:label1\" content=\"Written by\" \/>\n\t<meta name=\"twitter:data1\" content=\"Redazione\" \/>\n\t<meta name=\"twitter:label2\" content=\"Est. reading time\" \/>\n\t<meta name=\"twitter:data2\" content=\"3 minuti\" \/>\n<script type=\"application\/ld+json\" class=\"yoast-schema-graph\">{\"@context\":\"https:\/\/schema.org\",\"@graph\":[{\"@type\":\"WebPage\",\"@id\":\"https:\/\/www.intoscana.it\/it\/siena-green-trekking-urbano\/\",\"url\":\"https:\/\/www.intoscana.it\/it\/siena-green-trekking-urbano\/\",\"name\":\"Siena racconta la sua anima green per la Giornata del Trekking Urbano - intoscana\",\"isPartOf\":{\"@id\":\"https:\/\/www.intoscana.it\/it\/#website\"},\"primaryImageOfPage\":{\"@id\":\"https:\/\/www.intoscana.it\/it\/siena-green-trekking-urbano\/#primaryimage\"},\"image\":{\"@id\":\"https:\/\/www.intoscana.it\/it\/siena-green-trekking-urbano\/#primaryimage\"},\"thumbnailUrl\":\"https:\/\/www.intoscana.it\/wp-content\/uploads\/DSC0215ok-1.jpg\",\"datePublished\":\"2020-10-27T11:45:03+00:00\",\"author\":{\"@id\":\"https:\/\/www.intoscana.it\/it\/#\/schema\/person\/9223810753230f20bd670fdd322661f8\"},\"description\":\"Siena partecipa alla Giornata del Trekking Urbano con un percorso green tra orti e fonti, nel rispetto delle norme anti-Covid.\",\"breadcrumb\":{\"@id\":\"https:\/\/www.intoscana.it\/it\/siena-green-trekking-urbano\/#breadcrumb\"},\"inLanguage\":\"it-IT\",\"potentialAction\":[{\"@type\":\"ReadAction\",\"target\":[\"https:\/\/www.intoscana.it\/it\/siena-green-trekking-urbano\/\"]}]},{\"@type\":\"ImageObject\",\"inLanguage\":\"it-IT\",\"@id\":\"https:\/\/www.intoscana.it\/it\/siena-green-trekking-urbano\/#primaryimage\",\"url\":\"https:\/\/www.intoscana.it\/wp-content\/uploads\/DSC0215ok-1.jpg\",\"contentUrl\":\"https:\/\/www.intoscana.it\/wp-content\/uploads\/DSC0215ok-1.jpg\",\"width\":851,\"height\":600},{\"@type\":\"BreadcrumbList\",\"@id\":\"https:\/\/www.intoscana.it\/it\/siena-green-trekking-urbano\/#breadcrumb\",\"itemListElement\":[{\"@type\":\"ListItem\",\"position\":1,\"name\":\"Home\",\"item\":\"https:\/\/www.intoscana.it\/it\/\"},{\"@type\":\"ListItem\",\"position\":2,\"name\":\"Siena racconta la sua anima green per la Giornata del Trekking Urbano\"}]},{\"@type\":\"WebSite\",\"@id\":\"https:\/\/www.intoscana.it\/it\/#website\",\"url\":\"https:\/\/www.intoscana.it\/it\/\",\"name\":\"intoscana\",\"description\":\"\",\"potentialAction\":[{\"@type\":\"SearchAction\",\"target\":{\"@type\":\"EntryPoint\",\"urlTemplate\":\"https:\/\/www.intoscana.it\/it\/?s={search_term_string}\"},\"query-input\":{\"@type\":\"PropertyValueSpecification\",\"valueRequired\":true,\"valueName\":\"search_term_string\"}}],\"inLanguage\":\"it-IT\"},{\"@type\":\"Person\",\"@id\":\"https:\/\/www.intoscana.it\/it\/#\/schema\/person\/9223810753230f20bd670fdd322661f8\",\"name\":\"Redazione\",\"url\":\"https:\/\/www.intoscana.it\/it\/author\/redazione\/\"}]}<\/script>\n<!-- \/ Yoast SEO Premium plugin. -->","yoast_head_json":{"title":"Siena racconta la sua anima green per la Giornata del Trekking Urbano - intoscana","description":"Siena partecipa alla Giornata del Trekking Urbano con un percorso green tra orti e fonti, nel rispetto delle norme anti-Covid.","robots":{"index":"index","follow":"follow","max-snippet":"max-snippet:-1","max-image-preview":"max-image-preview:large","max-video-preview":"max-video-preview:-1"},"canonical":"https:\/\/www.intoscana.it\/it\/siena-green-trekking-urbano\/","og_locale":"it_IT","og_type":"article","og_title":"Siena racconta la sua anima green per la Giornata del Trekking Urbano","og_description":"Siena partecipa alla Giornata del Trekking Urbano con un percorso green tra orti e fonti, nel rispetto delle norme anti-Covid.","og_url":"https:\/\/www.intoscana.it\/it\/siena-green-trekking-urbano\/","og_site_name":"intoscana","article_publisher":"https:\/\/www.facebook.com\/intoscana.it","article_published_time":"2020-10-27T11:45:03+00:00","og_image":[{"width":851,"height":600,"url":"https:\/\/www.intoscana.it\/wp-content\/uploads\/DSC0215ok-1.jpg","type":"image\/jpeg"}],"author":"Redazione","twitter_card":"summary_large_image","twitter_creator":"@intoscana","twitter_site":"@intoscana","twitter_misc":{"Written by":"Redazione","Est. reading time":"3 minuti"},"schema":{"@context":"https:\/\/schema.org","@graph":[{"@type":"WebPage","@id":"https:\/\/www.intoscana.it\/it\/siena-green-trekking-urbano\/","url":"https:\/\/www.intoscana.it\/it\/siena-green-trekking-urbano\/","name":"Siena racconta la sua anima green per la Giornata del Trekking Urbano - intoscana","isPartOf":{"@id":"https:\/\/www.intoscana.it\/it\/#website"},"primaryImageOfPage":{"@id":"https:\/\/www.intoscana.it\/it\/siena-green-trekking-urbano\/#primaryimage"},"image":{"@id":"https:\/\/www.intoscana.it\/it\/siena-green-trekking-urbano\/#primaryimage"},"thumbnailUrl":"https:\/\/www.intoscana.it\/wp-content\/uploads\/DSC0215ok-1.jpg","datePublished":"2020-10-27T11:45:03+00:00","author":{"@id":"https:\/\/www.intoscana.it\/it\/#\/schema\/person\/9223810753230f20bd670fdd322661f8"},"description":"Siena partecipa alla Giornata del Trekking Urbano con un percorso green tra orti e fonti, nel rispetto delle norme anti-Covid.","breadcrumb":{"@id":"https:\/\/www.intoscana.it\/it\/siena-green-trekking-urbano\/#breadcrumb"},"inLanguage":"it-IT","potentialAction":[{"@type":"ReadAction","target":["https:\/\/www.intoscana.it\/it\/siena-green-trekking-urbano\/"]}]},{"@type":"ImageObject","inLanguage":"it-IT","@id":"https:\/\/www.intoscana.it\/it\/siena-green-trekking-urbano\/#primaryimage","url":"https:\/\/www.intoscana.it\/wp-content\/uploads\/DSC0215ok-1.jpg","contentUrl":"https:\/\/www.intoscana.it\/wp-content\/uploads\/DSC0215ok-1.jpg","width":851,"height":600},{"@type":"BreadcrumbList","@id":"https:\/\/www.intoscana.it\/it\/siena-green-trekking-urbano\/#breadcrumb","itemListElement":[{"@type":"ListItem","position":1,"name":"Home","item":"https:\/\/www.intoscana.it\/it\/"},{"@type":"ListItem","position":2,"name":"Siena racconta la sua anima green per la Giornata del Trekking Urbano"}]},{"@type":"WebSite","@id":"https:\/\/www.intoscana.it\/it\/#website","url":"https:\/\/www.intoscana.it\/it\/","name":"intoscana","description":"","potentialAction":[{"@type":"SearchAction","target":{"@type":"EntryPoint","urlTemplate":"https:\/\/www.intoscana.it\/it\/?s={search_term_string}"},"query-input":{"@type":"PropertyValueSpecification","valueRequired":true,"valueName":"search_term_string"}}],"inLanguage":"it-IT"},{"@type":"Person","@id":"https:\/\/www.intoscana.it\/it\/#\/schema\/person\/9223810753230f20bd670fdd322661f8","name":"Redazione","url":"https:\/\/www.intoscana.it\/it\/author\/redazione\/"}]}},"_links":{"self":[{"href":"https:\/\/www.intoscana.it\/it\/wp-json\/wp\/v2\/posts\/156453","targetHints":{"allow":["GET"]}}],"collection":[{"href":"https:\/\/www.intoscana.it\/it\/wp-json\/wp\/v2\/posts"}],"about":[{"href":"https:\/\/www.intoscana.it\/it\/wp-json\/wp\/v2\/types\/post"}],"author":[{"embeddable":true,"href":"https:\/\/www.intoscana.it\/it\/wp-json\/wp\/v2\/users\/525"}],"replies":[{"embeddable":true,"href":"https:\/\/www.intoscana.it\/it\/wp-json\/wp\/v2\/comments?post=156453"}],"version-history":[{"count":0,"href":"https:\/\/www.intoscana.it\/it\/wp-json\/wp\/v2\/posts\/156453\/revisions"}],"wp:featuredmedia":[{"embeddable":true,"href":"https:\/\/www.intoscana.it\/it\/wp-json\/wp\/v2\/media\/141462"}],"wp:attachment":[{"href":"https:\/\/www.intoscana.it\/it\/wp-json\/wp\/v2\/media?parent=156453"}],"wp:term":[{"taxonomy":"category","embeddable":true,"href":"https:\/\/www.intoscana.it\/it\/wp-json\/wp\/v2\/categories?post=156453"},{"taxonomy":"post_tag","embeddable":true,"href":"https:\/\/www.intoscana.it\/it\/wp-json\/wp\/v2\/tags?post=156453"}],"curies":[{"name":"wp","href":"https:\/\/api.w.org\/{rel}","templated":true}]}}