{"id":156631,"date":"2020-10-29T09:37:01","date_gmt":"2020-10-29T08:37:01","guid":{"rendered":"https:\/\/www.intoscana.it\/it\/?p=156631"},"modified":"2020-10-29T10:03:40","modified_gmt":"2020-10-29T09:03:40","slug":"protesta-dpcm-firenze","status":"publish","type":"post","link":"https:\/\/www.intoscana.it\/it\/protesta-dpcm-firenze\/","title":{"rendered":"In piazza contro il Dpcm: la protesta di ristoratori e tassisti a Firenze"},"content":{"rendered":"<p>Fioccano le<strong> proteste<\/strong> in tutta la Toscana contro le <strong><a href=\"https:\/\/www.intoscana.it\/it\/articolo\/covid-19-ecco-il-nuovo-dpcm-morbido-di-conte-no-a-un-nuovo-lockdown\/\" target=\"_blank\" rel=\"noopener noreferrer\">misure restrittive<\/a> dell&#8217;ultimo Dpcm<\/strong>, pensate per arginare la diffusione dell&#8217;epidemia,\u00a0che mettono in difficolt\u00e0 diverse categorie economiche.<\/p>\n<h3>Ristoratori in piazza Duomo e la protesta dei tassisti<\/h3>\n<p>Ieri \u00e8 stata una giornata di manifestazioni a Firenze. Il mondo della ristorazione \u00e8 sceso in piazza per la mobilitazione nazionale di Fipe-Confcommercio: pi\u00f9 di <strong>300 operatori, provenienti da tutta la Toscana, hanno manifestato in piazza Duomo<\/strong> davanti alla Presidenza della Regione, seduti a terra, intorno a tovaglie apparecchiate.<br \/>\nIn piazza anche il governatore Eugenio Giani e il sindaco di Firenze Dario Nardella. &#8220;<em>Chiediamo di poter lavorare, <\/em><em>altrimenti questo \u00e8 un lockdown mascherato<\/em>&#8220;, ha detto il direttore di Confcommercio Toscana, Franco Marinoni.<\/p>\n<p>Sempre ieri a Firenze <strong>hanno protestato anche i tassisti<\/strong>, con un carosello che dalla periferia \u00e8 arrivato fino a piazzale\u00a0 Michelangelo, passando per le vie del centro, suonando il clacson ed esponendo al finestrino cartelli come <strong>&#8216;Tutto chiuso, il taxi muore&#8217;<\/strong>. I tassisti hanno anche sostato in piazza della Signoria, occupandola per intero, e sono transitati in piazza Duomo a lungo applauditi dai ristoratori che manifestavano.<\/p>\n<h3>Altre due le manifestazioni contro il Dpcm previste a Firenze<\/h3>\n<p><strong>Un&#8217;altra manifestazione contro il Dpcm, non autorizzata, \u00e8 prevista venerd\u00ec sera a Firenze in piazza della Signoria<\/strong>, su cui il sindaco Dario Nardella ha espresso preoccupazione.<br \/>\n&#8220;<em>Sono molto preoccupato. <strong>Il volantino \u00e8 anonimo,<\/strong> ne approfitto per invitare i cittadini che intendono manifestare\u00a0 democraticamente a non partecipare <\/em>&#8211; ha dichiarato Nardella &#8211; <em>non \u00e8 stata data informazione alle autorit\u00e0 competenti, n\u00e9 \u00e8 stata concessa loro l&#8217;autorizzazione. I cittadini democratici e civili non partecipino a manifestazioni del genere, ce ne sono altre. Come quelle dei ristoratori e dei tassisti, molto accese ma pacifiche e democratiche. Dobbiamo stare molto attenti a non confondere legalit\u00e0 e illegalit\u00e0<\/em>&#8220;.<\/p>\n<p>Sempre a Firenze sabato 31 ottobre alle ore 10.30, in via Cavour, davanti alla prefettura, \u00e8 prevista <strong>l&#8217;iniziativa &#8216;Marcia della Liberazione&#8217;<\/strong> che manifester\u00e0 il proprio &#8220;<em>disaccordo con la gestione governativa dell&#8217;emergenza Covid<\/em>&#8221; con un presidio di protesta &#8220;<em>durante il quale<\/em> &#8211; si legge in una nota &#8211; <em>chiederemo di essere ricevuti dal Prefetto cui intendiamo <\/em><em>comunicare la nostra preoccupazione in merito alla gravissima <\/em><em>situazione economica in cui versano, anche a causa delle <\/em><em>politiche di contenimento, migliaia di lavoratori e centinaia di <\/em><em>aziende<\/em>&#8220;.<\/p>\n<h3>A Prato lumini in piazza come simbolo della chiusura delle aziende<\/h3>\n<p>Infine venerd\u00ec prossimo a <strong>Prato<\/strong> si terr\u00e0 una mobilitazione contro il Dpcm. Organizzata da tre consiglieri comunali di opposizione &#8211; Claudio Belgiorno (FdI), Leonardo Soldi e Claudiu Stanasel (entrambi eletti nella Lega) &#8211; si terr\u00e0 alle 18.30 in piazza delle Carceri.<br \/>\nLa coreografia per la protesta prevede<strong> lumini accesi con impresso il nome di persone o aziende.<\/strong> &#8220;<em>Quando la citt\u00e0 si <\/em><em>spegne &#8211;<\/em> ha spiegato Claudio Belgiorno<em> &#8211; noi accenderemo i <\/em><em>nostri lumini con il nome dell&#8217;attivit\u00e0 o del gestore. Un modo <\/em><em>per protestare, ma nel rispetto delle regole&#8221;.<\/em><\/p>\n<p>La manifestazione &#8211; sostengono i consiglieri in una nota &#8211; &#8220;<em>\u00e8 apartitica e prevede anche la testimonianza di alcuni imprenditori che parleranno direttamente dalla piazza<\/em>&#8220;, oltre ad altri che saranno collegati sulla pagina Facebook dell&#8217;evento. Per partecipare si potr\u00e0 <strong>portare un lumino in piazza venerd\u00ec dalle 15 alle 18,<\/strong> apponendo il proprio nome o quello dell&#8217;azienda.<\/p>\n<p>&nbsp;<\/p>\n","protected":false},"excerpt":{"rendered":"<p>Dopo le manifestazioni di ieri delle categorie economiche colpite dalle restrizioni anti-Covid sono previste altre iniziative sempre nel capoluogo toscano e a Prato<\/p>\n","protected":false},"author":525,"featured_media":156637,"comment_status":"open","ping_status":"open","sticky":false,"template":"","format":"standard","meta":{"_acf_changed":false,"footnotes":""},"categories":[494],"tags":[418,4715,267,4794],"class_list":["post-156631","post","type-post","status-publish","format-standard","has-post-thumbnail","hentry","category-attualita","tag-covid-19","tag-dpcm","tag-imprese","tag-ristoratori"],"acf":[],"yoast_head":"<!-- This site is optimized with the Yoast SEO Premium plugin v24.2 (Yoast SEO v25.6) - https:\/\/yoast.com\/wordpress\/plugins\/seo\/ -->\n<title>In piazza contro il Dpcm: la protesta di ristoratori e tassisti a Firenze - intoscana<\/title>\n<meta name=\"description\" content=\"Ristoratori e tassisti in piazza ieri a Firenze contro il Dpcm, ma sono previste altre manifestazioni nel capoluogo toscano e a Prato.\" \/>\n<meta name=\"robots\" content=\"index, follow, max-snippet:-1, max-image-preview:large, max-video-preview:-1\" \/>\n<link rel=\"canonical\" href=\"https:\/\/www.intoscana.it\/it\/protesta-dpcm-firenze\/\" \/>\n<meta property=\"og:locale\" content=\"it_IT\" \/>\n<meta property=\"og:type\" content=\"article\" \/>\n<meta property=\"og:title\" content=\"In piazza contro il Dpcm: la protesta di ristoratori e tassisti a Firenze\" \/>\n<meta property=\"og:description\" content=\"Ristoratori e tassisti in piazza ieri a Firenze contro il Dpcm, ma sono previste altre manifestazioni nel capoluogo toscano e a Prato.\" \/>\n<meta property=\"og:url\" content=\"https:\/\/www.intoscana.it\/it\/protesta-dpcm-firenze\/\" \/>\n<meta property=\"og:site_name\" content=\"intoscana\" \/>\n<meta property=\"article:publisher\" content=\"https:\/\/www.facebook.com\/intoscana.it\" \/>\n<meta property=\"article:published_time\" content=\"2020-10-29T08:37:01+00:00\" \/>\n<meta property=\"article:modified_time\" content=\"2020-10-29T09:03:40+00:00\" \/>\n<meta property=\"og:image\" content=\"https:\/\/www.intoscana.it\/wp-content\/uploads\/FONDTOSCANA1_20201029094234200-scaled.jpg\" \/>\n\t<meta property=\"og:image:width\" content=\"2048\" \/>\n\t<meta property=\"og:image:height\" content=\"1536\" \/>\n\t<meta property=\"og:image:type\" content=\"image\/jpeg\" \/>\n<meta name=\"author\" content=\"Redazione\" \/>\n<meta name=\"twitter:card\" content=\"summary_large_image\" \/>\n<meta name=\"twitter:creator\" content=\"@intoscana\" \/>\n<meta name=\"twitter:site\" content=\"@intoscana\" \/>\n<meta name=\"twitter:label1\" content=\"Written by\" \/>\n\t<meta name=\"twitter:data1\" content=\"Redazione\" \/>\n\t<meta name=\"twitter:label2\" content=\"Est. reading time\" \/>\n\t<meta name=\"twitter:data2\" content=\"3 minuti\" \/>\n<script type=\"application\/ld+json\" class=\"yoast-schema-graph\">{\"@context\":\"https:\/\/schema.org\",\"@graph\":[{\"@type\":\"WebPage\",\"@id\":\"https:\/\/www.intoscana.it\/it\/protesta-dpcm-firenze\/\",\"url\":\"https:\/\/www.intoscana.it\/it\/protesta-dpcm-firenze\/\",\"name\":\"In piazza contro il Dpcm: la protesta di ristoratori e tassisti a Firenze - intoscana\",\"isPartOf\":{\"@id\":\"https:\/\/www.intoscana.it\/it\/#website\"},\"primaryImageOfPage\":{\"@id\":\"https:\/\/www.intoscana.it\/it\/protesta-dpcm-firenze\/#primaryimage\"},\"image\":{\"@id\":\"https:\/\/www.intoscana.it\/it\/protesta-dpcm-firenze\/#primaryimage\"},\"thumbnailUrl\":\"https:\/\/www.intoscana.it\/wp-content\/uploads\/FONDTOSCANA1_20201029094234200-scaled.jpg\",\"datePublished\":\"2020-10-29T08:37:01+00:00\",\"dateModified\":\"2020-10-29T09:03:40+00:00\",\"author\":{\"@id\":\"https:\/\/www.intoscana.it\/it\/#\/schema\/person\/9223810753230f20bd670fdd322661f8\"},\"description\":\"Ristoratori e tassisti in piazza ieri a Firenze contro il Dpcm, ma sono previste altre manifestazioni nel capoluogo toscano e a Prato.\",\"breadcrumb\":{\"@id\":\"https:\/\/www.intoscana.it\/it\/protesta-dpcm-firenze\/#breadcrumb\"},\"inLanguage\":\"it-IT\",\"potentialAction\":[{\"@type\":\"ReadAction\",\"target\":[\"https:\/\/www.intoscana.it\/it\/protesta-dpcm-firenze\/\"]}]},{\"@type\":\"ImageObject\",\"inLanguage\":\"it-IT\",\"@id\":\"https:\/\/www.intoscana.it\/it\/protesta-dpcm-firenze\/#primaryimage\",\"url\":\"https:\/\/www.intoscana.it\/wp-content\/uploads\/FONDTOSCANA1_20201029094234200-scaled.jpg\",\"contentUrl\":\"https:\/\/www.intoscana.it\/wp-content\/uploads\/FONDTOSCANA1_20201029094234200-scaled.jpg\",\"width\":2048,\"height\":1536,\"caption\":\"La protesta dei ristoratori contro il Dpcm a Firenze\"},{\"@type\":\"BreadcrumbList\",\"@id\":\"https:\/\/www.intoscana.it\/it\/protesta-dpcm-firenze\/#breadcrumb\",\"itemListElement\":[{\"@type\":\"ListItem\",\"position\":1,\"name\":\"Home\",\"item\":\"https:\/\/www.intoscana.it\/it\/\"},{\"@type\":\"ListItem\",\"position\":2,\"name\":\"In piazza contro il Dpcm: la protesta di ristoratori e tassisti a Firenze\"}]},{\"@type\":\"WebSite\",\"@id\":\"https:\/\/www.intoscana.it\/it\/#website\",\"url\":\"https:\/\/www.intoscana.it\/it\/\",\"name\":\"intoscana\",\"description\":\"\",\"potentialAction\":[{\"@type\":\"SearchAction\",\"target\":{\"@type\":\"EntryPoint\",\"urlTemplate\":\"https:\/\/www.intoscana.it\/it\/?s={search_term_string}\"},\"query-input\":{\"@type\":\"PropertyValueSpecification\",\"valueRequired\":true,\"valueName\":\"search_term_string\"}}],\"inLanguage\":\"it-IT\"},{\"@type\":\"Person\",\"@id\":\"https:\/\/www.intoscana.it\/it\/#\/schema\/person\/9223810753230f20bd670fdd322661f8\",\"name\":\"Redazione\",\"url\":\"https:\/\/www.intoscana.it\/it\/author\/redazione\/\"}]}<\/script>\n<!-- \/ Yoast SEO Premium plugin. -->","yoast_head_json":{"title":"In piazza contro il Dpcm: la protesta di ristoratori e tassisti a Firenze - intoscana","description":"Ristoratori e tassisti in piazza ieri a Firenze contro il Dpcm, ma sono previste altre manifestazioni nel capoluogo toscano e a Prato.","robots":{"index":"index","follow":"follow","max-snippet":"max-snippet:-1","max-image-preview":"max-image-preview:large","max-video-preview":"max-video-preview:-1"},"canonical":"https:\/\/www.intoscana.it\/it\/protesta-dpcm-firenze\/","og_locale":"it_IT","og_type":"article","og_title":"In piazza contro il Dpcm: la protesta di ristoratori e tassisti a Firenze","og_description":"Ristoratori e tassisti in piazza ieri a Firenze contro il Dpcm, ma sono previste altre manifestazioni nel capoluogo toscano e a Prato.","og_url":"https:\/\/www.intoscana.it\/it\/protesta-dpcm-firenze\/","og_site_name":"intoscana","article_publisher":"https:\/\/www.facebook.com\/intoscana.it","article_published_time":"2020-10-29T08:37:01+00:00","article_modified_time":"2020-10-29T09:03:40+00:00","og_image":[{"width":2048,"height":1536,"url":"https:\/\/www.intoscana.it\/wp-content\/uploads\/FONDTOSCANA1_20201029094234200-scaled.jpg","type":"image\/jpeg"}],"author":"Redazione","twitter_card":"summary_large_image","twitter_creator":"@intoscana","twitter_site":"@intoscana","twitter_misc":{"Written by":"Redazione","Est. reading time":"3 minuti"},"schema":{"@context":"https:\/\/schema.org","@graph":[{"@type":"WebPage","@id":"https:\/\/www.intoscana.it\/it\/protesta-dpcm-firenze\/","url":"https:\/\/www.intoscana.it\/it\/protesta-dpcm-firenze\/","name":"In piazza contro il Dpcm: la protesta di ristoratori e tassisti a Firenze - intoscana","isPartOf":{"@id":"https:\/\/www.intoscana.it\/it\/#website"},"primaryImageOfPage":{"@id":"https:\/\/www.intoscana.it\/it\/protesta-dpcm-firenze\/#primaryimage"},"image":{"@id":"https:\/\/www.intoscana.it\/it\/protesta-dpcm-firenze\/#primaryimage"},"thumbnailUrl":"https:\/\/www.intoscana.it\/wp-content\/uploads\/FONDTOSCANA1_20201029094234200-scaled.jpg","datePublished":"2020-10-29T08:37:01+00:00","dateModified":"2020-10-29T09:03:40+00:00","author":{"@id":"https:\/\/www.intoscana.it\/it\/#\/schema\/person\/9223810753230f20bd670fdd322661f8"},"description":"Ristoratori e tassisti in piazza ieri a Firenze contro il Dpcm, ma sono previste altre manifestazioni nel capoluogo toscano e a Prato.","breadcrumb":{"@id":"https:\/\/www.intoscana.it\/it\/protesta-dpcm-firenze\/#breadcrumb"},"inLanguage":"it-IT","potentialAction":[{"@type":"ReadAction","target":["https:\/\/www.intoscana.it\/it\/protesta-dpcm-firenze\/"]}]},{"@type":"ImageObject","inLanguage":"it-IT","@id":"https:\/\/www.intoscana.it\/it\/protesta-dpcm-firenze\/#primaryimage","url":"https:\/\/www.intoscana.it\/wp-content\/uploads\/FONDTOSCANA1_20201029094234200-scaled.jpg","contentUrl":"https:\/\/www.intoscana.it\/wp-content\/uploads\/FONDTOSCANA1_20201029094234200-scaled.jpg","width":2048,"height":1536,"caption":"La protesta dei ristoratori contro il Dpcm a Firenze"},{"@type":"BreadcrumbList","@id":"https:\/\/www.intoscana.it\/it\/protesta-dpcm-firenze\/#breadcrumb","itemListElement":[{"@type":"ListItem","position":1,"name":"Home","item":"https:\/\/www.intoscana.it\/it\/"},{"@type":"ListItem","position":2,"name":"In piazza contro il Dpcm: la protesta di ristoratori e tassisti a Firenze"}]},{"@type":"WebSite","@id":"https:\/\/www.intoscana.it\/it\/#website","url":"https:\/\/www.intoscana.it\/it\/","name":"intoscana","description":"","potentialAction":[{"@type":"SearchAction","target":{"@type":"EntryPoint","urlTemplate":"https:\/\/www.intoscana.it\/it\/?s={search_term_string}"},"query-input":{"@type":"PropertyValueSpecification","valueRequired":true,"valueName":"search_term_string"}}],"inLanguage":"it-IT"},{"@type":"Person","@id":"https:\/\/www.intoscana.it\/it\/#\/schema\/person\/9223810753230f20bd670fdd322661f8","name":"Redazione","url":"https:\/\/www.intoscana.it\/it\/author\/redazione\/"}]}},"_links":{"self":[{"href":"https:\/\/www.intoscana.it\/it\/wp-json\/wp\/v2\/posts\/156631","targetHints":{"allow":["GET"]}}],"collection":[{"href":"https:\/\/www.intoscana.it\/it\/wp-json\/wp\/v2\/posts"}],"about":[{"href":"https:\/\/www.intoscana.it\/it\/wp-json\/wp\/v2\/types\/post"}],"author":[{"embeddable":true,"href":"https:\/\/www.intoscana.it\/it\/wp-json\/wp\/v2\/users\/525"}],"replies":[{"embeddable":true,"href":"https:\/\/www.intoscana.it\/it\/wp-json\/wp\/v2\/comments?post=156631"}],"version-history":[{"count":0,"href":"https:\/\/www.intoscana.it\/it\/wp-json\/wp\/v2\/posts\/156631\/revisions"}],"wp:featuredmedia":[{"embeddable":true,"href":"https:\/\/www.intoscana.it\/it\/wp-json\/wp\/v2\/media\/156637"}],"wp:attachment":[{"href":"https:\/\/www.intoscana.it\/it\/wp-json\/wp\/v2\/media?parent=156631"}],"wp:term":[{"taxonomy":"category","embeddable":true,"href":"https:\/\/www.intoscana.it\/it\/wp-json\/wp\/v2\/categories?post=156631"},{"taxonomy":"post_tag","embeddable":true,"href":"https:\/\/www.intoscana.it\/it\/wp-json\/wp\/v2\/tags?post=156631"}],"curies":[{"name":"wp","href":"https:\/\/api.w.org\/{rel}","templated":true}]}}