{"id":156765,"date":"2020-10-29T15:47:15","date_gmt":"2020-10-29T14:47:15","guid":{"rendered":"https:\/\/www.intoscana.it\/it\/?p=156765"},"modified":"2020-10-29T17:38:27","modified_gmt":"2020-10-29T16:38:27","slug":"taste-pitti-aprile","status":"publish","type":"post","link":"https:\/\/www.intoscana.it\/it\/taste-pitti-aprile\/","title":{"rendered":"Taste: il salone del gusto di Pitti slitta ad aprile"},"content":{"rendered":"<p><strong>Taste, il salone del gusto di Pitti Immagine<\/strong> dedicato alle eccellenze gastronomiche italiane, questa primavera torner\u00e0 per la sua <a href=\"https:\/\/taste.pittimmagine.com\/it\" target=\"_blank\" rel=\"noopener noreferrer\">15esima edizione<\/a> a Firenze ma slittando d0slittando di un mese rispetto al consueto appuntamento di marzo.<br \/>\nL&#8217;appuntamento con la vetrina che presenta le novit\u00e0 di oltre 400 aziende agroalimentari si terr\u00e0 <strong>da sabato 10 a luned\u00ec 12 aprile alla Fortezza da Basso<\/strong>.<\/p>\n<p><em>&#8220;Dopo lo stop imposto dall&#8217;emergenza sanitaria nel 2020, <\/em><em>torniamo a lavorare a questa nuova edizione con grande <\/em><em>entusiasmo e con profonda consapevolezza del momento che stiamo <\/em><em>attraversando <\/em>&#8211; spiega Raffaello Napoleone, ad di Pitti Immagine <em>&#8211; per questo abbiamo ritenuto necessario compiere alcune <\/em><em>scelte di fondo a tutela della salute di espositori e <\/em><em>visitatori&#8221;.<\/em><\/p>\n<h3>Un&#8217;edizione di Taste in sicurezza<\/h3>\n<p>Innanzitutto, la sede: Taste lascia la Stazione Leopolda e si sposta alla Fortezza da Basso dov<strong>e spazi espositivi e aree comuni garantiscono il necessario distanziamento<\/strong>. &#8220;<em>I nostri\u00a0 <\/em><em>architetti sono gi\u00e0 al lavoro per realizzare un allestimento che <\/em><em>rispecchi lo stile che ha sempre caratterizzato Taste&#8221;<\/em>, precisa Agostino Poletto, direttore generale di Pitti.<br \/>\nSempre in tema sicurezza, sar\u00e0 esteso anche a Taste il pacchetto straordinario di misure e servizi, #SaferWithPitti, progettato da Pitti in vista dei prossimi saloni fisici. Poi le nuove date, a primavera inoltrata, archiviando cos\u00ec i mesi invernali e incentivare la partecipazione, spiega sempre Poletto.<\/p>\n<h3>La piattaforma Pitti Connect<\/h3>\n<p>Infine, anche per gli espositori di Taste verr\u00e0 attivata la <strong>piattaforma digitale Pitti Connect,<\/strong> che permette di avvicinare buyer e operatori online.<\/p>\n<p><em>\u201cPitti Connect si \u00e8 rivelato uno strumento molto importante per i nostri espositori. Attraverso questa piattaforma, le aziende di Taste vedranno aumentare le possibilit\u00e0 di essere contattate da buyer e operatori, <strong>anche quelli non presenti fisicamente in fiera.<\/strong> Potranno pianificare gli incontri, effettuare video chat e raccontare al meglio i propri prodotti e i propri valori<\/em>\u201d, conclude Poletto.<\/p>\n","protected":false},"excerpt":{"rendered":"<p>Pitti Immagine sta lavorando alla 15esima edizione della vetrina dell&#8217;agroalimentare in sicurezza: si terr\u00e0 alla Fortezza da Basso, con pi\u00f9 spazio per il distanziamento sociale<\/p>\n","protected":false},"author":525,"featured_media":156782,"comment_status":"open","ping_status":"open","sticky":false,"template":"","format":"standard","meta":{"_acf_changed":false,"footnotes":""},"categories":[8],"tags":[282,4474,395,202,1622],"class_list":["post-156765","post","type-post","status-publish","format-standard","has-post-thumbnail","hentry","category-enogastronomia","tag-agroalimentare","tag-eventi","tag-eventi-in-toscana","tag-firenze","tag-taste"],"acf":[],"yoast_head":"<!-- This site is optimized with the Yoast SEO Premium plugin v24.2 (Yoast SEO v25.6) - https:\/\/yoast.com\/wordpress\/plugins\/seo\/ -->\n<title>Taste: il salone del gusto di Pitti slitta ad aprile - intoscana<\/title>\n<meta name=\"description\" content=\"Ad aprile torna Taste, il salone del gusto di Pitti Immagine: un&#039;edizione in sicurezza che si terr\u00e0 alla Fortezza da Basso.\" \/>\n<meta name=\"robots\" content=\"index, follow, max-snippet:-1, max-image-preview:large, max-video-preview:-1\" \/>\n<link rel=\"canonical\" href=\"https:\/\/www.intoscana.it\/it\/taste-pitti-aprile\/\" \/>\n<meta property=\"og:locale\" content=\"it_IT\" \/>\n<meta property=\"og:type\" content=\"article\" \/>\n<meta property=\"og:title\" content=\"Taste: il salone del gusto di Pitti slitta ad aprile\" \/>\n<meta property=\"og:description\" content=\"Ad aprile torna Taste, il salone del gusto di Pitti Immagine: un&#039;edizione in sicurezza che si terr\u00e0 alla Fortezza da Basso.\" \/>\n<meta property=\"og:url\" content=\"https:\/\/www.intoscana.it\/it\/taste-pitti-aprile\/\" \/>\n<meta property=\"og:site_name\" content=\"intoscana\" \/>\n<meta property=\"article:publisher\" content=\"https:\/\/www.facebook.com\/intoscana.it\" \/>\n<meta property=\"article:published_time\" content=\"2020-10-29T14:47:15+00:00\" \/>\n<meta property=\"article:modified_time\" content=\"2020-10-29T16:38:27+00:00\" \/>\n<meta property=\"og:image\" content=\"https:\/\/www.intoscana.it\/wp-content\/uploads\/Taste_2-scaled.jpg\" \/>\n\t<meta property=\"og:image:width\" content=\"2048\" \/>\n\t<meta property=\"og:image:height\" content=\"1367\" \/>\n\t<meta property=\"og:image:type\" content=\"image\/jpeg\" \/>\n<meta name=\"author\" content=\"Redazione\" \/>\n<meta name=\"twitter:card\" content=\"summary_large_image\" \/>\n<meta name=\"twitter:creator\" content=\"@intoscana\" \/>\n<meta name=\"twitter:site\" content=\"@intoscana\" \/>\n<meta name=\"twitter:label1\" content=\"Written by\" \/>\n\t<meta name=\"twitter:data1\" content=\"Redazione\" \/>\n\t<meta name=\"twitter:label2\" content=\"Est. reading time\" \/>\n\t<meta name=\"twitter:data2\" content=\"1 minuto\" \/>\n<script type=\"application\/ld+json\" class=\"yoast-schema-graph\">{\"@context\":\"https:\/\/schema.org\",\"@graph\":[{\"@type\":\"WebPage\",\"@id\":\"https:\/\/www.intoscana.it\/it\/taste-pitti-aprile\/\",\"url\":\"https:\/\/www.intoscana.it\/it\/taste-pitti-aprile\/\",\"name\":\"Taste: il salone del gusto di Pitti slitta ad aprile - intoscana\",\"isPartOf\":{\"@id\":\"https:\/\/www.intoscana.it\/it\/#website\"},\"primaryImageOfPage\":{\"@id\":\"https:\/\/www.intoscana.it\/it\/taste-pitti-aprile\/#primaryimage\"},\"image\":{\"@id\":\"https:\/\/www.intoscana.it\/it\/taste-pitti-aprile\/#primaryimage\"},\"thumbnailUrl\":\"https:\/\/www.intoscana.it\/wp-content\/uploads\/Taste_2-scaled.jpg\",\"datePublished\":\"2020-10-29T14:47:15+00:00\",\"dateModified\":\"2020-10-29T16:38:27+00:00\",\"author\":{\"@id\":\"https:\/\/www.intoscana.it\/it\/#\/schema\/person\/9223810753230f20bd670fdd322661f8\"},\"description\":\"Ad aprile torna Taste, il salone del gusto di Pitti Immagine: un'edizione in sicurezza che si terr\u00e0 alla Fortezza da Basso.\",\"breadcrumb\":{\"@id\":\"https:\/\/www.intoscana.it\/it\/taste-pitti-aprile\/#breadcrumb\"},\"inLanguage\":\"it-IT\",\"potentialAction\":[{\"@type\":\"ReadAction\",\"target\":[\"https:\/\/www.intoscana.it\/it\/taste-pitti-aprile\/\"]}]},{\"@type\":\"ImageObject\",\"inLanguage\":\"it-IT\",\"@id\":\"https:\/\/www.intoscana.it\/it\/taste-pitti-aprile\/#primaryimage\",\"url\":\"https:\/\/www.intoscana.it\/wp-content\/uploads\/Taste_2-scaled.jpg\",\"contentUrl\":\"https:\/\/www.intoscana.it\/wp-content\/uploads\/Taste_2-scaled.jpg\",\"width\":2048,\"height\":1367,\"caption\":\"Il salone Taste\"},{\"@type\":\"BreadcrumbList\",\"@id\":\"https:\/\/www.intoscana.it\/it\/taste-pitti-aprile\/#breadcrumb\",\"itemListElement\":[{\"@type\":\"ListItem\",\"position\":1,\"name\":\"Home\",\"item\":\"https:\/\/www.intoscana.it\/it\/\"},{\"@type\":\"ListItem\",\"position\":2,\"name\":\"Taste: il salone del gusto di Pitti slitta ad aprile\"}]},{\"@type\":\"WebSite\",\"@id\":\"https:\/\/www.intoscana.it\/it\/#website\",\"url\":\"https:\/\/www.intoscana.it\/it\/\",\"name\":\"intoscana\",\"description\":\"\",\"potentialAction\":[{\"@type\":\"SearchAction\",\"target\":{\"@type\":\"EntryPoint\",\"urlTemplate\":\"https:\/\/www.intoscana.it\/it\/?s={search_term_string}\"},\"query-input\":{\"@type\":\"PropertyValueSpecification\",\"valueRequired\":true,\"valueName\":\"search_term_string\"}}],\"inLanguage\":\"it-IT\"},{\"@type\":\"Person\",\"@id\":\"https:\/\/www.intoscana.it\/it\/#\/schema\/person\/9223810753230f20bd670fdd322661f8\",\"name\":\"Redazione\",\"url\":\"https:\/\/www.intoscana.it\/it\/author\/redazione\/\"}]}<\/script>\n<!-- \/ Yoast SEO Premium plugin. -->","yoast_head_json":{"title":"Taste: il salone del gusto di Pitti slitta ad aprile - intoscana","description":"Ad aprile torna Taste, il salone del gusto di Pitti Immagine: un'edizione in sicurezza che si terr\u00e0 alla Fortezza da Basso.","robots":{"index":"index","follow":"follow","max-snippet":"max-snippet:-1","max-image-preview":"max-image-preview:large","max-video-preview":"max-video-preview:-1"},"canonical":"https:\/\/www.intoscana.it\/it\/taste-pitti-aprile\/","og_locale":"it_IT","og_type":"article","og_title":"Taste: il salone del gusto di Pitti slitta ad aprile","og_description":"Ad aprile torna Taste, il salone del gusto di Pitti Immagine: un'edizione in sicurezza che si terr\u00e0 alla Fortezza da Basso.","og_url":"https:\/\/www.intoscana.it\/it\/taste-pitti-aprile\/","og_site_name":"intoscana","article_publisher":"https:\/\/www.facebook.com\/intoscana.it","article_published_time":"2020-10-29T14:47:15+00:00","article_modified_time":"2020-10-29T16:38:27+00:00","og_image":[{"width":2048,"height":1367,"url":"https:\/\/www.intoscana.it\/wp-content\/uploads\/Taste_2-scaled.jpg","type":"image\/jpeg"}],"author":"Redazione","twitter_card":"summary_large_image","twitter_creator":"@intoscana","twitter_site":"@intoscana","twitter_misc":{"Written by":"Redazione","Est. reading time":"1 minuto"},"schema":{"@context":"https:\/\/schema.org","@graph":[{"@type":"WebPage","@id":"https:\/\/www.intoscana.it\/it\/taste-pitti-aprile\/","url":"https:\/\/www.intoscana.it\/it\/taste-pitti-aprile\/","name":"Taste: il salone del gusto di Pitti slitta ad aprile - intoscana","isPartOf":{"@id":"https:\/\/www.intoscana.it\/it\/#website"},"primaryImageOfPage":{"@id":"https:\/\/www.intoscana.it\/it\/taste-pitti-aprile\/#primaryimage"},"image":{"@id":"https:\/\/www.intoscana.it\/it\/taste-pitti-aprile\/#primaryimage"},"thumbnailUrl":"https:\/\/www.intoscana.it\/wp-content\/uploads\/Taste_2-scaled.jpg","datePublished":"2020-10-29T14:47:15+00:00","dateModified":"2020-10-29T16:38:27+00:00","author":{"@id":"https:\/\/www.intoscana.it\/it\/#\/schema\/person\/9223810753230f20bd670fdd322661f8"},"description":"Ad aprile torna Taste, il salone del gusto di Pitti Immagine: un'edizione in sicurezza che si terr\u00e0 alla Fortezza da Basso.","breadcrumb":{"@id":"https:\/\/www.intoscana.it\/it\/taste-pitti-aprile\/#breadcrumb"},"inLanguage":"it-IT","potentialAction":[{"@type":"ReadAction","target":["https:\/\/www.intoscana.it\/it\/taste-pitti-aprile\/"]}]},{"@type":"ImageObject","inLanguage":"it-IT","@id":"https:\/\/www.intoscana.it\/it\/taste-pitti-aprile\/#primaryimage","url":"https:\/\/www.intoscana.it\/wp-content\/uploads\/Taste_2-scaled.jpg","contentUrl":"https:\/\/www.intoscana.it\/wp-content\/uploads\/Taste_2-scaled.jpg","width":2048,"height":1367,"caption":"Il salone Taste"},{"@type":"BreadcrumbList","@id":"https:\/\/www.intoscana.it\/it\/taste-pitti-aprile\/#breadcrumb","itemListElement":[{"@type":"ListItem","position":1,"name":"Home","item":"https:\/\/www.intoscana.it\/it\/"},{"@type":"ListItem","position":2,"name":"Taste: il salone del gusto di Pitti slitta ad aprile"}]},{"@type":"WebSite","@id":"https:\/\/www.intoscana.it\/it\/#website","url":"https:\/\/www.intoscana.it\/it\/","name":"intoscana","description":"","potentialAction":[{"@type":"SearchAction","target":{"@type":"EntryPoint","urlTemplate":"https:\/\/www.intoscana.it\/it\/?s={search_term_string}"},"query-input":{"@type":"PropertyValueSpecification","valueRequired":true,"valueName":"search_term_string"}}],"inLanguage":"it-IT"},{"@type":"Person","@id":"https:\/\/www.intoscana.it\/it\/#\/schema\/person\/9223810753230f20bd670fdd322661f8","name":"Redazione","url":"https:\/\/www.intoscana.it\/it\/author\/redazione\/"}]}},"_links":{"self":[{"href":"https:\/\/www.intoscana.it\/it\/wp-json\/wp\/v2\/posts\/156765","targetHints":{"allow":["GET"]}}],"collection":[{"href":"https:\/\/www.intoscana.it\/it\/wp-json\/wp\/v2\/posts"}],"about":[{"href":"https:\/\/www.intoscana.it\/it\/wp-json\/wp\/v2\/types\/post"}],"author":[{"embeddable":true,"href":"https:\/\/www.intoscana.it\/it\/wp-json\/wp\/v2\/users\/525"}],"replies":[{"embeddable":true,"href":"https:\/\/www.intoscana.it\/it\/wp-json\/wp\/v2\/comments?post=156765"}],"version-history":[{"count":0,"href":"https:\/\/www.intoscana.it\/it\/wp-json\/wp\/v2\/posts\/156765\/revisions"}],"wp:featuredmedia":[{"embeddable":true,"href":"https:\/\/www.intoscana.it\/it\/wp-json\/wp\/v2\/media\/156782"}],"wp:attachment":[{"href":"https:\/\/www.intoscana.it\/it\/wp-json\/wp\/v2\/media?parent=156765"}],"wp:term":[{"taxonomy":"category","embeddable":true,"href":"https:\/\/www.intoscana.it\/it\/wp-json\/wp\/v2\/categories?post=156765"},{"taxonomy":"post_tag","embeddable":true,"href":"https:\/\/www.intoscana.it\/it\/wp-json\/wp\/v2\/tags?post=156765"}],"curies":[{"name":"wp","href":"https:\/\/api.w.org\/{rel}","templated":true}]}}