{"id":156801,"date":"2020-10-30T10:21:01","date_gmt":"2020-10-30T09:21:01","guid":{"rendered":"https:\/\/www.intoscana.it\/it\/?p=156801"},"modified":"2020-10-30T10:21:31","modified_gmt":"2020-10-30T09:21:31","slug":"chiusura-circoli-arci-acli-regione-chiede-riesame","status":"publish","type":"post","link":"https:\/\/www.intoscana.it\/it\/chiusura-circoli-arci-acli-regione-chiede-riesame\/","title":{"rendered":"&#8220;Senza aiuti moriremo\u201d. Sulla chiusura dei circoli la Regione chiede il riesame"},"content":{"rendered":"<p>Circa 2.000 circoli <em>&#8220;rischiano di morire&#8221;<\/em> e con loro <em>&#8220;la rete sociale che sostengono, soffocati dalla mancanza di aiuti economici e dalla poca chiarezza da parte del Governo\u201d<\/em>. \u00c8 questo il grido di allarme che <strong>Acli Toscana<\/strong> e <strong>Arci Toscana<\/strong> hanno lanciato a seguito dell\u2019entrata in vigore delle nuove misure adottate dall\u2019esecutivo per contenere la seconda ondata della pandemia.<\/p>\n<h3>Aperti, ma in sicurezza<\/h3>\n<p><em>\u201cAd oggi<\/em> &#8211; commenta il presidente delle Acli, <strong>Giacono Martelli<\/strong> &#8211; <em>permangano nei provvedimenti del Governo, anche nell\u2019ultimo emesso, riferimenti non chiari rispetto alla nostra tipologia associativa e all\u2019esercizio delle attivit\u00e0 di interesse generale. <mark>Una situazione di incertezza assurda per tutti i nostri circoli ricreativi e culturali che fanno parte della tradizione toscana e con una identit\u00e0 ben definita all\u2019interno del Terzo Settore<\/mark>\u201d.<\/em> I circoli Arci e Acli si sono attivati <em>\u201cda subito e responsabilmente, anche prima delle disposizioni normative, limitando le proprie attivit\u00e0, adoperandosi per un attento rispetto delle linee guida, adottando specifici protocolli anti contagio, formando i propri dirigenti e i volontari. Durante il lockdown molti di loro hanno contribuito alla coesione sociale delle nostre comunit\u00e0 con una particolare attenzione alle categorie di persone pi\u00f9 vulnerabili<\/em>\u201d, aggiunge Martelli<\/p>\n<h3>L&#8217;importanza della tenuta sociale<\/h3>\n<p><em>\u201cLe nostre associazioni rappresentano<\/em> &#8211; prosegue il presidente Arci Toscana, <strong>Gianluca Mengozzi<\/strong> &#8211; <em>un tessuto associativo di comunit\u00e0, un presidio del territorio, una insostituibile rete di volontariato che opera per la coesione sociale. Siamo uno stabile riferimento della pubblica amministrazione e sosteniamo con solidariet\u00e0 e beneficienza molte realt\u00e0 del territorio. Tutto con le risorse delle proprie attivit\u00e0 di autofinanziamento e senza gravare sui bilanci pubblici. <mark>Ma \u00e8 diventata ormai necessaria e urgente una chiara collocazione dei nostri presidi all\u2019interno delle misure di sostegno per garantire la continuit\u00e0 della nostra funzione<\/mark>, anche in vista dell\u2019importante intervento di tenuta sociale e di contrasto delle conseguenze della pandemia, che vedr\u00e0 le nostre associazioni agire con ancor maggiore intensit\u00e0 nei mesi a venire&#8221;.<\/em><\/p>\n<h3>Un presidio irrinunciabile<\/h3>\n<p><span class=\"citazione\">&#8220;Chiediamo alle autorit\u00e0 competenti di riesaminare l&#8217;interpretazione restrittiva fornita e consentire la somministrazione per i circoli come attivit\u00e0 funzionale&#8221;<\/span><\/p>\n<p>E ieri anche la Regione ha preso posizione. L\u2019assessore regionale alle politiche sociali <strong>Serena Spinelli<\/strong>, infatti, in relazione alla interpretazione del Dpcm del 24 ottobre chiede di consentire ai circoli ricreativi e culturali di poter riprendere una minima attivit\u00e0 di bar, ristoro e asporto. <em>\u201cStiamo lavorando alacremente<\/em> &#8211; sottolinea Spinelli &#8211; <em>affinch\u00e9 nelle pieghe dei doverosi provvedimenti nell&#8217;ambito dell&#8217;emergenza Covid non si produca una discriminazione a danno dei circoli ricreativi e culturali della Toscana, che costituiscono un presidio sociale irrinunciabile e che hanno dimostrato anche negli scorsi mesi una grande capacit\u00e0 di mobilitazione responsabile e solidale\u201d.<\/em><\/p>\n<h3>Chiesto il riesame dell&#8217;interpretazione restrittiva<\/h3>\n<p>Secondo l\u2019assessora l\u2019interpretazione data al Dpcm del 24 ottobre \u00e8 <strong>eccessivamente restrittiva<\/strong> per i circoli: <em>\u201cSin da una prima lettura non vi erano dubbi che le attivit\u00e0 ricreative e culturali sarebbero state sospese, ma ritenevamo che le attivit\u00e0 di bar, ristoro e asporto svolte all&#8217;interno di queste strutture potessero restare aperte nei limiti di sicurezza imposti agli esercizi pubblici. L&#8217;interpretazione data ha invece escluso questa possibilit\u00e0\u201d<\/em>. Per modificare questa situazione, Serena Spinelli garantisce il massimo impegno della Regione in tutte le sedi: <em>\u201cChiediamo alle autorit\u00e0 competenti di voler riesaminare l&#8217;interpretazione restrittiva fornita e consentire la somministrazione per i circoli come attivit\u00e0 funzionale, in questa fase emergenziale, alla loro stessa sopravvivenza come presidi sociali&#8221;<\/em>.<\/p>\n","protected":false},"excerpt":{"rendered":"<p>In Toscana ci sono circa 2 mila circoli. Acli e Arci lanciano l&#8217;allarme parlando di &#8220;presidio sociale a rischio&#8221;. La Regione Toscana chiede il riesame dell&#8217;interpretazione restrittiva<\/p>\n","protected":false},"author":525,"featured_media":156808,"comment_status":"open","ping_status":"open","sticky":false,"template":"","format":"standard","meta":{"_acf_changed":false,"footnotes":""},"categories":[494],"tags":[4821,4479,4809,4822],"class_list":["post-156801","post","type-post","status-publish","format-standard","has-post-thumbnail","hentry","category-attualita","tag-acli","tag-arci","tag-covid","tag-serena-spinelli"],"acf":[],"yoast_head":"<!-- This site is optimized with the Yoast SEO Premium plugin v24.2 (Yoast SEO v25.6) - https:\/\/yoast.com\/wordpress\/plugins\/seo\/ -->\n<title>&quot;Senza aiuti moriremo\u201d. Sulla chiusura dei circoli la Regione chiede il riesame - intoscana<\/title>\n<meta name=\"description\" content=\"In Toscana ci sono circa 2 mila circoli. Acli e Arci lanciano l&#039;allarme parlando di &quot;presidio sociale a rischio&quot;. La Regione Toscana chiede il riesame dell&#039;interpretazione restrittiva\" \/>\n<meta name=\"robots\" content=\"index, follow, max-snippet:-1, max-image-preview:large, max-video-preview:-1\" \/>\n<link rel=\"canonical\" href=\"https:\/\/www.intoscana.it\/it\/chiusura-circoli-arci-acli-regione-chiede-riesame\/\" \/>\n<meta property=\"og:locale\" content=\"it_IT\" \/>\n<meta property=\"og:type\" content=\"article\" \/>\n<meta property=\"og:title\" content=\"&quot;Senza aiuti moriremo\u201d. Sulla chiusura dei circoli la Regione chiede il riesame\" \/>\n<meta property=\"og:description\" content=\"In Toscana ci sono circa 2 mila circoli. Acli e Arci lanciano l&#039;allarme parlando di &quot;presidio sociale a rischio&quot;. La Regione Toscana chiede il riesame dell&#039;interpretazione restrittiva\" \/>\n<meta property=\"og:url\" content=\"https:\/\/www.intoscana.it\/it\/chiusura-circoli-arci-acli-regione-chiede-riesame\/\" \/>\n<meta property=\"og:site_name\" content=\"intoscana\" \/>\n<meta property=\"article:publisher\" content=\"https:\/\/www.facebook.com\/intoscana.it\" \/>\n<meta property=\"article:published_time\" content=\"2020-10-30T09:21:01+00:00\" \/>\n<meta property=\"article:modified_time\" content=\"2020-10-30T09:21:31+00:00\" \/>\n<meta property=\"og:image\" content=\"https:\/\/www.intoscana.it\/wp-content\/uploads\/Circolo-Arci.jpg\" \/>\n\t<meta property=\"og:image:width\" content=\"960\" \/>\n\t<meta property=\"og:image:height\" content=\"960\" \/>\n\t<meta property=\"og:image:type\" content=\"image\/jpeg\" \/>\n<meta name=\"author\" content=\"Redazione\" \/>\n<meta name=\"twitter:card\" content=\"summary_large_image\" \/>\n<meta name=\"twitter:creator\" content=\"@intoscana\" \/>\n<meta name=\"twitter:site\" content=\"@intoscana\" \/>\n<meta name=\"twitter:label1\" content=\"Written by\" \/>\n\t<meta name=\"twitter:data1\" content=\"Redazione\" \/>\n\t<meta name=\"twitter:label2\" content=\"Est. reading time\" \/>\n\t<meta name=\"twitter:data2\" content=\"3 minuti\" \/>\n<script type=\"application\/ld+json\" class=\"yoast-schema-graph\">{\"@context\":\"https:\/\/schema.org\",\"@graph\":[{\"@type\":\"WebPage\",\"@id\":\"https:\/\/www.intoscana.it\/it\/chiusura-circoli-arci-acli-regione-chiede-riesame\/\",\"url\":\"https:\/\/www.intoscana.it\/it\/chiusura-circoli-arci-acli-regione-chiede-riesame\/\",\"name\":\"\\\"Senza aiuti moriremo\u201d. Sulla chiusura dei circoli la Regione chiede il riesame - intoscana\",\"isPartOf\":{\"@id\":\"https:\/\/www.intoscana.it\/it\/#website\"},\"primaryImageOfPage\":{\"@id\":\"https:\/\/www.intoscana.it\/it\/chiusura-circoli-arci-acli-regione-chiede-riesame\/#primaryimage\"},\"image\":{\"@id\":\"https:\/\/www.intoscana.it\/it\/chiusura-circoli-arci-acli-regione-chiede-riesame\/#primaryimage\"},\"thumbnailUrl\":\"https:\/\/www.intoscana.it\/wp-content\/uploads\/Circolo-Arci.jpg\",\"datePublished\":\"2020-10-30T09:21:01+00:00\",\"dateModified\":\"2020-10-30T09:21:31+00:00\",\"author\":{\"@id\":\"https:\/\/www.intoscana.it\/it\/#\/schema\/person\/9223810753230f20bd670fdd322661f8\"},\"description\":\"In Toscana ci sono circa 2 mila circoli. Acli e Arci lanciano l'allarme parlando di \\\"presidio sociale a rischio\\\". La Regione Toscana chiede il riesame dell'interpretazione restrittiva\",\"breadcrumb\":{\"@id\":\"https:\/\/www.intoscana.it\/it\/chiusura-circoli-arci-acli-regione-chiede-riesame\/#breadcrumb\"},\"inLanguage\":\"it-IT\",\"potentialAction\":[{\"@type\":\"ReadAction\",\"target\":[\"https:\/\/www.intoscana.it\/it\/chiusura-circoli-arci-acli-regione-chiede-riesame\/\"]}]},{\"@type\":\"ImageObject\",\"inLanguage\":\"it-IT\",\"@id\":\"https:\/\/www.intoscana.it\/it\/chiusura-circoli-arci-acli-regione-chiede-riesame\/#primaryimage\",\"url\":\"https:\/\/www.intoscana.it\/wp-content\/uploads\/Circolo-Arci.jpg\",\"contentUrl\":\"https:\/\/www.intoscana.it\/wp-content\/uploads\/Circolo-Arci.jpg\",\"width\":960,\"height\":960,\"caption\":\"Circolo Arci\"},{\"@type\":\"BreadcrumbList\",\"@id\":\"https:\/\/www.intoscana.it\/it\/chiusura-circoli-arci-acli-regione-chiede-riesame\/#breadcrumb\",\"itemListElement\":[{\"@type\":\"ListItem\",\"position\":1,\"name\":\"Home\",\"item\":\"https:\/\/www.intoscana.it\/it\/\"},{\"@type\":\"ListItem\",\"position\":2,\"name\":\"&#8220;Senza aiuti moriremo\u201d. Sulla chiusura dei circoli la Regione chiede il riesame\"}]},{\"@type\":\"WebSite\",\"@id\":\"https:\/\/www.intoscana.it\/it\/#website\",\"url\":\"https:\/\/www.intoscana.it\/it\/\",\"name\":\"intoscana\",\"description\":\"\",\"potentialAction\":[{\"@type\":\"SearchAction\",\"target\":{\"@type\":\"EntryPoint\",\"urlTemplate\":\"https:\/\/www.intoscana.it\/it\/?s={search_term_string}\"},\"query-input\":{\"@type\":\"PropertyValueSpecification\",\"valueRequired\":true,\"valueName\":\"search_term_string\"}}],\"inLanguage\":\"it-IT\"},{\"@type\":\"Person\",\"@id\":\"https:\/\/www.intoscana.it\/it\/#\/schema\/person\/9223810753230f20bd670fdd322661f8\",\"name\":\"Redazione\",\"url\":\"https:\/\/www.intoscana.it\/it\/author\/redazione\/\"}]}<\/script>\n<!-- \/ Yoast SEO Premium plugin. -->","yoast_head_json":{"title":"\"Senza aiuti moriremo\u201d. Sulla chiusura dei circoli la Regione chiede il riesame - intoscana","description":"In Toscana ci sono circa 2 mila circoli. Acli e Arci lanciano l'allarme parlando di \"presidio sociale a rischio\". La Regione Toscana chiede il riesame dell'interpretazione restrittiva","robots":{"index":"index","follow":"follow","max-snippet":"max-snippet:-1","max-image-preview":"max-image-preview:large","max-video-preview":"max-video-preview:-1"},"canonical":"https:\/\/www.intoscana.it\/it\/chiusura-circoli-arci-acli-regione-chiede-riesame\/","og_locale":"it_IT","og_type":"article","og_title":"\"Senza aiuti moriremo\u201d. Sulla chiusura dei circoli la Regione chiede il riesame","og_description":"In Toscana ci sono circa 2 mila circoli. Acli e Arci lanciano l'allarme parlando di \"presidio sociale a rischio\". La Regione Toscana chiede il riesame dell'interpretazione restrittiva","og_url":"https:\/\/www.intoscana.it\/it\/chiusura-circoli-arci-acli-regione-chiede-riesame\/","og_site_name":"intoscana","article_publisher":"https:\/\/www.facebook.com\/intoscana.it","article_published_time":"2020-10-30T09:21:01+00:00","article_modified_time":"2020-10-30T09:21:31+00:00","og_image":[{"width":960,"height":960,"url":"https:\/\/www.intoscana.it\/wp-content\/uploads\/Circolo-Arci.jpg","type":"image\/jpeg"}],"author":"Redazione","twitter_card":"summary_large_image","twitter_creator":"@intoscana","twitter_site":"@intoscana","twitter_misc":{"Written by":"Redazione","Est. reading time":"3 minuti"},"schema":{"@context":"https:\/\/schema.org","@graph":[{"@type":"WebPage","@id":"https:\/\/www.intoscana.it\/it\/chiusura-circoli-arci-acli-regione-chiede-riesame\/","url":"https:\/\/www.intoscana.it\/it\/chiusura-circoli-arci-acli-regione-chiede-riesame\/","name":"\"Senza aiuti moriremo\u201d. Sulla chiusura dei circoli la Regione chiede il riesame - intoscana","isPartOf":{"@id":"https:\/\/www.intoscana.it\/it\/#website"},"primaryImageOfPage":{"@id":"https:\/\/www.intoscana.it\/it\/chiusura-circoli-arci-acli-regione-chiede-riesame\/#primaryimage"},"image":{"@id":"https:\/\/www.intoscana.it\/it\/chiusura-circoli-arci-acli-regione-chiede-riesame\/#primaryimage"},"thumbnailUrl":"https:\/\/www.intoscana.it\/wp-content\/uploads\/Circolo-Arci.jpg","datePublished":"2020-10-30T09:21:01+00:00","dateModified":"2020-10-30T09:21:31+00:00","author":{"@id":"https:\/\/www.intoscana.it\/it\/#\/schema\/person\/9223810753230f20bd670fdd322661f8"},"description":"In Toscana ci sono circa 2 mila circoli. Acli e Arci lanciano l'allarme parlando di \"presidio sociale a rischio\". La Regione Toscana chiede il riesame dell'interpretazione restrittiva","breadcrumb":{"@id":"https:\/\/www.intoscana.it\/it\/chiusura-circoli-arci-acli-regione-chiede-riesame\/#breadcrumb"},"inLanguage":"it-IT","potentialAction":[{"@type":"ReadAction","target":["https:\/\/www.intoscana.it\/it\/chiusura-circoli-arci-acli-regione-chiede-riesame\/"]}]},{"@type":"ImageObject","inLanguage":"it-IT","@id":"https:\/\/www.intoscana.it\/it\/chiusura-circoli-arci-acli-regione-chiede-riesame\/#primaryimage","url":"https:\/\/www.intoscana.it\/wp-content\/uploads\/Circolo-Arci.jpg","contentUrl":"https:\/\/www.intoscana.it\/wp-content\/uploads\/Circolo-Arci.jpg","width":960,"height":960,"caption":"Circolo Arci"},{"@type":"BreadcrumbList","@id":"https:\/\/www.intoscana.it\/it\/chiusura-circoli-arci-acli-regione-chiede-riesame\/#breadcrumb","itemListElement":[{"@type":"ListItem","position":1,"name":"Home","item":"https:\/\/www.intoscana.it\/it\/"},{"@type":"ListItem","position":2,"name":"&#8220;Senza aiuti moriremo\u201d. Sulla chiusura dei circoli la Regione chiede il riesame"}]},{"@type":"WebSite","@id":"https:\/\/www.intoscana.it\/it\/#website","url":"https:\/\/www.intoscana.it\/it\/","name":"intoscana","description":"","potentialAction":[{"@type":"SearchAction","target":{"@type":"EntryPoint","urlTemplate":"https:\/\/www.intoscana.it\/it\/?s={search_term_string}"},"query-input":{"@type":"PropertyValueSpecification","valueRequired":true,"valueName":"search_term_string"}}],"inLanguage":"it-IT"},{"@type":"Person","@id":"https:\/\/www.intoscana.it\/it\/#\/schema\/person\/9223810753230f20bd670fdd322661f8","name":"Redazione","url":"https:\/\/www.intoscana.it\/it\/author\/redazione\/"}]}},"_links":{"self":[{"href":"https:\/\/www.intoscana.it\/it\/wp-json\/wp\/v2\/posts\/156801","targetHints":{"allow":["GET"]}}],"collection":[{"href":"https:\/\/www.intoscana.it\/it\/wp-json\/wp\/v2\/posts"}],"about":[{"href":"https:\/\/www.intoscana.it\/it\/wp-json\/wp\/v2\/types\/post"}],"author":[{"embeddable":true,"href":"https:\/\/www.intoscana.it\/it\/wp-json\/wp\/v2\/users\/525"}],"replies":[{"embeddable":true,"href":"https:\/\/www.intoscana.it\/it\/wp-json\/wp\/v2\/comments?post=156801"}],"version-history":[{"count":0,"href":"https:\/\/www.intoscana.it\/it\/wp-json\/wp\/v2\/posts\/156801\/revisions"}],"wp:featuredmedia":[{"embeddable":true,"href":"https:\/\/www.intoscana.it\/it\/wp-json\/wp\/v2\/media\/156808"}],"wp:attachment":[{"href":"https:\/\/www.intoscana.it\/it\/wp-json\/wp\/v2\/media?parent=156801"}],"wp:term":[{"taxonomy":"category","embeddable":true,"href":"https:\/\/www.intoscana.it\/it\/wp-json\/wp\/v2\/categories?post=156801"},{"taxonomy":"post_tag","embeddable":true,"href":"https:\/\/www.intoscana.it\/it\/wp-json\/wp\/v2\/tags?post=156801"}],"curies":[{"name":"wp","href":"https:\/\/api.w.org\/{rel}","templated":true}]}}