{"id":156893,"date":"2020-10-30T15:05:19","date_gmt":"2020-10-30T14:05:19","guid":{"rendered":"https:\/\/www.intoscana.it\/it\/?p=156893"},"modified":"2020-11-05T09:51:21","modified_gmt":"2020-11-05T08:51:21","slug":"covid-19-in-toscana-2-765-nuovi-casi-eta-media-45-anni-10-decessi","status":"publish","type":"post","link":"https:\/\/www.intoscana.it\/it\/covid-19-in-toscana-2-765-nuovi-casi-eta-media-45-anni-10-decessi\/","title":{"rendered":"Covid-19: in Toscana 2.765 nuovi casi, et\u00e0 media 45 anni, 10 decessi"},"content":{"rendered":"<p><strong>Sono oggi 2.765 i nuovi positivi al Coronavirus<\/strong> (2.278 identificati in corso di tracciamento e 487 da attivit\u00e0 di screening) su un totale di 41.723 casi, registrati dall\u2019inizio dell\u2019epidemia. I nuovi casi sono il 7,1% in pi\u00f9 rispetto al totale del giorno precedente. L&#8217;et\u00e0 media dei 2.765 casi odierni \u00e8 di 45 anni circa (il 17% ha meno di 20 anni, il 24% tra 20 e 39 anni, il 35% tra 40 e 59 anni, il 18% tra 60 e 79 anni, il 6% ha 80 anni o pi\u00f9).<\/p>\n<p>I <strong>tamponi eseguiti<\/strong> hanno raggiunto quota 1.074.698, <strong>17.834 in pi\u00f9 rispetto a ieri,\u00a0superando\u00a0il traguardo indicato dal presidente Eugenio Giani di 17.500 <\/strong>tamponi giornalieri. Sono 10.964 i soggetti testati (escludendo i tamponi di controllo), di cui il 25,2% \u00e8 risultato positivo. A questi si aggiungono i 1.262 tamponi antigenici rapidi eseguiti oggi. Gli attualmente positivi sono oggi 26.420, +10,2% rispetto a ieri. I ricoverati sono 1.160 (67 in pi\u00f9 rispetto a ieri), di cui <strong>153 in terapia intensiva<\/strong> (16 in pi\u00f9). Oggi si registrano <strong>10 nuovi decessi: 7 uomini e 3 donne con un&#8217;et\u00e0 media di 83,3 anni<\/strong>. Relativamente alla provincia di residenza, le persone decedute sono: 2 a Firenze, 2 a Prato, 2 a Massa Carrara, 2 a Pisa, 2 a Livorno.<\/p>\n<p><strong>I guariti crescono del 2,2% e raggiungono quota 13.983<\/strong> (33,5% dei casi totali).<\/p>\n<p><strong>Di seguito i casi di positivit\u00e0 sul territorio<\/strong> con la variazione rispetto a ieri. Sono 12.608 i casi complessivi ad oggi a Firenze (834 in pi\u00f9 rispetto a ieri), 3.215 a Prato (180 in pi\u00f9), 3.233 a Pistoia (264 in pi\u00f9), 2.748 a Massa (168 in pi\u00f9), 4.271 a Lucca (264 in pi\u00f9), 5.263 a Pisa (326 in pi\u00f9), 2.812 a Livorno (237 in pi\u00f9), 3.895 ad Arezzo (302 in pi\u00f9), 1.886 a Siena (115 in pi\u00f9), 1.242 a Grosseto (75 in pi\u00f9). Sono 550 i casi positivi notificati in Toscana, ma residenti in altre regioni. Sono 1.278, quindi, i casi riscontrati oggi nell&#8217;Asl Centro, 995 nella Nord Ovest, 492 nella Sud est.<\/p>\n<p>La Toscana si trova al 8\u00b0 posto in Italia come numerosit\u00e0 di casi (comprensivi di residenti e non residenti), con circa 1.119 casi per 100.000 abitanti (media italiana circa 1.022 x100.000, dato di ieri). Le province di notifica con il tasso pi\u00f9 alto sono Massa Carrara con 1.410 casi x100.000 abitanti, Pisa con 1.256, Prato con 1.247, la pi\u00f9 bassa Grosseto con 560.<\/p>\n<p>Complessivamente,<strong> 25.260 persone sono in isolamento a casa<\/strong>, poich\u00e9 presentano sintomi lievi che non richiedono cure ospedaliere o risultano prive di sintomi (2.383 in pi\u00f9 rispetto a ieri, pi\u00f9 10,4%).\u00a0Sono <strong>29.639 <\/strong>(1.053 in pi\u00f9 rispetto a ieri, pi\u00f9 3,7%) le persone, anche loro isolate, <strong>in sorveglianza attiva<\/strong>, perch\u00e9 hanno avuto contatti con persone contagiate (Asl Centro 11.419, Nord Ovest 11.417, Sud Est 6.803).<\/p>\n<p><strong>Le persone ricoverate nei posti letto dedicati ai pazienti Covid oggi sono complessivamente 1.160<\/strong> (67 in pi\u00f9 rispetto a ieri, pi\u00f9 6,1%), 153 in terapia intensiva (16 in pi\u00f9 rispetto a ieri, pi\u00f9 11,7%).<\/p>\n<p>Le <strong>persone <\/strong>complessivamente <strong>guarite<\/strong> sono 13.983 (<strong>305 in pi\u00f9 rispetto a ieri<\/strong>, pi\u00f9 2,2%): 649 persone clinicamente guarite (23 in pi\u00f9 rispetto a ieri, pi\u00f9 3,7%), divenute cio\u00e8 asintomatiche dopo aver presentato manifestazioni cliniche associate all&#8217;infezione e 13.334 (282 in pi\u00f9 rispetto a ieri, pi\u00f9 2,2%) dichiarate guarite a tutti gli effetti, le cosiddette guarigioni virali, con doppio tampone negativo.<\/p>\n<p>Sono <strong>1.320 i deceduti dall&#8217;inizio dell&#8217;epidemia<\/strong> cosi ripartiti: 472 a Firenze, 65 a Prato, 93 a Pistoia, 194 a Massa Carrara, 155 a Lucca, 120 a Pisa, 80 a Livorno, 64 ad Arezzo, 37 a Siena, 26 a Grosseto, 14 persone sono decedute sul suolo toscano ma erano residenti fuori regione.<\/p>\n<p>Il tasso grezzo di mortalit\u00e0 toscano (numero di deceduti\/popolazione residente) per Covid-19 \u00e8 di 35,4 x100.000 residenti contro il 63,2 x100.000 della media italiana (11\u00b0 regione). Per quanto riguarda le province, il tasso di mortalit\u00e0 pi\u00f9 alto si riscontra a Massa Carrara (99,5 x100.000), Firenze (46,7 x100.000) e Lucca (40,0 x100.000), il pi\u00f9 basso a Grosseto (11,7 x100.000).<\/p>\n","protected":false},"excerpt":{"rendered":"<p>I tamponi eseguiti sono 17.834 in pi\u00f9 rispetto a ieri, raggiunto e superato il traguardo indicato dal presidente Giani<\/p>\n","protected":false},"author":525,"featured_media":143861,"comment_status":"open","ping_status":"open","sticky":false,"template":"","format":"standard","meta":{"_acf_changed":false,"footnotes":""},"categories":[494],"tags":[4868,4809,418],"class_list":["post-156893","post","type-post","status-publish","format-standard","has-post-thumbnail","hentry","category-attualita","tag-bollettino-covid-toscana","tag-covid","tag-covid-19"],"acf":[],"yoast_head":"<!-- This site is optimized with the Yoast SEO Premium plugin v24.2 (Yoast SEO v25.6) - https:\/\/yoast.com\/wordpress\/plugins\/seo\/ -->\n<title>Covid-19: in Toscana 2.765 nuovi casi, et\u00e0 media 45 anni, 10 decessi - intoscana<\/title>\n<meta name=\"description\" content=\"I tamponi eseguiti sono 17.834 in pi\u00f9 rispetto a ieri, raggiunto e superato il traguardo indicato dal presidente Giani\" \/>\n<meta name=\"robots\" content=\"index, follow, max-snippet:-1, max-image-preview:large, max-video-preview:-1\" \/>\n<link rel=\"canonical\" href=\"https:\/\/www.intoscana.it\/it\/covid-19-in-toscana-2-765-nuovi-casi-eta-media-45-anni-10-decessi\/\" \/>\n<meta property=\"og:locale\" content=\"it_IT\" \/>\n<meta property=\"og:type\" content=\"article\" \/>\n<meta property=\"og:title\" content=\"Covid-19: in Toscana 2.765 nuovi casi, et\u00e0 media 45 anni, 10 decessi\" \/>\n<meta property=\"og:description\" content=\"I tamponi eseguiti sono 17.834 in pi\u00f9 rispetto a ieri, raggiunto e superato il traguardo indicato dal presidente Giani\" \/>\n<meta property=\"og:url\" content=\"https:\/\/www.intoscana.it\/it\/covid-19-in-toscana-2-765-nuovi-casi-eta-media-45-anni-10-decessi\/\" \/>\n<meta property=\"og:site_name\" content=\"intoscana\" \/>\n<meta property=\"article:publisher\" content=\"https:\/\/www.facebook.com\/intoscana.it\" \/>\n<meta property=\"article:published_time\" content=\"2020-10-30T14:05:19+00:00\" \/>\n<meta property=\"article:modified_time\" content=\"2020-11-05T08:51:21+00:00\" \/>\n<meta property=\"og:image\" content=\"https:\/\/www.intoscana.it\/wp-content\/uploads\/distanziamento_sociale.jpg\" \/>\n\t<meta property=\"og:image:width\" content=\"2000\" \/>\n\t<meta property=\"og:image:height\" content=\"1334\" \/>\n\t<meta property=\"og:image:type\" content=\"image\/jpeg\" \/>\n<meta name=\"author\" content=\"Redazione\" \/>\n<meta name=\"twitter:card\" content=\"summary_large_image\" \/>\n<meta name=\"twitter:creator\" content=\"@intoscana\" \/>\n<meta name=\"twitter:site\" content=\"@intoscana\" \/>\n<meta name=\"twitter:label1\" content=\"Written by\" \/>\n\t<meta name=\"twitter:data1\" content=\"Redazione\" \/>\n\t<meta name=\"twitter:label2\" content=\"Est. reading time\" \/>\n\t<meta name=\"twitter:data2\" content=\"3 minuti\" \/>\n<script type=\"application\/ld+json\" class=\"yoast-schema-graph\">{\"@context\":\"https:\/\/schema.org\",\"@graph\":[{\"@type\":\"WebPage\",\"@id\":\"https:\/\/www.intoscana.it\/it\/covid-19-in-toscana-2-765-nuovi-casi-eta-media-45-anni-10-decessi\/\",\"url\":\"https:\/\/www.intoscana.it\/it\/covid-19-in-toscana-2-765-nuovi-casi-eta-media-45-anni-10-decessi\/\",\"name\":\"Covid-19: in Toscana 2.765 nuovi casi, et\u00e0 media 45 anni, 10 decessi - intoscana\",\"isPartOf\":{\"@id\":\"https:\/\/www.intoscana.it\/it\/#website\"},\"primaryImageOfPage\":{\"@id\":\"https:\/\/www.intoscana.it\/it\/covid-19-in-toscana-2-765-nuovi-casi-eta-media-45-anni-10-decessi\/#primaryimage\"},\"image\":{\"@id\":\"https:\/\/www.intoscana.it\/it\/covid-19-in-toscana-2-765-nuovi-casi-eta-media-45-anni-10-decessi\/#primaryimage\"},\"thumbnailUrl\":\"https:\/\/www.intoscana.it\/wp-content\/uploads\/distanziamento_sociale.jpg\",\"datePublished\":\"2020-10-30T14:05:19+00:00\",\"dateModified\":\"2020-11-05T08:51:21+00:00\",\"author\":{\"@id\":\"https:\/\/www.intoscana.it\/it\/#\/schema\/person\/9223810753230f20bd670fdd322661f8\"},\"description\":\"I tamponi eseguiti sono 17.834 in pi\u00f9 rispetto a ieri, raggiunto e superato il traguardo indicato dal presidente Giani\",\"breadcrumb\":{\"@id\":\"https:\/\/www.intoscana.it\/it\/covid-19-in-toscana-2-765-nuovi-casi-eta-media-45-anni-10-decessi\/#breadcrumb\"},\"inLanguage\":\"it-IT\",\"potentialAction\":[{\"@type\":\"ReadAction\",\"target\":[\"https:\/\/www.intoscana.it\/it\/covid-19-in-toscana-2-765-nuovi-casi-eta-media-45-anni-10-decessi\/\"]}]},{\"@type\":\"ImageObject\",\"inLanguage\":\"it-IT\",\"@id\":\"https:\/\/www.intoscana.it\/it\/covid-19-in-toscana-2-765-nuovi-casi-eta-media-45-anni-10-decessi\/#primaryimage\",\"url\":\"https:\/\/www.intoscana.it\/wp-content\/uploads\/distanziamento_sociale.jpg\",\"contentUrl\":\"https:\/\/www.intoscana.it\/wp-content\/uploads\/distanziamento_sociale.jpg\",\"width\":2000,\"height\":1334,\"caption\":\"Coronavirus\"},{\"@type\":\"BreadcrumbList\",\"@id\":\"https:\/\/www.intoscana.it\/it\/covid-19-in-toscana-2-765-nuovi-casi-eta-media-45-anni-10-decessi\/#breadcrumb\",\"itemListElement\":[{\"@type\":\"ListItem\",\"position\":1,\"name\":\"Home\",\"item\":\"https:\/\/www.intoscana.it\/it\/\"},{\"@type\":\"ListItem\",\"position\":2,\"name\":\"Covid-19: in Toscana 2.765 nuovi casi, et\u00e0 media 45 anni, 10 decessi\"}]},{\"@type\":\"WebSite\",\"@id\":\"https:\/\/www.intoscana.it\/it\/#website\",\"url\":\"https:\/\/www.intoscana.it\/it\/\",\"name\":\"intoscana\",\"description\":\"\",\"potentialAction\":[{\"@type\":\"SearchAction\",\"target\":{\"@type\":\"EntryPoint\",\"urlTemplate\":\"https:\/\/www.intoscana.it\/it\/?s={search_term_string}\"},\"query-input\":{\"@type\":\"PropertyValueSpecification\",\"valueRequired\":true,\"valueName\":\"search_term_string\"}}],\"inLanguage\":\"it-IT\"},{\"@type\":\"Person\",\"@id\":\"https:\/\/www.intoscana.it\/it\/#\/schema\/person\/9223810753230f20bd670fdd322661f8\",\"name\":\"Redazione\",\"url\":\"https:\/\/www.intoscana.it\/it\/author\/redazione\/\"}]}<\/script>\n<!-- \/ Yoast SEO Premium plugin. -->","yoast_head_json":{"title":"Covid-19: in Toscana 2.765 nuovi casi, et\u00e0 media 45 anni, 10 decessi - intoscana","description":"I tamponi eseguiti sono 17.834 in pi\u00f9 rispetto a ieri, raggiunto e superato il traguardo indicato dal presidente Giani","robots":{"index":"index","follow":"follow","max-snippet":"max-snippet:-1","max-image-preview":"max-image-preview:large","max-video-preview":"max-video-preview:-1"},"canonical":"https:\/\/www.intoscana.it\/it\/covid-19-in-toscana-2-765-nuovi-casi-eta-media-45-anni-10-decessi\/","og_locale":"it_IT","og_type":"article","og_title":"Covid-19: in Toscana 2.765 nuovi casi, et\u00e0 media 45 anni, 10 decessi","og_description":"I tamponi eseguiti sono 17.834 in pi\u00f9 rispetto a ieri, raggiunto e superato il traguardo indicato dal presidente Giani","og_url":"https:\/\/www.intoscana.it\/it\/covid-19-in-toscana-2-765-nuovi-casi-eta-media-45-anni-10-decessi\/","og_site_name":"intoscana","article_publisher":"https:\/\/www.facebook.com\/intoscana.it","article_published_time":"2020-10-30T14:05:19+00:00","article_modified_time":"2020-11-05T08:51:21+00:00","og_image":[{"width":2000,"height":1334,"url":"https:\/\/www.intoscana.it\/wp-content\/uploads\/distanziamento_sociale.jpg","type":"image\/jpeg"}],"author":"Redazione","twitter_card":"summary_large_image","twitter_creator":"@intoscana","twitter_site":"@intoscana","twitter_misc":{"Written by":"Redazione","Est. reading time":"3 minuti"},"schema":{"@context":"https:\/\/schema.org","@graph":[{"@type":"WebPage","@id":"https:\/\/www.intoscana.it\/it\/covid-19-in-toscana-2-765-nuovi-casi-eta-media-45-anni-10-decessi\/","url":"https:\/\/www.intoscana.it\/it\/covid-19-in-toscana-2-765-nuovi-casi-eta-media-45-anni-10-decessi\/","name":"Covid-19: in Toscana 2.765 nuovi casi, et\u00e0 media 45 anni, 10 decessi - intoscana","isPartOf":{"@id":"https:\/\/www.intoscana.it\/it\/#website"},"primaryImageOfPage":{"@id":"https:\/\/www.intoscana.it\/it\/covid-19-in-toscana-2-765-nuovi-casi-eta-media-45-anni-10-decessi\/#primaryimage"},"image":{"@id":"https:\/\/www.intoscana.it\/it\/covid-19-in-toscana-2-765-nuovi-casi-eta-media-45-anni-10-decessi\/#primaryimage"},"thumbnailUrl":"https:\/\/www.intoscana.it\/wp-content\/uploads\/distanziamento_sociale.jpg","datePublished":"2020-10-30T14:05:19+00:00","dateModified":"2020-11-05T08:51:21+00:00","author":{"@id":"https:\/\/www.intoscana.it\/it\/#\/schema\/person\/9223810753230f20bd670fdd322661f8"},"description":"I tamponi eseguiti sono 17.834 in pi\u00f9 rispetto a ieri, raggiunto e superato il traguardo indicato dal presidente Giani","breadcrumb":{"@id":"https:\/\/www.intoscana.it\/it\/covid-19-in-toscana-2-765-nuovi-casi-eta-media-45-anni-10-decessi\/#breadcrumb"},"inLanguage":"it-IT","potentialAction":[{"@type":"ReadAction","target":["https:\/\/www.intoscana.it\/it\/covid-19-in-toscana-2-765-nuovi-casi-eta-media-45-anni-10-decessi\/"]}]},{"@type":"ImageObject","inLanguage":"it-IT","@id":"https:\/\/www.intoscana.it\/it\/covid-19-in-toscana-2-765-nuovi-casi-eta-media-45-anni-10-decessi\/#primaryimage","url":"https:\/\/www.intoscana.it\/wp-content\/uploads\/distanziamento_sociale.jpg","contentUrl":"https:\/\/www.intoscana.it\/wp-content\/uploads\/distanziamento_sociale.jpg","width":2000,"height":1334,"caption":"Coronavirus"},{"@type":"BreadcrumbList","@id":"https:\/\/www.intoscana.it\/it\/covid-19-in-toscana-2-765-nuovi-casi-eta-media-45-anni-10-decessi\/#breadcrumb","itemListElement":[{"@type":"ListItem","position":1,"name":"Home","item":"https:\/\/www.intoscana.it\/it\/"},{"@type":"ListItem","position":2,"name":"Covid-19: in Toscana 2.765 nuovi casi, et\u00e0 media 45 anni, 10 decessi"}]},{"@type":"WebSite","@id":"https:\/\/www.intoscana.it\/it\/#website","url":"https:\/\/www.intoscana.it\/it\/","name":"intoscana","description":"","potentialAction":[{"@type":"SearchAction","target":{"@type":"EntryPoint","urlTemplate":"https:\/\/www.intoscana.it\/it\/?s={search_term_string}"},"query-input":{"@type":"PropertyValueSpecification","valueRequired":true,"valueName":"search_term_string"}}],"inLanguage":"it-IT"},{"@type":"Person","@id":"https:\/\/www.intoscana.it\/it\/#\/schema\/person\/9223810753230f20bd670fdd322661f8","name":"Redazione","url":"https:\/\/www.intoscana.it\/it\/author\/redazione\/"}]}},"_links":{"self":[{"href":"https:\/\/www.intoscana.it\/it\/wp-json\/wp\/v2\/posts\/156893","targetHints":{"allow":["GET"]}}],"collection":[{"href":"https:\/\/www.intoscana.it\/it\/wp-json\/wp\/v2\/posts"}],"about":[{"href":"https:\/\/www.intoscana.it\/it\/wp-json\/wp\/v2\/types\/post"}],"author":[{"embeddable":true,"href":"https:\/\/www.intoscana.it\/it\/wp-json\/wp\/v2\/users\/525"}],"replies":[{"embeddable":true,"href":"https:\/\/www.intoscana.it\/it\/wp-json\/wp\/v2\/comments?post=156893"}],"version-history":[{"count":0,"href":"https:\/\/www.intoscana.it\/it\/wp-json\/wp\/v2\/posts\/156893\/revisions"}],"wp:featuredmedia":[{"embeddable":true,"href":"https:\/\/www.intoscana.it\/it\/wp-json\/wp\/v2\/media\/143861"}],"wp:attachment":[{"href":"https:\/\/www.intoscana.it\/it\/wp-json\/wp\/v2\/media?parent=156893"}],"wp:term":[{"taxonomy":"category","embeddable":true,"href":"https:\/\/www.intoscana.it\/it\/wp-json\/wp\/v2\/categories?post=156893"},{"taxonomy":"post_tag","embeddable":true,"href":"https:\/\/www.intoscana.it\/it\/wp-json\/wp\/v2\/tags?post=156893"}],"curies":[{"name":"wp","href":"https:\/\/api.w.org\/{rel}","templated":true}]}}