{"id":156932,"date":"2020-10-31T10:09:55","date_gmt":"2020-10-31T09:09:55","guid":{"rendered":"https:\/\/www.intoscana.it\/it\/?p=156932"},"modified":"2020-10-31T10:09:55","modified_gmt":"2020-10-31T09:09:55","slug":"inizia-la-bassa-stagione-biglietti-a-meta-prezzo-per-uffizi-e-palazzo-pitti","status":"publish","type":"post","link":"https:\/\/www.intoscana.it\/it\/inizia-la-bassa-stagione-biglietti-a-meta-prezzo-per-uffizi-e-palazzo-pitti\/","title":{"rendered":"Inizia la &#8216;bassa stagione&#8217;: biglietti a met\u00e0 prezzo per Uffizi e Palazzo Pitti"},"content":{"rendered":"<p><strong>&#8220;Saldi&#8221; di bassa stagione alle Gallerie degli Uffizi di Firenze<\/strong>: dal 1 novembre fino al 28 febbraio si entrer\u00e0 infatti a costo ridotto. <strong>Per gli Uffizi si pagheranno 12 euro anzich\u00e9 20, per Palazzo Pitti 10 euro anzich\u00e9 16<\/strong>. A Palazzo Pitti inoltre \u00e8 gi\u00e0 attiva una ulteriore agevolazione: <strong>chi entra prima delle 9,25 paga la met\u00e0 del prezzo<\/strong> (dal 1 novembre, dunque bassa stagione, 5 euro).\u00a0Nel biglietto \u00e8 inclusa la <strong>possibilit\u00e0 di accedere gratis<\/strong> per i successivi cinque giorni anche al <strong><a href=\"https:\/\/www.intoscana.it\/it\/articolo\/290-reperti-della-collezione-passerini-al-museo-archeologico-di-firenze\/\" target=\"_blank\" rel=\"noopener noreferrer\">Museo Archeologico<\/a> e al Museo dell\u2019Opificio delle Pietre Dure<\/strong>, secondo gli accordi validi gi\u00e0 da qualche anno.<\/p>\n<h3>PassePartout speciali per le famiglie e gli amanti dell&#8217;arte<\/h3>\n<p>Sono sempre disponibili i <strong>PassePartout<\/strong> annuali ad accesso completo negli spazi di visita di tutto il complesso (Uffizi, Palazzo Pitti, giardino di Boboli) al Museo Archeologico e al Museo dell\u2019Opificio delle Pietre Dure.\u00a0Oltre alla <strong>carta individuale, che per 70 euro garantisce ingresso illimitato e prioritario per 365 giorni,<\/strong> c&#8217;\u00e8 il P<strong>assePartout \u201cFamily\u201d<\/strong>, che permette a due adulti, insieme ad un numero illimitato di bambini, di entrare in tutti questi musei al costo di 100 euro anzich\u00e9 140 come avverrebbe nel caso dell&#8217;acquisto di due card singole, e il<strong> PassePartout 5 Days,<\/strong> che con durata di cinque giorni consente una visita a ciascuno dei musei delle Gallerie degli Uffizi (Uffizi, Palazzo Pitti, Giardino di Boboli): anche con questo biglietto sar\u00e0 possibile entrare al Museo Archeologico Nazionale e al Museo dell\u2019Opificio delle Pietre Dure nell\u2019arco dei 5 giorni successivi al primo utilizzo. Il prezzo della carta <strong>PassePartout 5 Days<\/strong>: la prenotazione per la visita agli Uffizi \u00e8 inclusa nel prezzo, 38 euro da marzo a ottobre, 18 euro da novembre a febbraio.<\/p>\n<h3>Il direttore Eike Schmidt<\/h3>\n<p>&#8220;In questo momento cos\u00ec particolare ci sono, comprensibilmente e giustamente, poche persone in giro, e questo vale anche per i musei. Dunque <strong>\u00e8 il momento migliore per visitare Uffizi e Palazzo Pitti in totale quiete e relax,<\/strong> godendo appieno di una esperienza contemplativa e di immersione totale nell\u2019arte &#8211; spiega il direttore delle Gallerie Eike Schmidt \u2013 e da novembre tutto questo sar\u00e0 possibile farlo praticamente a met\u00e0 prezzo. <strong>\u00c8 un\u2019occasione da non perdere&#8221;.<\/strong><\/p>\n<h3>Nuovi orari di accesso alle Gallerie degli Uffizi<\/h3>\n<p><strong>Uffizi e Palazzo Pitti:<\/strong> dal marted\u00ec al venerd\u00ec dalle ore 8,30 alle ore 13.30; sabato e domenica dalle 8,30 alle 18,30.<br \/>\n<strong>Giardino di Boboli:<\/strong> dalle 8,45 alle 16,30.<br \/>\nInoltre, a partire dal 1 novembre il Giardino della Botanica Superiore sar\u00e0 aperto in via continuativa anche il sabato e la domenica con orario 9-16.<br \/>\nUltimo ingresso per tutti gli spazi un&#8217;ora prima della chiusura.\u2028Restano invariati i giorni di chiusura: tutti i lunedi Uffizi e Palazzo Pitti, il primo e l\u2019ultimo lunedi del mese Boboli.<\/p>\n","protected":false},"excerpt":{"rendered":"<p>Da novembre a febbraio il biglietto comprender\u00e0 anche l&#8217;ingresso al Museo Archeologico e all&#8217;Opificio delle Pietre Dure<\/p>\n","protected":false},"author":525,"featured_media":145482,"comment_status":"open","ping_status":"open","sticky":false,"template":"","format":"standard","meta":{"_acf_changed":false,"footnotes":""},"categories":[494],"tags":[226,207],"class_list":["post-156932","post","type-post","status-publish","format-standard","has-post-thumbnail","hentry","category-attualita","tag-musei","tag-uffizi"],"acf":[],"yoast_head":"<!-- This site is optimized with the Yoast SEO Premium plugin v24.2 (Yoast SEO v25.6) - https:\/\/yoast.com\/wordpress\/plugins\/seo\/ -->\n<title>Inizia la &#039;bassa stagione&#039;: biglietti a met\u00e0 prezzo per Uffizi e Palazzo Pitti - intoscana<\/title>\n<meta name=\"description\" content=\"Da novembre a febbraio il biglietto comprender\u00e0 anche l&#039;ingresso al Museo Archeologico e all&#039;Opificio delle Pietre Dure\" \/>\n<meta name=\"robots\" content=\"index, follow, max-snippet:-1, max-image-preview:large, max-video-preview:-1\" \/>\n<link rel=\"canonical\" href=\"https:\/\/www.intoscana.it\/it\/inizia-la-bassa-stagione-biglietti-a-meta-prezzo-per-uffizi-e-palazzo-pitti\/\" \/>\n<meta property=\"og:locale\" content=\"it_IT\" \/>\n<meta property=\"og:type\" content=\"article\" \/>\n<meta property=\"og:title\" content=\"Inizia la &#039;bassa stagione&#039;: biglietti a met\u00e0 prezzo per Uffizi e Palazzo Pitti\" \/>\n<meta property=\"og:description\" content=\"Da novembre a febbraio il biglietto comprender\u00e0 anche l&#039;ingresso al Museo Archeologico e all&#039;Opificio delle Pietre Dure\" \/>\n<meta property=\"og:url\" content=\"https:\/\/www.intoscana.it\/it\/inizia-la-bassa-stagione-biglietti-a-meta-prezzo-per-uffizi-e-palazzo-pitti\/\" \/>\n<meta property=\"og:site_name\" content=\"intoscana\" \/>\n<meta property=\"article:publisher\" content=\"https:\/\/www.facebook.com\/intoscana.it\" \/>\n<meta property=\"article:published_time\" content=\"2020-10-31T09:09:55+00:00\" \/>\n<meta property=\"og:image\" content=\"https:\/\/www.intoscana.it\/wp-content\/uploads\/terzo-corridoio-uffizi-3.jpg\" \/>\n\t<meta property=\"og:image:width\" content=\"1997\" \/>\n\t<meta property=\"og:image:height\" content=\"1500\" \/>\n\t<meta property=\"og:image:type\" content=\"image\/jpeg\" \/>\n<meta name=\"author\" content=\"Redazione\" \/>\n<meta name=\"twitter:card\" content=\"summary_large_image\" \/>\n<meta name=\"twitter:creator\" content=\"@intoscana\" \/>\n<meta name=\"twitter:site\" content=\"@intoscana\" \/>\n<meta name=\"twitter:label1\" content=\"Written by\" \/>\n\t<meta name=\"twitter:data1\" content=\"Redazione\" \/>\n\t<meta name=\"twitter:label2\" content=\"Est. reading time\" \/>\n\t<meta name=\"twitter:data2\" content=\"2 minuti\" \/>\n<script type=\"application\/ld+json\" class=\"yoast-schema-graph\">{\"@context\":\"https:\/\/schema.org\",\"@graph\":[{\"@type\":\"WebPage\",\"@id\":\"https:\/\/www.intoscana.it\/it\/inizia-la-bassa-stagione-biglietti-a-meta-prezzo-per-uffizi-e-palazzo-pitti\/\",\"url\":\"https:\/\/www.intoscana.it\/it\/inizia-la-bassa-stagione-biglietti-a-meta-prezzo-per-uffizi-e-palazzo-pitti\/\",\"name\":\"Inizia la 'bassa stagione': biglietti a met\u00e0 prezzo per Uffizi e Palazzo Pitti - intoscana\",\"isPartOf\":{\"@id\":\"https:\/\/www.intoscana.it\/it\/#website\"},\"primaryImageOfPage\":{\"@id\":\"https:\/\/www.intoscana.it\/it\/inizia-la-bassa-stagione-biglietti-a-meta-prezzo-per-uffizi-e-palazzo-pitti\/#primaryimage\"},\"image\":{\"@id\":\"https:\/\/www.intoscana.it\/it\/inizia-la-bassa-stagione-biglietti-a-meta-prezzo-per-uffizi-e-palazzo-pitti\/#primaryimage\"},\"thumbnailUrl\":\"https:\/\/www.intoscana.it\/wp-content\/uploads\/terzo-corridoio-uffizi-3.jpg\",\"datePublished\":\"2020-10-31T09:09:55+00:00\",\"author\":{\"@id\":\"https:\/\/www.intoscana.it\/it\/#\/schema\/person\/9223810753230f20bd670fdd322661f8\"},\"description\":\"Da novembre a febbraio il biglietto comprender\u00e0 anche l'ingresso al Museo Archeologico e all'Opificio delle Pietre Dure\",\"breadcrumb\":{\"@id\":\"https:\/\/www.intoscana.it\/it\/inizia-la-bassa-stagione-biglietti-a-meta-prezzo-per-uffizi-e-palazzo-pitti\/#breadcrumb\"},\"inLanguage\":\"it-IT\",\"potentialAction\":[{\"@type\":\"ReadAction\",\"target\":[\"https:\/\/www.intoscana.it\/it\/inizia-la-bassa-stagione-biglietti-a-meta-prezzo-per-uffizi-e-palazzo-pitti\/\"]}]},{\"@type\":\"ImageObject\",\"inLanguage\":\"it-IT\",\"@id\":\"https:\/\/www.intoscana.it\/it\/inizia-la-bassa-stagione-biglietti-a-meta-prezzo-per-uffizi-e-palazzo-pitti\/#primaryimage\",\"url\":\"https:\/\/www.intoscana.it\/wp-content\/uploads\/terzo-corridoio-uffizi-3.jpg\",\"contentUrl\":\"https:\/\/www.intoscana.it\/wp-content\/uploads\/terzo-corridoio-uffizi-3.jpg\",\"width\":1997,\"height\":1500,\"caption\":\"Uffizi\"},{\"@type\":\"BreadcrumbList\",\"@id\":\"https:\/\/www.intoscana.it\/it\/inizia-la-bassa-stagione-biglietti-a-meta-prezzo-per-uffizi-e-palazzo-pitti\/#breadcrumb\",\"itemListElement\":[{\"@type\":\"ListItem\",\"position\":1,\"name\":\"Home\",\"item\":\"https:\/\/www.intoscana.it\/it\/\"},{\"@type\":\"ListItem\",\"position\":2,\"name\":\"Inizia la &#8216;bassa stagione&#8217;: biglietti a met\u00e0 prezzo per Uffizi e Palazzo Pitti\"}]},{\"@type\":\"WebSite\",\"@id\":\"https:\/\/www.intoscana.it\/it\/#website\",\"url\":\"https:\/\/www.intoscana.it\/it\/\",\"name\":\"intoscana\",\"description\":\"\",\"potentialAction\":[{\"@type\":\"SearchAction\",\"target\":{\"@type\":\"EntryPoint\",\"urlTemplate\":\"https:\/\/www.intoscana.it\/it\/?s={search_term_string}\"},\"query-input\":{\"@type\":\"PropertyValueSpecification\",\"valueRequired\":true,\"valueName\":\"search_term_string\"}}],\"inLanguage\":\"it-IT\"},{\"@type\":\"Person\",\"@id\":\"https:\/\/www.intoscana.it\/it\/#\/schema\/person\/9223810753230f20bd670fdd322661f8\",\"name\":\"Redazione\",\"url\":\"https:\/\/www.intoscana.it\/it\/author\/redazione\/\"}]}<\/script>\n<!-- \/ Yoast SEO Premium plugin. -->","yoast_head_json":{"title":"Inizia la 'bassa stagione': biglietti a met\u00e0 prezzo per Uffizi e Palazzo Pitti - intoscana","description":"Da novembre a febbraio il biglietto comprender\u00e0 anche l'ingresso al Museo Archeologico e all'Opificio delle Pietre Dure","robots":{"index":"index","follow":"follow","max-snippet":"max-snippet:-1","max-image-preview":"max-image-preview:large","max-video-preview":"max-video-preview:-1"},"canonical":"https:\/\/www.intoscana.it\/it\/inizia-la-bassa-stagione-biglietti-a-meta-prezzo-per-uffizi-e-palazzo-pitti\/","og_locale":"it_IT","og_type":"article","og_title":"Inizia la 'bassa stagione': biglietti a met\u00e0 prezzo per Uffizi e Palazzo Pitti","og_description":"Da novembre a febbraio il biglietto comprender\u00e0 anche l'ingresso al Museo Archeologico e all'Opificio delle Pietre Dure","og_url":"https:\/\/www.intoscana.it\/it\/inizia-la-bassa-stagione-biglietti-a-meta-prezzo-per-uffizi-e-palazzo-pitti\/","og_site_name":"intoscana","article_publisher":"https:\/\/www.facebook.com\/intoscana.it","article_published_time":"2020-10-31T09:09:55+00:00","og_image":[{"width":1997,"height":1500,"url":"https:\/\/www.intoscana.it\/wp-content\/uploads\/terzo-corridoio-uffizi-3.jpg","type":"image\/jpeg"}],"author":"Redazione","twitter_card":"summary_large_image","twitter_creator":"@intoscana","twitter_site":"@intoscana","twitter_misc":{"Written by":"Redazione","Est. reading time":"2 minuti"},"schema":{"@context":"https:\/\/schema.org","@graph":[{"@type":"WebPage","@id":"https:\/\/www.intoscana.it\/it\/inizia-la-bassa-stagione-biglietti-a-meta-prezzo-per-uffizi-e-palazzo-pitti\/","url":"https:\/\/www.intoscana.it\/it\/inizia-la-bassa-stagione-biglietti-a-meta-prezzo-per-uffizi-e-palazzo-pitti\/","name":"Inizia la 'bassa stagione': biglietti a met\u00e0 prezzo per Uffizi e Palazzo Pitti - intoscana","isPartOf":{"@id":"https:\/\/www.intoscana.it\/it\/#website"},"primaryImageOfPage":{"@id":"https:\/\/www.intoscana.it\/it\/inizia-la-bassa-stagione-biglietti-a-meta-prezzo-per-uffizi-e-palazzo-pitti\/#primaryimage"},"image":{"@id":"https:\/\/www.intoscana.it\/it\/inizia-la-bassa-stagione-biglietti-a-meta-prezzo-per-uffizi-e-palazzo-pitti\/#primaryimage"},"thumbnailUrl":"https:\/\/www.intoscana.it\/wp-content\/uploads\/terzo-corridoio-uffizi-3.jpg","datePublished":"2020-10-31T09:09:55+00:00","author":{"@id":"https:\/\/www.intoscana.it\/it\/#\/schema\/person\/9223810753230f20bd670fdd322661f8"},"description":"Da novembre a febbraio il biglietto comprender\u00e0 anche l'ingresso al Museo Archeologico e all'Opificio delle Pietre Dure","breadcrumb":{"@id":"https:\/\/www.intoscana.it\/it\/inizia-la-bassa-stagione-biglietti-a-meta-prezzo-per-uffizi-e-palazzo-pitti\/#breadcrumb"},"inLanguage":"it-IT","potentialAction":[{"@type":"ReadAction","target":["https:\/\/www.intoscana.it\/it\/inizia-la-bassa-stagione-biglietti-a-meta-prezzo-per-uffizi-e-palazzo-pitti\/"]}]},{"@type":"ImageObject","inLanguage":"it-IT","@id":"https:\/\/www.intoscana.it\/it\/inizia-la-bassa-stagione-biglietti-a-meta-prezzo-per-uffizi-e-palazzo-pitti\/#primaryimage","url":"https:\/\/www.intoscana.it\/wp-content\/uploads\/terzo-corridoio-uffizi-3.jpg","contentUrl":"https:\/\/www.intoscana.it\/wp-content\/uploads\/terzo-corridoio-uffizi-3.jpg","width":1997,"height":1500,"caption":"Uffizi"},{"@type":"BreadcrumbList","@id":"https:\/\/www.intoscana.it\/it\/inizia-la-bassa-stagione-biglietti-a-meta-prezzo-per-uffizi-e-palazzo-pitti\/#breadcrumb","itemListElement":[{"@type":"ListItem","position":1,"name":"Home","item":"https:\/\/www.intoscana.it\/it\/"},{"@type":"ListItem","position":2,"name":"Inizia la &#8216;bassa stagione&#8217;: biglietti a met\u00e0 prezzo per Uffizi e Palazzo Pitti"}]},{"@type":"WebSite","@id":"https:\/\/www.intoscana.it\/it\/#website","url":"https:\/\/www.intoscana.it\/it\/","name":"intoscana","description":"","potentialAction":[{"@type":"SearchAction","target":{"@type":"EntryPoint","urlTemplate":"https:\/\/www.intoscana.it\/it\/?s={search_term_string}"},"query-input":{"@type":"PropertyValueSpecification","valueRequired":true,"valueName":"search_term_string"}}],"inLanguage":"it-IT"},{"@type":"Person","@id":"https:\/\/www.intoscana.it\/it\/#\/schema\/person\/9223810753230f20bd670fdd322661f8","name":"Redazione","url":"https:\/\/www.intoscana.it\/it\/author\/redazione\/"}]}},"_links":{"self":[{"href":"https:\/\/www.intoscana.it\/it\/wp-json\/wp\/v2\/posts\/156932","targetHints":{"allow":["GET"]}}],"collection":[{"href":"https:\/\/www.intoscana.it\/it\/wp-json\/wp\/v2\/posts"}],"about":[{"href":"https:\/\/www.intoscana.it\/it\/wp-json\/wp\/v2\/types\/post"}],"author":[{"embeddable":true,"href":"https:\/\/www.intoscana.it\/it\/wp-json\/wp\/v2\/users\/525"}],"replies":[{"embeddable":true,"href":"https:\/\/www.intoscana.it\/it\/wp-json\/wp\/v2\/comments?post=156932"}],"version-history":[{"count":0,"href":"https:\/\/www.intoscana.it\/it\/wp-json\/wp\/v2\/posts\/156932\/revisions"}],"wp:featuredmedia":[{"embeddable":true,"href":"https:\/\/www.intoscana.it\/it\/wp-json\/wp\/v2\/media\/145482"}],"wp:attachment":[{"href":"https:\/\/www.intoscana.it\/it\/wp-json\/wp\/v2\/media?parent=156932"}],"wp:term":[{"taxonomy":"category","embeddable":true,"href":"https:\/\/www.intoscana.it\/it\/wp-json\/wp\/v2\/categories?post=156932"},{"taxonomy":"post_tag","embeddable":true,"href":"https:\/\/www.intoscana.it\/it\/wp-json\/wp\/v2\/tags?post=156932"}],"curies":[{"name":"wp","href":"https:\/\/api.w.org\/{rel}","templated":true}]}}