{"id":156934,"date":"2020-10-31T10:35:58","date_gmt":"2020-10-31T09:35:58","guid":{"rendered":"https:\/\/www.intoscana.it\/it\/?p=156934"},"modified":"2020-11-02T12:17:19","modified_gmt":"2020-11-02T11:17:19","slug":"manifestazione-non-autorizzata-a-firenze-scontri-e-molotov-contro-la-polizia","status":"publish","type":"post","link":"https:\/\/www.intoscana.it\/it\/manifestazione-non-autorizzata-a-firenze-scontri-e-molotov-contro-la-polizia\/","title":{"rendered":"Manifestazione non autorizzata a Firenze: scontri e molotov contro la polizia"},"content":{"rendered":"<p><em>&#8220;Ci hanno fatto vivere <strong>una notte surreale, terribile e dolorosa<\/strong> a Firenze. Non \u00e8 cos\u00ec che si manifestano le proprie ragioni, non \u00e8 cos\u00ec che si d\u00e0 voce alla sofferenza. \u00c8 solo violenza fine a se stessa, gratuita. Chi sfregia Firenze deve pagare per quello che ha fatto&#8221;.<\/em> Queste le parole che ha scritto sulla sua pagina Facebook <strong>il sindaco di Firenze Dario Nardella<\/strong> commentando la <strong>manifestazione non autorizzata che si \u00e8 tenuta venerd\u00ec 30 ottobre a Firenze<\/strong> per protestare contro l&#8217;ultimo <a href=\"https:\/\/www.intoscana.it\/it\/articolo\/protesta-dpcm-firenze\/\" target=\"_blank\" rel=\"noopener noreferrer\"><strong>Dpcm del Governo.<\/strong><\/a><\/p>\n<p><iframe loading=\"lazy\" src=\"https:\/\/www.youtube.com\/embed\/D46QreoRfWM\" width=\"800\" height=\"500\" frameborder=\"0\" allowfullscreen=\"allowfullscreen\"><span data-mce-type=\"bookmark\" style=\"display: inline-block; width: 0px; overflow: hidden; line-height: 0;\" class=\"mce_SELRES_start\">\ufeff<\/span><\/iframe><\/p>\n<p>I manifestanti <strong>dopo aver devastato il centro si sono spostati verso la stazione,<\/strong> piazza Santa Maria Novella e nella zona di Borgo Ognissanti e di via Il Prato. Fioriere e cassonetti sono stati lasciati in mezzo di strada dai manifestanti per rallentare le forze dell&#8217;ordine.\u00a0<strong>Tre o quattro bombe molotov sono state lanciate contro la polizia<\/strong> durante gli scontri a Firenze, in via dell&#8217;Albero.<\/p>\n<p>Da quanto spiegato dalle forze dell&#8217;ordine<strong> a lanciare le bottiglie molotov sarebbero stati almeno due manifestanti<\/strong> che indossavano delle tute rosse. <strong>Individui cos\u00ec abbigliati sono stati poi rintracciati e fermati<\/strong> poco dopo nella vicina via il Prato insieme ad altre altre due persone. Da quanto spiegato sempre dalle forte dell&#8217;ordine sarebbero persone appartenenti all&#8217;area antagonista. <strong>Le fiamme provocate dalla molotov hanno annerito una parete.<\/strong><\/p>\n<p>Secondo quanto appreso sarebbero rimasti <strong>feriti alcuni agenti, raggiunti dal lancio di pietre, bottiglie e molotov.<\/strong> Complessivamente, secondo una prima stima delle forze dell&#8217;ordine, sarebbero<strong> oltre mille le persone che ieri sera hanno partecipato alle proteste,<\/strong> muovendosi in piccoli gruppi che si sono sparpagliati per il centro storico, creando disordini e scontrandosi con le forze dell&#8217;ordine. Gli ultimi scontri si sarebbero consumati in via dell&#8217;Albero. Durante i disordini in piazza Santa Maria Novella <strong>\u00e8 stato dato alle fiamme un cassonetto interrato e per spengere le fiamme \u00e8 stato necessario l&#8217;intervento dei vigili del fuoco.<\/strong><\/p>\n<h3>Gli arresti<\/h3>\n<p>Al momento <strong>sono 4 gli arrestati e 20 i denunciati per i disordini<\/strong> avvenuti tra ieri sera e la notte scorsa. Proseguono gli accertamenti della polizia, <strong>Digos<\/strong> in testa, che potrebbero far salire il bilancio delle persone segnalate all&#8217;autorit\u00e0 giudiziaria. <strong>In totale sono 10 i feriti lievi tra gli appartenenti alle forze dell&#8217;ordine<\/strong>. L&#8217;arresto \u00e8 scattato per <strong>quattro persone vicine all&#8217;area anarco-antagonista,<\/strong> tra cui, si spiega dalla questura, un 19enne proveniente da Arezzo al quale \u00e8 contestato il lancio di molotov nella zona di borgo Ognissanti. Agli altri tre, tra cu<strong>i due donne di 26 e 28 anni e un 29enne,<\/strong> tutti residenti a Firenze e provincia, contestato il reato di resistenza a pubblico ufficiale. I denunciati sono accusati a vario titolo di violenza e danneggiamento.<\/p>\n<h3>I danni<\/h3>\n<p>&#8220;Far\u00f2 il punto con i tecnici: <strong>i danni non sono irrimediabili per\u00f2 si parla di telecamere distrutte, un semaforo &#8216;sbarbato&#8217; completamente, tutte le fioriere devastate, cestini, paletti.<\/strong> Ci sono danni e mi auguro che questi teppisti paghino per quello che hanno fatto&#8221;. Ha detto<strong> il sindaco di Firenze Dario Nardella a Lady Radio.<\/strong> &#8220;Poteva andare molto peggio &#8211; ha aggiunto -. Credo sia grazie al<strong> grande impegno delle forze dell&#8217;ordine che hanno fatto tutto il possibile,<\/strong> e forse anche grazie all&#8217;appello di noi istituzioni dei giorni precedenti che non \u00e8 avvenuto il peggio, che non ci sono stati danni a monumenti, a vetrine dei negozi o non ci sono stati neanche feriti gravi. Di certo non possiamo essere contenti, \u00e8 stata una notte terribile che non ha niente a che fare con le manifestazioni pacifiche e democratiche di questi giorni&#8221;. &#8220;La cosa complicata di questo tipo di manifestazioni &#8211; ha aggiunto il sindaco &#8211; \u00e8 che non c&#8217;\u00e8 una vera e propria testa. Si butta il manifesto nella mischia della rete e si vede cosa si raccoglie:<strong> c&#8217;era un misto di ultras, di anarchici, di estremisti di destra, di antagonisti, che si mischiavano anche con manifestanti pacifici e che appena hanno visto la situazione si sono dileguati.<\/strong> E&#8217; successo tutto questo ed \u00e8 difficile anche individuare dei responsabili che siano a monte di tutto quello che \u00e8 successo. Vedremo almeno le responsabilit\u00e0 individuali come questo ragazzo che ha buttato le molotov. Questa gente noi non la vogliamo vedere&#8221;.<\/p>\n<p>&nbsp;<\/p>\n","protected":false},"excerpt":{"rendered":"<p>Mille i partecipanti che hanno lanciato pietre, bottiglie e molotov ferendo anche alcuni agenti, 20 i fermati dalla Polizia<\/p>\n","protected":false},"author":525,"featured_media":156935,"comment_status":"open","ping_status":"open","sticky":false,"template":"","format":"standard","meta":{"_acf_changed":false,"footnotes":""},"categories":[494],"tags":[4809,4715,4803,4426],"class_list":["post-156934","post","type-post","status-publish","format-standard","has-post-thumbnail","hentry","category-attualita","tag-covid","tag-dpcm","tag-dpcm-24-ottobre","tag-post-covid"],"acf":[],"yoast_head":"<!-- This site is optimized with the Yoast SEO Premium plugin v24.2 (Yoast SEO v25.6) - https:\/\/yoast.com\/wordpress\/plugins\/seo\/ -->\n<title>Manifestazione non autorizzata a Firenze: scontri e molotov contro la polizia - intoscana<\/title>\n<meta name=\"description\" content=\"Mille i partecipanti che hanno lanciato pietre, bottiglie e molotov ferendo anche alcuni agenti, 20 i fermati dalla Polizia\" \/>\n<meta name=\"robots\" content=\"index, follow, max-snippet:-1, max-image-preview:large, max-video-preview:-1\" \/>\n<link rel=\"canonical\" href=\"https:\/\/www.intoscana.it\/it\/manifestazione-non-autorizzata-a-firenze-scontri-e-molotov-contro-la-polizia\/\" \/>\n<meta property=\"og:locale\" content=\"it_IT\" \/>\n<meta property=\"og:type\" content=\"article\" \/>\n<meta property=\"og:title\" content=\"Manifestazione non autorizzata a Firenze: scontri e molotov contro la polizia\" \/>\n<meta property=\"og:description\" content=\"Mille i partecipanti che hanno lanciato pietre, bottiglie e molotov ferendo anche alcuni agenti, 20 i fermati dalla Polizia\" \/>\n<meta property=\"og:url\" content=\"https:\/\/www.intoscana.it\/it\/manifestazione-non-autorizzata-a-firenze-scontri-e-molotov-contro-la-polizia\/\" \/>\n<meta property=\"og:site_name\" content=\"intoscana\" \/>\n<meta property=\"article:publisher\" content=\"https:\/\/www.facebook.com\/intoscana.it\" \/>\n<meta property=\"article:published_time\" content=\"2020-10-31T09:35:58+00:00\" \/>\n<meta property=\"article:modified_time\" content=\"2020-11-02T11:17:19+00:00\" \/>\n<meta property=\"og:image\" content=\"https:\/\/www.intoscana.it\/wp-content\/uploads\/Vetrine_Firenze-scaled.jpg\" \/>\n\t<meta property=\"og:image:width\" content=\"2048\" \/>\n\t<meta property=\"og:image:height\" content=\"1366\" \/>\n\t<meta property=\"og:image:type\" content=\"image\/jpeg\" \/>\n<meta name=\"author\" content=\"Redazione\" \/>\n<meta name=\"twitter:card\" content=\"summary_large_image\" \/>\n<meta name=\"twitter:creator\" content=\"@intoscana\" \/>\n<meta name=\"twitter:site\" content=\"@intoscana\" \/>\n<meta name=\"twitter:label1\" content=\"Written by\" \/>\n\t<meta name=\"twitter:data1\" content=\"Redazione\" \/>\n\t<meta name=\"twitter:label2\" content=\"Est. reading time\" \/>\n\t<meta name=\"twitter:data2\" content=\"3 minuti\" \/>\n<script type=\"application\/ld+json\" class=\"yoast-schema-graph\">{\"@context\":\"https:\/\/schema.org\",\"@graph\":[{\"@type\":\"WebPage\",\"@id\":\"https:\/\/www.intoscana.it\/it\/manifestazione-non-autorizzata-a-firenze-scontri-e-molotov-contro-la-polizia\/\",\"url\":\"https:\/\/www.intoscana.it\/it\/manifestazione-non-autorizzata-a-firenze-scontri-e-molotov-contro-la-polizia\/\",\"name\":\"Manifestazione non autorizzata a Firenze: scontri e molotov contro la polizia - intoscana\",\"isPartOf\":{\"@id\":\"https:\/\/www.intoscana.it\/it\/#website\"},\"primaryImageOfPage\":{\"@id\":\"https:\/\/www.intoscana.it\/it\/manifestazione-non-autorizzata-a-firenze-scontri-e-molotov-contro-la-polizia\/#primaryimage\"},\"image\":{\"@id\":\"https:\/\/www.intoscana.it\/it\/manifestazione-non-autorizzata-a-firenze-scontri-e-molotov-contro-la-polizia\/#primaryimage\"},\"thumbnailUrl\":\"https:\/\/www.intoscana.it\/wp-content\/uploads\/Vetrine_Firenze-scaled.jpg\",\"datePublished\":\"2020-10-31T09:35:58+00:00\",\"dateModified\":\"2020-11-02T11:17:19+00:00\",\"author\":{\"@id\":\"https:\/\/www.intoscana.it\/it\/#\/schema\/person\/9223810753230f20bd670fdd322661f8\"},\"description\":\"Mille i partecipanti che hanno lanciato pietre, bottiglie e molotov ferendo anche alcuni agenti, 20 i fermati dalla Polizia\",\"breadcrumb\":{\"@id\":\"https:\/\/www.intoscana.it\/it\/manifestazione-non-autorizzata-a-firenze-scontri-e-molotov-contro-la-polizia\/#breadcrumb\"},\"inLanguage\":\"it-IT\",\"potentialAction\":[{\"@type\":\"ReadAction\",\"target\":[\"https:\/\/www.intoscana.it\/it\/manifestazione-non-autorizzata-a-firenze-scontri-e-molotov-contro-la-polizia\/\"]}]},{\"@type\":\"ImageObject\",\"inLanguage\":\"it-IT\",\"@id\":\"https:\/\/www.intoscana.it\/it\/manifestazione-non-autorizzata-a-firenze-scontri-e-molotov-contro-la-polizia\/#primaryimage\",\"url\":\"https:\/\/www.intoscana.it\/wp-content\/uploads\/Vetrine_Firenze-scaled.jpg\",\"contentUrl\":\"https:\/\/www.intoscana.it\/wp-content\/uploads\/Vetrine_Firenze-scaled.jpg\",\"width\":2048,\"height\":1366,\"caption\":\"Paratie protettive vengono montate alle vetrine dei negozi del centro in previsione della manifestazione, non preavvisata alla Questura, prevista in serata in Piazza della Signoria e annunciata con un tam tam sui social netowrk per protestare contro il Dpcm, Firenze, 30 Ottobre 2020. ANSA\/CLAUDIO GIOVANNINI\"},{\"@type\":\"BreadcrumbList\",\"@id\":\"https:\/\/www.intoscana.it\/it\/manifestazione-non-autorizzata-a-firenze-scontri-e-molotov-contro-la-polizia\/#breadcrumb\",\"itemListElement\":[{\"@type\":\"ListItem\",\"position\":1,\"name\":\"Home\",\"item\":\"https:\/\/www.intoscana.it\/it\/\"},{\"@type\":\"ListItem\",\"position\":2,\"name\":\"Manifestazione non autorizzata a Firenze: scontri e molotov contro la polizia\"}]},{\"@type\":\"WebSite\",\"@id\":\"https:\/\/www.intoscana.it\/it\/#website\",\"url\":\"https:\/\/www.intoscana.it\/it\/\",\"name\":\"intoscana\",\"description\":\"\",\"potentialAction\":[{\"@type\":\"SearchAction\",\"target\":{\"@type\":\"EntryPoint\",\"urlTemplate\":\"https:\/\/www.intoscana.it\/it\/?s={search_term_string}\"},\"query-input\":{\"@type\":\"PropertyValueSpecification\",\"valueRequired\":true,\"valueName\":\"search_term_string\"}}],\"inLanguage\":\"it-IT\"},{\"@type\":\"Person\",\"@id\":\"https:\/\/www.intoscana.it\/it\/#\/schema\/person\/9223810753230f20bd670fdd322661f8\",\"name\":\"Redazione\",\"url\":\"https:\/\/www.intoscana.it\/it\/author\/redazione\/\"}]}<\/script>\n<!-- \/ Yoast SEO Premium plugin. -->","yoast_head_json":{"title":"Manifestazione non autorizzata a Firenze: scontri e molotov contro la polizia - intoscana","description":"Mille i partecipanti che hanno lanciato pietre, bottiglie e molotov ferendo anche alcuni agenti, 20 i fermati dalla Polizia","robots":{"index":"index","follow":"follow","max-snippet":"max-snippet:-1","max-image-preview":"max-image-preview:large","max-video-preview":"max-video-preview:-1"},"canonical":"https:\/\/www.intoscana.it\/it\/manifestazione-non-autorizzata-a-firenze-scontri-e-molotov-contro-la-polizia\/","og_locale":"it_IT","og_type":"article","og_title":"Manifestazione non autorizzata a Firenze: scontri e molotov contro la polizia","og_description":"Mille i partecipanti che hanno lanciato pietre, bottiglie e molotov ferendo anche alcuni agenti, 20 i fermati dalla Polizia","og_url":"https:\/\/www.intoscana.it\/it\/manifestazione-non-autorizzata-a-firenze-scontri-e-molotov-contro-la-polizia\/","og_site_name":"intoscana","article_publisher":"https:\/\/www.facebook.com\/intoscana.it","article_published_time":"2020-10-31T09:35:58+00:00","article_modified_time":"2020-11-02T11:17:19+00:00","og_image":[{"width":2048,"height":1366,"url":"https:\/\/www.intoscana.it\/wp-content\/uploads\/Vetrine_Firenze-scaled.jpg","type":"image\/jpeg"}],"author":"Redazione","twitter_card":"summary_large_image","twitter_creator":"@intoscana","twitter_site":"@intoscana","twitter_misc":{"Written by":"Redazione","Est. reading time":"3 minuti"},"schema":{"@context":"https:\/\/schema.org","@graph":[{"@type":"WebPage","@id":"https:\/\/www.intoscana.it\/it\/manifestazione-non-autorizzata-a-firenze-scontri-e-molotov-contro-la-polizia\/","url":"https:\/\/www.intoscana.it\/it\/manifestazione-non-autorizzata-a-firenze-scontri-e-molotov-contro-la-polizia\/","name":"Manifestazione non autorizzata a Firenze: scontri e molotov contro la polizia - intoscana","isPartOf":{"@id":"https:\/\/www.intoscana.it\/it\/#website"},"primaryImageOfPage":{"@id":"https:\/\/www.intoscana.it\/it\/manifestazione-non-autorizzata-a-firenze-scontri-e-molotov-contro-la-polizia\/#primaryimage"},"image":{"@id":"https:\/\/www.intoscana.it\/it\/manifestazione-non-autorizzata-a-firenze-scontri-e-molotov-contro-la-polizia\/#primaryimage"},"thumbnailUrl":"https:\/\/www.intoscana.it\/wp-content\/uploads\/Vetrine_Firenze-scaled.jpg","datePublished":"2020-10-31T09:35:58+00:00","dateModified":"2020-11-02T11:17:19+00:00","author":{"@id":"https:\/\/www.intoscana.it\/it\/#\/schema\/person\/9223810753230f20bd670fdd322661f8"},"description":"Mille i partecipanti che hanno lanciato pietre, bottiglie e molotov ferendo anche alcuni agenti, 20 i fermati dalla Polizia","breadcrumb":{"@id":"https:\/\/www.intoscana.it\/it\/manifestazione-non-autorizzata-a-firenze-scontri-e-molotov-contro-la-polizia\/#breadcrumb"},"inLanguage":"it-IT","potentialAction":[{"@type":"ReadAction","target":["https:\/\/www.intoscana.it\/it\/manifestazione-non-autorizzata-a-firenze-scontri-e-molotov-contro-la-polizia\/"]}]},{"@type":"ImageObject","inLanguage":"it-IT","@id":"https:\/\/www.intoscana.it\/it\/manifestazione-non-autorizzata-a-firenze-scontri-e-molotov-contro-la-polizia\/#primaryimage","url":"https:\/\/www.intoscana.it\/wp-content\/uploads\/Vetrine_Firenze-scaled.jpg","contentUrl":"https:\/\/www.intoscana.it\/wp-content\/uploads\/Vetrine_Firenze-scaled.jpg","width":2048,"height":1366,"caption":"Paratie protettive vengono montate alle vetrine dei negozi del centro in previsione della manifestazione, non preavvisata alla Questura, prevista in serata in Piazza della Signoria e annunciata con un tam tam sui social netowrk per protestare contro il Dpcm, Firenze, 30 Ottobre 2020. ANSA\/CLAUDIO GIOVANNINI"},{"@type":"BreadcrumbList","@id":"https:\/\/www.intoscana.it\/it\/manifestazione-non-autorizzata-a-firenze-scontri-e-molotov-contro-la-polizia\/#breadcrumb","itemListElement":[{"@type":"ListItem","position":1,"name":"Home","item":"https:\/\/www.intoscana.it\/it\/"},{"@type":"ListItem","position":2,"name":"Manifestazione non autorizzata a Firenze: scontri e molotov contro la polizia"}]},{"@type":"WebSite","@id":"https:\/\/www.intoscana.it\/it\/#website","url":"https:\/\/www.intoscana.it\/it\/","name":"intoscana","description":"","potentialAction":[{"@type":"SearchAction","target":{"@type":"EntryPoint","urlTemplate":"https:\/\/www.intoscana.it\/it\/?s={search_term_string}"},"query-input":{"@type":"PropertyValueSpecification","valueRequired":true,"valueName":"search_term_string"}}],"inLanguage":"it-IT"},{"@type":"Person","@id":"https:\/\/www.intoscana.it\/it\/#\/schema\/person\/9223810753230f20bd670fdd322661f8","name":"Redazione","url":"https:\/\/www.intoscana.it\/it\/author\/redazione\/"}]}},"_links":{"self":[{"href":"https:\/\/www.intoscana.it\/it\/wp-json\/wp\/v2\/posts\/156934","targetHints":{"allow":["GET"]}}],"collection":[{"href":"https:\/\/www.intoscana.it\/it\/wp-json\/wp\/v2\/posts"}],"about":[{"href":"https:\/\/www.intoscana.it\/it\/wp-json\/wp\/v2\/types\/post"}],"author":[{"embeddable":true,"href":"https:\/\/www.intoscana.it\/it\/wp-json\/wp\/v2\/users\/525"}],"replies":[{"embeddable":true,"href":"https:\/\/www.intoscana.it\/it\/wp-json\/wp\/v2\/comments?post=156934"}],"version-history":[{"count":0,"href":"https:\/\/www.intoscana.it\/it\/wp-json\/wp\/v2\/posts\/156934\/revisions"}],"wp:featuredmedia":[{"embeddable":true,"href":"https:\/\/www.intoscana.it\/it\/wp-json\/wp\/v2\/media\/156935"}],"wp:attachment":[{"href":"https:\/\/www.intoscana.it\/it\/wp-json\/wp\/v2\/media?parent=156934"}],"wp:term":[{"taxonomy":"category","embeddable":true,"href":"https:\/\/www.intoscana.it\/it\/wp-json\/wp\/v2\/categories?post=156934"},{"taxonomy":"post_tag","embeddable":true,"href":"https:\/\/www.intoscana.it\/it\/wp-json\/wp\/v2\/tags?post=156934"}],"curies":[{"name":"wp","href":"https:\/\/api.w.org\/{rel}","templated":true}]}}