{"id":157018,"date":"2020-11-02T10:56:10","date_gmt":"2020-11-02T09:56:10","guid":{"rendered":"https:\/\/www.intoscana.it\/it\/?p=157018"},"modified":"2020-11-02T10:59:13","modified_gmt":"2020-11-02T09:59:13","slug":"covid-19-epidemia-report-ars","status":"publish","type":"post","link":"https:\/\/www.intoscana.it\/it\/covid-19-epidemia-report-ars\/","title":{"rendered":"Covid-19, l&#8217;epidemia corre: Toscana vicina al picco ricoveri della prima ondata"},"content":{"rendered":"<p>Se i ritmi di crescita dei contagi, dei ricoveri e dei decessi dovessero mantenersi in linea con quelli osservati nelle ultime settimane, in Toscana saranno raggiunti in circa una settimana i <strong>livelli di ospedalizzazione raggiunti al culmine della prima ondata di marzo-aprile,<\/strong> pur con numeri di terapia intensiva occupata pi\u00f9 contenuti. A dirlo \u00e8 il report settimanale sull&#8217;andamento dell&#8217;epidemia in Toscana pubblicato dagli esperti dell&#8217;<strong>Agenzia regionale di sanit\u00e0 (Ars).<\/strong><\/p>\n<p>Al 30 ottobre, spiega Ars, in Toscana sono 1.160 le persone ricoverate, di cui 153 in terapia intensiva, a fronte delle 1.437 ospedalizzate nel momento di picco segnato il 2 aprile scorso (di cui 297 in terapia intensiva). <strong>Nella settimana dal 24 <\/strong><strong>al 30 ottobre i ricoverati sono aumentati di 504 unit\u00e0, <\/strong>di cui 71 in terapia intensiva. La settimana prima l&#8217;incremento era stato di 297 unit\u00e0.<\/p>\n<h3>Aumento dei ricoveri e dei decessi<\/h3>\n<p>L&#8217;aumento dei ricoveri, si afferma sempre nel report, va di pari passo con <strong>l&#8217;aumento dell&#8217;et\u00e0 media dei positivi,<\/strong> passata da 40,6 anni a inizio settembre a 44,7 anni, con uno aumento di contagi tra ultrasessantenni dovuto anche all&#8217;emersione di focolai nelle Rsa.<br \/>\nInfine, rispetto al periodo di relativa assenza dalla fine di giugno a settembre, nelle ultime settimane <strong>anche i decessi mostrano un trend in crescita<\/strong>. Nella settimana dal 24 al 30 ottobre sono stati 83, rispetto ai 50 della precedente e ai 14 di due settimane fa. La crescita della curva dei decessi, sottolinea Ars, segue con una latenza di circa 15 giorni quello della curva dei contagi e dei ricoverati.<\/p>\n<h3>I casi sono aumentati del 100,8% in 7 giorni<\/h3>\n<p>Nell&#8217;ultima settimana il numero dei positivi al Covid-19 in Toscana \u00e8 cresciuto del 100,8%, e questo secondo Ars ha messo in <strong>difficolt\u00e0 i sistemi di tracciamento.\u00a0<\/strong><br \/>\n\u00c8 possibile, si legge nel report, che in questa fase i dipartimenti di prevenzione tendano a testare maggiormente i sospetti sintomatici, a maggior rischio di risultare positivi. In questo modo, per\u00f2, <strong>si rischia di &#8216;perdere le tracce&#8217; del <\/strong><strong>virus nella popolazione<\/strong>, aumentando la probabilit\u00e0 che positivi asintomatici non testati diffondano il virus.<\/p>\n<p>Sempre secondo i dati diffusi dall&#8217;Ars, la Toscana \u00e8 al momento tra le regioni con incidenza settimanale pi\u00f9 alta, con 370,6 casi per 100mila abitanti a fronte di una media di 269,7 per 100mila abitanti. Nell&#8217;ultima settimana i nuovi casi registrati sono stati 13.822. Nello stesso arco temporale la percentuale di positivi tra le persone testate ha raggiunto il 21,7%.<\/p>\n<p><strong>Meno colpita dai contagi la zona meridionale della regione, <\/strong>probabilmente, spiega Ars, in ragione di una minore densit\u00e0 abitativa e della minore presenza di grandi poli industriali e manifatturieri.<br \/>\nInfine, dal 15 di settembre i casi in et\u00e0 scolare (3-19 anni) sono stati 4.490, tra cui met\u00e0 nella fascia di et\u00e0 14-19 anni.<\/p>\n","protected":false},"excerpt":{"rendered":"<p>Il report dell&#8217;Ars, Agenzia regionale di sanit\u00e0, mostra anche una difficolt\u00e0 dei sistemi di tracciamento, dovuta all&#8217;elevato numero di positivi, cresciuti nell&#8217;ultima settimana del 100,8%<\/p>\n","protected":false},"author":525,"featured_media":156481,"comment_status":"open","ping_status":"open","sticky":false,"template":"","format":"standard","meta":{"_acf_changed":false,"footnotes":""},"categories":[18],"tags":[],"class_list":["post-157018","post","type-post","status-publish","format-standard","has-post-thumbnail","hentry","category-salute"],"acf":[],"yoast_head":"<!-- This site is optimized with the Yoast SEO Premium plugin v24.2 (Yoast SEO v25.6) - https:\/\/yoast.com\/wordpress\/plugins\/seo\/ -->\n<title>Covid-19, l&#039;epidemia corre: Toscana vicina al picco ricoveri della prima ondata - intoscana<\/title>\n<meta name=\"description\" content=\"L&#039;epidemia di Covid-19 corre in Toscana: secondo il report dell&#039;Ars i positivi sono aumentati del 100,8% nell&#039;ultima settimana.\" \/>\n<meta name=\"robots\" content=\"index, follow, max-snippet:-1, max-image-preview:large, max-video-preview:-1\" \/>\n<link rel=\"canonical\" href=\"https:\/\/www.intoscana.it\/it\/covid-19-epidemia-report-ars\/\" \/>\n<meta property=\"og:locale\" content=\"it_IT\" \/>\n<meta property=\"og:type\" content=\"article\" \/>\n<meta property=\"og:title\" content=\"Covid-19, l&#039;epidemia corre: Toscana vicina al picco ricoveri della prima ondata\" \/>\n<meta property=\"og:description\" content=\"L&#039;epidemia di Covid-19 corre in Toscana: secondo il report dell&#039;Ars i positivi sono aumentati del 100,8% nell&#039;ultima settimana.\" \/>\n<meta property=\"og:url\" content=\"https:\/\/www.intoscana.it\/it\/covid-19-epidemia-report-ars\/\" \/>\n<meta property=\"og:site_name\" content=\"intoscana\" \/>\n<meta property=\"article:publisher\" content=\"https:\/\/www.facebook.com\/intoscana.it\" \/>\n<meta property=\"article:published_time\" content=\"2020-11-02T09:56:10+00:00\" \/>\n<meta property=\"article:modified_time\" content=\"2020-11-02T09:59:13+00:00\" \/>\n<meta property=\"og:image\" content=\"https:\/\/www.intoscana.it\/wp-content\/uploads\/shutterstock_1841794108-scaled.jpg\" \/>\n\t<meta property=\"og:image:width\" content=\"2048\" \/>\n\t<meta property=\"og:image:height\" content=\"1366\" \/>\n\t<meta property=\"og:image:type\" content=\"image\/jpeg\" \/>\n<meta name=\"author\" content=\"Redazione\" \/>\n<meta name=\"twitter:card\" content=\"summary_large_image\" \/>\n<meta name=\"twitter:creator\" content=\"@intoscana\" \/>\n<meta name=\"twitter:site\" content=\"@intoscana\" \/>\n<meta name=\"twitter:label1\" content=\"Written by\" \/>\n\t<meta name=\"twitter:data1\" content=\"Redazione\" \/>\n\t<meta name=\"twitter:label2\" content=\"Est. reading time\" \/>\n\t<meta name=\"twitter:data2\" content=\"2 minuti\" \/>\n<script type=\"application\/ld+json\" class=\"yoast-schema-graph\">{\"@context\":\"https:\/\/schema.org\",\"@graph\":[{\"@type\":\"WebPage\",\"@id\":\"https:\/\/www.intoscana.it\/it\/covid-19-epidemia-report-ars\/\",\"url\":\"https:\/\/www.intoscana.it\/it\/covid-19-epidemia-report-ars\/\",\"name\":\"Covid-19, l'epidemia corre: Toscana vicina al picco ricoveri della prima ondata - intoscana\",\"isPartOf\":{\"@id\":\"https:\/\/www.intoscana.it\/it\/#website\"},\"primaryImageOfPage\":{\"@id\":\"https:\/\/www.intoscana.it\/it\/covid-19-epidemia-report-ars\/#primaryimage\"},\"image\":{\"@id\":\"https:\/\/www.intoscana.it\/it\/covid-19-epidemia-report-ars\/#primaryimage\"},\"thumbnailUrl\":\"https:\/\/www.intoscana.it\/wp-content\/uploads\/shutterstock_1841794108-scaled.jpg\",\"datePublished\":\"2020-11-02T09:56:10+00:00\",\"dateModified\":\"2020-11-02T09:59:13+00:00\",\"author\":{\"@id\":\"https:\/\/www.intoscana.it\/it\/#\/schema\/person\/9223810753230f20bd670fdd322661f8\"},\"description\":\"L'epidemia di Covid-19 corre in Toscana: secondo il report dell'Ars i positivi sono aumentati del 100,8% nell'ultima settimana.\",\"breadcrumb\":{\"@id\":\"https:\/\/www.intoscana.it\/it\/covid-19-epidemia-report-ars\/#breadcrumb\"},\"inLanguage\":\"it-IT\",\"potentialAction\":[{\"@type\":\"ReadAction\",\"target\":[\"https:\/\/www.intoscana.it\/it\/covid-19-epidemia-report-ars\/\"]}]},{\"@type\":\"ImageObject\",\"inLanguage\":\"it-IT\",\"@id\":\"https:\/\/www.intoscana.it\/it\/covid-19-epidemia-report-ars\/#primaryimage\",\"url\":\"https:\/\/www.intoscana.it\/wp-content\/uploads\/shutterstock_1841794108-scaled.jpg\",\"contentUrl\":\"https:\/\/www.intoscana.it\/wp-content\/uploads\/shutterstock_1841794108-scaled.jpg\",\"width\":2048,\"height\":1366,\"caption\":\"Screening con tamponi e tracciamento fondamentali per arginare la diffusione del Covid-19\"},{\"@type\":\"BreadcrumbList\",\"@id\":\"https:\/\/www.intoscana.it\/it\/covid-19-epidemia-report-ars\/#breadcrumb\",\"itemListElement\":[{\"@type\":\"ListItem\",\"position\":1,\"name\":\"Home\",\"item\":\"https:\/\/www.intoscana.it\/it\/\"},{\"@type\":\"ListItem\",\"position\":2,\"name\":\"Covid-19, l&#8217;epidemia corre: Toscana vicina al picco ricoveri della prima ondata\"}]},{\"@type\":\"WebSite\",\"@id\":\"https:\/\/www.intoscana.it\/it\/#website\",\"url\":\"https:\/\/www.intoscana.it\/it\/\",\"name\":\"intoscana\",\"description\":\"\",\"potentialAction\":[{\"@type\":\"SearchAction\",\"target\":{\"@type\":\"EntryPoint\",\"urlTemplate\":\"https:\/\/www.intoscana.it\/it\/?s={search_term_string}\"},\"query-input\":{\"@type\":\"PropertyValueSpecification\",\"valueRequired\":true,\"valueName\":\"search_term_string\"}}],\"inLanguage\":\"it-IT\"},{\"@type\":\"Person\",\"@id\":\"https:\/\/www.intoscana.it\/it\/#\/schema\/person\/9223810753230f20bd670fdd322661f8\",\"name\":\"Redazione\",\"url\":\"https:\/\/www.intoscana.it\/it\/author\/redazione\/\"}]}<\/script>\n<!-- \/ Yoast SEO Premium plugin. -->","yoast_head_json":{"title":"Covid-19, l'epidemia corre: Toscana vicina al picco ricoveri della prima ondata - intoscana","description":"L'epidemia di Covid-19 corre in Toscana: secondo il report dell'Ars i positivi sono aumentati del 100,8% nell'ultima settimana.","robots":{"index":"index","follow":"follow","max-snippet":"max-snippet:-1","max-image-preview":"max-image-preview:large","max-video-preview":"max-video-preview:-1"},"canonical":"https:\/\/www.intoscana.it\/it\/covid-19-epidemia-report-ars\/","og_locale":"it_IT","og_type":"article","og_title":"Covid-19, l'epidemia corre: Toscana vicina al picco ricoveri della prima ondata","og_description":"L'epidemia di Covid-19 corre in Toscana: secondo il report dell'Ars i positivi sono aumentati del 100,8% nell'ultima settimana.","og_url":"https:\/\/www.intoscana.it\/it\/covid-19-epidemia-report-ars\/","og_site_name":"intoscana","article_publisher":"https:\/\/www.facebook.com\/intoscana.it","article_published_time":"2020-11-02T09:56:10+00:00","article_modified_time":"2020-11-02T09:59:13+00:00","og_image":[{"width":2048,"height":1366,"url":"https:\/\/www.intoscana.it\/wp-content\/uploads\/shutterstock_1841794108-scaled.jpg","type":"image\/jpeg"}],"author":"Redazione","twitter_card":"summary_large_image","twitter_creator":"@intoscana","twitter_site":"@intoscana","twitter_misc":{"Written by":"Redazione","Est. reading time":"2 minuti"},"schema":{"@context":"https:\/\/schema.org","@graph":[{"@type":"WebPage","@id":"https:\/\/www.intoscana.it\/it\/covid-19-epidemia-report-ars\/","url":"https:\/\/www.intoscana.it\/it\/covid-19-epidemia-report-ars\/","name":"Covid-19, l'epidemia corre: Toscana vicina al picco ricoveri della prima ondata - intoscana","isPartOf":{"@id":"https:\/\/www.intoscana.it\/it\/#website"},"primaryImageOfPage":{"@id":"https:\/\/www.intoscana.it\/it\/covid-19-epidemia-report-ars\/#primaryimage"},"image":{"@id":"https:\/\/www.intoscana.it\/it\/covid-19-epidemia-report-ars\/#primaryimage"},"thumbnailUrl":"https:\/\/www.intoscana.it\/wp-content\/uploads\/shutterstock_1841794108-scaled.jpg","datePublished":"2020-11-02T09:56:10+00:00","dateModified":"2020-11-02T09:59:13+00:00","author":{"@id":"https:\/\/www.intoscana.it\/it\/#\/schema\/person\/9223810753230f20bd670fdd322661f8"},"description":"L'epidemia di Covid-19 corre in Toscana: secondo il report dell'Ars i positivi sono aumentati del 100,8% nell'ultima settimana.","breadcrumb":{"@id":"https:\/\/www.intoscana.it\/it\/covid-19-epidemia-report-ars\/#breadcrumb"},"inLanguage":"it-IT","potentialAction":[{"@type":"ReadAction","target":["https:\/\/www.intoscana.it\/it\/covid-19-epidemia-report-ars\/"]}]},{"@type":"ImageObject","inLanguage":"it-IT","@id":"https:\/\/www.intoscana.it\/it\/covid-19-epidemia-report-ars\/#primaryimage","url":"https:\/\/www.intoscana.it\/wp-content\/uploads\/shutterstock_1841794108-scaled.jpg","contentUrl":"https:\/\/www.intoscana.it\/wp-content\/uploads\/shutterstock_1841794108-scaled.jpg","width":2048,"height":1366,"caption":"Screening con tamponi e tracciamento fondamentali per arginare la diffusione del Covid-19"},{"@type":"BreadcrumbList","@id":"https:\/\/www.intoscana.it\/it\/covid-19-epidemia-report-ars\/#breadcrumb","itemListElement":[{"@type":"ListItem","position":1,"name":"Home","item":"https:\/\/www.intoscana.it\/it\/"},{"@type":"ListItem","position":2,"name":"Covid-19, l&#8217;epidemia corre: Toscana vicina al picco ricoveri della prima ondata"}]},{"@type":"WebSite","@id":"https:\/\/www.intoscana.it\/it\/#website","url":"https:\/\/www.intoscana.it\/it\/","name":"intoscana","description":"","potentialAction":[{"@type":"SearchAction","target":{"@type":"EntryPoint","urlTemplate":"https:\/\/www.intoscana.it\/it\/?s={search_term_string}"},"query-input":{"@type":"PropertyValueSpecification","valueRequired":true,"valueName":"search_term_string"}}],"inLanguage":"it-IT"},{"@type":"Person","@id":"https:\/\/www.intoscana.it\/it\/#\/schema\/person\/9223810753230f20bd670fdd322661f8","name":"Redazione","url":"https:\/\/www.intoscana.it\/it\/author\/redazione\/"}]}},"_links":{"self":[{"href":"https:\/\/www.intoscana.it\/it\/wp-json\/wp\/v2\/posts\/157018","targetHints":{"allow":["GET"]}}],"collection":[{"href":"https:\/\/www.intoscana.it\/it\/wp-json\/wp\/v2\/posts"}],"about":[{"href":"https:\/\/www.intoscana.it\/it\/wp-json\/wp\/v2\/types\/post"}],"author":[{"embeddable":true,"href":"https:\/\/www.intoscana.it\/it\/wp-json\/wp\/v2\/users\/525"}],"replies":[{"embeddable":true,"href":"https:\/\/www.intoscana.it\/it\/wp-json\/wp\/v2\/comments?post=157018"}],"version-history":[{"count":0,"href":"https:\/\/www.intoscana.it\/it\/wp-json\/wp\/v2\/posts\/157018\/revisions"}],"wp:featuredmedia":[{"embeddable":true,"href":"https:\/\/www.intoscana.it\/it\/wp-json\/wp\/v2\/media\/156481"}],"wp:attachment":[{"href":"https:\/\/www.intoscana.it\/it\/wp-json\/wp\/v2\/media?parent=157018"}],"wp:term":[{"taxonomy":"category","embeddable":true,"href":"https:\/\/www.intoscana.it\/it\/wp-json\/wp\/v2\/categories?post=157018"},{"taxonomy":"post_tag","embeddable":true,"href":"https:\/\/www.intoscana.it\/it\/wp-json\/wp\/v2\/tags?post=157018"}],"curies":[{"name":"wp","href":"https:\/\/api.w.org\/{rel}","templated":true}]}}