{"id":157070,"date":"2020-11-02T12:14:32","date_gmt":"2020-11-02T11:14:32","guid":{"rendered":"https:\/\/www.intoscana.it\/it\/?p=157070"},"modified":"2020-11-02T12:14:32","modified_gmt":"2020-11-02T11:14:32","slug":"vino-consumi-cala-lanciano-allarme","status":"publish","type":"post","link":"https:\/\/www.intoscana.it\/it\/vino-consumi-cala-lanciano-allarme\/","title":{"rendered":"Vino, i consumi colano a picco: meno 70%. I produttori lanciano l&#8217;allarme"},"content":{"rendered":"<p>Un tracollo nel consumo del vino del <strong>70%.<\/strong> \u00c8 il costo stimato dell&#8217;ultimo decreto del Governo che chiude i locali alle 18. A lanciare l\u2019allarme \u00e8 il Consorzio Vino Chianti, che conta 3 mila produttori per 15.500 ettari di vigneto con una produzione di 800 mila ettolitri. <em>&#8220;Il 70 per cento del vino si consuma dall\u2019aperitivo in poi&#8221;<\/em> spiega il presidente del Consorzio, <strong>Giovanni Busi<\/strong>. <em>&#8220;<mark>\u00c8 un colpo durissimo al settore. Tutto questo senza considerare che i ristoratori, i locali e le enoteche si sono adattati puntualmente a ogni disposizione, accogliendo i clienti in totale sicurezza<\/mark>. Hanno fatto sacrifici economici importanti, anche indebitandosi ulteriormente, pur di restare aperti<\/em>&#8220;.<\/p>\n<h3>Un&#8217;assenza che pesa<\/h3>\n<p>Nella situazione attuale, continua il presidente, <em>&#8220;era necessario adattare le restrizioni alle realt\u00e0 locali e alle condizioni di lavoro delle attivit\u00e0, per garantire i lavoratori e le aziende. Invece <strong>si \u00e8 preferito agire in maniera dura<\/strong>, anche confusa, per tamponare un oggettivo problema di organizzazione che questo Governo continua a manifestare&#8221;<\/em>. Di fronte a una situazione critica <em>\u201cil Governo si \u00e8 mostrato assente e sordo&#8221;<\/em> aggiunge Busi.<\/p>\n<p><span class=\"citazione\">&#8220;Ci sono ancora lavoratori che aspettano la cassa integrazione dei mesi estivi, c\u2019\u00e8 sempre troppo burocrazia che soffoca le imprese&#8221;<\/span><\/p>\n<h3>Accesso al credito<\/h3>\n<p><em>&#8220;Continua questa brutta abitudine di annunciare ristori e misure di sostegno senza poi concretizzare in tempi brevi. Ci sono ancora lavoratori che aspettano la cassa integrazione dei mesi estivi, c\u2019\u00e8 sempre troppo burocrazia che soffoca le imprese, soprattutto le pi\u00f9 piccole&#8221;<\/em> prosegue il presidente. <em>&#8220;<mark>Altri paesi europei hanno garantito almeno il 75% dell\u2019incasso, noi ancora siamo troppo indietro<\/mark>. Sarebbe necessario anche garantire un accesso al credito pi\u00f9 facile, oggi completamente assente, eliminando temporaneamente gli accordi di Basilea&#8221;<\/em>.<\/p>\n<h3>Lo &#8220;spettro&#8221; del Natale<\/h3>\n<p>Molta preoccupazione anche per le previsione sul Natale. <em>\u201cCon il virus dobbiamo convivere ancora per diverso tempo&#8221;<\/em> conclude il presidente. <em>&#8220;Ora il Governo deve prendere provvedimenti concreti, altrimenti il fallimento di interi settori economici sar\u00e0 inevitabile\u201d.<\/em><\/p>\n","protected":false},"excerpt":{"rendered":"<p>&#8220;L\u2019ultimo decreto ha dato un colpo durissimo al settore&#8221;. Interviente il Consorzio Vino Chianti, che registra il crollo dei consumi e chiede interventi concreti<\/p>\n","protected":false},"author":525,"featured_media":157072,"comment_status":"open","ping_status":"open","sticky":false,"template":"","format":"standard","meta":{"_acf_changed":false,"footnotes":""},"categories":[494],"tags":[366,211,142,224],"class_list":["post-157070","post","type-post","status-publish","format-standard","has-post-thumbnail","hentry","category-attualita","tag-chianti","tag-economia","tag-enogastronomia","tag-vino"],"acf":[],"yoast_head":"<!-- This site is optimized with the Yoast SEO Premium plugin v24.2 (Yoast SEO v25.6) - https:\/\/yoast.com\/wordpress\/plugins\/seo\/ -->\n<title>Vino, i consumi colano a picco: meno 70%. I produttori lanciano l&#039;allarme - intoscana<\/title>\n<meta name=\"description\" content=\"&quot;L\u2019ultimo decreto ha dato un colpo durissimo al settore&quot;. Interviente il Consorzio Vino Chianti, che registra il crollo dei consumi e chiede interventi concreti\" \/>\n<meta name=\"robots\" content=\"index, follow, max-snippet:-1, max-image-preview:large, max-video-preview:-1\" \/>\n<link rel=\"canonical\" href=\"https:\/\/www.intoscana.it\/it\/vino-consumi-cala-lanciano-allarme\/\" \/>\n<meta property=\"og:locale\" content=\"it_IT\" \/>\n<meta property=\"og:type\" content=\"article\" \/>\n<meta property=\"og:title\" content=\"Vino, i consumi colano a picco: meno 70%. I produttori lanciano l&#039;allarme\" \/>\n<meta property=\"og:description\" content=\"&quot;L\u2019ultimo decreto ha dato un colpo durissimo al settore&quot;. Interviente il Consorzio Vino Chianti, che registra il crollo dei consumi e chiede interventi concreti\" \/>\n<meta property=\"og:url\" content=\"https:\/\/www.intoscana.it\/it\/vino-consumi-cala-lanciano-allarme\/\" \/>\n<meta property=\"og:site_name\" content=\"intoscana\" \/>\n<meta property=\"article:publisher\" content=\"https:\/\/www.facebook.com\/intoscana.it\" \/>\n<meta property=\"article:published_time\" content=\"2020-11-02T11:14:32+00:00\" \/>\n<meta property=\"og:image\" content=\"https:\/\/www.intoscana.it\/wp-content\/uploads\/vino-chianti-2.jpg\" \/>\n\t<meta property=\"og:image:width\" content=\"995\" \/>\n\t<meta property=\"og:image:height\" content=\"705\" \/>\n\t<meta property=\"og:image:type\" content=\"image\/jpeg\" \/>\n<meta name=\"author\" content=\"Redazione\" \/>\n<meta name=\"twitter:card\" content=\"summary_large_image\" \/>\n<meta name=\"twitter:creator\" content=\"@intoscana\" \/>\n<meta name=\"twitter:site\" content=\"@intoscana\" \/>\n<meta name=\"twitter:label1\" content=\"Written by\" \/>\n\t<meta name=\"twitter:data1\" content=\"Redazione\" \/>\n\t<meta name=\"twitter:label2\" content=\"Est. reading time\" \/>\n\t<meta name=\"twitter:data2\" content=\"2 minuti\" \/>\n<script type=\"application\/ld+json\" class=\"yoast-schema-graph\">{\"@context\":\"https:\/\/schema.org\",\"@graph\":[{\"@type\":\"WebPage\",\"@id\":\"https:\/\/www.intoscana.it\/it\/vino-consumi-cala-lanciano-allarme\/\",\"url\":\"https:\/\/www.intoscana.it\/it\/vino-consumi-cala-lanciano-allarme\/\",\"name\":\"Vino, i consumi colano a picco: meno 70%. I produttori lanciano l'allarme - intoscana\",\"isPartOf\":{\"@id\":\"https:\/\/www.intoscana.it\/it\/#website\"},\"primaryImageOfPage\":{\"@id\":\"https:\/\/www.intoscana.it\/it\/vino-consumi-cala-lanciano-allarme\/#primaryimage\"},\"image\":{\"@id\":\"https:\/\/www.intoscana.it\/it\/vino-consumi-cala-lanciano-allarme\/#primaryimage\"},\"thumbnailUrl\":\"https:\/\/www.intoscana.it\/wp-content\/uploads\/vino-chianti-2.jpg\",\"datePublished\":\"2020-11-02T11:14:32+00:00\",\"author\":{\"@id\":\"https:\/\/www.intoscana.it\/it\/#\/schema\/person\/9223810753230f20bd670fdd322661f8\"},\"description\":\"\\\"L\u2019ultimo decreto ha dato un colpo durissimo al settore\\\". Interviente il Consorzio Vino Chianti, che registra il crollo dei consumi e chiede interventi concreti\",\"breadcrumb\":{\"@id\":\"https:\/\/www.intoscana.it\/it\/vino-consumi-cala-lanciano-allarme\/#breadcrumb\"},\"inLanguage\":\"it-IT\",\"potentialAction\":[{\"@type\":\"ReadAction\",\"target\":[\"https:\/\/www.intoscana.it\/it\/vino-consumi-cala-lanciano-allarme\/\"]}]},{\"@type\":\"ImageObject\",\"inLanguage\":\"it-IT\",\"@id\":\"https:\/\/www.intoscana.it\/it\/vino-consumi-cala-lanciano-allarme\/#primaryimage\",\"url\":\"https:\/\/www.intoscana.it\/wp-content\/uploads\/vino-chianti-2.jpg\",\"contentUrl\":\"https:\/\/www.intoscana.it\/wp-content\/uploads\/vino-chianti-2.jpg\",\"width\":995,\"height\":705,\"caption\":\"calice di vino degustazione\"},{\"@type\":\"BreadcrumbList\",\"@id\":\"https:\/\/www.intoscana.it\/it\/vino-consumi-cala-lanciano-allarme\/#breadcrumb\",\"itemListElement\":[{\"@type\":\"ListItem\",\"position\":1,\"name\":\"Home\",\"item\":\"https:\/\/www.intoscana.it\/it\/\"},{\"@type\":\"ListItem\",\"position\":2,\"name\":\"Vino, i consumi colano a picco: meno 70%. I produttori lanciano l&#8217;allarme\"}]},{\"@type\":\"WebSite\",\"@id\":\"https:\/\/www.intoscana.it\/it\/#website\",\"url\":\"https:\/\/www.intoscana.it\/it\/\",\"name\":\"intoscana\",\"description\":\"\",\"potentialAction\":[{\"@type\":\"SearchAction\",\"target\":{\"@type\":\"EntryPoint\",\"urlTemplate\":\"https:\/\/www.intoscana.it\/it\/?s={search_term_string}\"},\"query-input\":{\"@type\":\"PropertyValueSpecification\",\"valueRequired\":true,\"valueName\":\"search_term_string\"}}],\"inLanguage\":\"it-IT\"},{\"@type\":\"Person\",\"@id\":\"https:\/\/www.intoscana.it\/it\/#\/schema\/person\/9223810753230f20bd670fdd322661f8\",\"name\":\"Redazione\",\"url\":\"https:\/\/www.intoscana.it\/it\/author\/redazione\/\"}]}<\/script>\n<!-- \/ Yoast SEO Premium plugin. -->","yoast_head_json":{"title":"Vino, i consumi colano a picco: meno 70%. I produttori lanciano l'allarme - intoscana","description":"\"L\u2019ultimo decreto ha dato un colpo durissimo al settore\". Interviente il Consorzio Vino Chianti, che registra il crollo dei consumi e chiede interventi concreti","robots":{"index":"index","follow":"follow","max-snippet":"max-snippet:-1","max-image-preview":"max-image-preview:large","max-video-preview":"max-video-preview:-1"},"canonical":"https:\/\/www.intoscana.it\/it\/vino-consumi-cala-lanciano-allarme\/","og_locale":"it_IT","og_type":"article","og_title":"Vino, i consumi colano a picco: meno 70%. I produttori lanciano l'allarme","og_description":"\"L\u2019ultimo decreto ha dato un colpo durissimo al settore\". Interviente il Consorzio Vino Chianti, che registra il crollo dei consumi e chiede interventi concreti","og_url":"https:\/\/www.intoscana.it\/it\/vino-consumi-cala-lanciano-allarme\/","og_site_name":"intoscana","article_publisher":"https:\/\/www.facebook.com\/intoscana.it","article_published_time":"2020-11-02T11:14:32+00:00","og_image":[{"width":995,"height":705,"url":"https:\/\/www.intoscana.it\/wp-content\/uploads\/vino-chianti-2.jpg","type":"image\/jpeg"}],"author":"Redazione","twitter_card":"summary_large_image","twitter_creator":"@intoscana","twitter_site":"@intoscana","twitter_misc":{"Written by":"Redazione","Est. reading time":"2 minuti"},"schema":{"@context":"https:\/\/schema.org","@graph":[{"@type":"WebPage","@id":"https:\/\/www.intoscana.it\/it\/vino-consumi-cala-lanciano-allarme\/","url":"https:\/\/www.intoscana.it\/it\/vino-consumi-cala-lanciano-allarme\/","name":"Vino, i consumi colano a picco: meno 70%. I produttori lanciano l'allarme - intoscana","isPartOf":{"@id":"https:\/\/www.intoscana.it\/it\/#website"},"primaryImageOfPage":{"@id":"https:\/\/www.intoscana.it\/it\/vino-consumi-cala-lanciano-allarme\/#primaryimage"},"image":{"@id":"https:\/\/www.intoscana.it\/it\/vino-consumi-cala-lanciano-allarme\/#primaryimage"},"thumbnailUrl":"https:\/\/www.intoscana.it\/wp-content\/uploads\/vino-chianti-2.jpg","datePublished":"2020-11-02T11:14:32+00:00","author":{"@id":"https:\/\/www.intoscana.it\/it\/#\/schema\/person\/9223810753230f20bd670fdd322661f8"},"description":"\"L\u2019ultimo decreto ha dato un colpo durissimo al settore\". Interviente il Consorzio Vino Chianti, che registra il crollo dei consumi e chiede interventi concreti","breadcrumb":{"@id":"https:\/\/www.intoscana.it\/it\/vino-consumi-cala-lanciano-allarme\/#breadcrumb"},"inLanguage":"it-IT","potentialAction":[{"@type":"ReadAction","target":["https:\/\/www.intoscana.it\/it\/vino-consumi-cala-lanciano-allarme\/"]}]},{"@type":"ImageObject","inLanguage":"it-IT","@id":"https:\/\/www.intoscana.it\/it\/vino-consumi-cala-lanciano-allarme\/#primaryimage","url":"https:\/\/www.intoscana.it\/wp-content\/uploads\/vino-chianti-2.jpg","contentUrl":"https:\/\/www.intoscana.it\/wp-content\/uploads\/vino-chianti-2.jpg","width":995,"height":705,"caption":"calice di vino degustazione"},{"@type":"BreadcrumbList","@id":"https:\/\/www.intoscana.it\/it\/vino-consumi-cala-lanciano-allarme\/#breadcrumb","itemListElement":[{"@type":"ListItem","position":1,"name":"Home","item":"https:\/\/www.intoscana.it\/it\/"},{"@type":"ListItem","position":2,"name":"Vino, i consumi colano a picco: meno 70%. I produttori lanciano l&#8217;allarme"}]},{"@type":"WebSite","@id":"https:\/\/www.intoscana.it\/it\/#website","url":"https:\/\/www.intoscana.it\/it\/","name":"intoscana","description":"","potentialAction":[{"@type":"SearchAction","target":{"@type":"EntryPoint","urlTemplate":"https:\/\/www.intoscana.it\/it\/?s={search_term_string}"},"query-input":{"@type":"PropertyValueSpecification","valueRequired":true,"valueName":"search_term_string"}}],"inLanguage":"it-IT"},{"@type":"Person","@id":"https:\/\/www.intoscana.it\/it\/#\/schema\/person\/9223810753230f20bd670fdd322661f8","name":"Redazione","url":"https:\/\/www.intoscana.it\/it\/author\/redazione\/"}]}},"_links":{"self":[{"href":"https:\/\/www.intoscana.it\/it\/wp-json\/wp\/v2\/posts\/157070","targetHints":{"allow":["GET"]}}],"collection":[{"href":"https:\/\/www.intoscana.it\/it\/wp-json\/wp\/v2\/posts"}],"about":[{"href":"https:\/\/www.intoscana.it\/it\/wp-json\/wp\/v2\/types\/post"}],"author":[{"embeddable":true,"href":"https:\/\/www.intoscana.it\/it\/wp-json\/wp\/v2\/users\/525"}],"replies":[{"embeddable":true,"href":"https:\/\/www.intoscana.it\/it\/wp-json\/wp\/v2\/comments?post=157070"}],"version-history":[{"count":0,"href":"https:\/\/www.intoscana.it\/it\/wp-json\/wp\/v2\/posts\/157070\/revisions"}],"wp:featuredmedia":[{"embeddable":true,"href":"https:\/\/www.intoscana.it\/it\/wp-json\/wp\/v2\/media\/157072"}],"wp:attachment":[{"href":"https:\/\/www.intoscana.it\/it\/wp-json\/wp\/v2\/media?parent=157070"}],"wp:term":[{"taxonomy":"category","embeddable":true,"href":"https:\/\/www.intoscana.it\/it\/wp-json\/wp\/v2\/categories?post=157070"},{"taxonomy":"post_tag","embeddable":true,"href":"https:\/\/www.intoscana.it\/it\/wp-json\/wp\/v2\/tags?post=157070"}],"curies":[{"name":"wp","href":"https:\/\/api.w.org\/{rel}","templated":true}]}}