{"id":157092,"date":"2020-11-02T14:52:33","date_gmt":"2020-11-02T13:52:33","guid":{"rendered":"https:\/\/www.intoscana.it\/it\/?p=157092"},"modified":"2020-11-02T14:52:33","modified_gmt":"2020-11-02T13:52:33","slug":"eike-schmidt-siamo-preparati-a-chiudere-ma-agli-uffizi-nessun-assembramento","status":"publish","type":"post","link":"https:\/\/www.intoscana.it\/it\/eike-schmidt-siamo-preparati-a-chiudere-ma-agli-uffizi-nessun-assembramento\/","title":{"rendered":"Eike Schmidt: &#8220;Siamo preparati a chiudere ma agli Uffizi nessun assembramento&#8221;"},"content":{"rendered":"<p>Manca ancora una comunicazione ufficiale ma <strong>il Premier Giuseppe Conte che ha parlato alla Camera luned\u00ec 2 novembre<\/strong> sembra essere stato abbastanza chiaro: <strong>i musei chiuderanno su tutto il territorio nazionale<\/strong>.<\/p>\n<p>A margine della presentazione della nuova mostra <em><strong>&#8220;Imperatrici, matrone, libert\u00e0. Volti e segreti delle donne romane&#8221;<\/strong><\/em> il direttore degli uffizi Eike Schmidt ha dichiarato:\u00a0<strong>&#8220;Agli Uffizi siamo pronti ad entrambe le ipotesi:<\/strong> possiamo chiudere in qualsiasi momento e abbiamo preparato le carte sia per la chiusura, sia per rimanere aperti. Adesso non sappiamo ancora quando \u00e8 prevista la probabile chiusura dei musei, quindi oggi inauguriamo la mostra dedicata alle donne dell&#8217;et\u00e0 imperiale&#8221;.<\/p>\n<p>&#8220;Abbiamo le carte pronte per <strong>poter chiudere e andare in lavoro agile molto velocemente dedicandoci a progetti speciali<\/strong> &#8211; ha spiegato Schmidt -: lo abbiamo fatto a marzo nel giro di pochi minuti, ora siamo ancora pi\u00f9 preparati perch\u00e9<strong> il nostro dipartimento risorse umane ha gi\u00e0 pronte le carte per mandare tutti in lavoro agile<\/strong> non appena arriver\u00e0 una comunicazione in questo senso da parte del ministero&#8221;.<\/p>\n<p><strong>Schmidt ha precisato che alle Gallerie degli Uffizi non si sono visti &#8220;assembramenti di nessun tipo,<\/strong> particolarmente in questo ultimo periodo&#8221;, ma le chiusure prospettate dal governo, ha aggiunto, &#8220;non si riferiscono a quanto avviene nei luoghi stessi, ma piuttosto all&#8217;attrattiva che costituiscono per la gente come ragione per uscire di casa. Nell&#8217;ambito di una considerazione di questo genere chiaramente seguiremo le indicazioni del ministero della Salute e della Presidenza del Consiglio&#8221;.<\/p>\n<p>In caso di chiusura &#8220;<strong>siamo pronti a rafforzare ancora la nostra comunicazione a distanza con il pubblico<\/strong>&#8220;. Schmidt ha infine spiegato che &#8220;l&#8217;impatto economico della chiusura sarebbe di poco pi\u00f9 di <strong>un milione di euro al mese: quindi per <a href=\"https:\/\/www.intoscana.it\/it\/articolo\/inizia-la-bassa-stagione-biglietti-a-meta-prezzo-per-uffizi-e-palazzo-pitti\/\" target=\"_blank\" rel=\"noopener noreferrer\">i prossimi 4 mesi, che sono di bassa stagione<\/a>, si potrebbe ipotizzare un impatto da 4-5 milioni di euro&#8221;.<\/strong><\/p>\n","protected":false},"excerpt":{"rendered":"<p>In caso dell&#8217;ufficializzazione della chiusura dei musei in tutta Italia gli Uffizi avrebbero una perdita di un milione di euro al mese, anche in bassa stagione<\/p>\n","protected":false},"author":525,"featured_media":143623,"comment_status":"open","ping_status":"open","sticky":false,"template":"","format":"standard","meta":{"_acf_changed":false,"footnotes":""},"categories":[494],"tags":[4809,4715,226,207],"class_list":["post-157092","post","type-post","status-publish","format-standard","has-post-thumbnail","hentry","category-attualita","tag-covid","tag-dpcm","tag-musei","tag-uffizi"],"acf":[],"yoast_head":"<!-- This site is optimized with the Yoast SEO Premium plugin v24.2 (Yoast SEO v25.6) - https:\/\/yoast.com\/wordpress\/plugins\/seo\/ -->\n<title>Eike Schmidt: &quot;Siamo preparati a chiudere ma agli Uffizi nessun assembramento&quot; - intoscana<\/title>\n<meta name=\"description\" content=\"In caso dell&#039;ufficializzazione della chiusura dei musei in tutta Italia gli Uffizi avrebbero una perdita di un milione di euro al mese\" \/>\n<meta name=\"robots\" content=\"index, follow, max-snippet:-1, max-image-preview:large, max-video-preview:-1\" \/>\n<link rel=\"canonical\" href=\"https:\/\/www.intoscana.it\/it\/eike-schmidt-siamo-preparati-a-chiudere-ma-agli-uffizi-nessun-assembramento\/\" \/>\n<meta property=\"og:locale\" content=\"it_IT\" \/>\n<meta property=\"og:type\" content=\"article\" \/>\n<meta property=\"og:title\" content=\"Eike Schmidt: &quot;Siamo preparati a chiudere ma agli Uffizi nessun assembramento&quot;\" \/>\n<meta property=\"og:description\" content=\"In caso dell&#039;ufficializzazione della chiusura dei musei in tutta Italia gli Uffizi avrebbero una perdita di un milione di euro al mese\" \/>\n<meta property=\"og:url\" content=\"https:\/\/www.intoscana.it\/it\/eike-schmidt-siamo-preparati-a-chiudere-ma-agli-uffizi-nessun-assembramento\/\" \/>\n<meta property=\"og:site_name\" content=\"intoscana\" \/>\n<meta property=\"article:publisher\" content=\"https:\/\/www.facebook.com\/intoscana.it\" \/>\n<meta property=\"article:published_time\" content=\"2020-11-02T13:52:33+00:00\" \/>\n<meta property=\"og:image\" content=\"https:\/\/www.intoscana.it\/wp-content\/uploads\/eike-schmidt-2.jpg\" \/>\n\t<meta property=\"og:image:width\" content=\"1500\" \/>\n\t<meta property=\"og:image:height\" content=\"1000\" \/>\n\t<meta property=\"og:image:type\" content=\"image\/jpeg\" \/>\n<meta name=\"author\" content=\"Redazione\" \/>\n<meta name=\"twitter:card\" content=\"summary_large_image\" \/>\n<meta name=\"twitter:creator\" content=\"@intoscana\" \/>\n<meta name=\"twitter:site\" content=\"@intoscana\" \/>\n<meta name=\"twitter:label1\" content=\"Written by\" \/>\n\t<meta name=\"twitter:data1\" content=\"Redazione\" \/>\n\t<meta name=\"twitter:label2\" content=\"Est. reading time\" \/>\n\t<meta name=\"twitter:data2\" content=\"1 minuto\" \/>\n<script type=\"application\/ld+json\" class=\"yoast-schema-graph\">{\"@context\":\"https:\/\/schema.org\",\"@graph\":[{\"@type\":\"WebPage\",\"@id\":\"https:\/\/www.intoscana.it\/it\/eike-schmidt-siamo-preparati-a-chiudere-ma-agli-uffizi-nessun-assembramento\/\",\"url\":\"https:\/\/www.intoscana.it\/it\/eike-schmidt-siamo-preparati-a-chiudere-ma-agli-uffizi-nessun-assembramento\/\",\"name\":\"Eike Schmidt: \\\"Siamo preparati a chiudere ma agli Uffizi nessun assembramento\\\" - intoscana\",\"isPartOf\":{\"@id\":\"https:\/\/www.intoscana.it\/it\/#website\"},\"primaryImageOfPage\":{\"@id\":\"https:\/\/www.intoscana.it\/it\/eike-schmidt-siamo-preparati-a-chiudere-ma-agli-uffizi-nessun-assembramento\/#primaryimage\"},\"image\":{\"@id\":\"https:\/\/www.intoscana.it\/it\/eike-schmidt-siamo-preparati-a-chiudere-ma-agli-uffizi-nessun-assembramento\/#primaryimage\"},\"thumbnailUrl\":\"https:\/\/www.intoscana.it\/wp-content\/uploads\/eike-schmidt-2.jpg\",\"datePublished\":\"2020-11-02T13:52:33+00:00\",\"author\":{\"@id\":\"https:\/\/www.intoscana.it\/it\/#\/schema\/person\/9223810753230f20bd670fdd322661f8\"},\"description\":\"In caso dell'ufficializzazione della chiusura dei musei in tutta Italia gli Uffizi avrebbero una perdita di un milione di euro al mese\",\"breadcrumb\":{\"@id\":\"https:\/\/www.intoscana.it\/it\/eike-schmidt-siamo-preparati-a-chiudere-ma-agli-uffizi-nessun-assembramento\/#breadcrumb\"},\"inLanguage\":\"it-IT\",\"potentialAction\":[{\"@type\":\"ReadAction\",\"target\":[\"https:\/\/www.intoscana.it\/it\/eike-schmidt-siamo-preparati-a-chiudere-ma-agli-uffizi-nessun-assembramento\/\"]}]},{\"@type\":\"ImageObject\",\"inLanguage\":\"it-IT\",\"@id\":\"https:\/\/www.intoscana.it\/it\/eike-schmidt-siamo-preparati-a-chiudere-ma-agli-uffizi-nessun-assembramento\/#primaryimage\",\"url\":\"https:\/\/www.intoscana.it\/wp-content\/uploads\/eike-schmidt-2.jpg\",\"contentUrl\":\"https:\/\/www.intoscana.it\/wp-content\/uploads\/eike-schmidt-2.jpg\",\"width\":1500,\"height\":1000,\"caption\":\"Eike Schmidt\"},{\"@type\":\"BreadcrumbList\",\"@id\":\"https:\/\/www.intoscana.it\/it\/eike-schmidt-siamo-preparati-a-chiudere-ma-agli-uffizi-nessun-assembramento\/#breadcrumb\",\"itemListElement\":[{\"@type\":\"ListItem\",\"position\":1,\"name\":\"Home\",\"item\":\"https:\/\/www.intoscana.it\/it\/\"},{\"@type\":\"ListItem\",\"position\":2,\"name\":\"Eike Schmidt: &#8220;Siamo preparati a chiudere ma agli Uffizi nessun assembramento&#8221;\"}]},{\"@type\":\"WebSite\",\"@id\":\"https:\/\/www.intoscana.it\/it\/#website\",\"url\":\"https:\/\/www.intoscana.it\/it\/\",\"name\":\"intoscana\",\"description\":\"\",\"potentialAction\":[{\"@type\":\"SearchAction\",\"target\":{\"@type\":\"EntryPoint\",\"urlTemplate\":\"https:\/\/www.intoscana.it\/it\/?s={search_term_string}\"},\"query-input\":{\"@type\":\"PropertyValueSpecification\",\"valueRequired\":true,\"valueName\":\"search_term_string\"}}],\"inLanguage\":\"it-IT\"},{\"@type\":\"Person\",\"@id\":\"https:\/\/www.intoscana.it\/it\/#\/schema\/person\/9223810753230f20bd670fdd322661f8\",\"name\":\"Redazione\",\"url\":\"https:\/\/www.intoscana.it\/it\/author\/redazione\/\"}]}<\/script>\n<!-- \/ Yoast SEO Premium plugin. -->","yoast_head_json":{"title":"Eike Schmidt: \"Siamo preparati a chiudere ma agli Uffizi nessun assembramento\" - intoscana","description":"In caso dell'ufficializzazione della chiusura dei musei in tutta Italia gli Uffizi avrebbero una perdita di un milione di euro al mese","robots":{"index":"index","follow":"follow","max-snippet":"max-snippet:-1","max-image-preview":"max-image-preview:large","max-video-preview":"max-video-preview:-1"},"canonical":"https:\/\/www.intoscana.it\/it\/eike-schmidt-siamo-preparati-a-chiudere-ma-agli-uffizi-nessun-assembramento\/","og_locale":"it_IT","og_type":"article","og_title":"Eike Schmidt: \"Siamo preparati a chiudere ma agli Uffizi nessun assembramento\"","og_description":"In caso dell'ufficializzazione della chiusura dei musei in tutta Italia gli Uffizi avrebbero una perdita di un milione di euro al mese","og_url":"https:\/\/www.intoscana.it\/it\/eike-schmidt-siamo-preparati-a-chiudere-ma-agli-uffizi-nessun-assembramento\/","og_site_name":"intoscana","article_publisher":"https:\/\/www.facebook.com\/intoscana.it","article_published_time":"2020-11-02T13:52:33+00:00","og_image":[{"width":1500,"height":1000,"url":"https:\/\/www.intoscana.it\/wp-content\/uploads\/eike-schmidt-2.jpg","type":"image\/jpeg"}],"author":"Redazione","twitter_card":"summary_large_image","twitter_creator":"@intoscana","twitter_site":"@intoscana","twitter_misc":{"Written by":"Redazione","Est. reading time":"1 minuto"},"schema":{"@context":"https:\/\/schema.org","@graph":[{"@type":"WebPage","@id":"https:\/\/www.intoscana.it\/it\/eike-schmidt-siamo-preparati-a-chiudere-ma-agli-uffizi-nessun-assembramento\/","url":"https:\/\/www.intoscana.it\/it\/eike-schmidt-siamo-preparati-a-chiudere-ma-agli-uffizi-nessun-assembramento\/","name":"Eike Schmidt: \"Siamo preparati a chiudere ma agli Uffizi nessun assembramento\" - intoscana","isPartOf":{"@id":"https:\/\/www.intoscana.it\/it\/#website"},"primaryImageOfPage":{"@id":"https:\/\/www.intoscana.it\/it\/eike-schmidt-siamo-preparati-a-chiudere-ma-agli-uffizi-nessun-assembramento\/#primaryimage"},"image":{"@id":"https:\/\/www.intoscana.it\/it\/eike-schmidt-siamo-preparati-a-chiudere-ma-agli-uffizi-nessun-assembramento\/#primaryimage"},"thumbnailUrl":"https:\/\/www.intoscana.it\/wp-content\/uploads\/eike-schmidt-2.jpg","datePublished":"2020-11-02T13:52:33+00:00","author":{"@id":"https:\/\/www.intoscana.it\/it\/#\/schema\/person\/9223810753230f20bd670fdd322661f8"},"description":"In caso dell'ufficializzazione della chiusura dei musei in tutta Italia gli Uffizi avrebbero una perdita di un milione di euro al mese","breadcrumb":{"@id":"https:\/\/www.intoscana.it\/it\/eike-schmidt-siamo-preparati-a-chiudere-ma-agli-uffizi-nessun-assembramento\/#breadcrumb"},"inLanguage":"it-IT","potentialAction":[{"@type":"ReadAction","target":["https:\/\/www.intoscana.it\/it\/eike-schmidt-siamo-preparati-a-chiudere-ma-agli-uffizi-nessun-assembramento\/"]}]},{"@type":"ImageObject","inLanguage":"it-IT","@id":"https:\/\/www.intoscana.it\/it\/eike-schmidt-siamo-preparati-a-chiudere-ma-agli-uffizi-nessun-assembramento\/#primaryimage","url":"https:\/\/www.intoscana.it\/wp-content\/uploads\/eike-schmidt-2.jpg","contentUrl":"https:\/\/www.intoscana.it\/wp-content\/uploads\/eike-schmidt-2.jpg","width":1500,"height":1000,"caption":"Eike Schmidt"},{"@type":"BreadcrumbList","@id":"https:\/\/www.intoscana.it\/it\/eike-schmidt-siamo-preparati-a-chiudere-ma-agli-uffizi-nessun-assembramento\/#breadcrumb","itemListElement":[{"@type":"ListItem","position":1,"name":"Home","item":"https:\/\/www.intoscana.it\/it\/"},{"@type":"ListItem","position":2,"name":"Eike Schmidt: &#8220;Siamo preparati a chiudere ma agli Uffizi nessun assembramento&#8221;"}]},{"@type":"WebSite","@id":"https:\/\/www.intoscana.it\/it\/#website","url":"https:\/\/www.intoscana.it\/it\/","name":"intoscana","description":"","potentialAction":[{"@type":"SearchAction","target":{"@type":"EntryPoint","urlTemplate":"https:\/\/www.intoscana.it\/it\/?s={search_term_string}"},"query-input":{"@type":"PropertyValueSpecification","valueRequired":true,"valueName":"search_term_string"}}],"inLanguage":"it-IT"},{"@type":"Person","@id":"https:\/\/www.intoscana.it\/it\/#\/schema\/person\/9223810753230f20bd670fdd322661f8","name":"Redazione","url":"https:\/\/www.intoscana.it\/it\/author\/redazione\/"}]}},"_links":{"self":[{"href":"https:\/\/www.intoscana.it\/it\/wp-json\/wp\/v2\/posts\/157092","targetHints":{"allow":["GET"]}}],"collection":[{"href":"https:\/\/www.intoscana.it\/it\/wp-json\/wp\/v2\/posts"}],"about":[{"href":"https:\/\/www.intoscana.it\/it\/wp-json\/wp\/v2\/types\/post"}],"author":[{"embeddable":true,"href":"https:\/\/www.intoscana.it\/it\/wp-json\/wp\/v2\/users\/525"}],"replies":[{"embeddable":true,"href":"https:\/\/www.intoscana.it\/it\/wp-json\/wp\/v2\/comments?post=157092"}],"version-history":[{"count":0,"href":"https:\/\/www.intoscana.it\/it\/wp-json\/wp\/v2\/posts\/157092\/revisions"}],"wp:featuredmedia":[{"embeddable":true,"href":"https:\/\/www.intoscana.it\/it\/wp-json\/wp\/v2\/media\/143623"}],"wp:attachment":[{"href":"https:\/\/www.intoscana.it\/it\/wp-json\/wp\/v2\/media?parent=157092"}],"wp:term":[{"taxonomy":"category","embeddable":true,"href":"https:\/\/www.intoscana.it\/it\/wp-json\/wp\/v2\/categories?post=157092"},{"taxonomy":"post_tag","embeddable":true,"href":"https:\/\/www.intoscana.it\/it\/wp-json\/wp\/v2\/tags?post=157092"}],"curies":[{"name":"wp","href":"https:\/\/api.w.org\/{rel}","templated":true}]}}