{"id":157512,"date":"2020-11-05T11:06:11","date_gmt":"2020-11-05T10:06:11","guid":{"rendered":"https:\/\/www.intoscana.it\/it\/?p=157512"},"modified":"2020-11-05T13:07:39","modified_gmt":"2020-11-05T12:07:39","slug":"toscana-in-zona-gialla-gli-indicatori-che-hanno-diviso-litalia-in-tre","status":"publish","type":"post","link":"https:\/\/www.intoscana.it\/it\/toscana-in-zona-gialla-gli-indicatori-che-hanno-diviso-litalia-in-tre\/","title":{"rendered":"Toscana in zona gialla: gli indicatori che hanno diviso l&#8217;Italia in tre"},"content":{"rendered":"<p>Il premier Conte lo ha annunciato ieri alla conferenza stampa della 20, dopo una giornata al cardiopalmo quando tutti gli italiani aspettavano di scoprire in quale delle tre zone di rischio (rossa, arancione e gialla) sarebbero stati collocati.<br \/>\n<strong>La Toscana \u00e8 stata classificata in <a href=\"https:\/\/www.intoscana.it\/it\/articolo\/toscana-zona-gialla-le-regole-in-vigore-da-venerdi\/\" target=\"_blank\" rel=\"noopener noreferrer\">zona gialla,<\/a> ovvero considerata a rischio moderato,<\/strong> dove quindi valgono solo le misure restrittive dell\u2019ultimo Dpcm valide per tutta Italia (dal coprifuoco dalle 22 alle 5 alla capienza ridotta del 50% sul trasporto locale.).<br \/>\nIn zona rossa, quella a maggior rischio dove quindi da domani scatter\u00e0 il lockdown, si trovano Calabria, Lombardia, Piemonte e Valle d\u2019Aosta, mentre in zona arancione Puglia e Sicilia.<\/p>\n<h3>Le misure basate sui dati della scorsa settimana<\/h3>\n<p><strong>Ma quali sono i criteri con cui i tecnici hanno diviso l\u2019Italia in tre?<\/strong> Si tratta sostanzialmente di una combinazione di due elementi: l\u2019Rt e 21 indicatori sulla diffusione del virus e la capacit\u00e0 di tenuta del sistema sanitario in quel territorio.<\/p>\n<p>Le nuove misure restrittive sono state <strong>basate sui dati raccolti la scorsa settimana, ovvero dal 19 al 25 ottobre,<\/strong> perch\u00e9 quelli di questa settimana non erano sufficienti. Quindi la Toscana, come anche le altre regioni, potrebbe essere spostata di categoria a seconda dei dati emersi da un nuovo monitoraggio.<\/p>\n<p><strong>L\u2019Rt \u00e8 l\u2019indice di trasmissibilit\u00e0 del virus<\/strong> e come spiegano sul sito del Ministero della Salute \u201c<em>rappresenta il numero medio delle infezioni prodotte da ciascun individuo infetto<\/em>\u201d. In Toscana questo indice la scorsa settimana era 2.<\/p>\n<p>&nbsp;<\/p>\n<figure id=\"attachment_157566\" aria-describedby=\"caption-attachment-157566\" style=\"width: 800px\" class=\"wp-caption alignnone\"><img loading=\"lazy\" decoding=\"async\" class=\"wp-image-157566\" src=\"https:\/\/www.intoscana.it\/wp-content\/uploads\/Zona-gialla-arancione-rossa-300x167.png\" alt=\"\" width=\"800\" height=\"444\" srcset=\"https:\/\/www.intoscana.it\/wp-content\/uploads\/Zona-gialla-arancione-rossa-300x167.png 300w, https:\/\/www.intoscana.it\/wp-content\/uploads\/Zona-gialla-arancione-rossa-500x278.png 500w, https:\/\/www.intoscana.it\/wp-content\/uploads\/Zona-gialla-arancione-rossa-768x426.png 768w, https:\/\/www.intoscana.it\/wp-content\/uploads\/Zona-gialla-arancione-rossa-1536x853.png 1536w, https:\/\/www.intoscana.it\/wp-content\/uploads\/Zona-gialla-arancione-rossa.png 2048w\" sizes=\"auto, (max-width: 800px) 100vw, 800px\" \/><figcaption id=\"caption-attachment-157566\" class=\"wp-caption-text\">La divisione in tre zone<\/figcaption><\/figure>\n<h3>21 indicatori per valutare il rischio<\/h3>\n<p>I 21 indicatori sono numeri da tenere sotto controllo per <strong>capire l\u2019andamento dell\u2019epidemia<\/strong> e sono divisi in tre gruppi, come ha spiegato Silvio Brusaferro, presidente dell\u2019Istituto superiore di sanit\u00e0, in audizione alla commissione Affari sociali della Camera.<\/p>\n<p>Nel primo gruppo ci sono gli indicatori di processo sulla <strong>capacit\u00e0 di monitoraggio delle regioni,<\/strong> come ad esempio il rapporto tra il numero di casi sintomatici notificati di cui si conosce la data di inizio sintomi sul totale dei casi sintomatici.<\/p>\n<p>Nel secondo gruppo ci sono gli <strong>indicatori sulla capacit\u00e0 di accertamento diagnostico, indagine e gestione dei contatti,<\/strong> ovvero quelli relativi alle capacit\u00e0 di tracciamento tempestivo di tutti i casi sospetti e anche di quarantena e isolamento. Qui ad esempio ci sono indicatori come il tempo che intercorre tra la data in cui iniziano i sintomi e quella in cui parte l\u2019isolamento, ma anche dati relativi alle risorse impiegate per il <strong>contact tracing.<\/strong><\/p>\n<h3>Importante anche la capacit\u00e0 di tenuta del servizio sanitario<\/h3>\n<p>Il terzo gruppo di indicatori infine indica la <strong>capacit\u00e0 di resilienza del servizio sanitario di quella regione, <\/strong>ovvero se \u00e8 in grado di reggere la pressione del Covid-19. Qui troviamo dati fondamentali relativi ai posti letto negli ospedali e nelle terapie intensive.<\/p>\n<p><em>\u201cQuesto algoritmo prevede poi degli schemi che ci aiutano a capire se la probabilit\u00e0 di evoluzione \u00e8 bassa, molto bassa, moderata o alta e l\u2019impatto sui sistemi. <strong>Viene fuori un meccanismo che indica la capacit\u00e0 di quel sistema di fare fronte a quell\u2019evento epidemico <\/strong><\/em>\u2013 ha dichiarato il presidente dell\u2019<strong>Istituto superiore di sanit\u00e0<\/strong> Brusaferro &#8211; <em>mettere insieme questi indicatori vuol dire che un sistema che ha molti nuovi casi ma una capacit\u00e0 di risposta dei suoi servizi sanitari tale da non mettere in crisi la capacit\u00e0 di risposta ai bisogni di salute finisce in un sistema moderato. Uno, invece, con circolazione anche pi\u00f9 limitata del virus ma con criticit\u00e0 di risposta alla domanda di salute, anche non Covid, finir\u00e0 in una categoria di rischio alto\u201d.<\/em><\/p>\n","protected":false},"excerpt":{"rendered":"<p>La Toscana \u00e8 tra le regioni a rischio moderato, i tecnici hanno considerato l&#8217;indice Rt e 21 indicatori sulla capacit\u00e0 del sistema di tracciare e far fronte al Covid-19<\/p>\n","protected":false},"author":502,"featured_media":154560,"comment_status":"open","ping_status":"open","sticky":false,"template":"","format":"standard","meta":{"_acf_changed":false,"footnotes":""},"categories":[18],"tags":[418,4715,4863],"class_list":["post-157512","post","type-post","status-publish","format-standard","has-post-thumbnail","hentry","category-salute","tag-covid-19","tag-dpcm","tag-zona-gialla"],"acf":[],"yoast_head":"<!-- This site is optimized with the Yoast SEO Premium plugin v24.2 (Yoast SEO v25.6) - https:\/\/yoast.com\/wordpress\/plugins\/seo\/ -->\n<title>Toscana in zona gialla: gli indicatori che hanno diviso l&#039;Italia in tre - intoscana<\/title>\n<meta name=\"description\" content=\"I tecnici hanno diviso l&#039;Italia in tre zone di rischio, basandosi sull&#039;Rt e su 21 indicatori di diffusione del virus e capacit\u00e0 di tenuta.\" \/>\n<meta name=\"robots\" content=\"index, follow, max-snippet:-1, max-image-preview:large, max-video-preview:-1\" \/>\n<link rel=\"canonical\" href=\"https:\/\/www.intoscana.it\/it\/toscana-in-zona-gialla-gli-indicatori-che-hanno-diviso-litalia-in-tre\/\" \/>\n<meta property=\"og:locale\" content=\"it_IT\" \/>\n<meta property=\"og:type\" content=\"article\" \/>\n<meta property=\"og:title\" content=\"Toscana in zona gialla: gli indicatori che hanno diviso l&#039;Italia in tre\" \/>\n<meta property=\"og:description\" content=\"I tecnici hanno diviso l&#039;Italia in tre zone di rischio, basandosi sull&#039;Rt e su 21 indicatori di diffusione del virus e capacit\u00e0 di tenuta.\" \/>\n<meta property=\"og:url\" content=\"https:\/\/www.intoscana.it\/it\/toscana-in-zona-gialla-gli-indicatori-che-hanno-diviso-litalia-in-tre\/\" \/>\n<meta property=\"og:site_name\" content=\"intoscana\" \/>\n<meta property=\"article:publisher\" content=\"https:\/\/www.facebook.com\/intoscana.it\" \/>\n<meta property=\"article:published_time\" content=\"2020-11-05T10:06:11+00:00\" \/>\n<meta property=\"article:modified_time\" content=\"2020-11-05T12:07:39+00:00\" \/>\n<meta property=\"og:image\" content=\"https:\/\/www.intoscana.it\/wp-content\/uploads\/Tampone-JC-Gellidon-Unsplash.jpg\" \/>\n\t<meta property=\"og:image:width\" content=\"1920\" \/>\n\t<meta property=\"og:image:height\" content=\"1280\" \/>\n\t<meta property=\"og:image:type\" content=\"image\/jpeg\" \/>\n<meta name=\"author\" content=\"Ilaria Giannini\" \/>\n<meta name=\"twitter:card\" content=\"summary_large_image\" \/>\n<meta name=\"twitter:creator\" content=\"@i.giannini@fst.it\" \/>\n<meta name=\"twitter:site\" content=\"@intoscana\" \/>\n<meta name=\"twitter:label1\" content=\"Written by\" \/>\n\t<meta name=\"twitter:data1\" content=\"Ilaria Giannini\" \/>\n\t<meta name=\"twitter:label2\" content=\"Est. reading time\" \/>\n\t<meta name=\"twitter:data2\" content=\"3 minuti\" \/>\n<script type=\"application\/ld+json\" class=\"yoast-schema-graph\">{\"@context\":\"https:\/\/schema.org\",\"@graph\":[{\"@type\":\"WebPage\",\"@id\":\"https:\/\/www.intoscana.it\/it\/toscana-in-zona-gialla-gli-indicatori-che-hanno-diviso-litalia-in-tre\/\",\"url\":\"https:\/\/www.intoscana.it\/it\/toscana-in-zona-gialla-gli-indicatori-che-hanno-diviso-litalia-in-tre\/\",\"name\":\"Toscana in zona gialla: gli indicatori che hanno diviso l'Italia in tre - intoscana\",\"isPartOf\":{\"@id\":\"https:\/\/www.intoscana.it\/it\/#website\"},\"primaryImageOfPage\":{\"@id\":\"https:\/\/www.intoscana.it\/it\/toscana-in-zona-gialla-gli-indicatori-che-hanno-diviso-litalia-in-tre\/#primaryimage\"},\"image\":{\"@id\":\"https:\/\/www.intoscana.it\/it\/toscana-in-zona-gialla-gli-indicatori-che-hanno-diviso-litalia-in-tre\/#primaryimage\"},\"thumbnailUrl\":\"https:\/\/www.intoscana.it\/wp-content\/uploads\/Tampone-JC-Gellidon-Unsplash.jpg\",\"datePublished\":\"2020-11-05T10:06:11+00:00\",\"dateModified\":\"2020-11-05T12:07:39+00:00\",\"author\":{\"@id\":\"https:\/\/www.intoscana.it\/it\/#\/schema\/person\/de95e1ed2c1c8c30a6922bbba3a90185\"},\"description\":\"I tecnici hanno diviso l'Italia in tre zone di rischio, basandosi sull'Rt e su 21 indicatori di diffusione del virus e capacit\u00e0 di tenuta.\",\"breadcrumb\":{\"@id\":\"https:\/\/www.intoscana.it\/it\/toscana-in-zona-gialla-gli-indicatori-che-hanno-diviso-litalia-in-tre\/#breadcrumb\"},\"inLanguage\":\"it-IT\",\"potentialAction\":[{\"@type\":\"ReadAction\",\"target\":[\"https:\/\/www.intoscana.it\/it\/toscana-in-zona-gialla-gli-indicatori-che-hanno-diviso-litalia-in-tre\/\"]}]},{\"@type\":\"ImageObject\",\"inLanguage\":\"it-IT\",\"@id\":\"https:\/\/www.intoscana.it\/it\/toscana-in-zona-gialla-gli-indicatori-che-hanno-diviso-litalia-in-tre\/#primaryimage\",\"url\":\"https:\/\/www.intoscana.it\/wp-content\/uploads\/Tampone-JC-Gellidon-Unsplash.jpg\",\"contentUrl\":\"https:\/\/www.intoscana.it\/wp-content\/uploads\/Tampone-JC-Gellidon-Unsplash.jpg\",\"width\":1920,\"height\":1280,\"caption\":\"Tamponi per individuare il Covid-19\"},{\"@type\":\"BreadcrumbList\",\"@id\":\"https:\/\/www.intoscana.it\/it\/toscana-in-zona-gialla-gli-indicatori-che-hanno-diviso-litalia-in-tre\/#breadcrumb\",\"itemListElement\":[{\"@type\":\"ListItem\",\"position\":1,\"name\":\"Home\",\"item\":\"https:\/\/www.intoscana.it\/it\/\"},{\"@type\":\"ListItem\",\"position\":2,\"name\":\"Toscana in zona gialla: gli indicatori che hanno diviso l&#8217;Italia in tre\"}]},{\"@type\":\"WebSite\",\"@id\":\"https:\/\/www.intoscana.it\/it\/#website\",\"url\":\"https:\/\/www.intoscana.it\/it\/\",\"name\":\"intoscana\",\"description\":\"\",\"potentialAction\":[{\"@type\":\"SearchAction\",\"target\":{\"@type\":\"EntryPoint\",\"urlTemplate\":\"https:\/\/www.intoscana.it\/it\/?s={search_term_string}\"},\"query-input\":{\"@type\":\"PropertyValueSpecification\",\"valueRequired\":true,\"valueName\":\"search_term_string\"}}],\"inLanguage\":\"it-IT\"},{\"@type\":\"Person\",\"@id\":\"https:\/\/www.intoscana.it\/it\/#\/schema\/person\/de95e1ed2c1c8c30a6922bbba3a90185\",\"name\":\"Ilaria Giannini\",\"sameAs\":[\"https:\/\/x.com\/i.giannini@fst.it\"],\"url\":\"https:\/\/www.intoscana.it\/it\/author\/ilaria-giannini\/\"}]}<\/script>\n<!-- \/ Yoast SEO Premium plugin. -->","yoast_head_json":{"title":"Toscana in zona gialla: gli indicatori che hanno diviso l'Italia in tre - intoscana","description":"I tecnici hanno diviso l'Italia in tre zone di rischio, basandosi sull'Rt e su 21 indicatori di diffusione del virus e capacit\u00e0 di tenuta.","robots":{"index":"index","follow":"follow","max-snippet":"max-snippet:-1","max-image-preview":"max-image-preview:large","max-video-preview":"max-video-preview:-1"},"canonical":"https:\/\/www.intoscana.it\/it\/toscana-in-zona-gialla-gli-indicatori-che-hanno-diviso-litalia-in-tre\/","og_locale":"it_IT","og_type":"article","og_title":"Toscana in zona gialla: gli indicatori che hanno diviso l'Italia in tre","og_description":"I tecnici hanno diviso l'Italia in tre zone di rischio, basandosi sull'Rt e su 21 indicatori di diffusione del virus e capacit\u00e0 di tenuta.","og_url":"https:\/\/www.intoscana.it\/it\/toscana-in-zona-gialla-gli-indicatori-che-hanno-diviso-litalia-in-tre\/","og_site_name":"intoscana","article_publisher":"https:\/\/www.facebook.com\/intoscana.it","article_published_time":"2020-11-05T10:06:11+00:00","article_modified_time":"2020-11-05T12:07:39+00:00","og_image":[{"width":1920,"height":1280,"url":"https:\/\/www.intoscana.it\/wp-content\/uploads\/Tampone-JC-Gellidon-Unsplash.jpg","type":"image\/jpeg"}],"author":"Ilaria Giannini","twitter_card":"summary_large_image","twitter_creator":"@i.giannini@fst.it","twitter_site":"@intoscana","twitter_misc":{"Written by":"Ilaria Giannini","Est. reading time":"3 minuti"},"schema":{"@context":"https:\/\/schema.org","@graph":[{"@type":"WebPage","@id":"https:\/\/www.intoscana.it\/it\/toscana-in-zona-gialla-gli-indicatori-che-hanno-diviso-litalia-in-tre\/","url":"https:\/\/www.intoscana.it\/it\/toscana-in-zona-gialla-gli-indicatori-che-hanno-diviso-litalia-in-tre\/","name":"Toscana in zona gialla: gli indicatori che hanno diviso l'Italia in tre - intoscana","isPartOf":{"@id":"https:\/\/www.intoscana.it\/it\/#website"},"primaryImageOfPage":{"@id":"https:\/\/www.intoscana.it\/it\/toscana-in-zona-gialla-gli-indicatori-che-hanno-diviso-litalia-in-tre\/#primaryimage"},"image":{"@id":"https:\/\/www.intoscana.it\/it\/toscana-in-zona-gialla-gli-indicatori-che-hanno-diviso-litalia-in-tre\/#primaryimage"},"thumbnailUrl":"https:\/\/www.intoscana.it\/wp-content\/uploads\/Tampone-JC-Gellidon-Unsplash.jpg","datePublished":"2020-11-05T10:06:11+00:00","dateModified":"2020-11-05T12:07:39+00:00","author":{"@id":"https:\/\/www.intoscana.it\/it\/#\/schema\/person\/de95e1ed2c1c8c30a6922bbba3a90185"},"description":"I tecnici hanno diviso l'Italia in tre zone di rischio, basandosi sull'Rt e su 21 indicatori di diffusione del virus e capacit\u00e0 di tenuta.","breadcrumb":{"@id":"https:\/\/www.intoscana.it\/it\/toscana-in-zona-gialla-gli-indicatori-che-hanno-diviso-litalia-in-tre\/#breadcrumb"},"inLanguage":"it-IT","potentialAction":[{"@type":"ReadAction","target":["https:\/\/www.intoscana.it\/it\/toscana-in-zona-gialla-gli-indicatori-che-hanno-diviso-litalia-in-tre\/"]}]},{"@type":"ImageObject","inLanguage":"it-IT","@id":"https:\/\/www.intoscana.it\/it\/toscana-in-zona-gialla-gli-indicatori-che-hanno-diviso-litalia-in-tre\/#primaryimage","url":"https:\/\/www.intoscana.it\/wp-content\/uploads\/Tampone-JC-Gellidon-Unsplash.jpg","contentUrl":"https:\/\/www.intoscana.it\/wp-content\/uploads\/Tampone-JC-Gellidon-Unsplash.jpg","width":1920,"height":1280,"caption":"Tamponi per individuare il Covid-19"},{"@type":"BreadcrumbList","@id":"https:\/\/www.intoscana.it\/it\/toscana-in-zona-gialla-gli-indicatori-che-hanno-diviso-litalia-in-tre\/#breadcrumb","itemListElement":[{"@type":"ListItem","position":1,"name":"Home","item":"https:\/\/www.intoscana.it\/it\/"},{"@type":"ListItem","position":2,"name":"Toscana in zona gialla: gli indicatori che hanno diviso l&#8217;Italia in tre"}]},{"@type":"WebSite","@id":"https:\/\/www.intoscana.it\/it\/#website","url":"https:\/\/www.intoscana.it\/it\/","name":"intoscana","description":"","potentialAction":[{"@type":"SearchAction","target":{"@type":"EntryPoint","urlTemplate":"https:\/\/www.intoscana.it\/it\/?s={search_term_string}"},"query-input":{"@type":"PropertyValueSpecification","valueRequired":true,"valueName":"search_term_string"}}],"inLanguage":"it-IT"},{"@type":"Person","@id":"https:\/\/www.intoscana.it\/it\/#\/schema\/person\/de95e1ed2c1c8c30a6922bbba3a90185","name":"Ilaria Giannini","sameAs":["https:\/\/x.com\/i.giannini@fst.it"],"url":"https:\/\/www.intoscana.it\/it\/author\/ilaria-giannini\/"}]}},"_links":{"self":[{"href":"https:\/\/www.intoscana.it\/it\/wp-json\/wp\/v2\/posts\/157512","targetHints":{"allow":["GET"]}}],"collection":[{"href":"https:\/\/www.intoscana.it\/it\/wp-json\/wp\/v2\/posts"}],"about":[{"href":"https:\/\/www.intoscana.it\/it\/wp-json\/wp\/v2\/types\/post"}],"author":[{"embeddable":true,"href":"https:\/\/www.intoscana.it\/it\/wp-json\/wp\/v2\/users\/502"}],"replies":[{"embeddable":true,"href":"https:\/\/www.intoscana.it\/it\/wp-json\/wp\/v2\/comments?post=157512"}],"version-history":[{"count":0,"href":"https:\/\/www.intoscana.it\/it\/wp-json\/wp\/v2\/posts\/157512\/revisions"}],"wp:featuredmedia":[{"embeddable":true,"href":"https:\/\/www.intoscana.it\/it\/wp-json\/wp\/v2\/media\/154560"}],"wp:attachment":[{"href":"https:\/\/www.intoscana.it\/it\/wp-json\/wp\/v2\/media?parent=157512"}],"wp:term":[{"taxonomy":"category","embeddable":true,"href":"https:\/\/www.intoscana.it\/it\/wp-json\/wp\/v2\/categories?post=157512"},{"taxonomy":"post_tag","embeddable":true,"href":"https:\/\/www.intoscana.it\/it\/wp-json\/wp\/v2\/tags?post=157512"}],"curies":[{"name":"wp","href":"https:\/\/api.w.org\/{rel}","templated":true}]}}