{"id":157597,"date":"2020-11-05T16:34:47","date_gmt":"2020-11-05T15:34:47","guid":{"rendered":"https:\/\/www.intoscana.it\/it\/?p=157597"},"modified":"2020-11-06T17:35:39","modified_gmt":"2020-11-06T16:35:39","slug":"covid-19-in-toscana-2-273-nuovi-casi-eta-media-47-anni-25-decessi","status":"publish","type":"post","link":"https:\/\/www.intoscana.it\/it\/covid-19-in-toscana-2-273-nuovi-casi-eta-media-47-anni-25-decessi\/","title":{"rendered":"Covid-19: in Toscana 2.273 nuovi casi, et\u00e0 media 47 anni, 25 decessi"},"content":{"rendered":"<p><strong>Sono oggi 2.273 i nuovi positivi al Coronavirus<\/strong> (1.814 identificati in corso di tracciamento e 459 da attivit\u00e0 di screening) su un totale di 55.088 casi, registrati dall\u2019inizio dell\u2019epidemia. I nuovi casi sono il 4,3% in pi\u00f9 rispetto al totale del giorno precedente. L&#8217;et\u00e0 media dei 2.273 casi odierni \u00e8 di 47 anni circa (il 14% ha meno di 20 anni, il 23% tra 20 e 39 anni, il 34% tra 40 e 59 anni, il 20% tra 60 e 79 anni, il 9% ha 80 anni o pi\u00f9).<\/p>\n<p><strong>I guariti crescono dell\u20191,5%<\/strong> e raggiungono quota 16.136 (29,3% dei casi totali). I <strong>tamponi eseguiti<\/strong> hanno raggiunto quota 1.164.607, <strong>16.374 in pi\u00f9 rispetto a ieri<\/strong>. Sono 10.611 i soggetti testati (escludendo i tamponi di controllo), di cui il 21,4% \u00e8 risultato positivo. A questi si aggiungono i 1.291 tamponi antigenici rapidi eseguiti oggi. Gli attualmente positivi sono oggi 37.482, +5,6% rispetto a ieri. I ricoverati sono 1.589 (73 in pi\u00f9 rispetto a ieri), di cui 202 in terapia intensiva (5 in pi\u00f9).<\/p>\n<p><strong>Oggi si registrano 25 nuovi decessi: 12 uomini e 13 donne con un&#8217;et\u00e0 media di 84 anni<\/strong>. Relativamente alla provincia di residenza, le persone decedute sono: 10 a Firenze, 1 a Prato, 3 a Pistoia, 3 a Massa Carrara, 4 a Pisa, 2 a Livorno, 2 a Arezzo.<\/p>\n<p><strong>Di seguito i casi di positivit\u00e0 sul territorio<\/strong> con la variazione rispetto a ieri. Nei totali e nelle differenze provinciali, oltre ai nuovi positivi giornalieri, sono compresi 373 casi risalenti al 3 novembre, ai quali \u00e8 stata attribuita la provincia residenza. Sono quindi 16.406 i casi complessivi ad oggi a Firenze (788 in pi\u00f9 rispetto a ieri), 4.645 a Prato (302 in pi\u00f9), 4.383 a Pistoia (214 in pi\u00f9), 3.164 a Massa (27 in pi\u00f9), 5.281 a Lucca (243 in pi\u00f9), 7.237 a Pisa (503 in pi\u00f9), 3.986 a Livorno (213 in pi\u00f9), 5.469 ad Arezzo (222 in pi\u00f9), 2.307 a Siena (62 in pi\u00f9), 1.655 a Grosseto (72 in pi\u00f9). Sono 555 i casi positivi notificati in Toscana, ma residenti in altre regioni. Sono 1.304, quindi, i casi riscontrati nell&#8217;Asl Centro, 986 nella Nord Ovest, 356 nella Sud est, comprensivi dei nuovi positivi odierni e dei 373 casi del 3 novembre.<\/p>\n<p><strong>La Toscana si trova al 7\u00b0 posto in Italia come numerosit\u00e0 di casi<\/strong> (comprensivi di residenti e non residenti), con circa 1.477 casi per 100.000 abitanti (media italiana circa 1.309 x100.000, dato di ieri). Le province di notifica con il tasso pi\u00f9 alto sono Prato con 1.802 casi x100.000 abitanti, Pisa con 1.727, Massa Carrara con 1.624, la pi\u00f9 bassa Grosseto con 747.<\/p>\n<p>Complessivamente, <strong>35.893 persone sono in isolamento a casa<\/strong>, poich\u00e9 presentano sintomi lievi, che non richiedono cure ospedaliere o risultano prive di sintomi (1.945 in pi\u00f9 rispetto a ieri, pi\u00f9 5,7%). Sono<strong> 36.132 <\/strong>(1.614 in pi\u00f9 rispetto a ieri, pi\u00f9 4,7%) le persone, anche loro\u00a0isolate,<strong> in sorveglianza attiva<\/strong> perch\u00e9 hanno avuto contatti con persone contagiate (Asl\u00a0Centro 13.161, Nord Ovest 14.665, Sud Est 8.306).<\/p>\n<p>Le persone ricoverate nei posti letto dedicati ai pazienti Covid oggi sono complessivamente 1.589 (73 in pi\u00f9 rispetto a ieri, pi\u00f9 4,8%), <strong>202 in terapia intensiva<\/strong> (5 in pi\u00f9 rispetto a ieri, pi\u00f9 2,5%).<\/p>\n<p>Le <strong>persone<\/strong> complessivamente <strong>guarite<\/strong> sono 16.136 (<strong>246 in pi\u00f9 rispetto a ieri<\/strong>, pi\u00f9 1,5%): 716 persone clinicamente guarite (stabili rispetto a ieri), divenute cio\u00e8 asintomatiche dopo aver presentato manifestazioni cliniche associate all&#8217;infezione e 15.420 (246 in pi\u00f9 rispetto a ieri, pi\u00f9 1,6%) dichiarate guarite a tutti gli effetti, le cosiddette guarigioni virali, con doppio tampone negativo.<\/p>\n<p>Sono <strong>1.470 i deceduti dall&#8217;inizio dell&#8217;epidemia<\/strong>, dai quali sono stati oggi tolti 16 decessi erroneamente comunicati nella giornata di ieri dalla Asl Toscana Centro. I 1.470 deceduti sono cos\u00ec ripartiti: 536 a Firenze, 75 a Prato, 107 a Pistoia, 204 a Massa Carrara, 167 a Lucca, 132 a Pisa, 92 a Livorno, 79 ad Arezzo, 37 a Siena, 27 a Grosseto, 14 persone sono decedute sul suolo toscano ma erano residenti fuori regione.<\/p>\n<p>Il tasso grezzo di mortalit\u00e0 toscano (numero di deceduti\/popolazione residente) per Covid-19 \u00e8 di 39,4 x100.000 residenti contro il 65,9 x100.000 della media italiana (11\u00b0 regione). Per quanto riguarda le province, il tasso di mortalit\u00e0 pi\u00f9 alto si riscontra a Massa Carrara (104,7 x100.000), Firenze (53,0 x100.000) e Lucca (43,1 x100.000), il pi\u00f9 basso a Grosseto (12,2 x100.000).<\/p>\n","protected":false},"excerpt":{"rendered":"<p>I tamponi eseguiti sono 16.374 in pi\u00f9 rispetto a ieri, i guariti 246, la Toscana si trova al settimo posto in Italia per numerosit\u00e0 di casi<\/p>\n","protected":false},"author":525,"featured_media":143855,"comment_status":"open","ping_status":"open","sticky":false,"template":"","format":"standard","meta":{"_acf_changed":false,"footnotes":""},"categories":[494],"tags":[4868,418],"class_list":["post-157597","post","type-post","status-publish","format-standard","has-post-thumbnail","hentry","category-attualita","tag-bollettino-covid-toscana","tag-covid-19"],"acf":[],"yoast_head":"<!-- This site is optimized with the Yoast SEO Premium plugin v24.2 (Yoast SEO v25.6) - https:\/\/yoast.com\/wordpress\/plugins\/seo\/ -->\n<title>Covid-19: in Toscana 2.273 nuovi casi, et\u00e0 media 47 anni, 25 decessi - intoscana<\/title>\n<meta name=\"description\" content=\"I tamponi eseguiti sono 16.374 in pi\u00f9 rispetto a ieri, i guariti 246, la Toscana si trova al settimo posto in Italia per numerosit\u00e0 di casi\" \/>\n<meta name=\"robots\" content=\"index, follow, max-snippet:-1, max-image-preview:large, max-video-preview:-1\" \/>\n<link rel=\"canonical\" href=\"https:\/\/www.intoscana.it\/it\/covid-19-in-toscana-2-273-nuovi-casi-eta-media-47-anni-25-decessi\/\" \/>\n<meta property=\"og:locale\" content=\"it_IT\" \/>\n<meta property=\"og:type\" content=\"article\" \/>\n<meta property=\"og:title\" content=\"Covid-19: in Toscana 2.273 nuovi casi, et\u00e0 media 47 anni, 25 decessi\" \/>\n<meta property=\"og:description\" content=\"I tamponi eseguiti sono 16.374 in pi\u00f9 rispetto a ieri, i guariti 246, la Toscana si trova al settimo posto in Italia per numerosit\u00e0 di casi\" \/>\n<meta property=\"og:url\" content=\"https:\/\/www.intoscana.it\/it\/covid-19-in-toscana-2-273-nuovi-casi-eta-media-47-anni-25-decessi\/\" \/>\n<meta property=\"og:site_name\" content=\"intoscana\" \/>\n<meta property=\"article:publisher\" content=\"https:\/\/www.facebook.com\/intoscana.it\" \/>\n<meta property=\"article:published_time\" content=\"2020-11-05T15:34:47+00:00\" \/>\n<meta property=\"article:modified_time\" content=\"2020-11-06T16:35:39+00:00\" \/>\n<meta property=\"og:image\" content=\"https:\/\/www.intoscana.it\/wp-content\/uploads\/mascherine-toscana-gratis-1.jpg\" \/>\n\t<meta property=\"og:image:width\" content=\"1000\" \/>\n\t<meta property=\"og:image:height\" content=\"563\" \/>\n\t<meta property=\"og:image:type\" content=\"image\/jpeg\" \/>\n<meta name=\"author\" content=\"Redazione\" \/>\n<meta name=\"twitter:card\" content=\"summary_large_image\" \/>\n<meta name=\"twitter:creator\" content=\"@intoscana\" \/>\n<meta name=\"twitter:site\" content=\"@intoscana\" \/>\n<meta name=\"twitter:label1\" content=\"Written by\" \/>\n\t<meta name=\"twitter:data1\" content=\"Redazione\" \/>\n\t<meta name=\"twitter:label2\" content=\"Est. reading time\" \/>\n\t<meta name=\"twitter:data2\" content=\"3 minuti\" \/>\n<script type=\"application\/ld+json\" class=\"yoast-schema-graph\">{\"@context\":\"https:\/\/schema.org\",\"@graph\":[{\"@type\":\"WebPage\",\"@id\":\"https:\/\/www.intoscana.it\/it\/covid-19-in-toscana-2-273-nuovi-casi-eta-media-47-anni-25-decessi\/\",\"url\":\"https:\/\/www.intoscana.it\/it\/covid-19-in-toscana-2-273-nuovi-casi-eta-media-47-anni-25-decessi\/\",\"name\":\"Covid-19: in Toscana 2.273 nuovi casi, et\u00e0 media 47 anni, 25 decessi - intoscana\",\"isPartOf\":{\"@id\":\"https:\/\/www.intoscana.it\/it\/#website\"},\"primaryImageOfPage\":{\"@id\":\"https:\/\/www.intoscana.it\/it\/covid-19-in-toscana-2-273-nuovi-casi-eta-media-47-anni-25-decessi\/#primaryimage\"},\"image\":{\"@id\":\"https:\/\/www.intoscana.it\/it\/covid-19-in-toscana-2-273-nuovi-casi-eta-media-47-anni-25-decessi\/#primaryimage\"},\"thumbnailUrl\":\"https:\/\/www.intoscana.it\/wp-content\/uploads\/mascherine-toscana-gratis-1.jpg\",\"datePublished\":\"2020-11-05T15:34:47+00:00\",\"dateModified\":\"2020-11-06T16:35:39+00:00\",\"author\":{\"@id\":\"https:\/\/www.intoscana.it\/it\/#\/schema\/person\/9223810753230f20bd670fdd322661f8\"},\"description\":\"I tamponi eseguiti sono 16.374 in pi\u00f9 rispetto a ieri, i guariti 246, la Toscana si trova al settimo posto in Italia per numerosit\u00e0 di casi\",\"breadcrumb\":{\"@id\":\"https:\/\/www.intoscana.it\/it\/covid-19-in-toscana-2-273-nuovi-casi-eta-media-47-anni-25-decessi\/#breadcrumb\"},\"inLanguage\":\"it-IT\",\"potentialAction\":[{\"@type\":\"ReadAction\",\"target\":[\"https:\/\/www.intoscana.it\/it\/covid-19-in-toscana-2-273-nuovi-casi-eta-media-47-anni-25-decessi\/\"]}]},{\"@type\":\"ImageObject\",\"inLanguage\":\"it-IT\",\"@id\":\"https:\/\/www.intoscana.it\/it\/covid-19-in-toscana-2-273-nuovi-casi-eta-media-47-anni-25-decessi\/#primaryimage\",\"url\":\"https:\/\/www.intoscana.it\/wp-content\/uploads\/mascherine-toscana-gratis-1.jpg\",\"contentUrl\":\"https:\/\/www.intoscana.it\/wp-content\/uploads\/mascherine-toscana-gratis-1.jpg\",\"width\":1000,\"height\":563},{\"@type\":\"BreadcrumbList\",\"@id\":\"https:\/\/www.intoscana.it\/it\/covid-19-in-toscana-2-273-nuovi-casi-eta-media-47-anni-25-decessi\/#breadcrumb\",\"itemListElement\":[{\"@type\":\"ListItem\",\"position\":1,\"name\":\"Home\",\"item\":\"https:\/\/www.intoscana.it\/it\/\"},{\"@type\":\"ListItem\",\"position\":2,\"name\":\"Covid-19: in Toscana 2.273 nuovi casi, et\u00e0 media 47 anni, 25 decessi\"}]},{\"@type\":\"WebSite\",\"@id\":\"https:\/\/www.intoscana.it\/it\/#website\",\"url\":\"https:\/\/www.intoscana.it\/it\/\",\"name\":\"intoscana\",\"description\":\"\",\"potentialAction\":[{\"@type\":\"SearchAction\",\"target\":{\"@type\":\"EntryPoint\",\"urlTemplate\":\"https:\/\/www.intoscana.it\/it\/?s={search_term_string}\"},\"query-input\":{\"@type\":\"PropertyValueSpecification\",\"valueRequired\":true,\"valueName\":\"search_term_string\"}}],\"inLanguage\":\"it-IT\"},{\"@type\":\"Person\",\"@id\":\"https:\/\/www.intoscana.it\/it\/#\/schema\/person\/9223810753230f20bd670fdd322661f8\",\"name\":\"Redazione\",\"url\":\"https:\/\/www.intoscana.it\/it\/author\/redazione\/\"}]}<\/script>\n<!-- \/ Yoast SEO Premium plugin. -->","yoast_head_json":{"title":"Covid-19: in Toscana 2.273 nuovi casi, et\u00e0 media 47 anni, 25 decessi - intoscana","description":"I tamponi eseguiti sono 16.374 in pi\u00f9 rispetto a ieri, i guariti 246, la Toscana si trova al settimo posto in Italia per numerosit\u00e0 di casi","robots":{"index":"index","follow":"follow","max-snippet":"max-snippet:-1","max-image-preview":"max-image-preview:large","max-video-preview":"max-video-preview:-1"},"canonical":"https:\/\/www.intoscana.it\/it\/covid-19-in-toscana-2-273-nuovi-casi-eta-media-47-anni-25-decessi\/","og_locale":"it_IT","og_type":"article","og_title":"Covid-19: in Toscana 2.273 nuovi casi, et\u00e0 media 47 anni, 25 decessi","og_description":"I tamponi eseguiti sono 16.374 in pi\u00f9 rispetto a ieri, i guariti 246, la Toscana si trova al settimo posto in Italia per numerosit\u00e0 di casi","og_url":"https:\/\/www.intoscana.it\/it\/covid-19-in-toscana-2-273-nuovi-casi-eta-media-47-anni-25-decessi\/","og_site_name":"intoscana","article_publisher":"https:\/\/www.facebook.com\/intoscana.it","article_published_time":"2020-11-05T15:34:47+00:00","article_modified_time":"2020-11-06T16:35:39+00:00","og_image":[{"width":1000,"height":563,"url":"https:\/\/www.intoscana.it\/wp-content\/uploads\/mascherine-toscana-gratis-1.jpg","type":"image\/jpeg"}],"author":"Redazione","twitter_card":"summary_large_image","twitter_creator":"@intoscana","twitter_site":"@intoscana","twitter_misc":{"Written by":"Redazione","Est. reading time":"3 minuti"},"schema":{"@context":"https:\/\/schema.org","@graph":[{"@type":"WebPage","@id":"https:\/\/www.intoscana.it\/it\/covid-19-in-toscana-2-273-nuovi-casi-eta-media-47-anni-25-decessi\/","url":"https:\/\/www.intoscana.it\/it\/covid-19-in-toscana-2-273-nuovi-casi-eta-media-47-anni-25-decessi\/","name":"Covid-19: in Toscana 2.273 nuovi casi, et\u00e0 media 47 anni, 25 decessi - intoscana","isPartOf":{"@id":"https:\/\/www.intoscana.it\/it\/#website"},"primaryImageOfPage":{"@id":"https:\/\/www.intoscana.it\/it\/covid-19-in-toscana-2-273-nuovi-casi-eta-media-47-anni-25-decessi\/#primaryimage"},"image":{"@id":"https:\/\/www.intoscana.it\/it\/covid-19-in-toscana-2-273-nuovi-casi-eta-media-47-anni-25-decessi\/#primaryimage"},"thumbnailUrl":"https:\/\/www.intoscana.it\/wp-content\/uploads\/mascherine-toscana-gratis-1.jpg","datePublished":"2020-11-05T15:34:47+00:00","dateModified":"2020-11-06T16:35:39+00:00","author":{"@id":"https:\/\/www.intoscana.it\/it\/#\/schema\/person\/9223810753230f20bd670fdd322661f8"},"description":"I tamponi eseguiti sono 16.374 in pi\u00f9 rispetto a ieri, i guariti 246, la Toscana si trova al settimo posto in Italia per numerosit\u00e0 di casi","breadcrumb":{"@id":"https:\/\/www.intoscana.it\/it\/covid-19-in-toscana-2-273-nuovi-casi-eta-media-47-anni-25-decessi\/#breadcrumb"},"inLanguage":"it-IT","potentialAction":[{"@type":"ReadAction","target":["https:\/\/www.intoscana.it\/it\/covid-19-in-toscana-2-273-nuovi-casi-eta-media-47-anni-25-decessi\/"]}]},{"@type":"ImageObject","inLanguage":"it-IT","@id":"https:\/\/www.intoscana.it\/it\/covid-19-in-toscana-2-273-nuovi-casi-eta-media-47-anni-25-decessi\/#primaryimage","url":"https:\/\/www.intoscana.it\/wp-content\/uploads\/mascherine-toscana-gratis-1.jpg","contentUrl":"https:\/\/www.intoscana.it\/wp-content\/uploads\/mascherine-toscana-gratis-1.jpg","width":1000,"height":563},{"@type":"BreadcrumbList","@id":"https:\/\/www.intoscana.it\/it\/covid-19-in-toscana-2-273-nuovi-casi-eta-media-47-anni-25-decessi\/#breadcrumb","itemListElement":[{"@type":"ListItem","position":1,"name":"Home","item":"https:\/\/www.intoscana.it\/it\/"},{"@type":"ListItem","position":2,"name":"Covid-19: in Toscana 2.273 nuovi casi, et\u00e0 media 47 anni, 25 decessi"}]},{"@type":"WebSite","@id":"https:\/\/www.intoscana.it\/it\/#website","url":"https:\/\/www.intoscana.it\/it\/","name":"intoscana","description":"","potentialAction":[{"@type":"SearchAction","target":{"@type":"EntryPoint","urlTemplate":"https:\/\/www.intoscana.it\/it\/?s={search_term_string}"},"query-input":{"@type":"PropertyValueSpecification","valueRequired":true,"valueName":"search_term_string"}}],"inLanguage":"it-IT"},{"@type":"Person","@id":"https:\/\/www.intoscana.it\/it\/#\/schema\/person\/9223810753230f20bd670fdd322661f8","name":"Redazione","url":"https:\/\/www.intoscana.it\/it\/author\/redazione\/"}]}},"_links":{"self":[{"href":"https:\/\/www.intoscana.it\/it\/wp-json\/wp\/v2\/posts\/157597","targetHints":{"allow":["GET"]}}],"collection":[{"href":"https:\/\/www.intoscana.it\/it\/wp-json\/wp\/v2\/posts"}],"about":[{"href":"https:\/\/www.intoscana.it\/it\/wp-json\/wp\/v2\/types\/post"}],"author":[{"embeddable":true,"href":"https:\/\/www.intoscana.it\/it\/wp-json\/wp\/v2\/users\/525"}],"replies":[{"embeddable":true,"href":"https:\/\/www.intoscana.it\/it\/wp-json\/wp\/v2\/comments?post=157597"}],"version-history":[{"count":0,"href":"https:\/\/www.intoscana.it\/it\/wp-json\/wp\/v2\/posts\/157597\/revisions"}],"wp:featuredmedia":[{"embeddable":true,"href":"https:\/\/www.intoscana.it\/it\/wp-json\/wp\/v2\/media\/143855"}],"wp:attachment":[{"href":"https:\/\/www.intoscana.it\/it\/wp-json\/wp\/v2\/media?parent=157597"}],"wp:term":[{"taxonomy":"category","embeddable":true,"href":"https:\/\/www.intoscana.it\/it\/wp-json\/wp\/v2\/categories?post=157597"},{"taxonomy":"post_tag","embeddable":true,"href":"https:\/\/www.intoscana.it\/it\/wp-json\/wp\/v2\/tags?post=157597"}],"curies":[{"name":"wp","href":"https:\/\/api.w.org\/{rel}","templated":true}]}}