{"id":157866,"date":"2020-11-09T14:41:11","date_gmt":"2020-11-09T13:41:11","guid":{"rendered":"https:\/\/www.intoscana.it\/it\/?p=157866"},"modified":"2020-11-09T14:41:11","modified_gmt":"2020-11-09T13:41:11","slug":"morto-marco-santagata-toscana-piange-lintellettuale-dante","status":"publish","type":"post","link":"https:\/\/www.intoscana.it\/it\/morto-marco-santagata-toscana-piange-lintellettuale-dante\/","title":{"rendered":"\u00c8 morto Marco Santagata, la Toscana piange l&#8217;intellettuale che amava Dante"},"content":{"rendered":"<p>\u00c8 morto stamani all&#8217;ospedale di Pisa lo scrittore e docente universitario <strong>Marco Santagata<\/strong>. Aveva 73 anni ed era malato da tempo, ma l&#8217;infezione da Covid gli \u00e8 stata fatale. Sabato si era diffusa la notizia della sua morte, poi la famiglia aveva invece precisato che le sue condizioni si erano aggravate e diventate irreversibili. Ora il decesso, comunicato anche al rettore dell&#8217;Universit\u00e0 di Pisa, <strong>Paolo Mancarella<\/strong>. Santagata \u00e8 stato un dantista eccezionale e un docente universitario e critico letterario molto apprezzato, ma anche scrittore di successo: aveva vinto il <strong>premio Campiello<\/strong> nel 2003 con <em>&#8220;Il maestro dei santi pallidi&#8221;<\/em> e il <strong>premio Stresa<\/strong> nel 2006 con <em>&#8220;L&#8217;amore in s\u00e9&#8221;<\/em>.<\/p>\n<h3>L&#8217;intellettuale curioso<\/h3>\n<p><em>&#8220;Con Marco ci lascia un grande intellettuale e un amico generoso&#8221;<\/em> ha commentato Mancarella. <em>&#8220;<mark>E di lui, oltre al grande sapere, ci mancheranno l&#8217;infinita curiosit\u00e0, il desiderio di conoscere e la sottile ironia<\/mark>. \u00c8 stato uno dei grandi maestri del nostro ateneo e il vuoto che lascia difficilmente sar\u00e0 colmabile. Anche per questo, in segno di riconoscimento, avevo pensato a lui come professore emerito. Adesso, per\u00f2, \u00e8 il tempo del cordoglio e l&#8217;Universit\u00e0 di Pisa si stringe attorno alla sua famiglia in quest&#8217;ora cos\u00ec difficile&#8221;.<\/em><\/p>\n<h3>La passione per Dante<\/h3>\n<p><em>\u201cLa morte di Marco Santagata, studioso insigne di Dante e Petrarca e romanziere raffinato, priva il mondo della cultura di una un punto di riferimento. Per questo, a nome mio personale e del Consiglio regionale tutto, esprimo il pi\u00f9 profondo cordoglio ai familiari, agli amici e ai colleghi&#8221;<\/em>. Lo dichiara il presidente del Consiglio regionale, <strong>Antonio Mazzeo<\/strong>, appena appresa la notizia della scomparsa di Santagata. Nato a Zocca (Modena), si era laureato alla Normale di Pisa per poi perfezionarsi in letteratura, e alla citt\u00e0 di Pisa, come ricorda Mazzeo, <em>&#8220;Santagata \u00e8 rimasto legato per tutta la vita&#8221;<\/em>. Membro della giuria della sezione narrativa del Premio letterario Pisa, una delle sue ultime opere di saggista, per la gran parte dedicate alla lirica classica italiana, sono state una biografia di Dante e una guida alla cantica dell&#8217;Inferno. <em>&#8220;Alla vigilia delle celebrazioni per i 700 anni della morte del grande poeta fiorentino<\/em> &#8211; aggiunge Mazzeo &#8211; <em>il mondo dantesco e la cultura tutta perdono la voce di un un grande e mai banale studioso. <mark>Per questo motivo ci sentiamo impegnati, fin da subito, a prevedere un momento per ricordare adeguatamente la figura di Santagata all&#8217;interno delle iniziative per le celebrazioni di Dante<\/mark>&#8220;.<\/em> Ricordando le occasioni in cui ha incontrato Santagata, il presidente dell&#8217;Assemblea toscana ne sottolinea <em>&#8220;l&#8217;umanit\u00e0 e la gentilezza&#8221;.<\/em> <em>&#8220;Ha dato lustro alla citt\u00e0 di Pisa e alla Toscana<\/em> &#8211; conclude &#8211; <em>verso le quali ha dimostrato di nutrire un profondo e sincero sentimento d&#8217;amore&#8221;.<\/em><\/p>\n<h3>Tutti orfani<\/h3>\n<p><em>\u201cCon lui se ne va una limpida figura di intellettuale e di fine studioso dantesco, nonch\u00e9 uno scrittore acuto e di meritato successo, coronato dalla vittoria dei premi Stresa e Campiello&#8221;<\/em>. Anche l\u2019assessore regionale all\u2019Universit\u00e0, <strong>Alessandra Nardini<\/strong>, ha speso parole per lo scrittore e docente. <em>&#8220;La Toscana perde una voce autorevole e intelligente, che negli anni ha saputo guidarci con le sue indubbie capacit\u00e0 culturali. L\u2019ateneo pisano da oggi resta orfano di uno dei suoi docenti migliori che ha formato generazioni di studentesse e studenti che sono certo non lo potranno dimenticare. Ai suoi familiari va il mio pi\u00f9 sincero cordoglio&#8221;.<\/em><\/p>\n<h3>Il saluto del Campiello<\/h3>\n<p><em>&#8220;Quello di oggi \u00e8 un giorno davvero triste per tutta la cultura italiana: <mark>Marco Santagata era un intellettuale di altissimo livello, tra i massimi studiosi di Dante, ed un personaggio eclettico, tanto da aver conquistato i lettori anche con le sue opere di narrativa<\/mark>&#8220;<\/em>. Lo afferma La <em>Fondazione Il Campiello<\/em> e il <em>Comitato di Gestione Premio Campiello<\/em> sulla morte di Santagata. <em>&#8220;Era lui stesso a raccontare di come praticasse due tipi di scrittura, e di quanto fosse contento che quella &#8216;creativa&#8217; lo avesse portato a raccogliere un riscontro come quello del Campiello, che vinse nel 2003 con &#8216;Il Maestro dei santi pallidi&#8217;. La Fondazione Il Campiello esprime il massimo cordoglio per la sua scomparsa, ricordandolo sempre con profonda stima e affetto&#8221;.<\/em><\/p>\n","protected":false},"excerpt":{"rendered":"<p>Scrittore, critico letterariom docente universitario alla Normale di Pisa e noto dantista. A 73 anni \u00e8 morto Marco Santagata. Colleghi e istituzioni gli rendono omaggio<\/p>\n","protected":false},"author":525,"featured_media":157867,"comment_status":"open","ping_status":"open","sticky":false,"template":"","format":"standard","meta":{"_acf_changed":false,"footnotes":""},"categories":[494],"tags":[418,148,4604,220,4438],"class_list":["post-157866","post","type-post","status-publish","format-standard","has-post-thumbnail","hentry","category-attualita","tag-covid-19","tag-cultura","tag-dante","tag-letteratura","tag-scuola-normale-di-pisa"],"acf":[],"yoast_head":"<!-- This site is optimized with the Yoast SEO Premium plugin v24.2 (Yoast SEO v25.6) - https:\/\/yoast.com\/wordpress\/plugins\/seo\/ -->\n<title>\u00c8 morto Marco Santagata, la Toscana piange l&#039;intellettuale che amava Dante - intoscana<\/title>\n<meta name=\"description\" content=\"Scrittore, critico letterariom docente universitario alla Normale di Pisa e noto dantista. A 73 anni \u00e8 morto Marco Santagata. Colleghi e istituzioni gli rendono omaggio\" \/>\n<meta name=\"robots\" content=\"index, follow, max-snippet:-1, max-image-preview:large, max-video-preview:-1\" \/>\n<link rel=\"canonical\" href=\"https:\/\/www.intoscana.it\/it\/morto-marco-santagata-toscana-piange-lintellettuale-dante\/\" \/>\n<meta property=\"og:locale\" content=\"it_IT\" \/>\n<meta property=\"og:type\" content=\"article\" \/>\n<meta property=\"og:title\" content=\"\u00c8 morto Marco Santagata, la Toscana piange l&#039;intellettuale che amava Dante\" \/>\n<meta property=\"og:description\" content=\"Scrittore, critico letterariom docente universitario alla Normale di Pisa e noto dantista. A 73 anni \u00e8 morto Marco Santagata. Colleghi e istituzioni gli rendono omaggio\" \/>\n<meta property=\"og:url\" content=\"https:\/\/www.intoscana.it\/it\/morto-marco-santagata-toscana-piange-lintellettuale-dante\/\" \/>\n<meta property=\"og:site_name\" content=\"intoscana\" \/>\n<meta property=\"article:publisher\" content=\"https:\/\/www.facebook.com\/intoscana.it\" \/>\n<meta property=\"article:published_time\" content=\"2020-11-09T13:41:11+00:00\" \/>\n<meta property=\"og:image\" content=\"https:\/\/www.intoscana.it\/wp-content\/uploads\/Marco-Santagata.jpg\" \/>\n\t<meta property=\"og:image:width\" content=\"960\" \/>\n\t<meta property=\"og:image:height\" content=\"540\" \/>\n\t<meta property=\"og:image:type\" content=\"image\/jpeg\" \/>\n<meta name=\"author\" content=\"Redazione\" \/>\n<meta name=\"twitter:card\" content=\"summary_large_image\" \/>\n<meta name=\"twitter:creator\" content=\"@intoscana\" \/>\n<meta name=\"twitter:site\" content=\"@intoscana\" \/>\n<meta name=\"twitter:label1\" content=\"Written by\" \/>\n\t<meta name=\"twitter:data1\" content=\"Redazione\" \/>\n\t<meta name=\"twitter:label2\" content=\"Est. reading time\" \/>\n\t<meta name=\"twitter:data2\" content=\"3 minuti\" \/>\n<script type=\"application\/ld+json\" class=\"yoast-schema-graph\">{\"@context\":\"https:\/\/schema.org\",\"@graph\":[{\"@type\":\"WebPage\",\"@id\":\"https:\/\/www.intoscana.it\/it\/morto-marco-santagata-toscana-piange-lintellettuale-dante\/\",\"url\":\"https:\/\/www.intoscana.it\/it\/morto-marco-santagata-toscana-piange-lintellettuale-dante\/\",\"name\":\"\u00c8 morto Marco Santagata, la Toscana piange l'intellettuale che amava Dante - intoscana\",\"isPartOf\":{\"@id\":\"https:\/\/www.intoscana.it\/it\/#website\"},\"primaryImageOfPage\":{\"@id\":\"https:\/\/www.intoscana.it\/it\/morto-marco-santagata-toscana-piange-lintellettuale-dante\/#primaryimage\"},\"image\":{\"@id\":\"https:\/\/www.intoscana.it\/it\/morto-marco-santagata-toscana-piange-lintellettuale-dante\/#primaryimage\"},\"thumbnailUrl\":\"https:\/\/www.intoscana.it\/wp-content\/uploads\/Marco-Santagata.jpg\",\"datePublished\":\"2020-11-09T13:41:11+00:00\",\"author\":{\"@id\":\"https:\/\/www.intoscana.it\/it\/#\/schema\/person\/9223810753230f20bd670fdd322661f8\"},\"description\":\"Scrittore, critico letterariom docente universitario alla Normale di Pisa e noto dantista. A 73 anni \u00e8 morto Marco Santagata. Colleghi e istituzioni gli rendono omaggio\",\"breadcrumb\":{\"@id\":\"https:\/\/www.intoscana.it\/it\/morto-marco-santagata-toscana-piange-lintellettuale-dante\/#breadcrumb\"},\"inLanguage\":\"it-IT\",\"potentialAction\":[{\"@type\":\"ReadAction\",\"target\":[\"https:\/\/www.intoscana.it\/it\/morto-marco-santagata-toscana-piange-lintellettuale-dante\/\"]}]},{\"@type\":\"ImageObject\",\"inLanguage\":\"it-IT\",\"@id\":\"https:\/\/www.intoscana.it\/it\/morto-marco-santagata-toscana-piange-lintellettuale-dante\/#primaryimage\",\"url\":\"https:\/\/www.intoscana.it\/wp-content\/uploads\/Marco-Santagata.jpg\",\"contentUrl\":\"https:\/\/www.intoscana.it\/wp-content\/uploads\/Marco-Santagata.jpg\",\"width\":960,\"height\":540,\"caption\":\"Marco Santagata\"},{\"@type\":\"BreadcrumbList\",\"@id\":\"https:\/\/www.intoscana.it\/it\/morto-marco-santagata-toscana-piange-lintellettuale-dante\/#breadcrumb\",\"itemListElement\":[{\"@type\":\"ListItem\",\"position\":1,\"name\":\"Home\",\"item\":\"https:\/\/www.intoscana.it\/it\/\"},{\"@type\":\"ListItem\",\"position\":2,\"name\":\"\u00c8 morto Marco Santagata, la Toscana piange l&#8217;intellettuale che amava Dante\"}]},{\"@type\":\"WebSite\",\"@id\":\"https:\/\/www.intoscana.it\/it\/#website\",\"url\":\"https:\/\/www.intoscana.it\/it\/\",\"name\":\"intoscana\",\"description\":\"\",\"potentialAction\":[{\"@type\":\"SearchAction\",\"target\":{\"@type\":\"EntryPoint\",\"urlTemplate\":\"https:\/\/www.intoscana.it\/it\/?s={search_term_string}\"},\"query-input\":{\"@type\":\"PropertyValueSpecification\",\"valueRequired\":true,\"valueName\":\"search_term_string\"}}],\"inLanguage\":\"it-IT\"},{\"@type\":\"Person\",\"@id\":\"https:\/\/www.intoscana.it\/it\/#\/schema\/person\/9223810753230f20bd670fdd322661f8\",\"name\":\"Redazione\",\"url\":\"https:\/\/www.intoscana.it\/it\/author\/redazione\/\"}]}<\/script>\n<!-- \/ Yoast SEO Premium plugin. -->","yoast_head_json":{"title":"\u00c8 morto Marco Santagata, la Toscana piange l'intellettuale che amava Dante - intoscana","description":"Scrittore, critico letterariom docente universitario alla Normale di Pisa e noto dantista. A 73 anni \u00e8 morto Marco Santagata. Colleghi e istituzioni gli rendono omaggio","robots":{"index":"index","follow":"follow","max-snippet":"max-snippet:-1","max-image-preview":"max-image-preview:large","max-video-preview":"max-video-preview:-1"},"canonical":"https:\/\/www.intoscana.it\/it\/morto-marco-santagata-toscana-piange-lintellettuale-dante\/","og_locale":"it_IT","og_type":"article","og_title":"\u00c8 morto Marco Santagata, la Toscana piange l'intellettuale che amava Dante","og_description":"Scrittore, critico letterariom docente universitario alla Normale di Pisa e noto dantista. A 73 anni \u00e8 morto Marco Santagata. Colleghi e istituzioni gli rendono omaggio","og_url":"https:\/\/www.intoscana.it\/it\/morto-marco-santagata-toscana-piange-lintellettuale-dante\/","og_site_name":"intoscana","article_publisher":"https:\/\/www.facebook.com\/intoscana.it","article_published_time":"2020-11-09T13:41:11+00:00","og_image":[{"width":960,"height":540,"url":"https:\/\/www.intoscana.it\/wp-content\/uploads\/Marco-Santagata.jpg","type":"image\/jpeg"}],"author":"Redazione","twitter_card":"summary_large_image","twitter_creator":"@intoscana","twitter_site":"@intoscana","twitter_misc":{"Written by":"Redazione","Est. reading time":"3 minuti"},"schema":{"@context":"https:\/\/schema.org","@graph":[{"@type":"WebPage","@id":"https:\/\/www.intoscana.it\/it\/morto-marco-santagata-toscana-piange-lintellettuale-dante\/","url":"https:\/\/www.intoscana.it\/it\/morto-marco-santagata-toscana-piange-lintellettuale-dante\/","name":"\u00c8 morto Marco Santagata, la Toscana piange l'intellettuale che amava Dante - intoscana","isPartOf":{"@id":"https:\/\/www.intoscana.it\/it\/#website"},"primaryImageOfPage":{"@id":"https:\/\/www.intoscana.it\/it\/morto-marco-santagata-toscana-piange-lintellettuale-dante\/#primaryimage"},"image":{"@id":"https:\/\/www.intoscana.it\/it\/morto-marco-santagata-toscana-piange-lintellettuale-dante\/#primaryimage"},"thumbnailUrl":"https:\/\/www.intoscana.it\/wp-content\/uploads\/Marco-Santagata.jpg","datePublished":"2020-11-09T13:41:11+00:00","author":{"@id":"https:\/\/www.intoscana.it\/it\/#\/schema\/person\/9223810753230f20bd670fdd322661f8"},"description":"Scrittore, critico letterariom docente universitario alla Normale di Pisa e noto dantista. A 73 anni \u00e8 morto Marco Santagata. Colleghi e istituzioni gli rendono omaggio","breadcrumb":{"@id":"https:\/\/www.intoscana.it\/it\/morto-marco-santagata-toscana-piange-lintellettuale-dante\/#breadcrumb"},"inLanguage":"it-IT","potentialAction":[{"@type":"ReadAction","target":["https:\/\/www.intoscana.it\/it\/morto-marco-santagata-toscana-piange-lintellettuale-dante\/"]}]},{"@type":"ImageObject","inLanguage":"it-IT","@id":"https:\/\/www.intoscana.it\/it\/morto-marco-santagata-toscana-piange-lintellettuale-dante\/#primaryimage","url":"https:\/\/www.intoscana.it\/wp-content\/uploads\/Marco-Santagata.jpg","contentUrl":"https:\/\/www.intoscana.it\/wp-content\/uploads\/Marco-Santagata.jpg","width":960,"height":540,"caption":"Marco Santagata"},{"@type":"BreadcrumbList","@id":"https:\/\/www.intoscana.it\/it\/morto-marco-santagata-toscana-piange-lintellettuale-dante\/#breadcrumb","itemListElement":[{"@type":"ListItem","position":1,"name":"Home","item":"https:\/\/www.intoscana.it\/it\/"},{"@type":"ListItem","position":2,"name":"\u00c8 morto Marco Santagata, la Toscana piange l&#8217;intellettuale che amava Dante"}]},{"@type":"WebSite","@id":"https:\/\/www.intoscana.it\/it\/#website","url":"https:\/\/www.intoscana.it\/it\/","name":"intoscana","description":"","potentialAction":[{"@type":"SearchAction","target":{"@type":"EntryPoint","urlTemplate":"https:\/\/www.intoscana.it\/it\/?s={search_term_string}"},"query-input":{"@type":"PropertyValueSpecification","valueRequired":true,"valueName":"search_term_string"}}],"inLanguage":"it-IT"},{"@type":"Person","@id":"https:\/\/www.intoscana.it\/it\/#\/schema\/person\/9223810753230f20bd670fdd322661f8","name":"Redazione","url":"https:\/\/www.intoscana.it\/it\/author\/redazione\/"}]}},"_links":{"self":[{"href":"https:\/\/www.intoscana.it\/it\/wp-json\/wp\/v2\/posts\/157866","targetHints":{"allow":["GET"]}}],"collection":[{"href":"https:\/\/www.intoscana.it\/it\/wp-json\/wp\/v2\/posts"}],"about":[{"href":"https:\/\/www.intoscana.it\/it\/wp-json\/wp\/v2\/types\/post"}],"author":[{"embeddable":true,"href":"https:\/\/www.intoscana.it\/it\/wp-json\/wp\/v2\/users\/525"}],"replies":[{"embeddable":true,"href":"https:\/\/www.intoscana.it\/it\/wp-json\/wp\/v2\/comments?post=157866"}],"version-history":[{"count":0,"href":"https:\/\/www.intoscana.it\/it\/wp-json\/wp\/v2\/posts\/157866\/revisions"}],"wp:featuredmedia":[{"embeddable":true,"href":"https:\/\/www.intoscana.it\/it\/wp-json\/wp\/v2\/media\/157867"}],"wp:attachment":[{"href":"https:\/\/www.intoscana.it\/it\/wp-json\/wp\/v2\/media?parent=157866"}],"wp:term":[{"taxonomy":"category","embeddable":true,"href":"https:\/\/www.intoscana.it\/it\/wp-json\/wp\/v2\/categories?post=157866"},{"taxonomy":"post_tag","embeddable":true,"href":"https:\/\/www.intoscana.it\/it\/wp-json\/wp\/v2\/tags?post=157866"}],"curies":[{"name":"wp","href":"https:\/\/api.w.org\/{rel}","templated":true}]}}