{"id":157928,"date":"2020-11-10T09:46:06","date_gmt":"2020-11-10T08:46:06","guid":{"rendered":"https:\/\/www.intoscana.it\/it\/?p=157928"},"modified":"2020-11-10T14:24:54","modified_gmt":"2020-11-10T13:24:54","slug":"fiorentina-esonerato-iachini-prandelli-torna-al-timone-della-squadra-dopo-10-anni","status":"publish","type":"post","link":"https:\/\/www.intoscana.it\/it\/fiorentina-esonerato-iachini-prandelli-torna-al-timone-della-squadra-dopo-10-anni\/","title":{"rendered":"Fiorentina: esonerato Iachini, Prandelli torna al timone della squadra dopo 10 anni"},"content":{"rendered":"<p><strong>Primo esonero della stagione in serie A.<\/strong> La <strong>Fiorentina<\/strong> ha annunciato di avere <strong>sostituito Giuseppe Iachini<\/strong> allenatore della prima squadra con <strong>Cesare Prandelli<\/strong>.\u00a0Torna<strong> dopo dieci anni, sulla panchina viola Cesare Prandelli.\u00a0<\/strong>Prandelli verr\u00e0 presentato oggi alle ore 13.00 in diretta streaming sui canali della Fiorentina. E nel pomeriggio il nuovo tecnico viola <strong>diriger\u00e0 il suo primo allenamento al Centro Sportivo Davide Astori<\/strong>.<\/p>\n<p>Dopo sette giornate di campionato, <strong>la Fiorentina in classifica \u00e8 dodicesima con otto punti,<\/strong> frutto di due vittorie, due pareggi e tre sconfitte. &#8220;Purtroppo, dopo un&#8217;attenta e scrupolosa analisi dell&#8217;inizio di questa nuova stagione e dei risultati fino a oggi ottenuti &#8211; sottolinea il comunicato del club viola &#8211; <strong>la societ\u00e0 ritiene che la soluzione migliore sia quella di revocare l&#8217;incarico all&#8217;attuale allenatore<\/strong>&#8220;. &#8220;<strong>Il presidente Commisso<\/strong> e tutta la dirigenza viola &#8211; prosegue la nota &#8211; desiderano esprimere la propria <strong>gratitudine a Beppe Iachini e a tutto il suo staff<\/strong> per l&#8217;impegno e la professionalit\u00e0 dimostrati sin dal loro arrivo e gli augurano i migliori successi professionali per il prosieguo della carriera&#8221;.<\/p>\n<p><img loading=\"lazy\" decoding=\"async\" class=\"alignnone wp-image-141875 size-full\" src=\"https:\/\/www.intoscana.it\/wp-content\/uploads\/shutterstock_1505294522-1.jpg\" alt=\"Il proprietario della Fiorentina Rocco Commisso al Franchi.\" width=\"2000\" height=\"1333\" srcset=\"https:\/\/www.intoscana.it\/wp-content\/uploads\/shutterstock_1505294522-1.jpg 2000w, https:\/\/www.intoscana.it\/wp-content\/uploads\/shutterstock_1505294522-1-300x200.jpg 300w, https:\/\/www.intoscana.it\/wp-content\/uploads\/shutterstock_1505294522-1-1024x682.jpg 1024w, https:\/\/www.intoscana.it\/wp-content\/uploads\/shutterstock_1505294522-1-768x512.jpg 768w, https:\/\/www.intoscana.it\/wp-content\/uploads\/shutterstock_1505294522-1-1536x1024.jpg 1536w\" sizes=\"auto, (max-width: 2000px) 100vw, 2000px\" \/><\/p>\n<h3>La decisione di Rocco Commisso<\/h3>\n<p><a href=\"https:\/\/www.intoscana.it\/it\/articolo\/rocco-commisso-torna-a-firenze-per-la-prima-volta-da-febbraio\/\" target=\"_blank\" rel=\"noopener noreferrer\"><strong>Dagli Stati Uniti<\/strong> <\/a><strong>Commisso ha commentato cos\u00ec<\/strong> la rivoluzione sulla panchina viola: &#8220;<strong>prima di tutto voglio ringraziare personalmente Iachini,<\/strong> allenatore capace e determinato, che, nel momento pi\u00f9 difficile della scorsa stagione, ha trascinato e guidato la squadra, col suo lavoro, la sua dedizione e il suo carattere. Purtroppo, gli attuali risultati impongono un cambio di guida tecnica, ma la mia stima e la gratitudine verso l&#8217;uomo e il professionista rimangono del tutto immutati. <strong>Voglio inoltre dare il mio personale benvenuto a mister Prandelli.<\/strong> Ho condiviso la scelta della dirigenza di puntare su di lui considerandolo <strong>il candidato ideale per la sua esperienza e la massima motivazione<\/strong> di tornare a lavorare per i nostri colori. Motivazione e decisione che ci aspettiamo di ritrovare in tutti i giocatori e in tutto l&#8217;ambiente che lavora intorno alla squadra. Mi auguro &#8211; ha concluso il patron &#8211; che il nuovo allenatore riuscir\u00e0 a valorizzare e utilizzare al meglio la rosa e, attraverso il gioco e ai risultati che otterremo, a regalare nuove soddisfazioni alla citt\u00e0 di Firenze e alla grande famiglia viola&#8221;.<\/p>\n<figure id=\"attachment_157969\" aria-describedby=\"caption-attachment-157969\" style=\"width: 2560px\" class=\"wp-caption alignnone\"><img loading=\"lazy\" decoding=\"async\" class=\"wp-image-157969 size-full\" src=\"https:\/\/www.intoscana.it\/wp-content\/uploads\/Giuseppe-Iachini-scaled.jpg\" alt=\"Giuseppe Iachini\" width=\"2560\" height=\"1812\" srcset=\"https:\/\/www.intoscana.it\/wp-content\/uploads\/Giuseppe-Iachini-scaled.jpg 2048w, https:\/\/www.intoscana.it\/wp-content\/uploads\/Giuseppe-Iachini-300x212.jpg 300w, https:\/\/www.intoscana.it\/wp-content\/uploads\/Giuseppe-Iachini-500x354.jpg 500w, https:\/\/www.intoscana.it\/wp-content\/uploads\/Giuseppe-Iachini-768x544.jpg 768w, https:\/\/www.intoscana.it\/wp-content\/uploads\/Giuseppe-Iachini-1536x1087.jpg 1536w\" sizes=\"auto, (max-width: 2560px) 100vw, 2560px\" \/><figcaption id=\"caption-attachment-157969\" class=\"wp-caption-text\">Fiorentina&#8217;s head coach Giuseppe Iachini reacts\u00a0 during the Italian Serie A soccer match between ACF Fiorentina and UC Sampdoria at the Artemio Franchi stadium in Florence, Italy, 2 October 2020ANSA\/CLAUDIO GIOVANNINI<\/figcaption><\/figure>\n<h3>Il saluto di Beppe Iachini<\/h3>\n<p><strong>Ringrazia tutti,<\/strong> a partire dal patron Rocco Commisso, per avergli dato l&#8217;opportunit\u00e0 di allenare la Fiorentina, squadra che si dispiace di non guidare pi\u00f9 ma <strong>verso la quale allo stesso tempo prova &#8220;molto affetto&#8221;<\/strong>. Questo il saluto, affidato a una nota, di Giuseppe Iachini, da ieri ex tecnico della Fiorentina, club a cui, afferma, &#8220;sono legato, con orgoglio e fierezza, sin dal mio primo giorno da calciatore e negli indimenticabili momenti in campo con la fascia da capitano&#8221;. &#8220;<strong>Mi auguro che la Viola torni presto in campo con il supporto dei suoi straordinari tifosi, che ci sono mancati infinitamente e che rappresentano il patrimonio pi\u00f9 grande di questo straordinario Club<\/strong>, per sempre nel mio cuore&#8221;. &#8220;Desidero ringraziare infinitamente l&#8217;appassionato e gentile presidente Rocco Commisso \u00e8 tutta la sua famiglia per la magnifica opportunit\u00e0 che mi \u00e8 stata data di allenare la Fiorentina &#8211; cos\u00ec Iachini nella nota -, una famiglia meravigliosa che per sempre rimarr\u00e0 nel mio cuore, lo staff dirigenziale che mi \u00e8 stato vicino in questi mesi a partire da Joe Barone e Daniele Prade, lo staff medico, il personale e tutte le straordinarie persone che con umilt\u00e0 e passione lavorano all&#8217;interno di questo club e che ci hanno fatto sentire a casa ogni giorno&#8221;. &#8220;Resta il dispiacere di non allenare pi\u00f9 la Fiorentina &#8211; spiega ancora -, ma al contempo provo molto affetto nei confronti della squadra, che desidero ringraziare apertamente. \u00c8 un gruppo serio e speciale che durante questo complicato periodo di pandemia ha sempre dato prova di grande professionalit\u00e0 e disponibilit\u00e0 al sacrificio, grazie ragazzi&#8221;.<\/p>\n<h3>Cesare Prandelli: &#8220;il cuore mi ha fatto tornare in Viola&#8221;<\/h3>\n<p><strong>&#8220;Chi me l&#8217;ha fatto fare di tornare alla Fiorentina? Il cuore e l&#8217;istinto<\/strong>. Trovando per le strade della citt\u00e0 tanti tifosi mi chiedevano di tornare ma <strong>io non sarei mai andato via.<\/strong> La storia, ormai, la conoscono tutti. <strong>Sono tornato per riprendere anche un certo tipo di discorso. Qui c&#8217;\u00e8 una sfida importante,<\/strong> anche se si rischia di rovinare degli equilibri. Di sicuro non sar\u00e0 mai solo in questo percorso&#8221;. Ha dichiarato<strong> Cesare Prandelli<\/strong> nella conferenza stampa. &#8220;<strong>In Rocco Commisso e Joe Barone<\/strong> &#8211; ha aggiunto &#8211; <strong>ho trovato due persone di una sensibilit\u00e0 straordinaria.<\/strong> Prima di iniziare questa avventura mi hanno detto che avrebbero parlato con Beppe&#8221; Iachini &#8220;e questo l&#8217;ho trovato di una sensibilit\u00e0 unica. <strong>Sono convinto che possiamo fare e creare qualcosa di veramente importante&#8221;<\/strong>. &#8220;Mai &#8211; ha detto ancora Prandelli &#8211; avrei pensato di essere un possibile papabile alla panchina viola, di nomi ne erano stati fatti tanti. Una settimana fa &#8211; ha svelato poi &#8211; mi ha chiamato il presidente del Genoa Preziosi e mi ha detto &#8216;se ero pronto a tornare in campo perch\u00e9 io ho parlato benissimo di te&#8217;. Quando gli ho chiesto qual era il club mi ha risposto la Fiorentina e quindi ringrazio Preziosi&#8221;.<\/p>\n<p><strong>Prandelli, nato ad Orzinuovi il 19 agosto 1957,<\/strong> ha gi\u00e0 indissolubilmente legato la sua carriera da allenatore ai colori viola, <strong>guidando la Fiorentina dal 2005 al 2010,<\/strong> periodo durante il quale ha ottenuto ben <strong>due qualificazioni alla Champions League<\/strong> ed ha raggiunto <strong>una semifinale di Coppa Uefa<\/strong>. Prandelli ha successivamente allenato la<strong> Nazionale italiana<\/strong> con la quale ha raggiunto, nel 2012, la finale degli Europei.<\/p>\n<p><iframe loading=\"lazy\" src=\"https:\/\/www.youtube.com\/embed\/Hc2WA15eveU\" width=\"800\" height=\"500\" frameborder=\"0\" allowfullscreen=\"allowfullscreen\"><span data-mce-type=\"bookmark\" style=\"display: inline-block; width: 0px; overflow: hidden; line-height: 0;\" class=\"mce_SELRES_start\">\ufeff<\/span><\/iframe><\/p>\n","protected":false},"excerpt":{"rendered":"<p>Prandelli torna nella panchina della squadra gigliata, durante la sua guida dal 2005 al 2010 la Fiorentina ha ottenuto due qualificazione alla Champions League e una semifinale in Coppa Uefa<\/p>\n","protected":false},"author":525,"featured_media":157931,"comment_status":"open","ping_status":"open","sticky":false,"template":"","format":"standard","meta":{"_acf_changed":false,"footnotes":""},"categories":[494],"tags":[290,199],"class_list":["post-157928","post","type-post","status-publish","format-standard","has-post-thumbnail","hentry","category-attualita","tag-calcio","tag-fiorentina"],"acf":[],"yoast_head":"<!-- This site is optimized with the Yoast SEO Premium plugin v24.2 (Yoast SEO v25.6) - https:\/\/yoast.com\/wordpress\/plugins\/seo\/ -->\n<title>Fiorentina: esonerato Iachini, Prandelli torna al timone della squadra dopo 10 anni - intoscana<\/title>\n<meta name=\"description\" content=\"Sotto la sua guida dal 2005 al 2010 la Fiorentina ha ottenuto due qualificazione alla Champions League e una semifinale in Coppa Uefa\" \/>\n<meta name=\"robots\" content=\"index, follow, max-snippet:-1, max-image-preview:large, max-video-preview:-1\" \/>\n<link rel=\"canonical\" href=\"https:\/\/www.intoscana.it\/it\/fiorentina-esonerato-iachini-prandelli-torna-al-timone-della-squadra-dopo-10-anni\/\" \/>\n<meta property=\"og:locale\" content=\"it_IT\" \/>\n<meta property=\"og:type\" content=\"article\" \/>\n<meta property=\"og:title\" content=\"Fiorentina: esonerato Iachini, Prandelli torna al timone della squadra dopo 10 anni\" \/>\n<meta property=\"og:description\" content=\"Sotto la sua guida dal 2005 al 2010 la Fiorentina ha ottenuto due qualificazione alla Champions League e una semifinale in Coppa Uefa\" \/>\n<meta property=\"og:url\" content=\"https:\/\/www.intoscana.it\/it\/fiorentina-esonerato-iachini-prandelli-torna-al-timone-della-squadra-dopo-10-anni\/\" \/>\n<meta property=\"og:site_name\" content=\"intoscana\" \/>\n<meta property=\"article:publisher\" content=\"https:\/\/www.facebook.com\/intoscana.it\" \/>\n<meta property=\"article:published_time\" content=\"2020-11-10T08:46:06+00:00\" \/>\n<meta property=\"article:modified_time\" content=\"2020-11-10T13:24:54+00:00\" \/>\n<meta property=\"og:image\" content=\"https:\/\/www.intoscana.it\/wp-content\/uploads\/Cesare_Prandelli-scaled.jpg\" \/>\n\t<meta property=\"og:image:width\" content=\"2048\" \/>\n\t<meta property=\"og:image:height\" content=\"1370\" \/>\n\t<meta property=\"og:image:type\" content=\"image\/jpeg\" \/>\n<meta name=\"author\" content=\"Redazione\" \/>\n<meta name=\"twitter:card\" content=\"summary_large_image\" \/>\n<meta name=\"twitter:creator\" content=\"@intoscana\" \/>\n<meta name=\"twitter:site\" content=\"@intoscana\" \/>\n<meta name=\"twitter:label1\" content=\"Written by\" \/>\n\t<meta name=\"twitter:data1\" content=\"Redazione\" \/>\n\t<meta name=\"twitter:label2\" content=\"Est. reading time\" \/>\n\t<meta name=\"twitter:data2\" content=\"5 minuti\" \/>\n<script type=\"application\/ld+json\" class=\"yoast-schema-graph\">{\"@context\":\"https:\/\/schema.org\",\"@graph\":[{\"@type\":\"WebPage\",\"@id\":\"https:\/\/www.intoscana.it\/it\/fiorentina-esonerato-iachini-prandelli-torna-al-timone-della-squadra-dopo-10-anni\/\",\"url\":\"https:\/\/www.intoscana.it\/it\/fiorentina-esonerato-iachini-prandelli-torna-al-timone-della-squadra-dopo-10-anni\/\",\"name\":\"Fiorentina: esonerato Iachini, Prandelli torna al timone della squadra dopo 10 anni - intoscana\",\"isPartOf\":{\"@id\":\"https:\/\/www.intoscana.it\/it\/#website\"},\"primaryImageOfPage\":{\"@id\":\"https:\/\/www.intoscana.it\/it\/fiorentina-esonerato-iachini-prandelli-torna-al-timone-della-squadra-dopo-10-anni\/#primaryimage\"},\"image\":{\"@id\":\"https:\/\/www.intoscana.it\/it\/fiorentina-esonerato-iachini-prandelli-torna-al-timone-della-squadra-dopo-10-anni\/#primaryimage\"},\"thumbnailUrl\":\"https:\/\/www.intoscana.it\/wp-content\/uploads\/Cesare_Prandelli-scaled.jpg\",\"datePublished\":\"2020-11-10T08:46:06+00:00\",\"dateModified\":\"2020-11-10T13:24:54+00:00\",\"author\":{\"@id\":\"https:\/\/www.intoscana.it\/it\/#\/schema\/person\/9223810753230f20bd670fdd322661f8\"},\"description\":\"Sotto la sua guida dal 2005 al 2010 la Fiorentina ha ottenuto due qualificazione alla Champions League e una semifinale in Coppa Uefa\",\"breadcrumb\":{\"@id\":\"https:\/\/www.intoscana.it\/it\/fiorentina-esonerato-iachini-prandelli-torna-al-timone-della-squadra-dopo-10-anni\/#breadcrumb\"},\"inLanguage\":\"it-IT\",\"potentialAction\":[{\"@type\":\"ReadAction\",\"target\":[\"https:\/\/www.intoscana.it\/it\/fiorentina-esonerato-iachini-prandelli-torna-al-timone-della-squadra-dopo-10-anni\/\"]}]},{\"@type\":\"ImageObject\",\"inLanguage\":\"it-IT\",\"@id\":\"https:\/\/www.intoscana.it\/it\/fiorentina-esonerato-iachini-prandelli-torna-al-timone-della-squadra-dopo-10-anni\/#primaryimage\",\"url\":\"https:\/\/www.intoscana.it\/wp-content\/uploads\/Cesare_Prandelli-scaled.jpg\",\"contentUrl\":\"https:\/\/www.intoscana.it\/wp-content\/uploads\/Cesare_Prandelli-scaled.jpg\",\"width\":2048,\"height\":1370,\"caption\":\"Genoa's head coach Cesare Prandelli during the Italian Serie A soccer match Spal 2013 vs Genoa CFC at Paolo Mazza Stadium in Ferrara,Italy, 28 April 2019.ANSA\/SERENA CAMPANINI\"},{\"@type\":\"BreadcrumbList\",\"@id\":\"https:\/\/www.intoscana.it\/it\/fiorentina-esonerato-iachini-prandelli-torna-al-timone-della-squadra-dopo-10-anni\/#breadcrumb\",\"itemListElement\":[{\"@type\":\"ListItem\",\"position\":1,\"name\":\"Home\",\"item\":\"https:\/\/www.intoscana.it\/it\/\"},{\"@type\":\"ListItem\",\"position\":2,\"name\":\"Fiorentina: esonerato Iachini, Prandelli torna al timone della squadra dopo 10 anni\"}]},{\"@type\":\"WebSite\",\"@id\":\"https:\/\/www.intoscana.it\/it\/#website\",\"url\":\"https:\/\/www.intoscana.it\/it\/\",\"name\":\"intoscana\",\"description\":\"\",\"potentialAction\":[{\"@type\":\"SearchAction\",\"target\":{\"@type\":\"EntryPoint\",\"urlTemplate\":\"https:\/\/www.intoscana.it\/it\/?s={search_term_string}\"},\"query-input\":{\"@type\":\"PropertyValueSpecification\",\"valueRequired\":true,\"valueName\":\"search_term_string\"}}],\"inLanguage\":\"it-IT\"},{\"@type\":\"Person\",\"@id\":\"https:\/\/www.intoscana.it\/it\/#\/schema\/person\/9223810753230f20bd670fdd322661f8\",\"name\":\"Redazione\",\"url\":\"https:\/\/www.intoscana.it\/it\/author\/redazione\/\"}]}<\/script>\n<!-- \/ Yoast SEO Premium plugin. -->","yoast_head_json":{"title":"Fiorentina: esonerato Iachini, Prandelli torna al timone della squadra dopo 10 anni - intoscana","description":"Sotto la sua guida dal 2005 al 2010 la Fiorentina ha ottenuto due qualificazione alla Champions League e una semifinale in Coppa Uefa","robots":{"index":"index","follow":"follow","max-snippet":"max-snippet:-1","max-image-preview":"max-image-preview:large","max-video-preview":"max-video-preview:-1"},"canonical":"https:\/\/www.intoscana.it\/it\/fiorentina-esonerato-iachini-prandelli-torna-al-timone-della-squadra-dopo-10-anni\/","og_locale":"it_IT","og_type":"article","og_title":"Fiorentina: esonerato Iachini, Prandelli torna al timone della squadra dopo 10 anni","og_description":"Sotto la sua guida dal 2005 al 2010 la Fiorentina ha ottenuto due qualificazione alla Champions League e una semifinale in Coppa Uefa","og_url":"https:\/\/www.intoscana.it\/it\/fiorentina-esonerato-iachini-prandelli-torna-al-timone-della-squadra-dopo-10-anni\/","og_site_name":"intoscana","article_publisher":"https:\/\/www.facebook.com\/intoscana.it","article_published_time":"2020-11-10T08:46:06+00:00","article_modified_time":"2020-11-10T13:24:54+00:00","og_image":[{"width":2048,"height":1370,"url":"https:\/\/www.intoscana.it\/wp-content\/uploads\/Cesare_Prandelli-scaled.jpg","type":"image\/jpeg"}],"author":"Redazione","twitter_card":"summary_large_image","twitter_creator":"@intoscana","twitter_site":"@intoscana","twitter_misc":{"Written by":"Redazione","Est. reading time":"5 minuti"},"schema":{"@context":"https:\/\/schema.org","@graph":[{"@type":"WebPage","@id":"https:\/\/www.intoscana.it\/it\/fiorentina-esonerato-iachini-prandelli-torna-al-timone-della-squadra-dopo-10-anni\/","url":"https:\/\/www.intoscana.it\/it\/fiorentina-esonerato-iachini-prandelli-torna-al-timone-della-squadra-dopo-10-anni\/","name":"Fiorentina: esonerato Iachini, Prandelli torna al timone della squadra dopo 10 anni - intoscana","isPartOf":{"@id":"https:\/\/www.intoscana.it\/it\/#website"},"primaryImageOfPage":{"@id":"https:\/\/www.intoscana.it\/it\/fiorentina-esonerato-iachini-prandelli-torna-al-timone-della-squadra-dopo-10-anni\/#primaryimage"},"image":{"@id":"https:\/\/www.intoscana.it\/it\/fiorentina-esonerato-iachini-prandelli-torna-al-timone-della-squadra-dopo-10-anni\/#primaryimage"},"thumbnailUrl":"https:\/\/www.intoscana.it\/wp-content\/uploads\/Cesare_Prandelli-scaled.jpg","datePublished":"2020-11-10T08:46:06+00:00","dateModified":"2020-11-10T13:24:54+00:00","author":{"@id":"https:\/\/www.intoscana.it\/it\/#\/schema\/person\/9223810753230f20bd670fdd322661f8"},"description":"Sotto la sua guida dal 2005 al 2010 la Fiorentina ha ottenuto due qualificazione alla Champions League e una semifinale in Coppa Uefa","breadcrumb":{"@id":"https:\/\/www.intoscana.it\/it\/fiorentina-esonerato-iachini-prandelli-torna-al-timone-della-squadra-dopo-10-anni\/#breadcrumb"},"inLanguage":"it-IT","potentialAction":[{"@type":"ReadAction","target":["https:\/\/www.intoscana.it\/it\/fiorentina-esonerato-iachini-prandelli-torna-al-timone-della-squadra-dopo-10-anni\/"]}]},{"@type":"ImageObject","inLanguage":"it-IT","@id":"https:\/\/www.intoscana.it\/it\/fiorentina-esonerato-iachini-prandelli-torna-al-timone-della-squadra-dopo-10-anni\/#primaryimage","url":"https:\/\/www.intoscana.it\/wp-content\/uploads\/Cesare_Prandelli-scaled.jpg","contentUrl":"https:\/\/www.intoscana.it\/wp-content\/uploads\/Cesare_Prandelli-scaled.jpg","width":2048,"height":1370,"caption":"Genoa's head coach Cesare Prandelli during the Italian Serie A soccer match Spal 2013 vs Genoa CFC at Paolo Mazza Stadium in Ferrara,Italy, 28 April 2019.ANSA\/SERENA CAMPANINI"},{"@type":"BreadcrumbList","@id":"https:\/\/www.intoscana.it\/it\/fiorentina-esonerato-iachini-prandelli-torna-al-timone-della-squadra-dopo-10-anni\/#breadcrumb","itemListElement":[{"@type":"ListItem","position":1,"name":"Home","item":"https:\/\/www.intoscana.it\/it\/"},{"@type":"ListItem","position":2,"name":"Fiorentina: esonerato Iachini, Prandelli torna al timone della squadra dopo 10 anni"}]},{"@type":"WebSite","@id":"https:\/\/www.intoscana.it\/it\/#website","url":"https:\/\/www.intoscana.it\/it\/","name":"intoscana","description":"","potentialAction":[{"@type":"SearchAction","target":{"@type":"EntryPoint","urlTemplate":"https:\/\/www.intoscana.it\/it\/?s={search_term_string}"},"query-input":{"@type":"PropertyValueSpecification","valueRequired":true,"valueName":"search_term_string"}}],"inLanguage":"it-IT"},{"@type":"Person","@id":"https:\/\/www.intoscana.it\/it\/#\/schema\/person\/9223810753230f20bd670fdd322661f8","name":"Redazione","url":"https:\/\/www.intoscana.it\/it\/author\/redazione\/"}]}},"_links":{"self":[{"href":"https:\/\/www.intoscana.it\/it\/wp-json\/wp\/v2\/posts\/157928","targetHints":{"allow":["GET"]}}],"collection":[{"href":"https:\/\/www.intoscana.it\/it\/wp-json\/wp\/v2\/posts"}],"about":[{"href":"https:\/\/www.intoscana.it\/it\/wp-json\/wp\/v2\/types\/post"}],"author":[{"embeddable":true,"href":"https:\/\/www.intoscana.it\/it\/wp-json\/wp\/v2\/users\/525"}],"replies":[{"embeddable":true,"href":"https:\/\/www.intoscana.it\/it\/wp-json\/wp\/v2\/comments?post=157928"}],"version-history":[{"count":0,"href":"https:\/\/www.intoscana.it\/it\/wp-json\/wp\/v2\/posts\/157928\/revisions"}],"wp:featuredmedia":[{"embeddable":true,"href":"https:\/\/www.intoscana.it\/it\/wp-json\/wp\/v2\/media\/157931"}],"wp:attachment":[{"href":"https:\/\/www.intoscana.it\/it\/wp-json\/wp\/v2\/media?parent=157928"}],"wp:term":[{"taxonomy":"category","embeddable":true,"href":"https:\/\/www.intoscana.it\/it\/wp-json\/wp\/v2\/categories?post=157928"},{"taxonomy":"post_tag","embeddable":true,"href":"https:\/\/www.intoscana.it\/it\/wp-json\/wp\/v2\/tags?post=157928"}],"curies":[{"name":"wp","href":"https:\/\/api.w.org\/{rel}","templated":true}]}}