{"id":157997,"date":"2020-11-10T15:59:33","date_gmt":"2020-11-10T14:59:33","guid":{"rendered":"https:\/\/www.intoscana.it\/it\/?p=157997"},"modified":"2020-11-11T15:03:53","modified_gmt":"2020-11-11T14:03:53","slug":"covid-19-in-toscana-2-223-casi-positivi-eta-media-47-anni-54-decessi","status":"publish","type":"post","link":"https:\/\/www.intoscana.it\/it\/covid-19-in-toscana-2-223-casi-positivi-eta-media-47-anni-54-decessi\/","title":{"rendered":"Covid-19 in Toscana: 2.223 casi positivi, et\u00e0 media 47 anni, 54 decessi"},"content":{"rendered":"<p>In Toscana sono 67.413 i\u00a0<strong>casi di positivit\u00e0 al Coronavirus<\/strong>,\u00a0<strong>2.223 in pi\u00f9 rispetto a ieri<\/strong>\u00a0(1.746 identificati in corso di tracciamento e 477 da attivit\u00e0 di screening). I nuovi casi sono il 3,4% in pi\u00f9 rispetto al totale del giorno precedente. L&#8217;et\u00e0 media dei 2.223 casi odierni \u00e8 di 47 anni circa (il 13% ha meno di 20 anni, il 24% tra 20 e 39 anni, il 34% tra 40 e 59 anni, il 21% tra 60 e 79 anni, l\u20198% ha 80 anni o pi\u00f9).<\/p>\n<p><strong>I guariti crescono dell\u20191,8%<\/strong>\u00a0e raggiungono quota 19.451 (28,9% dei casi totali). I\u00a0<strong>tamponi eseguiti\u00a0<\/strong>hanno raggiunto quota 1.241.973,\u00a0<strong>14.248 in pi\u00f9 rispetto a ieri<\/strong>. Sono 7.336 i soggetti testati (escludendo i tamponi di controllo), di cui il 30,3% \u00e8 risultato positivo. A questi si aggiungono i 1.593 tamponi antigenici rapidi eseguiti oggi. Gli attualmente positivi sono oggi 46.314, +4,1% rispetto a ieri. I ricoverati sono 1.824 (48 in pi\u00f9 rispetto a ieri), di cui 242 in terapia intensiva (8 in pi\u00f9).<\/p>\n<p><strong>Oggi si registrano 54 nuovi decessi: 27 uomini e 27 donne con un&#8217;et\u00e0 media di 83 anni<\/strong>. Relativamente alla provincia di residenza, le persone decedute sono: 18 a Firenze, 5 a Prato, 5 a Pistoia, 3 a Massa Carrara, 7 a Lucca, 5 a Pisa, 6 a Livorno, 4 a Arezzo, 1 a Grosseto.<\/p>\n<p>Questi i dati &#8211; accertati alle ore 12 di oggi sulla base delle richieste della Protezione Civile Nazionale &#8211; relativi all&#8217;andamento dell&#8217;epidemia in regione.<\/p>\n<p>Si ricorda che a partire dal 24 giugno 2020, il Ministero della Salute ha modificato il sistema di rilevazione dei dati sulla diffusione del Covid-19. I casi positivi non sono pi\u00f9 indicati secondo la provincia di notifica, bens\u00ec in base alla provincia di residenza o domicilio.<\/p>\n<p><strong>Di seguito i casi di positivit\u00e0 sul territorio<\/strong>\u00a0con la variazione rispetto a ieri. Sono 19.862 i casi complessivi ad oggi a Firenze (558 in pi\u00f9 rispetto a ieri), 5.860 a Prato (205 in pi\u00f9), 5.528 a Pistoia (189 in pi\u00f9), 3.670 a Massa (89 in pi\u00f9), 6.328 a Lucca (171 in pi\u00f9), 9.113 a Pisa (431 in pi\u00f9), 4.891 a Livorno (201 in pi\u00f9), 6.622 ad Arezzo (232 in pi\u00f9), 2.873 a Siena (79 in pi\u00f9), 2.111 a Grosseto (68 in pi\u00f9). Sono 555 i casi positivi notificati in Toscana, ma residenti in altre regioni.<br \/>\nSono 952, quindi, i casi riscontrati oggi nell&#8217;Asl Centro, 892 nella Nord Ovest, 379 nella Sud est.<\/p>\n<p>La Toscana si trova al 7\u00b0 posto in Italia come numerosit\u00e0 di casi (comprensivi di residenti e non residenti), con circa 1.807 casi per 100.000 abitanti (media italiana circa 1.591 x100.000, dato di ieri). Le province di notifica con il tasso pi\u00f9 alto sono Prato con 2.274 casi x100.000 abitanti, Pisa con 2.175, Firenze con 1.964, la pi\u00f9 bassa Grosseto con 952.<\/p>\n<p>Complessivamente,\u00a0<strong>44.490 persone sono in isolamento a casa<\/strong>, poich\u00e9 presentano sintomi lievi che non richiedono cure ospedaliere o risultano prive di sintomi (1.786 in pi\u00f9 rispetto a ieri, pi\u00f9 4,2%).\u00a0Sono\u00a0<strong>38.769<\/strong>\u00a0(3.273 in pi\u00f9 rispetto a ieri, pi\u00f9 9,2%) le persone, anche loro isolate,<strong>\u00a0in sorveglianza attiva<\/strong>, perch\u00e9 hanno avuto contatti con persone contagiate (Asl Centro 14.041, Nord Ovest 14.704, Sud Est 10.024).<\/p>\n<p><strong>Le persone ricoverate nei posti letto dedicati ai pazienti Covid oggi sono complessivamente 1.824<\/strong>\u00a0(48 in pi\u00f9 rispetto a ieri, pi\u00f9 2,7%), 242 in terapia intensiva (8 in pi\u00f9 rispetto a ieri, pi\u00f9 3,4%).<\/p>\n<p>Le\u00a0<strong>persone<\/strong>\u00a0complessivamente\u00a0<strong>gu<wbr \/>arite<\/strong>\u00a0sono 19.451 (<strong>335 in pi\u00f9 rispetto a ieri<\/strong>, pi\u00f9 1,8%): 1.308 persone clinicamente guarite (stabili rispetto a ieri), divenute cio\u00e8 asintomatiche dopo aver presentato manifestazioni cliniche associate all&#8217;infezione e 18.143 (335 in pi\u00f9 rispetto a ieri, pi\u00f9 1,9%) dichiarate guarite a tutti gli effetti, le cosiddette guarigioni virali, con doppio tampone negativo.<\/p>\n<p>Sono\u00a0<strong>1.648 i deceduti dall&#8217;inizio dell&#8217;epidemia<\/strong>\u00a0cosi ripartiti: 607 a Firenze, 90 a Prato, 123 a Pistoia, 217 a Massa Carrara, 182 a Lucca, 150 a Pisa, 106 a Livorno, 90 ad Arezzo, 37 a Siena, 29 a Grosseto, 17 persone sono decedute sul suolo toscano ma erano residenti fuori regione.<\/p>\n<p>Il tasso grezzo di mortalit\u00e0 toscano (numero di deceduti\/popolazione residente) per Covid-19 \u00e8 di 44,2 x100.000 residenti contro il 69,2 x100.000 della media italiana (11\u00b0 regione). Per quanto riguarda le province, il tasso di mortalit\u00e0 pi\u00f9 alto si riscontra a Massa Carrara (111,4 x100.000), Firenze (60,0 x100.000) e Lucca (46,9 x100.000), il pi\u00f9 basso a Grosseto (13,1 x100.000).<\/p>\n","protected":false},"excerpt":{"rendered":"<p>Le persone ricoverate nei posti letto dedicati ai pazienti Covid oggi sono complessivamente 1.824 (48 in pi\u00f9 rispetto a ieri, pi\u00f9 2,7%), 242 in terapia intensiva (8 in pi\u00f9 rispetto a ieri, pi\u00f9 3,4%)<\/p>\n","protected":false},"author":525,"featured_media":152334,"comment_status":"open","ping_status":"open","sticky":false,"template":"","format":"standard","meta":{"_acf_changed":false,"footnotes":""},"categories":[494],"tags":[4868,418,4887],"class_list":["post-157997","post","type-post","status-publish","format-standard","has-post-thumbnail","hentry","category-attualita","tag-bollettino-covid-toscana","tag-covid-19","tag-zona-arancione"],"acf":[],"yoast_head":"<!-- This site is optimized with the Yoast SEO Premium plugin v24.2 (Yoast SEO v25.6) - https:\/\/yoast.com\/wordpress\/plugins\/seo\/ -->\n<title>Covid-19 in Toscana: 2.223 casi positivi, et\u00e0 media 47 anni, 54 decessi - intoscana<\/title>\n<meta name=\"description\" content=\"Le persone ricoverate nei posti letto dedicati ai pazienti Covid oggi sono complessivamente 1.824, 242 in terapia intensiva\" \/>\n<meta name=\"robots\" content=\"index, follow, max-snippet:-1, max-image-preview:large, max-video-preview:-1\" \/>\n<link rel=\"canonical\" href=\"https:\/\/www.intoscana.it\/it\/covid-19-in-toscana-2-223-casi-positivi-eta-media-47-anni-54-decessi\/\" \/>\n<meta property=\"og:locale\" content=\"it_IT\" \/>\n<meta property=\"og:type\" content=\"article\" \/>\n<meta property=\"og:title\" content=\"Covid-19 in Toscana: 2.223 casi positivi, et\u00e0 media 47 anni, 54 decessi\" \/>\n<meta property=\"og:description\" content=\"Le persone ricoverate nei posti letto dedicati ai pazienti Covid oggi sono complessivamente 1.824, 242 in terapia intensiva\" \/>\n<meta property=\"og:url\" content=\"https:\/\/www.intoscana.it\/it\/covid-19-in-toscana-2-223-casi-positivi-eta-media-47-anni-54-decessi\/\" \/>\n<meta property=\"og:site_name\" content=\"intoscana\" \/>\n<meta property=\"article:publisher\" content=\"https:\/\/www.facebook.com\/intoscana.it\" \/>\n<meta property=\"article:published_time\" content=\"2020-11-10T14:59:33+00:00\" \/>\n<meta property=\"article:modified_time\" content=\"2020-11-11T14:03:53+00:00\" \/>\n<meta property=\"og:image\" content=\"https:\/\/www.intoscana.it\/wp-content\/uploads\/Covid-David-Veksler-Unsplash.jpg\" \/>\n\t<meta property=\"og:image:width\" content=\"1920\" \/>\n\t<meta property=\"og:image:height\" content=\"1278\" \/>\n\t<meta property=\"og:image:type\" content=\"image\/jpeg\" \/>\n<meta name=\"author\" content=\"Redazione\" \/>\n<meta name=\"twitter:card\" content=\"summary_large_image\" \/>\n<meta name=\"twitter:creator\" content=\"@intoscana\" \/>\n<meta name=\"twitter:site\" content=\"@intoscana\" \/>\n<meta name=\"twitter:label1\" content=\"Written by\" \/>\n\t<meta name=\"twitter:data1\" content=\"Redazione\" \/>\n\t<meta name=\"twitter:label2\" content=\"Est. reading time\" \/>\n\t<meta name=\"twitter:data2\" content=\"3 minuti\" \/>\n<script type=\"application\/ld+json\" class=\"yoast-schema-graph\">{\"@context\":\"https:\/\/schema.org\",\"@graph\":[{\"@type\":\"WebPage\",\"@id\":\"https:\/\/www.intoscana.it\/it\/covid-19-in-toscana-2-223-casi-positivi-eta-media-47-anni-54-decessi\/\",\"url\":\"https:\/\/www.intoscana.it\/it\/covid-19-in-toscana-2-223-casi-positivi-eta-media-47-anni-54-decessi\/\",\"name\":\"Covid-19 in Toscana: 2.223 casi positivi, et\u00e0 media 47 anni, 54 decessi - intoscana\",\"isPartOf\":{\"@id\":\"https:\/\/www.intoscana.it\/it\/#website\"},\"primaryImageOfPage\":{\"@id\":\"https:\/\/www.intoscana.it\/it\/covid-19-in-toscana-2-223-casi-positivi-eta-media-47-anni-54-decessi\/#primaryimage\"},\"image\":{\"@id\":\"https:\/\/www.intoscana.it\/it\/covid-19-in-toscana-2-223-casi-positivi-eta-media-47-anni-54-decessi\/#primaryimage\"},\"thumbnailUrl\":\"https:\/\/www.intoscana.it\/wp-content\/uploads\/Covid-David-Veksler-Unsplash.jpg\",\"datePublished\":\"2020-11-10T14:59:33+00:00\",\"dateModified\":\"2020-11-11T14:03:53+00:00\",\"author\":{\"@id\":\"https:\/\/www.intoscana.it\/it\/#\/schema\/person\/9223810753230f20bd670fdd322661f8\"},\"description\":\"Le persone ricoverate nei posti letto dedicati ai pazienti Covid oggi sono complessivamente 1.824, 242 in terapia intensiva\",\"breadcrumb\":{\"@id\":\"https:\/\/www.intoscana.it\/it\/covid-19-in-toscana-2-223-casi-positivi-eta-media-47-anni-54-decessi\/#breadcrumb\"},\"inLanguage\":\"it-IT\",\"potentialAction\":[{\"@type\":\"ReadAction\",\"target\":[\"https:\/\/www.intoscana.it\/it\/covid-19-in-toscana-2-223-casi-positivi-eta-media-47-anni-54-decessi\/\"]}]},{\"@type\":\"ImageObject\",\"inLanguage\":\"it-IT\",\"@id\":\"https:\/\/www.intoscana.it\/it\/covid-19-in-toscana-2-223-casi-positivi-eta-media-47-anni-54-decessi\/#primaryimage\",\"url\":\"https:\/\/www.intoscana.it\/wp-content\/uploads\/Covid-David-Veksler-Unsplash.jpg\",\"contentUrl\":\"https:\/\/www.intoscana.it\/wp-content\/uploads\/Covid-David-Veksler-Unsplash.jpg\",\"width\":1920,\"height\":1278,\"caption\":\"Madre e figlia ai tempi del Covid\"},{\"@type\":\"BreadcrumbList\",\"@id\":\"https:\/\/www.intoscana.it\/it\/covid-19-in-toscana-2-223-casi-positivi-eta-media-47-anni-54-decessi\/#breadcrumb\",\"itemListElement\":[{\"@type\":\"ListItem\",\"position\":1,\"name\":\"Home\",\"item\":\"https:\/\/www.intoscana.it\/it\/\"},{\"@type\":\"ListItem\",\"position\":2,\"name\":\"Covid-19 in Toscana: 2.223 casi positivi, et\u00e0 media 47 anni, 54 decessi\"}]},{\"@type\":\"WebSite\",\"@id\":\"https:\/\/www.intoscana.it\/it\/#website\",\"url\":\"https:\/\/www.intoscana.it\/it\/\",\"name\":\"intoscana\",\"description\":\"\",\"potentialAction\":[{\"@type\":\"SearchAction\",\"target\":{\"@type\":\"EntryPoint\",\"urlTemplate\":\"https:\/\/www.intoscana.it\/it\/?s={search_term_string}\"},\"query-input\":{\"@type\":\"PropertyValueSpecification\",\"valueRequired\":true,\"valueName\":\"search_term_string\"}}],\"inLanguage\":\"it-IT\"},{\"@type\":\"Person\",\"@id\":\"https:\/\/www.intoscana.it\/it\/#\/schema\/person\/9223810753230f20bd670fdd322661f8\",\"name\":\"Redazione\",\"url\":\"https:\/\/www.intoscana.it\/it\/author\/redazione\/\"}]}<\/script>\n<!-- \/ Yoast SEO Premium plugin. -->","yoast_head_json":{"title":"Covid-19 in Toscana: 2.223 casi positivi, et\u00e0 media 47 anni, 54 decessi - intoscana","description":"Le persone ricoverate nei posti letto dedicati ai pazienti Covid oggi sono complessivamente 1.824, 242 in terapia intensiva","robots":{"index":"index","follow":"follow","max-snippet":"max-snippet:-1","max-image-preview":"max-image-preview:large","max-video-preview":"max-video-preview:-1"},"canonical":"https:\/\/www.intoscana.it\/it\/covid-19-in-toscana-2-223-casi-positivi-eta-media-47-anni-54-decessi\/","og_locale":"it_IT","og_type":"article","og_title":"Covid-19 in Toscana: 2.223 casi positivi, et\u00e0 media 47 anni, 54 decessi","og_description":"Le persone ricoverate nei posti letto dedicati ai pazienti Covid oggi sono complessivamente 1.824, 242 in terapia intensiva","og_url":"https:\/\/www.intoscana.it\/it\/covid-19-in-toscana-2-223-casi-positivi-eta-media-47-anni-54-decessi\/","og_site_name":"intoscana","article_publisher":"https:\/\/www.facebook.com\/intoscana.it","article_published_time":"2020-11-10T14:59:33+00:00","article_modified_time":"2020-11-11T14:03:53+00:00","og_image":[{"width":1920,"height":1278,"url":"https:\/\/www.intoscana.it\/wp-content\/uploads\/Covid-David-Veksler-Unsplash.jpg","type":"image\/jpeg"}],"author":"Redazione","twitter_card":"summary_large_image","twitter_creator":"@intoscana","twitter_site":"@intoscana","twitter_misc":{"Written by":"Redazione","Est. reading time":"3 minuti"},"schema":{"@context":"https:\/\/schema.org","@graph":[{"@type":"WebPage","@id":"https:\/\/www.intoscana.it\/it\/covid-19-in-toscana-2-223-casi-positivi-eta-media-47-anni-54-decessi\/","url":"https:\/\/www.intoscana.it\/it\/covid-19-in-toscana-2-223-casi-positivi-eta-media-47-anni-54-decessi\/","name":"Covid-19 in Toscana: 2.223 casi positivi, et\u00e0 media 47 anni, 54 decessi - intoscana","isPartOf":{"@id":"https:\/\/www.intoscana.it\/it\/#website"},"primaryImageOfPage":{"@id":"https:\/\/www.intoscana.it\/it\/covid-19-in-toscana-2-223-casi-positivi-eta-media-47-anni-54-decessi\/#primaryimage"},"image":{"@id":"https:\/\/www.intoscana.it\/it\/covid-19-in-toscana-2-223-casi-positivi-eta-media-47-anni-54-decessi\/#primaryimage"},"thumbnailUrl":"https:\/\/www.intoscana.it\/wp-content\/uploads\/Covid-David-Veksler-Unsplash.jpg","datePublished":"2020-11-10T14:59:33+00:00","dateModified":"2020-11-11T14:03:53+00:00","author":{"@id":"https:\/\/www.intoscana.it\/it\/#\/schema\/person\/9223810753230f20bd670fdd322661f8"},"description":"Le persone ricoverate nei posti letto dedicati ai pazienti Covid oggi sono complessivamente 1.824, 242 in terapia intensiva","breadcrumb":{"@id":"https:\/\/www.intoscana.it\/it\/covid-19-in-toscana-2-223-casi-positivi-eta-media-47-anni-54-decessi\/#breadcrumb"},"inLanguage":"it-IT","potentialAction":[{"@type":"ReadAction","target":["https:\/\/www.intoscana.it\/it\/covid-19-in-toscana-2-223-casi-positivi-eta-media-47-anni-54-decessi\/"]}]},{"@type":"ImageObject","inLanguage":"it-IT","@id":"https:\/\/www.intoscana.it\/it\/covid-19-in-toscana-2-223-casi-positivi-eta-media-47-anni-54-decessi\/#primaryimage","url":"https:\/\/www.intoscana.it\/wp-content\/uploads\/Covid-David-Veksler-Unsplash.jpg","contentUrl":"https:\/\/www.intoscana.it\/wp-content\/uploads\/Covid-David-Veksler-Unsplash.jpg","width":1920,"height":1278,"caption":"Madre e figlia ai tempi del Covid"},{"@type":"BreadcrumbList","@id":"https:\/\/www.intoscana.it\/it\/covid-19-in-toscana-2-223-casi-positivi-eta-media-47-anni-54-decessi\/#breadcrumb","itemListElement":[{"@type":"ListItem","position":1,"name":"Home","item":"https:\/\/www.intoscana.it\/it\/"},{"@type":"ListItem","position":2,"name":"Covid-19 in Toscana: 2.223 casi positivi, et\u00e0 media 47 anni, 54 decessi"}]},{"@type":"WebSite","@id":"https:\/\/www.intoscana.it\/it\/#website","url":"https:\/\/www.intoscana.it\/it\/","name":"intoscana","description":"","potentialAction":[{"@type":"SearchAction","target":{"@type":"EntryPoint","urlTemplate":"https:\/\/www.intoscana.it\/it\/?s={search_term_string}"},"query-input":{"@type":"PropertyValueSpecification","valueRequired":true,"valueName":"search_term_string"}}],"inLanguage":"it-IT"},{"@type":"Person","@id":"https:\/\/www.intoscana.it\/it\/#\/schema\/person\/9223810753230f20bd670fdd322661f8","name":"Redazione","url":"https:\/\/www.intoscana.it\/it\/author\/redazione\/"}]}},"_links":{"self":[{"href":"https:\/\/www.intoscana.it\/it\/wp-json\/wp\/v2\/posts\/157997","targetHints":{"allow":["GET"]}}],"collection":[{"href":"https:\/\/www.intoscana.it\/it\/wp-json\/wp\/v2\/posts"}],"about":[{"href":"https:\/\/www.intoscana.it\/it\/wp-json\/wp\/v2\/types\/post"}],"author":[{"embeddable":true,"href":"https:\/\/www.intoscana.it\/it\/wp-json\/wp\/v2\/users\/525"}],"replies":[{"embeddable":true,"href":"https:\/\/www.intoscana.it\/it\/wp-json\/wp\/v2\/comments?post=157997"}],"version-history":[{"count":0,"href":"https:\/\/www.intoscana.it\/it\/wp-json\/wp\/v2\/posts\/157997\/revisions"}],"wp:featuredmedia":[{"embeddable":true,"href":"https:\/\/www.intoscana.it\/it\/wp-json\/wp\/v2\/media\/152334"}],"wp:attachment":[{"href":"https:\/\/www.intoscana.it\/it\/wp-json\/wp\/v2\/media?parent=157997"}],"wp:term":[{"taxonomy":"category","embeddable":true,"href":"https:\/\/www.intoscana.it\/it\/wp-json\/wp\/v2\/categories?post=157997"},{"taxonomy":"post_tag","embeddable":true,"href":"https:\/\/www.intoscana.it\/it\/wp-json\/wp\/v2\/tags?post=157997"}],"curies":[{"name":"wp","href":"https:\/\/api.w.org\/{rel}","templated":true}]}}