{"id":158081,"date":"2020-11-11T15:21:32","date_gmt":"2020-11-11T14:21:32","guid":{"rendered":"https:\/\/www.intoscana.it\/it\/?p=158081"},"modified":"2020-11-11T15:27:14","modified_gmt":"2020-11-11T14:27:14","slug":"parte-dalla-toscana-la-rivoluzione-della-moda-sostenibile-nasce-sfashion-net-it","status":"publish","type":"post","link":"https:\/\/www.intoscana.it\/it\/parte-dalla-toscana-la-rivoluzione-della-moda-sostenibile-nasce-sfashion-net-it\/","title":{"rendered":"Parte dalla Toscana la rivoluzione della moda sostenibile: nasce &#8220;Sfashion-Net.it&#8221;"},"content":{"rendered":"<p>La societ\u00e0 dei consumi ci ha ormai abituati al <strong>&#8220;fast fashion&#8221;<\/strong> cio\u00e8 abiti che costano pochissimo, che vengono buttati via quasi fossero &#8220;usa e getta&#8221; ma che <strong>hanno un enorme costo per l&#8217;ambiente<\/strong> per la quantit\u00e0 di acqua ed energia che richiedono per essere realizzati e <strong>un costo anche umano<\/strong> perch\u00e8 chi li produce\u00a0vive spesso in <strong>zone povere del mondo,<\/strong> lavora non in sicurezza rischiando la salute e la vita e venendo pagato pochissimo.<\/p>\n<h3>Il progetto innovativo<\/h3>\n<p>Per combattere tutto questo \u00e8 nato durante il primo lockdown <a href=\"https:\/\/www.sfashion-net.it\" target=\"_blank\" rel=\"noopener noreferrer\"><strong>\u00a0Sfashion-Net.it<\/strong><\/a> un <strong>portale web<\/strong> che vuole creare <strong>una rete di brand, aziende e artigiani che operano tenendo conto dell&#8217;ambiente e che creano prodotti di alt\u00e0 qualit\u00e0<\/strong> fatti per durare nel tempo. <strong>Una moda &#8216;critica&#8217; fatta di produzioni indipendenti<\/strong>\u00a0per <strong>ripensare il &#8220;sistema moda&#8221;<\/strong>\u00a0secondo parametri di <strong>responsabilit\u00e0 ambientale e sociale.<\/strong> Micro, piccole imprese e artigiani che si sono messi insieme perch\u00e8\u00a0&#8220;l&#8217;unione fa la forza&#8221; e <strong>partendo dal basso si pu\u00f2 essere promotori di un cambiamento. <\/strong><\/p>\n<p>Le ideatrici del progetto sono la toscana\u00a0<strong>Marina Savarese <\/strong>e le milanesi <strong>Guya Manzoni e Valeria Santarelli<\/strong> che hanno dichiarato: <em>&#8220;Quando ci siamo lanciate in questo progetto sapevamo gi\u00e0 che non sarebbe stato facile e avremmo dovuto faticare. Eppure quello che ci spinge \u00e8 pi\u00f9 forte della fatica. \u00c9\u00a0amore\u00a0per il mondo della moda che \u00e8 stato depredato della bellezza e della poesia. \u00c9\u00a0fiducia\u00a0nelle relazioni umane, nella collaborazione e nell\u2019unione che fa la forza. <strong>\u00c9\u00a0voglia di ripensare\u00a0un sistema obsoleto, autoreferenziale ed elitario e dare voce ad attori che troppo spesso rimangono fuori scena<\/strong>, ma che ne rappresentano il tessuto unico, innovativo.&#8221;<\/em><\/p>\n<h3>I 5 pilastri fondamentali<\/h3>\n<p><a href=\"https:\/\/www.sfashion-net.it\" target=\"_blank\" rel=\"noopener noreferrer\"><strong>Sfashion-net.it<\/strong> <\/a>\u00e8 una rete basata su <strong>cinque pilastri fondamentali, valori chiave dell&#8217;iniziativa.<\/strong> Cinque le parole d&#8217;ordine per entrare in Sfashion: <strong>&#8220;slow fashion&#8221;<\/strong> un invito a produrre meno senza calendari importi, <strong>&#8220;sartorial&#8221;<\/strong> la sartorialit\u00e0 come approccio produttivo fatto di filiera corta e maestranze locali, <strong>&#8220;soul&#8221;<\/strong> per una moda che ha un&#8217;anima perch\u00e8 dietro ci sono le persone con i loro sogni e le loro storie, <strong>&#8220;sustainable&#8221;<\/strong> una moda attenta all&#8217;ambiente in un&#8217;ottica circolare e <strong>&#8220;social&#8221;<\/strong> un aspetto che preveda inclusione, relazione e connessione tra i brand.<\/p>\n<p>La piattaforma ha due tipologie di utenti:<strong> il consumatore finale che a volte si trova in difficolt\u00e0 a reperire prodotti alternativi,<\/strong> Sfashion svolge dunque il ruolo di &#8220;vetrina&#8221; ma senza e-commerce perch\u00e8\u00a0il rapporto col venditore sia il pi\u00f9 possibile diretto. Dall&#8217;altra parte <strong>offre servizi ai brand che hanno bisogno di comunicazione<\/strong> o di altre funzionalit\u00e0.<\/p>\n<p><strong>&#8220;Il problema del fast-fashion \u00e8 l&#8217;over produzione<\/strong> &#8211; ci ha detto <strong>Marina Savarese<\/strong> &#8211; si produce troppo, con ritmi che non hanno senso che spingono a <strong>un consumo costante<\/strong>. Non si compra pi\u00f9 un abito che dura nel tempo, ma se ne comprano cento che durano un giorno. Tantissime catene di pronto moda non hanno attenzione all&#8217;etica del lavoro, <strong>chi lavora per loro sono schiavi del nuovo millennio.<\/strong> C&#8217;\u00e8 bisogno di educare i consumatori, il fatto di andare a comprare una t-shirt a 5 euro non \u00e8 normale anche se \u00e8 insito ormai nelle nostre abitudini. Il problema \u00e8 nella comunicazione, la moda lavora con le tendenze. Se prima uscivano due stagioni l&#8217;anno, adesso ogni 5 minuti esce qualcosa. Il fatto che &#8220;o sei in o sei out&#8221; funziona ancora sulla psicologia delle persone, sono leve di marketing \u00a0che ancora purtroppo fanno adepti. <strong>Per\u00f2 non ci dimentichiamo che la moda la facciamo noi, \u00e8 il mercato che fa la domanda.<\/strong> Se smettiamo di alimentare un certo\u00a0tipo di prodotti e produzioni boicottando marchi che non si comportano bene con l&#8217;ambiente e con le persone a un certo punto dovranno prendere in considerazione il calo del fatturato, <strong>prima o poi dovranno fare i conti con consumatori pi\u00f9 attenti.&#8221;<\/strong><\/p>\n<p><img loading=\"lazy\" decoding=\"async\" class=\"alignnone wp-image-158082 size-full\" src=\"https:\/\/www.intoscana.it\/wp-content\/uploads\/Sfashion-Net.jpg\" alt=\"\" width=\"1176\" height=\"783\" srcset=\"https:\/\/www.intoscana.it\/wp-content\/uploads\/Sfashion-Net.jpg 1176w, https:\/\/www.intoscana.it\/wp-content\/uploads\/Sfashion-Net-300x200.jpg 300w, https:\/\/www.intoscana.it\/wp-content\/uploads\/Sfashion-Net-500x333.jpg 500w, https:\/\/www.intoscana.it\/wp-content\/uploads\/Sfashion-Net-768x511.jpg 768w\" sizes=\"auto, (max-width: 1176px) 100vw, 1176px\" \/><\/p>\n<h3>Come si partecipa?<\/h3>\n<p>La rete di<strong> Sfashion-net.it<\/strong> contiene gi\u00e0<strong> 70 brand e altri 30 sono in attesa di essere accettati,<\/strong> ma come si entra in Sfashion-Net.it? E&#8217; semplice basta contattare Sfashion e<strong> riempire un questionario<\/strong>. &#8220;Noi sosteniamo le partite\u00a0Iva e le imprese non gli hobbisti perch\u00e8 vogliamo portare avanti aziende che seppur piccole vogliono sopravvivere e portare avanti il loro lavoro in maniera professionale. -ha dichiarato Marina Savarese &#8211; <strong>L&#8217;inserimento nel portale \u00e8 gratuito.<\/strong> La forza del progetto \u00e8 proprio la selezione accurata \u00a0che noi facciamo. <strong>Noi parliamo e conosciamo personalmente tutti i brand che sono nel portale, altrimenti la rete non serve, diventa solo un contenitore vuoto&#8221;.<\/strong><\/p>\n<h3>Novit\u00e0 in arrivo<\/h3>\n<p>&#8220;Nei prossimi mesi &#8211; conclude Marina- pubblicheremo<strong> una guida per Natale che uscir\u00e0 a entro al fine del mese<\/strong> con le proposte di tutti i brand del nostro portale. Poi <strong>metteremo su un&#8217;area dedicata ai servizi e dei piccoli workshop<\/strong>. Lanceremo delle guide, il progetto \u00e8 grande ed \u00e8 in espansione.&#8221;<\/p>\n","protected":false},"excerpt":{"rendered":"<p>Dalla toscana\u00a0Marina Savarese e le milanesi Guya Manzoni e Valeria Santarelli nasce l&#8217;idea di creare una rete di brand che vogliono fare una moda attenta all&#8217;ambiente e al sociale<\/p>\n","protected":false},"author":518,"featured_media":158084,"comment_status":"open","ping_status":"open","sticky":false,"template":"","format":"standard","meta":{"_acf_changed":false,"footnotes":""},"categories":[9],"tags":[177,4896,4601,402,189,371],"class_list":["post-158081","post","type-post","status-publish","format-standard","has-post-thumbnail","hentry","category-made-in-toscana","tag-ambiente","tag-fashion","tag-green","tag-green-economy","tag-moda","tag-sostenibilita"],"acf":[],"yoast_head":"<!-- This site is optimized with the Yoast SEO Premium plugin v24.2 (Yoast SEO v25.6) - https:\/\/yoast.com\/wordpress\/plugins\/seo\/ -->\n<title>Parte dalla Toscana la rivoluzione della moda sostenibile: nasce &quot;Sfashion-Net.it&quot; - intoscana<\/title>\n<meta name=\"description\" content=\"Dalla toscana\u00a0Marina Savarese e le milanesi Guya Manzoni e Valeria Santarelli nasce l&#039;idea di creare una rete di brand attenti all&#039;ambiente\" \/>\n<meta name=\"robots\" content=\"index, follow, max-snippet:-1, max-image-preview:large, max-video-preview:-1\" \/>\n<link rel=\"canonical\" href=\"https:\/\/www.intoscana.it\/it\/parte-dalla-toscana-la-rivoluzione-della-moda-sostenibile-nasce-sfashion-net-it\/\" \/>\n<meta property=\"og:locale\" content=\"it_IT\" \/>\n<meta property=\"og:type\" content=\"article\" \/>\n<meta property=\"og:title\" content=\"Parte dalla Toscana la rivoluzione della moda sostenibile: nasce &quot;Sfashion-Net.it&quot;\" \/>\n<meta property=\"og:description\" content=\"Dalla toscana\u00a0Marina Savarese e le milanesi Guya Manzoni e Valeria Santarelli nasce l&#039;idea di creare una rete di brand attenti all&#039;ambiente\" \/>\n<meta property=\"og:url\" content=\"https:\/\/www.intoscana.it\/it\/parte-dalla-toscana-la-rivoluzione-della-moda-sostenibile-nasce-sfashion-net-it\/\" \/>\n<meta property=\"og:site_name\" content=\"intoscana\" \/>\n<meta property=\"article:publisher\" content=\"https:\/\/www.facebook.com\/intoscana.it\" \/>\n<meta property=\"article:published_time\" content=\"2020-11-11T14:21:32+00:00\" \/>\n<meta property=\"article:modified_time\" content=\"2020-11-11T14:27:14+00:00\" \/>\n<meta property=\"og:image\" content=\"https:\/\/www.intoscana.it\/wp-content\/uploads\/sarta-scaled.jpg\" \/>\n\t<meta property=\"og:image:width\" content=\"2048\" \/>\n\t<meta property=\"og:image:height\" content=\"1379\" \/>\n\t<meta property=\"og:image:type\" content=\"image\/jpeg\" \/>\n<meta name=\"author\" content=\"Costanza Baldini\" \/>\n<meta name=\"twitter:card\" content=\"summary_large_image\" \/>\n<meta name=\"twitter:creator\" content=\"@intoscana\" \/>\n<meta name=\"twitter:site\" content=\"@intoscana\" \/>\n<meta name=\"twitter:label1\" content=\"Written by\" \/>\n\t<meta name=\"twitter:data1\" content=\"Costanza Baldini\" \/>\n\t<meta name=\"twitter:label2\" content=\"Est. reading time\" \/>\n\t<meta name=\"twitter:data2\" content=\"4 minuti\" \/>\n<script type=\"application\/ld+json\" class=\"yoast-schema-graph\">{\"@context\":\"https:\/\/schema.org\",\"@graph\":[{\"@type\":\"WebPage\",\"@id\":\"https:\/\/www.intoscana.it\/it\/parte-dalla-toscana-la-rivoluzione-della-moda-sostenibile-nasce-sfashion-net-it\/\",\"url\":\"https:\/\/www.intoscana.it\/it\/parte-dalla-toscana-la-rivoluzione-della-moda-sostenibile-nasce-sfashion-net-it\/\",\"name\":\"Parte dalla Toscana la rivoluzione della moda sostenibile: nasce \\\"Sfashion-Net.it\\\" - intoscana\",\"isPartOf\":{\"@id\":\"https:\/\/www.intoscana.it\/it\/#website\"},\"primaryImageOfPage\":{\"@id\":\"https:\/\/www.intoscana.it\/it\/parte-dalla-toscana-la-rivoluzione-della-moda-sostenibile-nasce-sfashion-net-it\/#primaryimage\"},\"image\":{\"@id\":\"https:\/\/www.intoscana.it\/it\/parte-dalla-toscana-la-rivoluzione-della-moda-sostenibile-nasce-sfashion-net-it\/#primaryimage\"},\"thumbnailUrl\":\"https:\/\/www.intoscana.it\/wp-content\/uploads\/sarta-scaled.jpg\",\"datePublished\":\"2020-11-11T14:21:32+00:00\",\"dateModified\":\"2020-11-11T14:27:14+00:00\",\"author\":{\"@id\":\"https:\/\/www.intoscana.it\/it\/#\/schema\/person\/d469f35f09739bdf00bf5dd3f0647a82\"},\"description\":\"Dalla toscana\u00a0Marina Savarese e le milanesi Guya Manzoni e Valeria Santarelli nasce l'idea di creare una rete di brand attenti all'ambiente\",\"breadcrumb\":{\"@id\":\"https:\/\/www.intoscana.it\/it\/parte-dalla-toscana-la-rivoluzione-della-moda-sostenibile-nasce-sfashion-net-it\/#breadcrumb\"},\"inLanguage\":\"it-IT\",\"potentialAction\":[{\"@type\":\"ReadAction\",\"target\":[\"https:\/\/www.intoscana.it\/it\/parte-dalla-toscana-la-rivoluzione-della-moda-sostenibile-nasce-sfashion-net-it\/\"]}]},{\"@type\":\"ImageObject\",\"inLanguage\":\"it-IT\",\"@id\":\"https:\/\/www.intoscana.it\/it\/parte-dalla-toscana-la-rivoluzione-della-moda-sostenibile-nasce-sfashion-net-it\/#primaryimage\",\"url\":\"https:\/\/www.intoscana.it\/wp-content\/uploads\/sarta-scaled.jpg\",\"contentUrl\":\"https:\/\/www.intoscana.it\/wp-content\/uploads\/sarta-scaled.jpg\",\"width\":2048,\"height\":1379},{\"@type\":\"BreadcrumbList\",\"@id\":\"https:\/\/www.intoscana.it\/it\/parte-dalla-toscana-la-rivoluzione-della-moda-sostenibile-nasce-sfashion-net-it\/#breadcrumb\",\"itemListElement\":[{\"@type\":\"ListItem\",\"position\":1,\"name\":\"Home\",\"item\":\"https:\/\/www.intoscana.it\/it\/\"},{\"@type\":\"ListItem\",\"position\":2,\"name\":\"Parte dalla Toscana la rivoluzione della moda sostenibile: nasce &#8220;Sfashion-Net.it&#8221;\"}]},{\"@type\":\"WebSite\",\"@id\":\"https:\/\/www.intoscana.it\/it\/#website\",\"url\":\"https:\/\/www.intoscana.it\/it\/\",\"name\":\"intoscana\",\"description\":\"\",\"potentialAction\":[{\"@type\":\"SearchAction\",\"target\":{\"@type\":\"EntryPoint\",\"urlTemplate\":\"https:\/\/www.intoscana.it\/it\/?s={search_term_string}\"},\"query-input\":{\"@type\":\"PropertyValueSpecification\",\"valueRequired\":true,\"valueName\":\"search_term_string\"}}],\"inLanguage\":\"it-IT\"},{\"@type\":\"Person\",\"@id\":\"https:\/\/www.intoscana.it\/it\/#\/schema\/person\/d469f35f09739bdf00bf5dd3f0647a82\",\"name\":\"Costanza Baldini\",\"url\":\"https:\/\/www.intoscana.it\/it\/author\/costanza-baldini\/\"}]}<\/script>\n<!-- \/ Yoast SEO Premium plugin. -->","yoast_head_json":{"title":"Parte dalla Toscana la rivoluzione della moda sostenibile: nasce \"Sfashion-Net.it\" - intoscana","description":"Dalla toscana\u00a0Marina Savarese e le milanesi Guya Manzoni e Valeria Santarelli nasce l'idea di creare una rete di brand attenti all'ambiente","robots":{"index":"index","follow":"follow","max-snippet":"max-snippet:-1","max-image-preview":"max-image-preview:large","max-video-preview":"max-video-preview:-1"},"canonical":"https:\/\/www.intoscana.it\/it\/parte-dalla-toscana-la-rivoluzione-della-moda-sostenibile-nasce-sfashion-net-it\/","og_locale":"it_IT","og_type":"article","og_title":"Parte dalla Toscana la rivoluzione della moda sostenibile: nasce \"Sfashion-Net.it\"","og_description":"Dalla toscana\u00a0Marina Savarese e le milanesi Guya Manzoni e Valeria Santarelli nasce l'idea di creare una rete di brand attenti all'ambiente","og_url":"https:\/\/www.intoscana.it\/it\/parte-dalla-toscana-la-rivoluzione-della-moda-sostenibile-nasce-sfashion-net-it\/","og_site_name":"intoscana","article_publisher":"https:\/\/www.facebook.com\/intoscana.it","article_published_time":"2020-11-11T14:21:32+00:00","article_modified_time":"2020-11-11T14:27:14+00:00","og_image":[{"width":2048,"height":1379,"url":"https:\/\/www.intoscana.it\/wp-content\/uploads\/sarta-scaled.jpg","type":"image\/jpeg"}],"author":"Costanza Baldini","twitter_card":"summary_large_image","twitter_creator":"@intoscana","twitter_site":"@intoscana","twitter_misc":{"Written by":"Costanza Baldini","Est. reading time":"4 minuti"},"schema":{"@context":"https:\/\/schema.org","@graph":[{"@type":"WebPage","@id":"https:\/\/www.intoscana.it\/it\/parte-dalla-toscana-la-rivoluzione-della-moda-sostenibile-nasce-sfashion-net-it\/","url":"https:\/\/www.intoscana.it\/it\/parte-dalla-toscana-la-rivoluzione-della-moda-sostenibile-nasce-sfashion-net-it\/","name":"Parte dalla Toscana la rivoluzione della moda sostenibile: nasce \"Sfashion-Net.it\" - intoscana","isPartOf":{"@id":"https:\/\/www.intoscana.it\/it\/#website"},"primaryImageOfPage":{"@id":"https:\/\/www.intoscana.it\/it\/parte-dalla-toscana-la-rivoluzione-della-moda-sostenibile-nasce-sfashion-net-it\/#primaryimage"},"image":{"@id":"https:\/\/www.intoscana.it\/it\/parte-dalla-toscana-la-rivoluzione-della-moda-sostenibile-nasce-sfashion-net-it\/#primaryimage"},"thumbnailUrl":"https:\/\/www.intoscana.it\/wp-content\/uploads\/sarta-scaled.jpg","datePublished":"2020-11-11T14:21:32+00:00","dateModified":"2020-11-11T14:27:14+00:00","author":{"@id":"https:\/\/www.intoscana.it\/it\/#\/schema\/person\/d469f35f09739bdf00bf5dd3f0647a82"},"description":"Dalla toscana\u00a0Marina Savarese e le milanesi Guya Manzoni e Valeria Santarelli nasce l'idea di creare una rete di brand attenti all'ambiente","breadcrumb":{"@id":"https:\/\/www.intoscana.it\/it\/parte-dalla-toscana-la-rivoluzione-della-moda-sostenibile-nasce-sfashion-net-it\/#breadcrumb"},"inLanguage":"it-IT","potentialAction":[{"@type":"ReadAction","target":["https:\/\/www.intoscana.it\/it\/parte-dalla-toscana-la-rivoluzione-della-moda-sostenibile-nasce-sfashion-net-it\/"]}]},{"@type":"ImageObject","inLanguage":"it-IT","@id":"https:\/\/www.intoscana.it\/it\/parte-dalla-toscana-la-rivoluzione-della-moda-sostenibile-nasce-sfashion-net-it\/#primaryimage","url":"https:\/\/www.intoscana.it\/wp-content\/uploads\/sarta-scaled.jpg","contentUrl":"https:\/\/www.intoscana.it\/wp-content\/uploads\/sarta-scaled.jpg","width":2048,"height":1379},{"@type":"BreadcrumbList","@id":"https:\/\/www.intoscana.it\/it\/parte-dalla-toscana-la-rivoluzione-della-moda-sostenibile-nasce-sfashion-net-it\/#breadcrumb","itemListElement":[{"@type":"ListItem","position":1,"name":"Home","item":"https:\/\/www.intoscana.it\/it\/"},{"@type":"ListItem","position":2,"name":"Parte dalla Toscana la rivoluzione della moda sostenibile: nasce &#8220;Sfashion-Net.it&#8221;"}]},{"@type":"WebSite","@id":"https:\/\/www.intoscana.it\/it\/#website","url":"https:\/\/www.intoscana.it\/it\/","name":"intoscana","description":"","potentialAction":[{"@type":"SearchAction","target":{"@type":"EntryPoint","urlTemplate":"https:\/\/www.intoscana.it\/it\/?s={search_term_string}"},"query-input":{"@type":"PropertyValueSpecification","valueRequired":true,"valueName":"search_term_string"}}],"inLanguage":"it-IT"},{"@type":"Person","@id":"https:\/\/www.intoscana.it\/it\/#\/schema\/person\/d469f35f09739bdf00bf5dd3f0647a82","name":"Costanza Baldini","url":"https:\/\/www.intoscana.it\/it\/author\/costanza-baldini\/"}]}},"_links":{"self":[{"href":"https:\/\/www.intoscana.it\/it\/wp-json\/wp\/v2\/posts\/158081","targetHints":{"allow":["GET"]}}],"collection":[{"href":"https:\/\/www.intoscana.it\/it\/wp-json\/wp\/v2\/posts"}],"about":[{"href":"https:\/\/www.intoscana.it\/it\/wp-json\/wp\/v2\/types\/post"}],"author":[{"embeddable":true,"href":"https:\/\/www.intoscana.it\/it\/wp-json\/wp\/v2\/users\/518"}],"replies":[{"embeddable":true,"href":"https:\/\/www.intoscana.it\/it\/wp-json\/wp\/v2\/comments?post=158081"}],"version-history":[{"count":0,"href":"https:\/\/www.intoscana.it\/it\/wp-json\/wp\/v2\/posts\/158081\/revisions"}],"wp:featuredmedia":[{"embeddable":true,"href":"https:\/\/www.intoscana.it\/it\/wp-json\/wp\/v2\/media\/158084"}],"wp:attachment":[{"href":"https:\/\/www.intoscana.it\/it\/wp-json\/wp\/v2\/media?parent=158081"}],"wp:term":[{"taxonomy":"category","embeddable":true,"href":"https:\/\/www.intoscana.it\/it\/wp-json\/wp\/v2\/categories?post=158081"},{"taxonomy":"post_tag","embeddable":true,"href":"https:\/\/www.intoscana.it\/it\/wp-json\/wp\/v2\/tags?post=158081"}],"curies":[{"name":"wp","href":"https:\/\/api.w.org\/{rel}","templated":true}]}}