{"id":158748,"date":"2020-11-18T15:00:45","date_gmt":"2020-11-18T14:00:45","guid":{"rendered":"https:\/\/www.intoscana.it\/it\/?p=158748"},"modified":"2020-11-18T15:02:42","modified_gmt":"2020-11-18T14:02:42","slug":"pitti-saloni-febbraio","status":"publish","type":"post","link":"https:\/\/www.intoscana.it\/it\/pitti-saloni-febbraio\/","title":{"rendered":"Pitti Immagine sposta i suoi saloni Uomo, Bimbo e Filati a febbraio"},"content":{"rendered":"<p><strong>Pitti Immagine<\/strong> ha spostato tutte a febbraio, dal 21 al 23, le edizioni invernali dei suoi <a href=\"https:\/\/www.pittimmagine.com\/\" target=\"_blank\" rel=\"noopener noreferrer\">tre saloni<\/a>: <strong>Uomo, Bimbo e Filati,<\/strong> che lungo l&#8217;asse Fortezza da Basso-Stazione Leopolda saranno tre giorni extra ordinari di fiere, eventi speciali,<br \/>\ninstallazioni e live digital.<\/p>\n<p>Lo ha deciso il cda straordinario di Pitti riunito ieri in videoconferenza, una una scelta di sistema &#8211; si spiega in una nota &#8211; per consolidare il calendario italiano delle presentazioni moda e valorizzare le qualit\u00e0 e l&#8217;integrazione della filiera, considerate <strong>l&#8217;attuale situazione dell&#8217;emergenza sanitaria in Italia e nel mondo<\/strong> e le misure di contenimento adottate dal governo italiano.<\/p>\n<p><em>&#8220;All&#8217;indomani dell&#8217;ultimo Dpcm che <\/em><em>prorogava sino al 3 dicembre la sospensione delle fiere <\/em><em>internazionali &#8211; spiega il\u00a0 presidente di Pitti Claudio Marenzi &#8211; <\/em><em>abbiamo iniziato a riflettere sulle reali possibilit\u00e0 di <\/em><em>organizzare i saloni a partire dal 12 gennaio, data stabilita <\/em><em>per l&#8217;uomo, valutando <strong>molto esiguo il margine temporale e troppo <\/strong><\/em><em><strong>incerta la situazione<\/strong>. Abbiamo anche ricevuto sollecitazioni da <\/em><em>parte di espositori e compratori che, ribadendo il bisogno di <\/em><em>ripristinare un confronto fisico e di qualit\u00e0, chiedevano pi\u00f9 <\/em><em>tempo per presentare le collezioni e organizzare la presenza a <\/em><em>Firenze&#8221;.<\/em><\/p>\n<h3>Pitti Immagine punta anche sulla piattaforma Connect<\/h3>\n<p>Nella scelta delle nuove date, prosegue Marenzi, &#8220;<em>abbiamo seguito tre criteri: collocarci in un periodo utile per le campagne vendita; preservare l&#8217;identit\u00e0 di ciascuna manifestazione e, al tempo stesso,<strong> dare un segnale forte di sistema, sia sul fronte della filiera produttivo-commerciale,<\/strong> che rappresenta un valore specifico della moda italiana, sia su quello del calendario italiano delle presentazioni moda (da qui la decisione dei tre giorni precedenti l&#8217;apertura della fashion week di Camera della Moda a Milano)<\/em>&#8220;.<\/p>\n<p><em>&#8220;Siamo consapevoli che intorno alla terza decade di febbraio <\/em><em>la campagna vendita delle collezioni sar\u00e0 gi\u00e0 in fase avanzata &#8211;<\/em><br \/>\nsottolinea Raffaello Napoleone, ad di Pitti Immagine <em>&#8211; ma <\/em><em>sappiamo che ci saranno comunque buoni margini di portafoglio<\/em><br \/>\n<em>per i compratori&#8221;.<br \/>\n<\/em>Inoltre sar\u00e0 aperta in anticipo <strong>per gli <\/strong><strong>espositori la piattaforma digitale <a href=\"https:\/\/www.intoscana.it\/it\/articolo\/pitti-connect\/\" target=\"_blank\" rel=\"noopener noreferrer\">Connect<\/a><\/strong>, su cui spiega Napoleone<em> &#8220;abbiamo <\/em><em>lavorato assiduamente in questi ultimi mesi per potenziare la <\/em><em>raccolta ordini e ampliare la copertura editoriale&#8221;.<\/em><\/p>\n<h3>Tre saloni in sicurezza<\/h3>\n<p>Sono state gi\u00e0 predisposte tutte le <strong>misure di sicurezza anti-Covid<\/strong> necessarie per i tre saloni, dal controllo agli ingressi alla pianificazione delle visite agli stand, da una progettazione degli allestimenti che tenga conto del distanziamento alla sanificazione continua.<\/p>\n<p>Per il dg di Pitti Agostino Poletto, sar\u00e0 &#8220;<em>un Pitti davvero <\/em><em>speciale. Nei prossimi giorni metteremo a punto la <\/em><em>collocazione delle tre fiere negli spazi espositivi, ma la <\/em><em>novit\u00e0 \u00e8 che la <strong>Fortezza ospiter\u00e0 anche un intenso programma di <\/strong><\/em><em><strong>eventi e presentazioni moda<\/strong>, prodotti da ospiti e da una <\/em><em>selezione degli stessi espositori, oppure dedicati a progetti <\/em><em>speciali dei tre saloni. E la stessa contaminazione la <\/em><em>sperimenter\u00e0 la Stazione Leopolda<\/em>&#8220;.<\/p>\n","protected":false},"excerpt":{"rendered":"<p>I tre saloni si terranno alla Fortezza da Basso e alla Stazione Leopolda di Firenze dal 21 al 23 febbraio, con tutte le misure di sicurezza necessarie<\/p>\n","protected":false},"author":525,"featured_media":143312,"comment_status":"open","ping_status":"open","sticky":false,"template":"","format":"standard","meta":{"_acf_changed":false,"footnotes":""},"categories":[494],"tags":[189,405,403,364],"class_list":["post-158748","post","type-post","status-publish","format-standard","has-post-thumbnail","hentry","category-attualita","tag-moda","tag-pitti-bimbo","tag-pitti-immagine","tag-pitti-uomo"],"acf":[],"yoast_head":"<!-- This site is optimized with the Yoast SEO Premium plugin v24.2 (Yoast SEO v25.6) - https:\/\/yoast.com\/wordpress\/plugins\/seo\/ -->\n<title>Pitti Immagine sposta i suoi saloni Uomo, Bimbo e Filati a febbraio - intoscana<\/title>\n<meta name=\"description\" content=\"Pitti Immagine sposta i suoi tre saloni Uomo, Bimbo e Filati a febbraio, con tre edizioni in presenza e sicurezza a Firenze.\" \/>\n<meta name=\"robots\" content=\"index, follow, max-snippet:-1, max-image-preview:large, max-video-preview:-1\" \/>\n<link rel=\"canonical\" href=\"https:\/\/www.intoscana.it\/it\/pitti-saloni-febbraio\/\" \/>\n<meta property=\"og:locale\" content=\"it_IT\" \/>\n<meta property=\"og:type\" content=\"article\" \/>\n<meta property=\"og:title\" content=\"Pitti Immagine sposta i suoi saloni Uomo, Bimbo e Filati a febbraio\" \/>\n<meta property=\"og:description\" content=\"Pitti Immagine sposta i suoi tre saloni Uomo, Bimbo e Filati a febbraio, con tre edizioni in presenza e sicurezza a Firenze.\" \/>\n<meta property=\"og:url\" content=\"https:\/\/www.intoscana.it\/it\/pitti-saloni-febbraio\/\" \/>\n<meta property=\"og:site_name\" content=\"intoscana\" \/>\n<meta property=\"article:publisher\" content=\"https:\/\/www.facebook.com\/intoscana.it\" \/>\n<meta property=\"article:published_time\" content=\"2020-11-18T14:00:45+00:00\" \/>\n<meta property=\"article:modified_time\" content=\"2020-11-18T14:02:42+00:00\" \/>\n<meta property=\"og:image\" content=\"https:\/\/www.intoscana.it\/wp-content\/uploads\/pitti-uomo-firenze-giugno-2017-come-arrivare-2.jpg\" \/>\n\t<meta property=\"og:image:width\" content=\"768\" \/>\n\t<meta property=\"og:image:height\" content=\"461\" \/>\n\t<meta property=\"og:image:type\" content=\"image\/jpeg\" \/>\n<meta name=\"author\" content=\"Redazione\" \/>\n<meta name=\"twitter:card\" content=\"summary_large_image\" \/>\n<meta name=\"twitter:creator\" content=\"@intoscana\" \/>\n<meta name=\"twitter:site\" content=\"@intoscana\" \/>\n<meta name=\"twitter:label1\" content=\"Written by\" \/>\n\t<meta name=\"twitter:data1\" content=\"Redazione\" \/>\n\t<meta name=\"twitter:label2\" content=\"Est. reading time\" \/>\n\t<meta name=\"twitter:data2\" content=\"2 minuti\" \/>\n<script type=\"application\/ld+json\" class=\"yoast-schema-graph\">{\"@context\":\"https:\/\/schema.org\",\"@graph\":[{\"@type\":\"WebPage\",\"@id\":\"https:\/\/www.intoscana.it\/it\/pitti-saloni-febbraio\/\",\"url\":\"https:\/\/www.intoscana.it\/it\/pitti-saloni-febbraio\/\",\"name\":\"Pitti Immagine sposta i suoi saloni Uomo, Bimbo e Filati a febbraio - intoscana\",\"isPartOf\":{\"@id\":\"https:\/\/www.intoscana.it\/it\/#website\"},\"primaryImageOfPage\":{\"@id\":\"https:\/\/www.intoscana.it\/it\/pitti-saloni-febbraio\/#primaryimage\"},\"image\":{\"@id\":\"https:\/\/www.intoscana.it\/it\/pitti-saloni-febbraio\/#primaryimage\"},\"thumbnailUrl\":\"https:\/\/www.intoscana.it\/wp-content\/uploads\/pitti-uomo-firenze-giugno-2017-come-arrivare-2.jpg\",\"datePublished\":\"2020-11-18T14:00:45+00:00\",\"dateModified\":\"2020-11-18T14:02:42+00:00\",\"author\":{\"@id\":\"https:\/\/www.intoscana.it\/it\/#\/schema\/person\/9223810753230f20bd670fdd322661f8\"},\"description\":\"Pitti Immagine sposta i suoi tre saloni Uomo, Bimbo e Filati a febbraio, con tre edizioni in presenza e sicurezza a Firenze.\",\"breadcrumb\":{\"@id\":\"https:\/\/www.intoscana.it\/it\/pitti-saloni-febbraio\/#breadcrumb\"},\"inLanguage\":\"it-IT\",\"potentialAction\":[{\"@type\":\"ReadAction\",\"target\":[\"https:\/\/www.intoscana.it\/it\/pitti-saloni-febbraio\/\"]}]},{\"@type\":\"ImageObject\",\"inLanguage\":\"it-IT\",\"@id\":\"https:\/\/www.intoscana.it\/it\/pitti-saloni-febbraio\/#primaryimage\",\"url\":\"https:\/\/www.intoscana.it\/wp-content\/uploads\/pitti-uomo-firenze-giugno-2017-come-arrivare-2.jpg\",\"contentUrl\":\"https:\/\/www.intoscana.it\/wp-content\/uploads\/pitti-uomo-firenze-giugno-2017-come-arrivare-2.jpg\",\"width\":768,\"height\":461,\"caption\":\"Una delle edizioni di Pitti Uomo\"},{\"@type\":\"BreadcrumbList\",\"@id\":\"https:\/\/www.intoscana.it\/it\/pitti-saloni-febbraio\/#breadcrumb\",\"itemListElement\":[{\"@type\":\"ListItem\",\"position\":1,\"name\":\"Home\",\"item\":\"https:\/\/www.intoscana.it\/it\/\"},{\"@type\":\"ListItem\",\"position\":2,\"name\":\"Pitti Immagine sposta i suoi saloni Uomo, Bimbo e Filati a febbraio\"}]},{\"@type\":\"WebSite\",\"@id\":\"https:\/\/www.intoscana.it\/it\/#website\",\"url\":\"https:\/\/www.intoscana.it\/it\/\",\"name\":\"intoscana\",\"description\":\"\",\"potentialAction\":[{\"@type\":\"SearchAction\",\"target\":{\"@type\":\"EntryPoint\",\"urlTemplate\":\"https:\/\/www.intoscana.it\/it\/?s={search_term_string}\"},\"query-input\":{\"@type\":\"PropertyValueSpecification\",\"valueRequired\":true,\"valueName\":\"search_term_string\"}}],\"inLanguage\":\"it-IT\"},{\"@type\":\"Person\",\"@id\":\"https:\/\/www.intoscana.it\/it\/#\/schema\/person\/9223810753230f20bd670fdd322661f8\",\"name\":\"Redazione\",\"url\":\"https:\/\/www.intoscana.it\/it\/author\/redazione\/\"}]}<\/script>\n<!-- \/ Yoast SEO Premium plugin. -->","yoast_head_json":{"title":"Pitti Immagine sposta i suoi saloni Uomo, Bimbo e Filati a febbraio - intoscana","description":"Pitti Immagine sposta i suoi tre saloni Uomo, Bimbo e Filati a febbraio, con tre edizioni in presenza e sicurezza a Firenze.","robots":{"index":"index","follow":"follow","max-snippet":"max-snippet:-1","max-image-preview":"max-image-preview:large","max-video-preview":"max-video-preview:-1"},"canonical":"https:\/\/www.intoscana.it\/it\/pitti-saloni-febbraio\/","og_locale":"it_IT","og_type":"article","og_title":"Pitti Immagine sposta i suoi saloni Uomo, Bimbo e Filati a febbraio","og_description":"Pitti Immagine sposta i suoi tre saloni Uomo, Bimbo e Filati a febbraio, con tre edizioni in presenza e sicurezza a Firenze.","og_url":"https:\/\/www.intoscana.it\/it\/pitti-saloni-febbraio\/","og_site_name":"intoscana","article_publisher":"https:\/\/www.facebook.com\/intoscana.it","article_published_time":"2020-11-18T14:00:45+00:00","article_modified_time":"2020-11-18T14:02:42+00:00","og_image":[{"width":768,"height":461,"url":"https:\/\/www.intoscana.it\/wp-content\/uploads\/pitti-uomo-firenze-giugno-2017-come-arrivare-2.jpg","type":"image\/jpeg"}],"author":"Redazione","twitter_card":"summary_large_image","twitter_creator":"@intoscana","twitter_site":"@intoscana","twitter_misc":{"Written by":"Redazione","Est. reading time":"2 minuti"},"schema":{"@context":"https:\/\/schema.org","@graph":[{"@type":"WebPage","@id":"https:\/\/www.intoscana.it\/it\/pitti-saloni-febbraio\/","url":"https:\/\/www.intoscana.it\/it\/pitti-saloni-febbraio\/","name":"Pitti Immagine sposta i suoi saloni Uomo, Bimbo e Filati a febbraio - intoscana","isPartOf":{"@id":"https:\/\/www.intoscana.it\/it\/#website"},"primaryImageOfPage":{"@id":"https:\/\/www.intoscana.it\/it\/pitti-saloni-febbraio\/#primaryimage"},"image":{"@id":"https:\/\/www.intoscana.it\/it\/pitti-saloni-febbraio\/#primaryimage"},"thumbnailUrl":"https:\/\/www.intoscana.it\/wp-content\/uploads\/pitti-uomo-firenze-giugno-2017-come-arrivare-2.jpg","datePublished":"2020-11-18T14:00:45+00:00","dateModified":"2020-11-18T14:02:42+00:00","author":{"@id":"https:\/\/www.intoscana.it\/it\/#\/schema\/person\/9223810753230f20bd670fdd322661f8"},"description":"Pitti Immagine sposta i suoi tre saloni Uomo, Bimbo e Filati a febbraio, con tre edizioni in presenza e sicurezza a Firenze.","breadcrumb":{"@id":"https:\/\/www.intoscana.it\/it\/pitti-saloni-febbraio\/#breadcrumb"},"inLanguage":"it-IT","potentialAction":[{"@type":"ReadAction","target":["https:\/\/www.intoscana.it\/it\/pitti-saloni-febbraio\/"]}]},{"@type":"ImageObject","inLanguage":"it-IT","@id":"https:\/\/www.intoscana.it\/it\/pitti-saloni-febbraio\/#primaryimage","url":"https:\/\/www.intoscana.it\/wp-content\/uploads\/pitti-uomo-firenze-giugno-2017-come-arrivare-2.jpg","contentUrl":"https:\/\/www.intoscana.it\/wp-content\/uploads\/pitti-uomo-firenze-giugno-2017-come-arrivare-2.jpg","width":768,"height":461,"caption":"Una delle edizioni di Pitti Uomo"},{"@type":"BreadcrumbList","@id":"https:\/\/www.intoscana.it\/it\/pitti-saloni-febbraio\/#breadcrumb","itemListElement":[{"@type":"ListItem","position":1,"name":"Home","item":"https:\/\/www.intoscana.it\/it\/"},{"@type":"ListItem","position":2,"name":"Pitti Immagine sposta i suoi saloni Uomo, Bimbo e Filati a febbraio"}]},{"@type":"WebSite","@id":"https:\/\/www.intoscana.it\/it\/#website","url":"https:\/\/www.intoscana.it\/it\/","name":"intoscana","description":"","potentialAction":[{"@type":"SearchAction","target":{"@type":"EntryPoint","urlTemplate":"https:\/\/www.intoscana.it\/it\/?s={search_term_string}"},"query-input":{"@type":"PropertyValueSpecification","valueRequired":true,"valueName":"search_term_string"}}],"inLanguage":"it-IT"},{"@type":"Person","@id":"https:\/\/www.intoscana.it\/it\/#\/schema\/person\/9223810753230f20bd670fdd322661f8","name":"Redazione","url":"https:\/\/www.intoscana.it\/it\/author\/redazione\/"}]}},"_links":{"self":[{"href":"https:\/\/www.intoscana.it\/it\/wp-json\/wp\/v2\/posts\/158748","targetHints":{"allow":["GET"]}}],"collection":[{"href":"https:\/\/www.intoscana.it\/it\/wp-json\/wp\/v2\/posts"}],"about":[{"href":"https:\/\/www.intoscana.it\/it\/wp-json\/wp\/v2\/types\/post"}],"author":[{"embeddable":true,"href":"https:\/\/www.intoscana.it\/it\/wp-json\/wp\/v2\/users\/525"}],"replies":[{"embeddable":true,"href":"https:\/\/www.intoscana.it\/it\/wp-json\/wp\/v2\/comments?post=158748"}],"version-history":[{"count":0,"href":"https:\/\/www.intoscana.it\/it\/wp-json\/wp\/v2\/posts\/158748\/revisions"}],"wp:featuredmedia":[{"embeddable":true,"href":"https:\/\/www.intoscana.it\/it\/wp-json\/wp\/v2\/media\/143312"}],"wp:attachment":[{"href":"https:\/\/www.intoscana.it\/it\/wp-json\/wp\/v2\/media?parent=158748"}],"wp:term":[{"taxonomy":"category","embeddable":true,"href":"https:\/\/www.intoscana.it\/it\/wp-json\/wp\/v2\/categories?post=158748"},{"taxonomy":"post_tag","embeddable":true,"href":"https:\/\/www.intoscana.it\/it\/wp-json\/wp\/v2\/tags?post=158748"}],"curies":[{"name":"wp","href":"https:\/\/api.w.org\/{rel}","templated":true}]}}