{"id":159033,"date":"2020-11-20T15:13:33","date_gmt":"2020-11-20T14:13:33","guid":{"rendered":"https:\/\/www.intoscana.it\/it\/?p=159033"},"modified":"2020-11-20T15:14:28","modified_gmt":"2020-11-20T14:14:28","slug":"covid-19-in-toscana-2-207-nuovi-casi-con-uneta-media-di-49-anni-48-i-decessi","status":"publish","type":"post","link":"https:\/\/www.intoscana.it\/it\/covid-19-in-toscana-2-207-nuovi-casi-con-uneta-media-di-49-anni-48-i-decessi\/","title":{"rendered":"Covid-19: in Toscana 2.207 nuovi casi, con un\u2019et\u00e0 media di 49 anni, 48 i decessi"},"content":{"rendered":"<p>In Toscana sono <strong>90.884 i casi di positivit\u00e0 al Coronavirus<\/strong>, <strong>2.207 in pi\u00f9\u00a0<\/strong>rispetto a ieri (1.471 identificati in corso di tracciamento e 736 da attivit\u00e0 di screening). I nuovi casi sono il 2,5% in pi\u00f9 rispetto al totale del giorno precedente. I guariti crescono del 7,4% e raggiungono quota 34.894 (38,4% dei casi totali). I tamponi eseguiti hanno raggiunto quota 1.421.783, 18.442 in pi\u00f9 rispetto a ieri, di cui il 12% positivo. Sono invece <strong>8.340 i soggetti testati oggi<\/strong> (escludendo i tamponi di controllo), di cui il 26,5% \u00e8 risultato positivo. A questi si aggiungono i 3.687 tamponi antigenici rapidi eseguiti oggi. Gli attualmente positivi sono oggi 53.869, -0,5% rispetto a ieri. I ricoverati sono 2.087 (14 in meno rispetto a ieri), di cui 295 in terapia intensiva (8 in pi\u00f9). Oggi si registrano <strong>48 nuovi decessi<\/strong>: 31 uomini e 17 donne, con un&#8217;et\u00e0 media di 79,4 anni.<\/p>\n<p><strong>L&#8217;et\u00e0 media dei 2.207 casi odierni \u00e8 di 49 anni circa<\/strong> (il 10% ha meno di 20 anni, il 22% tra 20 e 39 anni, il 37% tra 40 e 59 anni, il 22% tra 60 e 79 anni, il 9% ha 80 anni o pi\u00f9).<\/p>\n<p>Di seguito<strong> i casi di positivit\u00e0 sul territorio<\/strong> con la variazione rispetto a ieri. Sono 25.664 i casi complessivi ad oggi a Firenze (594 in pi\u00f9 rispetto a ieri), 7.959 a Prato (160 in pi\u00f9), 7.756 a Pistoia (232 in pi\u00f9), 5.727 a Massa-Carrara (189 in pi\u00f9), 8.914 a Lucca (240 in pi\u00f9), 12.499 a Pisa (285 in pi\u00f9), 6.352 a Livorno (145 in pi\u00f9), 8.514 ad Arezzo (154 in pi\u00f9), 3.814 a Siena (94 in pi\u00f9), 3.130 a Grosseto (114 in pi\u00f9). Sono 555 i casi positivi notificati in Toscana, ma residenti in altre regioni.<\/p>\n<p>Sono <strong>986 quindi i casi riscontrati oggi nell&#8217;Asl Centro<\/strong> (somma delle province di Firenze, Prato, Pistoia), 859 nella Nord-Ovest (Massa-Carrara, Lucca, Pisa, Livorno), 362 nella Sud-Est (Arezzo, Siena, Grosseto).<\/p>\n<p><strong>La Toscana si trova al 7\u00b0 posto in Italia come numerosit\u00e0 di casi<\/strong> (comprensivi di residenti e non residenti), con circa 2.437 casi per 100.000 abitanti (media italiana circa 2.168 x100.000, dato di ieri). Le province di notifica con il tasso pi\u00f9 alto sono Prato con 3.088 casi x100.000 abitanti, Pisa con 2.983, Massa-Carrara con 2.939, la pi\u00f9 bassa Grosseto con 1.412.<br \/>\nComplessivamente, 51.782 persone sono in isolamento a casa, poich\u00e9 presentano sintomi lievi che non richiedono cure ospedaliere, o risultano prive di sintomi (241 in meno rispetto a ieri, meno 0,5%).<\/p>\n<p>Sono <strong>51.062 (924 in pi\u00f9 rispetto a ieri, pi\u00f9 1,8%) le persone, anch&#8217;esse isolate, in sorveglianza attiva<\/strong> perch\u00e9 hanno avuto contatti con persone contagiate (ASL Centro 18.021, Nord-Ovest 21.618, Sud-Est 11.423).<\/p>\n<p>Le persone ricoverate nei posti letto dedicati ai pazienti COVID oggi sono complessivamente<strong> 2.087<\/strong> (14 in meno rispetto a ieri, meno 0,7%), 295 in terapia intensiva (8 in pi\u00f9 rispetto a ieri, pi\u00f9 2,8%).<\/p>\n<p><strong>Le persone complessivamente guarite sono 34.894<\/strong> (2.414 in pi\u00f9 rispetto a ieri, pi\u00f9 7,4%): 2.134 persone clinicamente guarite (133 in pi\u00f9 rispetto a ieri, pi\u00f9 6,6%), divenute cio\u00e8 asintomatiche dopo aver presentato manifestazioni cliniche associate all&#8217;infezione e 32.760 (2.281 in pi\u00f9 rispetto a ieri, pi\u00f9 7,5%) dichiarate guarite a tutti gli effetti, le cosiddette guarigioni virali, con doppio tampone negativo.<\/p>\n<p>Oggi si registrano <strong>48 nuovi decessi: 31 uomini e 17 donne, con un&#8217;et\u00e0 media di 79,4 anni.<\/strong><\/p>\n<p>Relativamente alla provincia di residenza, le persone decedute sono: 12 a Firenze, 6 a Prato, 5 a Pistoia, 8 a Massa-Carrara, 9 a Lucca, 2 a Pisa, 1 a Livorno, 4 a Arezzo, 1 a Grosseto.<\/p>\n<p>Sono 2.121 i deceduti dall&#8217;inizio dell&#8217;epidemia cosi ripartiti: 788 a Firenze, 125 a Prato, 165 a Pistoia, 251 a Massa-Carrara, 220 a Lucca, 214 a Pisa, 130 a Livorno, 110 ad Arezzo, 57 a Siena, 42 a Grosseto, 19 persone sono decedute sul suolo toscano ma erano residenti fuori regione.<\/p>\n<p><strong>Il tasso grezzo di mortalit\u00e0 toscano<\/strong> (numero di deceduti\/popolazione residente) <strong>per Covid-19 \u00e8 di 56,9 per 100.000<\/strong> residenti contro il 79,3 per 100.000 della media italiana (10\u00b0 regione). Per quanto riguarda le province, il tasso di mortalit\u00e0 pi\u00f9 alto si riscontra a Massa-Carrara (128,8\u00a0 per 100.000), Firenze (77,9\u00a0 per 100.000) e Lucca (56,7\u00a0 per 100.000), il pi\u00f9 basso a Grosseto (19,0 per 100.000).<\/p>\n","protected":false},"excerpt":{"rendered":"<p>I guariti crescono del 7,4% e raggiungono quota 34.894 (38,4% dei casi totali)<\/p>\n","protected":false},"author":525,"featured_media":149584,"comment_status":"open","ping_status":"open","sticky":false,"template":"","format":"standard","meta":{"_acf_changed":false,"footnotes":""},"categories":[494],"tags":[4868,418],"class_list":["post-159033","post","type-post","status-publish","format-standard","has-post-thumbnail","hentry","category-attualita","tag-bollettino-covid-toscana","tag-covid-19"],"acf":[],"yoast_head":"<!-- This site is optimized with the Yoast SEO Premium plugin v24.2 (Yoast SEO v25.6) - https:\/\/yoast.com\/wordpress\/plugins\/seo\/ -->\n<title>Covid-19: in Toscana 2.207 nuovi casi, con un\u2019et\u00e0 media di 49 anni, 48 i decessi - intoscana<\/title>\n<meta name=\"description\" content=\"I guariti crescono del 7,4% e raggiungono quota 34.894 (38,4% dei casi totali)\" \/>\n<meta name=\"robots\" content=\"index, follow, max-snippet:-1, max-image-preview:large, max-video-preview:-1\" \/>\n<link rel=\"canonical\" href=\"https:\/\/www.intoscana.it\/it\/covid-19-in-toscana-2-207-nuovi-casi-con-uneta-media-di-49-anni-48-i-decessi\/\" \/>\n<meta property=\"og:locale\" content=\"it_IT\" \/>\n<meta property=\"og:type\" content=\"article\" \/>\n<meta property=\"og:title\" content=\"Covid-19: in Toscana 2.207 nuovi casi, con un\u2019et\u00e0 media di 49 anni, 48 i decessi\" \/>\n<meta property=\"og:description\" content=\"I guariti crescono del 7,4% e raggiungono quota 34.894 (38,4% dei casi totali)\" \/>\n<meta property=\"og:url\" content=\"https:\/\/www.intoscana.it\/it\/covid-19-in-toscana-2-207-nuovi-casi-con-uneta-media-di-49-anni-48-i-decessi\/\" \/>\n<meta property=\"og:site_name\" content=\"intoscana\" \/>\n<meta property=\"article:publisher\" content=\"https:\/\/www.facebook.com\/intoscana.it\" \/>\n<meta property=\"article:published_time\" content=\"2020-11-20T14:13:33+00:00\" \/>\n<meta property=\"article:modified_time\" content=\"2020-11-20T14:14:28+00:00\" \/>\n<meta property=\"og:image\" content=\"https:\/\/www.intoscana.it\/wp-content\/uploads\/Coronavirus_gel.jpeg\" \/>\n\t<meta property=\"og:image:width\" content=\"1899\" \/>\n\t<meta property=\"og:image:height\" content=\"1061\" \/>\n\t<meta property=\"og:image:type\" content=\"image\/jpeg\" \/>\n<meta name=\"author\" content=\"Redazione\" \/>\n<meta name=\"twitter:card\" content=\"summary_large_image\" \/>\n<meta name=\"twitter:creator\" content=\"@intoscana\" \/>\n<meta name=\"twitter:site\" content=\"@intoscana\" \/>\n<meta name=\"twitter:label1\" content=\"Written by\" \/>\n\t<meta name=\"twitter:data1\" content=\"Redazione\" \/>\n\t<meta name=\"twitter:label2\" content=\"Est. reading time\" \/>\n\t<meta name=\"twitter:data2\" content=\"3 minuti\" \/>\n<script type=\"application\/ld+json\" class=\"yoast-schema-graph\">{\"@context\":\"https:\/\/schema.org\",\"@graph\":[{\"@type\":\"WebPage\",\"@id\":\"https:\/\/www.intoscana.it\/it\/covid-19-in-toscana-2-207-nuovi-casi-con-uneta-media-di-49-anni-48-i-decessi\/\",\"url\":\"https:\/\/www.intoscana.it\/it\/covid-19-in-toscana-2-207-nuovi-casi-con-uneta-media-di-49-anni-48-i-decessi\/\",\"name\":\"Covid-19: in Toscana 2.207 nuovi casi, con un\u2019et\u00e0 media di 49 anni, 48 i decessi - intoscana\",\"isPartOf\":{\"@id\":\"https:\/\/www.intoscana.it\/it\/#website\"},\"primaryImageOfPage\":{\"@id\":\"https:\/\/www.intoscana.it\/it\/covid-19-in-toscana-2-207-nuovi-casi-con-uneta-media-di-49-anni-48-i-decessi\/#primaryimage\"},\"image\":{\"@id\":\"https:\/\/www.intoscana.it\/it\/covid-19-in-toscana-2-207-nuovi-casi-con-uneta-media-di-49-anni-48-i-decessi\/#primaryimage\"},\"thumbnailUrl\":\"https:\/\/www.intoscana.it\/wp-content\/uploads\/Coronavirus_gel.jpeg\",\"datePublished\":\"2020-11-20T14:13:33+00:00\",\"dateModified\":\"2020-11-20T14:14:28+00:00\",\"author\":{\"@id\":\"https:\/\/www.intoscana.it\/it\/#\/schema\/person\/9223810753230f20bd670fdd322661f8\"},\"description\":\"I guariti crescono del 7,4% e raggiungono quota 34.894 (38,4% dei casi totali)\",\"breadcrumb\":{\"@id\":\"https:\/\/www.intoscana.it\/it\/covid-19-in-toscana-2-207-nuovi-casi-con-uneta-media-di-49-anni-48-i-decessi\/#breadcrumb\"},\"inLanguage\":\"it-IT\",\"potentialAction\":[{\"@type\":\"ReadAction\",\"target\":[\"https:\/\/www.intoscana.it\/it\/covid-19-in-toscana-2-207-nuovi-casi-con-uneta-media-di-49-anni-48-i-decessi\/\"]}]},{\"@type\":\"ImageObject\",\"inLanguage\":\"it-IT\",\"@id\":\"https:\/\/www.intoscana.it\/it\/covid-19-in-toscana-2-207-nuovi-casi-con-uneta-media-di-49-anni-48-i-decessi\/#primaryimage\",\"url\":\"https:\/\/www.intoscana.it\/wp-content\/uploads\/Coronavirus_gel.jpeg\",\"contentUrl\":\"https:\/\/www.intoscana.it\/wp-content\/uploads\/Coronavirus_gel.jpeg\",\"width\":1899,\"height\":1061,\"caption\":\"Coronavirus\"},{\"@type\":\"BreadcrumbList\",\"@id\":\"https:\/\/www.intoscana.it\/it\/covid-19-in-toscana-2-207-nuovi-casi-con-uneta-media-di-49-anni-48-i-decessi\/#breadcrumb\",\"itemListElement\":[{\"@type\":\"ListItem\",\"position\":1,\"name\":\"Home\",\"item\":\"https:\/\/www.intoscana.it\/it\/\"},{\"@type\":\"ListItem\",\"position\":2,\"name\":\"Covid-19: in Toscana 2.207 nuovi casi, con un\u2019et\u00e0 media di 49 anni, 48 i decessi\"}]},{\"@type\":\"WebSite\",\"@id\":\"https:\/\/www.intoscana.it\/it\/#website\",\"url\":\"https:\/\/www.intoscana.it\/it\/\",\"name\":\"intoscana\",\"description\":\"\",\"potentialAction\":[{\"@type\":\"SearchAction\",\"target\":{\"@type\":\"EntryPoint\",\"urlTemplate\":\"https:\/\/www.intoscana.it\/it\/?s={search_term_string}\"},\"query-input\":{\"@type\":\"PropertyValueSpecification\",\"valueRequired\":true,\"valueName\":\"search_term_string\"}}],\"inLanguage\":\"it-IT\"},{\"@type\":\"Person\",\"@id\":\"https:\/\/www.intoscana.it\/it\/#\/schema\/person\/9223810753230f20bd670fdd322661f8\",\"name\":\"Redazione\",\"url\":\"https:\/\/www.intoscana.it\/it\/author\/redazione\/\"}]}<\/script>\n<!-- \/ Yoast SEO Premium plugin. -->","yoast_head_json":{"title":"Covid-19: in Toscana 2.207 nuovi casi, con un\u2019et\u00e0 media di 49 anni, 48 i decessi - intoscana","description":"I guariti crescono del 7,4% e raggiungono quota 34.894 (38,4% dei casi totali)","robots":{"index":"index","follow":"follow","max-snippet":"max-snippet:-1","max-image-preview":"max-image-preview:large","max-video-preview":"max-video-preview:-1"},"canonical":"https:\/\/www.intoscana.it\/it\/covid-19-in-toscana-2-207-nuovi-casi-con-uneta-media-di-49-anni-48-i-decessi\/","og_locale":"it_IT","og_type":"article","og_title":"Covid-19: in Toscana 2.207 nuovi casi, con un\u2019et\u00e0 media di 49 anni, 48 i decessi","og_description":"I guariti crescono del 7,4% e raggiungono quota 34.894 (38,4% dei casi totali)","og_url":"https:\/\/www.intoscana.it\/it\/covid-19-in-toscana-2-207-nuovi-casi-con-uneta-media-di-49-anni-48-i-decessi\/","og_site_name":"intoscana","article_publisher":"https:\/\/www.facebook.com\/intoscana.it","article_published_time":"2020-11-20T14:13:33+00:00","article_modified_time":"2020-11-20T14:14:28+00:00","og_image":[{"width":1899,"height":1061,"url":"https:\/\/www.intoscana.it\/wp-content\/uploads\/Coronavirus_gel.jpeg","type":"image\/jpeg"}],"author":"Redazione","twitter_card":"summary_large_image","twitter_creator":"@intoscana","twitter_site":"@intoscana","twitter_misc":{"Written by":"Redazione","Est. reading time":"3 minuti"},"schema":{"@context":"https:\/\/schema.org","@graph":[{"@type":"WebPage","@id":"https:\/\/www.intoscana.it\/it\/covid-19-in-toscana-2-207-nuovi-casi-con-uneta-media-di-49-anni-48-i-decessi\/","url":"https:\/\/www.intoscana.it\/it\/covid-19-in-toscana-2-207-nuovi-casi-con-uneta-media-di-49-anni-48-i-decessi\/","name":"Covid-19: in Toscana 2.207 nuovi casi, con un\u2019et\u00e0 media di 49 anni, 48 i decessi - intoscana","isPartOf":{"@id":"https:\/\/www.intoscana.it\/it\/#website"},"primaryImageOfPage":{"@id":"https:\/\/www.intoscana.it\/it\/covid-19-in-toscana-2-207-nuovi-casi-con-uneta-media-di-49-anni-48-i-decessi\/#primaryimage"},"image":{"@id":"https:\/\/www.intoscana.it\/it\/covid-19-in-toscana-2-207-nuovi-casi-con-uneta-media-di-49-anni-48-i-decessi\/#primaryimage"},"thumbnailUrl":"https:\/\/www.intoscana.it\/wp-content\/uploads\/Coronavirus_gel.jpeg","datePublished":"2020-11-20T14:13:33+00:00","dateModified":"2020-11-20T14:14:28+00:00","author":{"@id":"https:\/\/www.intoscana.it\/it\/#\/schema\/person\/9223810753230f20bd670fdd322661f8"},"description":"I guariti crescono del 7,4% e raggiungono quota 34.894 (38,4% dei casi totali)","breadcrumb":{"@id":"https:\/\/www.intoscana.it\/it\/covid-19-in-toscana-2-207-nuovi-casi-con-uneta-media-di-49-anni-48-i-decessi\/#breadcrumb"},"inLanguage":"it-IT","potentialAction":[{"@type":"ReadAction","target":["https:\/\/www.intoscana.it\/it\/covid-19-in-toscana-2-207-nuovi-casi-con-uneta-media-di-49-anni-48-i-decessi\/"]}]},{"@type":"ImageObject","inLanguage":"it-IT","@id":"https:\/\/www.intoscana.it\/it\/covid-19-in-toscana-2-207-nuovi-casi-con-uneta-media-di-49-anni-48-i-decessi\/#primaryimage","url":"https:\/\/www.intoscana.it\/wp-content\/uploads\/Coronavirus_gel.jpeg","contentUrl":"https:\/\/www.intoscana.it\/wp-content\/uploads\/Coronavirus_gel.jpeg","width":1899,"height":1061,"caption":"Coronavirus"},{"@type":"BreadcrumbList","@id":"https:\/\/www.intoscana.it\/it\/covid-19-in-toscana-2-207-nuovi-casi-con-uneta-media-di-49-anni-48-i-decessi\/#breadcrumb","itemListElement":[{"@type":"ListItem","position":1,"name":"Home","item":"https:\/\/www.intoscana.it\/it\/"},{"@type":"ListItem","position":2,"name":"Covid-19: in Toscana 2.207 nuovi casi, con un\u2019et\u00e0 media di 49 anni, 48 i decessi"}]},{"@type":"WebSite","@id":"https:\/\/www.intoscana.it\/it\/#website","url":"https:\/\/www.intoscana.it\/it\/","name":"intoscana","description":"","potentialAction":[{"@type":"SearchAction","target":{"@type":"EntryPoint","urlTemplate":"https:\/\/www.intoscana.it\/it\/?s={search_term_string}"},"query-input":{"@type":"PropertyValueSpecification","valueRequired":true,"valueName":"search_term_string"}}],"inLanguage":"it-IT"},{"@type":"Person","@id":"https:\/\/www.intoscana.it\/it\/#\/schema\/person\/9223810753230f20bd670fdd322661f8","name":"Redazione","url":"https:\/\/www.intoscana.it\/it\/author\/redazione\/"}]}},"_links":{"self":[{"href":"https:\/\/www.intoscana.it\/it\/wp-json\/wp\/v2\/posts\/159033","targetHints":{"allow":["GET"]}}],"collection":[{"href":"https:\/\/www.intoscana.it\/it\/wp-json\/wp\/v2\/posts"}],"about":[{"href":"https:\/\/www.intoscana.it\/it\/wp-json\/wp\/v2\/types\/post"}],"author":[{"embeddable":true,"href":"https:\/\/www.intoscana.it\/it\/wp-json\/wp\/v2\/users\/525"}],"replies":[{"embeddable":true,"href":"https:\/\/www.intoscana.it\/it\/wp-json\/wp\/v2\/comments?post=159033"}],"version-history":[{"count":0,"href":"https:\/\/www.intoscana.it\/it\/wp-json\/wp\/v2\/posts\/159033\/revisions"}],"wp:featuredmedia":[{"embeddable":true,"href":"https:\/\/www.intoscana.it\/it\/wp-json\/wp\/v2\/media\/149584"}],"wp:attachment":[{"href":"https:\/\/www.intoscana.it\/it\/wp-json\/wp\/v2\/media?parent=159033"}],"wp:term":[{"taxonomy":"category","embeddable":true,"href":"https:\/\/www.intoscana.it\/it\/wp-json\/wp\/v2\/categories?post=159033"},{"taxonomy":"post_tag","embeddable":true,"href":"https:\/\/www.intoscana.it\/it\/wp-json\/wp\/v2\/tags?post=159033"}],"curies":[{"name":"wp","href":"https:\/\/api.w.org\/{rel}","templated":true}]}}