{"id":159086,"date":"2020-11-21T08:45:05","date_gmt":"2020-11-21T07:45:05","guid":{"rendered":"https:\/\/www.intoscana.it\/it\/?p=159086"},"modified":"2020-11-21T08:45:05","modified_gmt":"2020-11-21T07:45:05","slug":"emergenza-covid-19-in-toscana-il-tracciamento-e-oltre-il-95-per-cento","status":"publish","type":"post","link":"https:\/\/www.intoscana.it\/it\/emergenza-covid-19-in-toscana-il-tracciamento-e-oltre-il-95-per-cento\/","title":{"rendered":"Emergenza Covid-19: in Toscana il tracciamento \u00e8 oltre il 95 per cento"},"content":{"rendered":"<p><strong>\u201cIl tracciamento in Toscana \u00e8 arrivato al 95%.<\/strong> Ce lo dicono gli ultimi dati registrati. In due settimane abbiamo raddoppiato grazie all\u2019attivazione delle tre grandi Centrali. Avanti cos\u00ec per fare ancora meglio\u201d.<\/p>\n<p>A dirlo <strong>il presidente della Regione, Eugenio Giani, e l\u2019assessore alla sanit\u00e0, Simone Bezzini,<\/strong> che seguono con la massima attenzione l\u2019andamento della tracciabilit\u00e0 dei casi positivi e dei loro contatti stretti, affidato alle squadre di mappatori al lavoro nelle<strong> tre grandi Centrali di tracciamento allestite nei poli fieristici di Firenze, Arezzo e Carrara.<\/strong><\/p>\n<p>\u201cDi fronte all\u2019<strong>esplosione dei casi delle settimane scorse<\/strong> la Toscana ha saputo rispondere facendo squadra e trovando le soluzioni migliori &#8211; prosegue Bezzini -. A nome di tutta la comunit\u00e0 voglio ringraziare gli <strong>operatori sanitari, per lo pi\u00f9 giovani studenti prossimi alla laurea,<\/strong> che con grande professionalit\u00e0 e sensibilit\u00e0 ogni giorno contattano sia i nuovi casi che i loro contatti, ma anche coloro che, oltre a fare i conti con le difficolt\u00e0 e il dolore della malattia, quando ricevono la telefonata offrono tutta la loro collaborazione per rendere pi\u00f9 efficaci e capillari possibile le operazioni di contact tracing. Il tracciamento \u00e8 un\u2019azione fondamentale e imprescindibile per spezzare le catene del contagio, uno dei tasselli della strategia complessiva di contrasto al Covid\u201d.<\/p>\n<p>Nel solo giorno di ieri, 19 novembre, <strong>sono stati censiti complessivamente 4.366 contatti<\/strong> cos\u00ec distribuiti: 1.936 dalle squadre di tracciatori della Centrale di Firenze alla Fortezza da Basso; 1.241 a Carrara e 1.189 ad Arezzo.<\/p>\n<p>A oggi<strong> i mappatori<\/strong> (prevalentemente medici, infermieri, tecnici sanitari e studenti dell\u2019ultimo anno di medicina e scienze infermieristiche, assunti da una graduatoria del Dipartimento nazionale di Protezione civile e tramite un\u2019intesa con le Universit\u00e0 toscane)<strong> sono in tutto 455: di questi 238 lavorano nella Centrale di Firenze; 85 a Carrara, e 132 ad Arezzo.<\/strong><\/p>\n<p>Gi\u00e0 la prossima settimana sono attesi nuovi rinforzi, andando cos\u00ec oltre la soglia dei 500 mappatori anti Covid.<\/p>\n","protected":false},"excerpt":{"rendered":"<p>Le squadre di mappatori sono al lavoro nelle tre grandi Centrali di tracciamento allestite nei poli fieristici di Firenze, Arezzo e Carrara<\/p>\n","protected":false},"author":525,"featured_media":159087,"comment_status":"open","ping_status":"open","sticky":false,"template":"","format":"standard","meta":{"_acf_changed":false,"footnotes":""},"categories":[494],"tags":[418,4981],"class_list":["post-159086","post","type-post","status-publish","format-standard","has-post-thumbnail","hentry","category-attualita","tag-covid-19","tag-tracciamento"],"acf":[],"yoast_head":"<!-- This site is optimized with the Yoast SEO Premium plugin v24.2 (Yoast SEO v25.6) - https:\/\/yoast.com\/wordpress\/plugins\/seo\/ -->\n<title>Emergenza Covid-19: in Toscana il tracciamento \u00e8 oltre il 95 per cento - intoscana<\/title>\n<meta name=\"description\" content=\"Le squadre di mappatori sono al lavoro nelle tre grandi Centrali di tracciamento allestite nei poli fieristici di Firenze, Arezzo e Carrara\" \/>\n<meta name=\"robots\" content=\"index, follow, max-snippet:-1, max-image-preview:large, max-video-preview:-1\" \/>\n<link rel=\"canonical\" href=\"https:\/\/www.intoscana.it\/it\/emergenza-covid-19-in-toscana-il-tracciamento-e-oltre-il-95-per-cento\/\" \/>\n<meta property=\"og:locale\" content=\"it_IT\" \/>\n<meta property=\"og:type\" content=\"article\" \/>\n<meta property=\"og:title\" content=\"Emergenza Covid-19: in Toscana il tracciamento \u00e8 oltre il 95 per cento\" \/>\n<meta property=\"og:description\" content=\"Le squadre di mappatori sono al lavoro nelle tre grandi Centrali di tracciamento allestite nei poli fieristici di Firenze, Arezzo e Carrara\" \/>\n<meta property=\"og:url\" content=\"https:\/\/www.intoscana.it\/it\/emergenza-covid-19-in-toscana-il-tracciamento-e-oltre-il-95-per-cento\/\" \/>\n<meta property=\"og:site_name\" content=\"intoscana\" \/>\n<meta property=\"article:publisher\" content=\"https:\/\/www.facebook.com\/intoscana.it\" \/>\n<meta property=\"article:published_time\" content=\"2020-11-21T07:45:05+00:00\" \/>\n<meta property=\"og:image\" content=\"https:\/\/www.intoscana.it\/wp-content\/uploads\/tracciamento-scaled.jpg\" \/>\n\t<meta property=\"og:image:width\" content=\"2048\" \/>\n\t<meta property=\"og:image:height\" content=\"1367\" \/>\n\t<meta property=\"og:image:type\" content=\"image\/jpeg\" \/>\n<meta name=\"author\" content=\"Redazione\" \/>\n<meta name=\"twitter:card\" content=\"summary_large_image\" \/>\n<meta name=\"twitter:creator\" content=\"@intoscana\" \/>\n<meta name=\"twitter:site\" content=\"@intoscana\" \/>\n<meta name=\"twitter:label1\" content=\"Written by\" \/>\n\t<meta name=\"twitter:data1\" content=\"Redazione\" \/>\n\t<meta name=\"twitter:label2\" content=\"Est. reading time\" \/>\n\t<meta name=\"twitter:data2\" content=\"2 minuti\" \/>\n<script type=\"application\/ld+json\" class=\"yoast-schema-graph\">{\"@context\":\"https:\/\/schema.org\",\"@graph\":[{\"@type\":\"WebPage\",\"@id\":\"https:\/\/www.intoscana.it\/it\/emergenza-covid-19-in-toscana-il-tracciamento-e-oltre-il-95-per-cento\/\",\"url\":\"https:\/\/www.intoscana.it\/it\/emergenza-covid-19-in-toscana-il-tracciamento-e-oltre-il-95-per-cento\/\",\"name\":\"Emergenza Covid-19: in Toscana il tracciamento \u00e8 oltre il 95 per cento - intoscana\",\"isPartOf\":{\"@id\":\"https:\/\/www.intoscana.it\/it\/#website\"},\"primaryImageOfPage\":{\"@id\":\"https:\/\/www.intoscana.it\/it\/emergenza-covid-19-in-toscana-il-tracciamento-e-oltre-il-95-per-cento\/#primaryimage\"},\"image\":{\"@id\":\"https:\/\/www.intoscana.it\/it\/emergenza-covid-19-in-toscana-il-tracciamento-e-oltre-il-95-per-cento\/#primaryimage\"},\"thumbnailUrl\":\"https:\/\/www.intoscana.it\/wp-content\/uploads\/tracciamento-scaled.jpg\",\"datePublished\":\"2020-11-21T07:45:05+00:00\",\"author\":{\"@id\":\"https:\/\/www.intoscana.it\/it\/#\/schema\/person\/9223810753230f20bd670fdd322661f8\"},\"description\":\"Le squadre di mappatori sono al lavoro nelle tre grandi Centrali di tracciamento allestite nei poli fieristici di Firenze, Arezzo e Carrara\",\"breadcrumb\":{\"@id\":\"https:\/\/www.intoscana.it\/it\/emergenza-covid-19-in-toscana-il-tracciamento-e-oltre-il-95-per-cento\/#breadcrumb\"},\"inLanguage\":\"it-IT\",\"potentialAction\":[{\"@type\":\"ReadAction\",\"target\":[\"https:\/\/www.intoscana.it\/it\/emergenza-covid-19-in-toscana-il-tracciamento-e-oltre-il-95-per-cento\/\"]}]},{\"@type\":\"ImageObject\",\"inLanguage\":\"it-IT\",\"@id\":\"https:\/\/www.intoscana.it\/it\/emergenza-covid-19-in-toscana-il-tracciamento-e-oltre-il-95-per-cento\/#primaryimage\",\"url\":\"https:\/\/www.intoscana.it\/wp-content\/uploads\/tracciamento-scaled.jpg\",\"contentUrl\":\"https:\/\/www.intoscana.it\/wp-content\/uploads\/tracciamento-scaled.jpg\",\"width\":2048,\"height\":1367},{\"@type\":\"BreadcrumbList\",\"@id\":\"https:\/\/www.intoscana.it\/it\/emergenza-covid-19-in-toscana-il-tracciamento-e-oltre-il-95-per-cento\/#breadcrumb\",\"itemListElement\":[{\"@type\":\"ListItem\",\"position\":1,\"name\":\"Home\",\"item\":\"https:\/\/www.intoscana.it\/it\/\"},{\"@type\":\"ListItem\",\"position\":2,\"name\":\"Emergenza Covid-19: in Toscana il tracciamento \u00e8 oltre il 95 per cento\"}]},{\"@type\":\"WebSite\",\"@id\":\"https:\/\/www.intoscana.it\/it\/#website\",\"url\":\"https:\/\/www.intoscana.it\/it\/\",\"name\":\"intoscana\",\"description\":\"\",\"potentialAction\":[{\"@type\":\"SearchAction\",\"target\":{\"@type\":\"EntryPoint\",\"urlTemplate\":\"https:\/\/www.intoscana.it\/it\/?s={search_term_string}\"},\"query-input\":{\"@type\":\"PropertyValueSpecification\",\"valueRequired\":true,\"valueName\":\"search_term_string\"}}],\"inLanguage\":\"it-IT\"},{\"@type\":\"Person\",\"@id\":\"https:\/\/www.intoscana.it\/it\/#\/schema\/person\/9223810753230f20bd670fdd322661f8\",\"name\":\"Redazione\",\"url\":\"https:\/\/www.intoscana.it\/it\/author\/redazione\/\"}]}<\/script>\n<!-- \/ Yoast SEO Premium plugin. -->","yoast_head_json":{"title":"Emergenza Covid-19: in Toscana il tracciamento \u00e8 oltre il 95 per cento - intoscana","description":"Le squadre di mappatori sono al lavoro nelle tre grandi Centrali di tracciamento allestite nei poli fieristici di Firenze, Arezzo e Carrara","robots":{"index":"index","follow":"follow","max-snippet":"max-snippet:-1","max-image-preview":"max-image-preview:large","max-video-preview":"max-video-preview:-1"},"canonical":"https:\/\/www.intoscana.it\/it\/emergenza-covid-19-in-toscana-il-tracciamento-e-oltre-il-95-per-cento\/","og_locale":"it_IT","og_type":"article","og_title":"Emergenza Covid-19: in Toscana il tracciamento \u00e8 oltre il 95 per cento","og_description":"Le squadre di mappatori sono al lavoro nelle tre grandi Centrali di tracciamento allestite nei poli fieristici di Firenze, Arezzo e Carrara","og_url":"https:\/\/www.intoscana.it\/it\/emergenza-covid-19-in-toscana-il-tracciamento-e-oltre-il-95-per-cento\/","og_site_name":"intoscana","article_publisher":"https:\/\/www.facebook.com\/intoscana.it","article_published_time":"2020-11-21T07:45:05+00:00","og_image":[{"width":2048,"height":1367,"url":"https:\/\/www.intoscana.it\/wp-content\/uploads\/tracciamento-scaled.jpg","type":"image\/jpeg"}],"author":"Redazione","twitter_card":"summary_large_image","twitter_creator":"@intoscana","twitter_site":"@intoscana","twitter_misc":{"Written by":"Redazione","Est. reading time":"2 minuti"},"schema":{"@context":"https:\/\/schema.org","@graph":[{"@type":"WebPage","@id":"https:\/\/www.intoscana.it\/it\/emergenza-covid-19-in-toscana-il-tracciamento-e-oltre-il-95-per-cento\/","url":"https:\/\/www.intoscana.it\/it\/emergenza-covid-19-in-toscana-il-tracciamento-e-oltre-il-95-per-cento\/","name":"Emergenza Covid-19: in Toscana il tracciamento \u00e8 oltre il 95 per cento - intoscana","isPartOf":{"@id":"https:\/\/www.intoscana.it\/it\/#website"},"primaryImageOfPage":{"@id":"https:\/\/www.intoscana.it\/it\/emergenza-covid-19-in-toscana-il-tracciamento-e-oltre-il-95-per-cento\/#primaryimage"},"image":{"@id":"https:\/\/www.intoscana.it\/it\/emergenza-covid-19-in-toscana-il-tracciamento-e-oltre-il-95-per-cento\/#primaryimage"},"thumbnailUrl":"https:\/\/www.intoscana.it\/wp-content\/uploads\/tracciamento-scaled.jpg","datePublished":"2020-11-21T07:45:05+00:00","author":{"@id":"https:\/\/www.intoscana.it\/it\/#\/schema\/person\/9223810753230f20bd670fdd322661f8"},"description":"Le squadre di mappatori sono al lavoro nelle tre grandi Centrali di tracciamento allestite nei poli fieristici di Firenze, Arezzo e Carrara","breadcrumb":{"@id":"https:\/\/www.intoscana.it\/it\/emergenza-covid-19-in-toscana-il-tracciamento-e-oltre-il-95-per-cento\/#breadcrumb"},"inLanguage":"it-IT","potentialAction":[{"@type":"ReadAction","target":["https:\/\/www.intoscana.it\/it\/emergenza-covid-19-in-toscana-il-tracciamento-e-oltre-il-95-per-cento\/"]}]},{"@type":"ImageObject","inLanguage":"it-IT","@id":"https:\/\/www.intoscana.it\/it\/emergenza-covid-19-in-toscana-il-tracciamento-e-oltre-il-95-per-cento\/#primaryimage","url":"https:\/\/www.intoscana.it\/wp-content\/uploads\/tracciamento-scaled.jpg","contentUrl":"https:\/\/www.intoscana.it\/wp-content\/uploads\/tracciamento-scaled.jpg","width":2048,"height":1367},{"@type":"BreadcrumbList","@id":"https:\/\/www.intoscana.it\/it\/emergenza-covid-19-in-toscana-il-tracciamento-e-oltre-il-95-per-cento\/#breadcrumb","itemListElement":[{"@type":"ListItem","position":1,"name":"Home","item":"https:\/\/www.intoscana.it\/it\/"},{"@type":"ListItem","position":2,"name":"Emergenza Covid-19: in Toscana il tracciamento \u00e8 oltre il 95 per cento"}]},{"@type":"WebSite","@id":"https:\/\/www.intoscana.it\/it\/#website","url":"https:\/\/www.intoscana.it\/it\/","name":"intoscana","description":"","potentialAction":[{"@type":"SearchAction","target":{"@type":"EntryPoint","urlTemplate":"https:\/\/www.intoscana.it\/it\/?s={search_term_string}"},"query-input":{"@type":"PropertyValueSpecification","valueRequired":true,"valueName":"search_term_string"}}],"inLanguage":"it-IT"},{"@type":"Person","@id":"https:\/\/www.intoscana.it\/it\/#\/schema\/person\/9223810753230f20bd670fdd322661f8","name":"Redazione","url":"https:\/\/www.intoscana.it\/it\/author\/redazione\/"}]}},"_links":{"self":[{"href":"https:\/\/www.intoscana.it\/it\/wp-json\/wp\/v2\/posts\/159086","targetHints":{"allow":["GET"]}}],"collection":[{"href":"https:\/\/www.intoscana.it\/it\/wp-json\/wp\/v2\/posts"}],"about":[{"href":"https:\/\/www.intoscana.it\/it\/wp-json\/wp\/v2\/types\/post"}],"author":[{"embeddable":true,"href":"https:\/\/www.intoscana.it\/it\/wp-json\/wp\/v2\/users\/525"}],"replies":[{"embeddable":true,"href":"https:\/\/www.intoscana.it\/it\/wp-json\/wp\/v2\/comments?post=159086"}],"version-history":[{"count":0,"href":"https:\/\/www.intoscana.it\/it\/wp-json\/wp\/v2\/posts\/159086\/revisions"}],"wp:featuredmedia":[{"embeddable":true,"href":"https:\/\/www.intoscana.it\/it\/wp-json\/wp\/v2\/media\/159087"}],"wp:attachment":[{"href":"https:\/\/www.intoscana.it\/it\/wp-json\/wp\/v2\/media?parent=159086"}],"wp:term":[{"taxonomy":"category","embeddable":true,"href":"https:\/\/www.intoscana.it\/it\/wp-json\/wp\/v2\/categories?post=159086"},{"taxonomy":"post_tag","embeddable":true,"href":"https:\/\/www.intoscana.it\/it\/wp-json\/wp\/v2\/tags?post=159086"}],"curies":[{"name":"wp","href":"https:\/\/api.w.org\/{rel}","templated":true}]}}