{"id":159122,"date":"2020-11-21T16:01:26","date_gmt":"2020-11-21T15:01:26","guid":{"rendered":"https:\/\/www.intoscana.it\/it\/?p=159122"},"modified":"2020-11-23T10:28:45","modified_gmt":"2020-11-23T09:28:45","slug":"covid-19-in-toscana-1-892-nuovi-casi-eta-media-46-anni-44-decessi","status":"publish","type":"post","link":"https:\/\/www.intoscana.it\/it\/covid-19-in-toscana-1-892-nuovi-casi-eta-media-46-anni-44-decessi\/","title":{"rendered":"Covid-19: in Toscana 1.892 nuovi casi, et\u00e0 media 46 anni, 44 decessi"},"content":{"rendered":"<p>In Toscana sono<strong> 92.776 i casi di positivit\u00e0 al Coronavirus, 1.892 in pi\u00f9 rispetto a ieri<\/strong> (1.200 identificati in corso di tracciamento e 692 da attivit\u00e0 di screening). I nuovi casi sono il 2,1% in pi\u00f9 rispetto al totale del giorno precedente. I guariti crescono del 7,4% e raggiungono quota 37.471 (40,4% dei casi totali). I tamponi eseguiti hanno raggiunto quota 1.440.310, <strong>18.527 in pi\u00f9 rispetto a ieri,<\/strong> di cui il 10,2% positivo. Sono invece<strong> 7.766 i soggetti testati oggi<\/strong> (escludendo i tamponi di controllo), <strong>di cui il 24,4% \u00e8 risultato positivo<\/strong>. A questi si aggiungono i 4.500 tamponi antigenici rapidi eseguiti oggi. Gli <strong>attualmente positivi sono oggi 53.140<\/strong>, -1,4% rispetto a ieri. I ricoverati sono 2.094 (7 in pi\u00f9 rispetto a ieri), di cui 296 in terapia intensiva (1 in pi\u00f9). Si registrano <strong>44 nuovi decessi:<\/strong> 26 uomini e 18 donne con un&#8217;et\u00e0 media di 82,2 anni.<\/p>\n<p><strong>L&#8217;et\u00e0 media dei 1.892 casi odierni \u00e8 di 46 anni circa<\/strong> (il 13% ha meno di 20 anni, il 24% tra 20 e 39 anni, il 36% tra 40 e 59 anni, il 20% tra 60 e 79 anni, il 7% ha 80 anni o pi\u00f9).<\/p>\n<p>Di seguito i casi di positivit\u00e0 sul territorio con la variazione rispetto a ieri.\u00a0Sono 26.092 i casi complessivi ad oggi a Firenze (428 in pi\u00f9 rispetto a ieri), 8.190 a Prato (231 in pi\u00f9), 7.988 a Pistoia (232 in pi\u00f9), 5.819 a Massa (92 in pi\u00f9), 9.143 a Lucca (229 in pi\u00f9), 12.701 a Pisa (202 in pi\u00f9), 6.526 a Livorno (174 in pi\u00f9), 8.656 ad Arezzo (142 in pi\u00f9), 3.876 a Siena (62 in pi\u00f9), 3.230 a Grosseto (100 in pi\u00f9). Sono 555 i casi positivi notificati in Toscana, ma residenti in altre regioni.<\/p>\n<p><strong>Sono 891 quindi i casi riscontrati oggi nell&#8217;Asl Centro<\/strong> (somma delle province di Firenze, Prato, Pistoia), 697 nella Nord Ovest (Massa Carrara, Lucca, Pisa, Livorno), 304 nella Sud est (Arezzo, Siena, Grosseto).<\/p>\n<p><strong>La Toscana si trova al 7\u00b0 posto in Italia come numerosit\u00e0 di casi<\/strong> (comprensivi di residenti e non residenti), con circa 2.488 casi per 100.000 abitanti (media italiana circa 2.230 x100.000, dato di ieri). Le province di notifica con il tasso pi\u00f9 alto sono Prato con 3.178 casi x100.000 abitanti, Pisa con 3.031, Massa Carrara con 2.986, la pi\u00f9 bassa Siena con 1.451.<br \/>\nComplessivamente, 51.046 persone sono in isolamento a casa, poich\u00e9 presentano sintomi lievi che non richiedono cure ospedaliere, o risultano prive di sintomi (736 in meno rispetto a ieri, meno 1,4%).<br \/>\nSono 50.176 (886 in meno rispetto a ieri, meno 1,7%) le persone, anch&#8217;esse isolate, in sorveglianza attiva perch\u00e9 hanno avuto contatti con persone contagiate (ASL Centro 17.997, Nord Ovest 21.149, Sud Est 11.030).<\/p>\n<p>Le persone ricoverate nei posti letto dedicati ai pazienti COVID oggi sono complessivamente<strong> 2.094<\/strong> (7 in pi\u00f9 rispetto a ieri, pi\u00f9 0,3%), 296 in terapia intensiva (1 in pi\u00f9 rispetto a ieri, pi\u00f9 0,3%).<\/p>\n<p><strong>Le persone complessivamente guarite sono 37.471<\/strong> (2.577 in pi\u00f9 rispetto a ieri, pi\u00f9 7,4%): 2.284 persone clinicamente guarite (150 in pi\u00f9 rispetto a ieri, pi\u00f9 7%), divenute cio\u00e8 asintomatiche dopo aver presentato manifestazioni cliniche associate all&#8217;infezione e 35.187 (2.427 in pi\u00f9 rispetto a ieri, pi\u00f9 7,4%) dichiarate guarite a tutti gli effetti, le cosiddette guarigioni virali, con doppio tampone negativo.<\/p>\n<p><strong>Purtroppo, oggi si registrano 44 nuovi decessi: 26 uomini e 18 donne con un&#8217;et\u00e0 media di 82,2 anni.<\/strong><\/p>\n<p>Relativamente alla provincia di residenza, le persone decedute sono: 12 a Firenze, 7 a Prato, 1 a Pistoia, 3 a Massa Carrara, 2 a Lucca, 8 a Pisa, 5 a Livorno, 3 a Arezzo, 1 a Siena, 2 a Grosseto.<\/p>\n<p><strong>Sono 2.165 i deceduti dall&#8217;inizio dell&#8217;epidemia<\/strong> cosi ripartiti: 800 a Firenze, 132 a Prato, 166 a Pistoia, 254 a Massa Carrara, 222 a Lucca, 222 a Pisa, 135 a Livorno, 113 ad Arezzo, 58 a Siena, 44 a Grosseto, 19 persone sono decedute sul suolo toscano ma erano residenti fuori regione.<\/p>\n<p>Il tasso grezzo di mortalit\u00e0 toscano (numero di deceduti\/popolazione residente) per Covid-19 \u00e8 di 58,0 x100.000 residenti contro il 80,5 x100.000 della media italiana (10\u00b0 regione). Per quanto riguarda le province, il tasso di mortalit\u00e0 pi\u00f9 alto si riscontra a Massa Carrara (130,3 x100.000), Firenze (79,1 x100.000) e Lucca (57,2 x100.000), il pi\u00f9 basso a Grosseto (19,9 x100.000).<\/p>\n","protected":false},"excerpt":{"rendered":"<p>Questi i dati di sabato 21 novembre 2020, la Toscana \u00e8 al 7\u00b0 posto per numerosit\u00e0 di casi in Italia<\/p>\n","protected":false},"author":525,"featured_media":143878,"comment_status":"open","ping_status":"open","sticky":false,"template":"","format":"standard","meta":{"_acf_changed":false,"footnotes":""},"categories":[494],"tags":[4868,418],"class_list":["post-159122","post","type-post","status-publish","format-standard","has-post-thumbnail","hentry","category-attualita","tag-bollettino-covid-toscana","tag-covid-19"],"acf":[],"yoast_head":"<!-- This site is optimized with the Yoast SEO Premium plugin v24.2 (Yoast SEO v25.6) - https:\/\/yoast.com\/wordpress\/plugins\/seo\/ -->\n<title>Covid-19: in Toscana 1.892 nuovi casi, et\u00e0 media 46 anni, 44 decessi - intoscana<\/title>\n<meta name=\"description\" content=\"Questi i dati di sabato 21 novembre 2020, la Toscana \u00e8 al 7\u00b0 posto per numerosit\u00e0 di casi in Italia\" \/>\n<meta name=\"robots\" content=\"index, follow, max-snippet:-1, max-image-preview:large, max-video-preview:-1\" \/>\n<link rel=\"canonical\" href=\"https:\/\/www.intoscana.it\/it\/covid-19-in-toscana-1-892-nuovi-casi-eta-media-46-anni-44-decessi\/\" \/>\n<meta property=\"og:locale\" content=\"it_IT\" \/>\n<meta property=\"og:type\" content=\"article\" \/>\n<meta property=\"og:title\" content=\"Covid-19: in Toscana 1.892 nuovi casi, et\u00e0 media 46 anni, 44 decessi\" \/>\n<meta property=\"og:description\" content=\"Questi i dati di sabato 21 novembre 2020, la Toscana \u00e8 al 7\u00b0 posto per numerosit\u00e0 di casi in Italia\" \/>\n<meta property=\"og:url\" content=\"https:\/\/www.intoscana.it\/it\/covid-19-in-toscana-1-892-nuovi-casi-eta-media-46-anni-44-decessi\/\" \/>\n<meta property=\"og:site_name\" content=\"intoscana\" \/>\n<meta property=\"article:publisher\" content=\"https:\/\/www.facebook.com\/intoscana.it\" \/>\n<meta property=\"article:published_time\" content=\"2020-11-21T15:01:26+00:00\" \/>\n<meta property=\"article:modified_time\" content=\"2020-11-23T09:28:45+00:00\" \/>\n<meta property=\"og:image\" content=\"https:\/\/www.intoscana.it\/wp-content\/uploads\/famiglia_coronavirus.jpg\" \/>\n\t<meta property=\"og:image:width\" content=\"2000\" \/>\n\t<meta property=\"og:image:height\" content=\"1333\" \/>\n\t<meta property=\"og:image:type\" content=\"image\/jpeg\" \/>\n<meta name=\"author\" content=\"Redazione\" \/>\n<meta name=\"twitter:card\" content=\"summary_large_image\" \/>\n<meta name=\"twitter:creator\" content=\"@intoscana\" \/>\n<meta name=\"twitter:site\" content=\"@intoscana\" \/>\n<meta name=\"twitter:label1\" content=\"Written by\" \/>\n\t<meta name=\"twitter:data1\" content=\"Redazione\" \/>\n\t<meta name=\"twitter:label2\" content=\"Est. reading time\" \/>\n\t<meta name=\"twitter:data2\" content=\"3 minuti\" \/>\n<script type=\"application\/ld+json\" class=\"yoast-schema-graph\">{\"@context\":\"https:\/\/schema.org\",\"@graph\":[{\"@type\":\"WebPage\",\"@id\":\"https:\/\/www.intoscana.it\/it\/covid-19-in-toscana-1-892-nuovi-casi-eta-media-46-anni-44-decessi\/\",\"url\":\"https:\/\/www.intoscana.it\/it\/covid-19-in-toscana-1-892-nuovi-casi-eta-media-46-anni-44-decessi\/\",\"name\":\"Covid-19: in Toscana 1.892 nuovi casi, et\u00e0 media 46 anni, 44 decessi - intoscana\",\"isPartOf\":{\"@id\":\"https:\/\/www.intoscana.it\/it\/#website\"},\"primaryImageOfPage\":{\"@id\":\"https:\/\/www.intoscana.it\/it\/covid-19-in-toscana-1-892-nuovi-casi-eta-media-46-anni-44-decessi\/#primaryimage\"},\"image\":{\"@id\":\"https:\/\/www.intoscana.it\/it\/covid-19-in-toscana-1-892-nuovi-casi-eta-media-46-anni-44-decessi\/#primaryimage\"},\"thumbnailUrl\":\"https:\/\/www.intoscana.it\/wp-content\/uploads\/famiglia_coronavirus.jpg\",\"datePublished\":\"2020-11-21T15:01:26+00:00\",\"dateModified\":\"2020-11-23T09:28:45+00:00\",\"author\":{\"@id\":\"https:\/\/www.intoscana.it\/it\/#\/schema\/person\/9223810753230f20bd670fdd322661f8\"},\"description\":\"Questi i dati di sabato 21 novembre 2020, la Toscana \u00e8 al 7\u00b0 posto per numerosit\u00e0 di casi in Italia\",\"breadcrumb\":{\"@id\":\"https:\/\/www.intoscana.it\/it\/covid-19-in-toscana-1-892-nuovi-casi-eta-media-46-anni-44-decessi\/#breadcrumb\"},\"inLanguage\":\"it-IT\",\"potentialAction\":[{\"@type\":\"ReadAction\",\"target\":[\"https:\/\/www.intoscana.it\/it\/covid-19-in-toscana-1-892-nuovi-casi-eta-media-46-anni-44-decessi\/\"]}]},{\"@type\":\"ImageObject\",\"inLanguage\":\"it-IT\",\"@id\":\"https:\/\/www.intoscana.it\/it\/covid-19-in-toscana-1-892-nuovi-casi-eta-media-46-anni-44-decessi\/#primaryimage\",\"url\":\"https:\/\/www.intoscana.it\/wp-content\/uploads\/famiglia_coronavirus.jpg\",\"contentUrl\":\"https:\/\/www.intoscana.it\/wp-content\/uploads\/famiglia_coronavirus.jpg\",\"width\":2000,\"height\":1333},{\"@type\":\"BreadcrumbList\",\"@id\":\"https:\/\/www.intoscana.it\/it\/covid-19-in-toscana-1-892-nuovi-casi-eta-media-46-anni-44-decessi\/#breadcrumb\",\"itemListElement\":[{\"@type\":\"ListItem\",\"position\":1,\"name\":\"Home\",\"item\":\"https:\/\/www.intoscana.it\/it\/\"},{\"@type\":\"ListItem\",\"position\":2,\"name\":\"Covid-19: in Toscana 1.892 nuovi casi, et\u00e0 media 46 anni, 44 decessi\"}]},{\"@type\":\"WebSite\",\"@id\":\"https:\/\/www.intoscana.it\/it\/#website\",\"url\":\"https:\/\/www.intoscana.it\/it\/\",\"name\":\"intoscana\",\"description\":\"\",\"potentialAction\":[{\"@type\":\"SearchAction\",\"target\":{\"@type\":\"EntryPoint\",\"urlTemplate\":\"https:\/\/www.intoscana.it\/it\/?s={search_term_string}\"},\"query-input\":{\"@type\":\"PropertyValueSpecification\",\"valueRequired\":true,\"valueName\":\"search_term_string\"}}],\"inLanguage\":\"it-IT\"},{\"@type\":\"Person\",\"@id\":\"https:\/\/www.intoscana.it\/it\/#\/schema\/person\/9223810753230f20bd670fdd322661f8\",\"name\":\"Redazione\",\"url\":\"https:\/\/www.intoscana.it\/it\/author\/redazione\/\"}]}<\/script>\n<!-- \/ Yoast SEO Premium plugin. -->","yoast_head_json":{"title":"Covid-19: in Toscana 1.892 nuovi casi, et\u00e0 media 46 anni, 44 decessi - intoscana","description":"Questi i dati di sabato 21 novembre 2020, la Toscana \u00e8 al 7\u00b0 posto per numerosit\u00e0 di casi in Italia","robots":{"index":"index","follow":"follow","max-snippet":"max-snippet:-1","max-image-preview":"max-image-preview:large","max-video-preview":"max-video-preview:-1"},"canonical":"https:\/\/www.intoscana.it\/it\/covid-19-in-toscana-1-892-nuovi-casi-eta-media-46-anni-44-decessi\/","og_locale":"it_IT","og_type":"article","og_title":"Covid-19: in Toscana 1.892 nuovi casi, et\u00e0 media 46 anni, 44 decessi","og_description":"Questi i dati di sabato 21 novembre 2020, la Toscana \u00e8 al 7\u00b0 posto per numerosit\u00e0 di casi in Italia","og_url":"https:\/\/www.intoscana.it\/it\/covid-19-in-toscana-1-892-nuovi-casi-eta-media-46-anni-44-decessi\/","og_site_name":"intoscana","article_publisher":"https:\/\/www.facebook.com\/intoscana.it","article_published_time":"2020-11-21T15:01:26+00:00","article_modified_time":"2020-11-23T09:28:45+00:00","og_image":[{"width":2000,"height":1333,"url":"https:\/\/www.intoscana.it\/wp-content\/uploads\/famiglia_coronavirus.jpg","type":"image\/jpeg"}],"author":"Redazione","twitter_card":"summary_large_image","twitter_creator":"@intoscana","twitter_site":"@intoscana","twitter_misc":{"Written by":"Redazione","Est. reading time":"3 minuti"},"schema":{"@context":"https:\/\/schema.org","@graph":[{"@type":"WebPage","@id":"https:\/\/www.intoscana.it\/it\/covid-19-in-toscana-1-892-nuovi-casi-eta-media-46-anni-44-decessi\/","url":"https:\/\/www.intoscana.it\/it\/covid-19-in-toscana-1-892-nuovi-casi-eta-media-46-anni-44-decessi\/","name":"Covid-19: in Toscana 1.892 nuovi casi, et\u00e0 media 46 anni, 44 decessi - intoscana","isPartOf":{"@id":"https:\/\/www.intoscana.it\/it\/#website"},"primaryImageOfPage":{"@id":"https:\/\/www.intoscana.it\/it\/covid-19-in-toscana-1-892-nuovi-casi-eta-media-46-anni-44-decessi\/#primaryimage"},"image":{"@id":"https:\/\/www.intoscana.it\/it\/covid-19-in-toscana-1-892-nuovi-casi-eta-media-46-anni-44-decessi\/#primaryimage"},"thumbnailUrl":"https:\/\/www.intoscana.it\/wp-content\/uploads\/famiglia_coronavirus.jpg","datePublished":"2020-11-21T15:01:26+00:00","dateModified":"2020-11-23T09:28:45+00:00","author":{"@id":"https:\/\/www.intoscana.it\/it\/#\/schema\/person\/9223810753230f20bd670fdd322661f8"},"description":"Questi i dati di sabato 21 novembre 2020, la Toscana \u00e8 al 7\u00b0 posto per numerosit\u00e0 di casi in Italia","breadcrumb":{"@id":"https:\/\/www.intoscana.it\/it\/covid-19-in-toscana-1-892-nuovi-casi-eta-media-46-anni-44-decessi\/#breadcrumb"},"inLanguage":"it-IT","potentialAction":[{"@type":"ReadAction","target":["https:\/\/www.intoscana.it\/it\/covid-19-in-toscana-1-892-nuovi-casi-eta-media-46-anni-44-decessi\/"]}]},{"@type":"ImageObject","inLanguage":"it-IT","@id":"https:\/\/www.intoscana.it\/it\/covid-19-in-toscana-1-892-nuovi-casi-eta-media-46-anni-44-decessi\/#primaryimage","url":"https:\/\/www.intoscana.it\/wp-content\/uploads\/famiglia_coronavirus.jpg","contentUrl":"https:\/\/www.intoscana.it\/wp-content\/uploads\/famiglia_coronavirus.jpg","width":2000,"height":1333},{"@type":"BreadcrumbList","@id":"https:\/\/www.intoscana.it\/it\/covid-19-in-toscana-1-892-nuovi-casi-eta-media-46-anni-44-decessi\/#breadcrumb","itemListElement":[{"@type":"ListItem","position":1,"name":"Home","item":"https:\/\/www.intoscana.it\/it\/"},{"@type":"ListItem","position":2,"name":"Covid-19: in Toscana 1.892 nuovi casi, et\u00e0 media 46 anni, 44 decessi"}]},{"@type":"WebSite","@id":"https:\/\/www.intoscana.it\/it\/#website","url":"https:\/\/www.intoscana.it\/it\/","name":"intoscana","description":"","potentialAction":[{"@type":"SearchAction","target":{"@type":"EntryPoint","urlTemplate":"https:\/\/www.intoscana.it\/it\/?s={search_term_string}"},"query-input":{"@type":"PropertyValueSpecification","valueRequired":true,"valueName":"search_term_string"}}],"inLanguage":"it-IT"},{"@type":"Person","@id":"https:\/\/www.intoscana.it\/it\/#\/schema\/person\/9223810753230f20bd670fdd322661f8","name":"Redazione","url":"https:\/\/www.intoscana.it\/it\/author\/redazione\/"}]}},"_links":{"self":[{"href":"https:\/\/www.intoscana.it\/it\/wp-json\/wp\/v2\/posts\/159122","targetHints":{"allow":["GET"]}}],"collection":[{"href":"https:\/\/www.intoscana.it\/it\/wp-json\/wp\/v2\/posts"}],"about":[{"href":"https:\/\/www.intoscana.it\/it\/wp-json\/wp\/v2\/types\/post"}],"author":[{"embeddable":true,"href":"https:\/\/www.intoscana.it\/it\/wp-json\/wp\/v2\/users\/525"}],"replies":[{"embeddable":true,"href":"https:\/\/www.intoscana.it\/it\/wp-json\/wp\/v2\/comments?post=159122"}],"version-history":[{"count":0,"href":"https:\/\/www.intoscana.it\/it\/wp-json\/wp\/v2\/posts\/159122\/revisions"}],"wp:featuredmedia":[{"embeddable":true,"href":"https:\/\/www.intoscana.it\/it\/wp-json\/wp\/v2\/media\/143878"}],"wp:attachment":[{"href":"https:\/\/www.intoscana.it\/it\/wp-json\/wp\/v2\/media?parent=159122"}],"wp:term":[{"taxonomy":"category","embeddable":true,"href":"https:\/\/www.intoscana.it\/it\/wp-json\/wp\/v2\/categories?post=159122"},{"taxonomy":"post_tag","embeddable":true,"href":"https:\/\/www.intoscana.it\/it\/wp-json\/wp\/v2\/tags?post=159122"}],"curies":[{"name":"wp","href":"https:\/\/api.w.org\/{rel}","templated":true}]}}