{"id":159228,"date":"2020-11-23T15:14:53","date_gmt":"2020-11-23T14:14:53","guid":{"rendered":"https:\/\/www.intoscana.it\/it\/?p=159228"},"modified":"2020-11-23T15:44:34","modified_gmt":"2020-11-23T14:44:34","slug":"otello-maggio-rai5","status":"publish","type":"post","link":"https:\/\/www.intoscana.it\/it\/otello-maggio-rai5\/","title":{"rendered":"L&#8217;Otello del Maggio Musicale in diretta su Rai5: una rivoluzione contro la morte"},"content":{"rendered":"<p><strong>\u00c9<\/strong> <strong>un <a href=\"https:\/\/www.maggiofiorentino.com\" target=\"_blank\" rel=\"noopener noreferrer\">Maggio Musicale Fiorentino<\/a> pieno di grinta e passione<\/strong> quello che ha presentato l&#8217;opera che andr\u00e0 in scena <strong>il 30 novembre su Rai5 in diretta<\/strong>. L&#8217;<strong>Otello di Verdi<\/strong> vedr\u00e0 la regia di <strong>Valerio Binasco<\/strong>, la direzione dell&#8217;orchestra del maestro <strong>Zubin Mehta<\/strong> e la presenza di <strong>tre dei pi\u00f9 grandi cantanti al mondo<\/strong> che debuttano per la prima volta in questa produzione: <strong>Fabio Sartori \u00e8 Otello, Marina Rebeka \u00e8 Desdemona e Luca Salsi \u00e8 Jago.<\/strong><\/p>\n<p><strong>Si tratta di una produzione straordinaria perch\u00e8 nata in tempi straordinari<\/strong>, in cui un coro di cento persone riesce a provare cantando distanziati e con la mascherina. Lo spettacolo \u00e8 reso possibile <strong>dalla donazione di uno sponsor un imprenditore francese<\/strong> che da anni vive in Italia: <strong>Philippe Foriel-Destezet che ha coperto tutti i costi della rappresentazione.<\/strong><\/p>\n<p>&#8220;Ho lavorato molto per dare un segno di vita e sono molto grato e ringrazio la Rai per questo spettacolo che sar\u00e0 visibile su Rai 5 e presto anche in Giappone. &#8211; ha dichiarato <strong>il sovrintendente Alexander Pereira<\/strong> &#8211; A giugno e luglio abbiamo capito che <strong>lo streaming non \u00e8 un&#8217;alternativa in questo momento per nessuno<\/strong>. Quando il Ministero ha dato la possibilit\u00e0 di aprire al pubblico il teatro ha cercato di fare il meglio possibile. Abbiamo provato a fare dei test con lo streaming ma abbiamo avuto spettacoli con 3-400 persone paganti.<strong> Con questi numeri non \u00e8 possibile finanziare un progetto d&#8217;opera o un concerto, non \u00e8 un modello economico praticabile.<\/strong> Servirebbero 7-800 persone per tenere il teatro aperto, di questo dobbiamo tenere conto anche pensando al prossimo futuro. Noi <strong>abbiamo la grande fortuna di avere uno sponsor che l&#8217;anno scorso ha dato 100 mila euro e quest&#8217;anno per l&#8217;Otello ha dato altri 300 mila euro.<\/strong> Il costo di questa produzione infatti sar\u00e0 completamente coperto dalla sponsorizzazione di Philippe Foriel-Destezet. <strong>Credo che questa produzione sar\u00e0 uno dei pi\u00f9 grandi Otello della storia, sar\u00e0 l&#8217;Otello del secolo.<\/strong> Essere sovrintendente per questo progetto \u00e8 un regalo incredibile.&#8221;<\/p>\n<p>&#8220;Ho fatto Otello parecchie volte tra New York, Londra e posso dire che<strong> questo allestimento \u00e8 uno dei pi\u00f9 belli, con un regista che conosce assolutamente il senso di questa tragedia<\/strong>. &#8211; ha detto <strong>il maestro Zubin Mehta<\/strong> &#8211; Io sono molto felice. Orchestra e coro purtroppo indosseranno le mascherina, per\u00f2 seduto in sala non si percepisce la differenza nel suono.&#8221;<\/p>\n<p><strong>Il regista Valerio Binasco con grande commozione ha dichiarato<\/strong>:&#8221; Il sovrintendente Pereira \u00e8 un uomo coraggioso, pieno di capacit\u00e0 di gestire un teatro in un&#8217;epoca impossibile. Sono commosso per le parole di Mehta, \u00e8 una delle esperienze pi\u00f9 forti della mia vita. Ho fatto l&#8217;Otello di Verdi nell&#8217;epoca della sua impossibilit\u00e0 totale.<strong> Noi sappiamo bene che fuori dalle mura del teatro c&#8217;\u00e8 qualcosa di incredibilmente complesso e tragico e nonostante tutto ci siamo riuniti insieme a cantare<\/strong>.\u00a0\u00c9 <strong>una rivoluzione contro\u00a0la morte,<\/strong> l&#8217;affermazione di ci\u00f2 che l&#8217;arte e la poesia possono dare all&#8217;umanit\u00e0. <strong>Abbiamo lavorato a sfidare l&#8217;impossibile<\/strong>, un coro che supera le cento persone \u00e8 riuscito a lavorare con il distanziamento. <strong>Quando il mondo cade in preda dell&#8217;impossibile, \u00e8 il momento di dare spazio agli artisti perch\u00e8 loro sanno come gestire questo demone.<\/strong> I musicisti sono non solo eroi ma a volte anche angeli.&#8221;<\/p>\n<h3>La storia dell&#8217;Otello di Verdi<\/h3>\n<p>Dopo il successo di\u00a0<em><strong>Aida\u00a0<\/strong><\/em>Verdi aveva deciso di ritirarsi dalle scene. La vita professionale gli aveva dato tutto: gloria, denaro, fama imperitura. Con\u00a0Aida\u00a0poteva congedarsi dalla fortunata stagione del melodramma ottocentesco; da troppo tempo ormai sentiva il peso di un teatro musicale in crisi che stentava a trovare nuove vie drammaturgiche e formali.<strong> Ma l\u2019incontro con lo scapigliato Arrigo Boito riport\u00f2 il maestro sulla via dell\u2019opera<\/strong>. Verdi, come Boito, era desideroso di <strong>soluzioni poetiche sperimentali e innovative<\/strong>. L\u2019intesa tra i due nacque <strong>sotto il segno di Shakespeare, autore che Verdi aveva amato e rincorso per tutta la vita.<\/strong> Primo frutto del fortunato sodalizio \u00e8 proprio <strong>Otello, che debutt\u00f2 trionfalmente alla Scala di Milano il 5 febbraio 1887.<\/strong> A 74 anni, Verdi dimostr\u00f2 una stupefacente capacit\u00e0 di rinnovamento, rivestendo in modo inaspettato e originale i versi di Boito. Con un occhio a Wagner e uno alla tradizione teatrale italiana, Verdi segn\u00f2 cos\u00ec<strong> il punto di arrivo della sua eccezionale parabola creativa.<\/strong><\/p>\n","protected":false},"excerpt":{"rendered":"<p>Luned\u00ec 30 novembre in diretta su Rai5 l&#8217;Otello di Giuseppe Verdi, con la regia di Valerio Binasco e la direzione dell&#8217;orchestra di Zubin Mehta<\/p>\n","protected":false},"author":518,"featured_media":159233,"comment_status":"open","ping_status":"open","sticky":false,"template":"","format":"standard","meta":{"_acf_changed":false,"footnotes":""},"categories":[14],"tags":[216,369,5005],"class_list":["post-159228","post","type-post","status-publish","format-standard","has-post-thumbnail","hentry","category-musica","tag-concerti","tag-maggio-musicale-fiorentino","tag-opera"],"acf":[],"yoast_head":"<!-- This site is optimized with the Yoast SEO Premium plugin v24.2 (Yoast SEO v25.6) - https:\/\/yoast.com\/wordpress\/plugins\/seo\/ -->\n<title>L&#039;Otello del Maggio Musicale in diretta su Rai5: una rivoluzione contro la morte - intoscana<\/title>\n<meta name=\"description\" content=\"Luned\u00ec 30 novembre in diretta su Rai5 l&#039;Otello di Giuseppe Verdi, con la regia di Valerio Binasco e la direzione di Zubin Mehta\" \/>\n<meta name=\"robots\" content=\"index, follow, max-snippet:-1, max-image-preview:large, max-video-preview:-1\" \/>\n<link rel=\"canonical\" href=\"https:\/\/www.intoscana.it\/it\/otello-maggio-rai5\/\" \/>\n<meta property=\"og:locale\" content=\"it_IT\" \/>\n<meta property=\"og:type\" content=\"article\" \/>\n<meta property=\"og:title\" content=\"L&#039;Otello del Maggio Musicale in diretta su Rai5: una rivoluzione contro la morte\" \/>\n<meta property=\"og:description\" content=\"Luned\u00ec 30 novembre in diretta su Rai5 l&#039;Otello di Giuseppe Verdi, con la regia di Valerio Binasco e la direzione di Zubin Mehta\" \/>\n<meta property=\"og:url\" content=\"https:\/\/www.intoscana.it\/it\/otello-maggio-rai5\/\" \/>\n<meta property=\"og:site_name\" content=\"intoscana\" \/>\n<meta property=\"article:publisher\" content=\"https:\/\/www.facebook.com\/intoscana.it\" \/>\n<meta property=\"article:published_time\" content=\"2020-11-23T14:14:53+00:00\" \/>\n<meta property=\"article:modified_time\" content=\"2020-11-23T14:44:34+00:00\" \/>\n<meta property=\"og:image\" content=\"https:\/\/www.intoscana.it\/wp-content\/uploads\/Otello_Prove-\u00a9-Michele-Monasta-2-scaled.jpg\" \/>\n\t<meta property=\"og:image:width\" content=\"2048\" \/>\n\t<meta property=\"og:image:height\" content=\"1365\" \/>\n\t<meta property=\"og:image:type\" content=\"image\/jpeg\" \/>\n<meta name=\"author\" content=\"Costanza Baldini\" \/>\n<meta name=\"twitter:card\" content=\"summary_large_image\" \/>\n<meta name=\"twitter:creator\" content=\"@intoscana\" \/>\n<meta name=\"twitter:site\" content=\"@intoscana\" \/>\n<meta name=\"twitter:label1\" content=\"Written by\" \/>\n\t<meta name=\"twitter:data1\" content=\"Costanza Baldini\" \/>\n\t<meta name=\"twitter:label2\" content=\"Est. reading time\" \/>\n\t<meta name=\"twitter:data2\" content=\"3 minuti\" \/>\n<script type=\"application\/ld+json\" class=\"yoast-schema-graph\">{\"@context\":\"https:\/\/schema.org\",\"@graph\":[{\"@type\":\"WebPage\",\"@id\":\"https:\/\/www.intoscana.it\/it\/otello-maggio-rai5\/\",\"url\":\"https:\/\/www.intoscana.it\/it\/otello-maggio-rai5\/\",\"name\":\"L'Otello del Maggio Musicale in diretta su Rai5: una rivoluzione contro la morte - intoscana\",\"isPartOf\":{\"@id\":\"https:\/\/www.intoscana.it\/it\/#website\"},\"primaryImageOfPage\":{\"@id\":\"https:\/\/www.intoscana.it\/it\/otello-maggio-rai5\/#primaryimage\"},\"image\":{\"@id\":\"https:\/\/www.intoscana.it\/it\/otello-maggio-rai5\/#primaryimage\"},\"thumbnailUrl\":\"https:\/\/www.intoscana.it\/wp-content\/uploads\/Otello_Prove-\u00a9-Michele-Monasta-2-scaled.jpg\",\"datePublished\":\"2020-11-23T14:14:53+00:00\",\"dateModified\":\"2020-11-23T14:44:34+00:00\",\"author\":{\"@id\":\"https:\/\/www.intoscana.it\/it\/#\/schema\/person\/d469f35f09739bdf00bf5dd3f0647a82\"},\"description\":\"Luned\u00ec 30 novembre in diretta su Rai5 l'Otello di Giuseppe Verdi, con la regia di Valerio Binasco e la direzione di Zubin Mehta\",\"breadcrumb\":{\"@id\":\"https:\/\/www.intoscana.it\/it\/otello-maggio-rai5\/#breadcrumb\"},\"inLanguage\":\"it-IT\",\"potentialAction\":[{\"@type\":\"ReadAction\",\"target\":[\"https:\/\/www.intoscana.it\/it\/otello-maggio-rai5\/\"]}]},{\"@type\":\"ImageObject\",\"inLanguage\":\"it-IT\",\"@id\":\"https:\/\/www.intoscana.it\/it\/otello-maggio-rai5\/#primaryimage\",\"url\":\"https:\/\/www.intoscana.it\/wp-content\/uploads\/Otello_Prove-\u00a9-Michele-Monasta-2-scaled.jpg\",\"contentUrl\":\"https:\/\/www.intoscana.it\/wp-content\/uploads\/Otello_Prove-\u00a9-Michele-Monasta-2-scaled.jpg\",\"width\":2048,\"height\":1365},{\"@type\":\"BreadcrumbList\",\"@id\":\"https:\/\/www.intoscana.it\/it\/otello-maggio-rai5\/#breadcrumb\",\"itemListElement\":[{\"@type\":\"ListItem\",\"position\":1,\"name\":\"Home\",\"item\":\"https:\/\/www.intoscana.it\/it\/\"},{\"@type\":\"ListItem\",\"position\":2,\"name\":\"L&#8217;Otello del Maggio Musicale in diretta su Rai5: una rivoluzione contro la morte\"}]},{\"@type\":\"WebSite\",\"@id\":\"https:\/\/www.intoscana.it\/it\/#website\",\"url\":\"https:\/\/www.intoscana.it\/it\/\",\"name\":\"intoscana\",\"description\":\"\",\"potentialAction\":[{\"@type\":\"SearchAction\",\"target\":{\"@type\":\"EntryPoint\",\"urlTemplate\":\"https:\/\/www.intoscana.it\/it\/?s={search_term_string}\"},\"query-input\":{\"@type\":\"PropertyValueSpecification\",\"valueRequired\":true,\"valueName\":\"search_term_string\"}}],\"inLanguage\":\"it-IT\"},{\"@type\":\"Person\",\"@id\":\"https:\/\/www.intoscana.it\/it\/#\/schema\/person\/d469f35f09739bdf00bf5dd3f0647a82\",\"name\":\"Costanza Baldini\",\"url\":\"https:\/\/www.intoscana.it\/it\/author\/costanza-baldini\/\"}]}<\/script>\n<!-- \/ Yoast SEO Premium plugin. -->","yoast_head_json":{"title":"L'Otello del Maggio Musicale in diretta su Rai5: una rivoluzione contro la morte - intoscana","description":"Luned\u00ec 30 novembre in diretta su Rai5 l'Otello di Giuseppe Verdi, con la regia di Valerio Binasco e la direzione di Zubin Mehta","robots":{"index":"index","follow":"follow","max-snippet":"max-snippet:-1","max-image-preview":"max-image-preview:large","max-video-preview":"max-video-preview:-1"},"canonical":"https:\/\/www.intoscana.it\/it\/otello-maggio-rai5\/","og_locale":"it_IT","og_type":"article","og_title":"L'Otello del Maggio Musicale in diretta su Rai5: una rivoluzione contro la morte","og_description":"Luned\u00ec 30 novembre in diretta su Rai5 l'Otello di Giuseppe Verdi, con la regia di Valerio Binasco e la direzione di Zubin Mehta","og_url":"https:\/\/www.intoscana.it\/it\/otello-maggio-rai5\/","og_site_name":"intoscana","article_publisher":"https:\/\/www.facebook.com\/intoscana.it","article_published_time":"2020-11-23T14:14:53+00:00","article_modified_time":"2020-11-23T14:44:34+00:00","og_image":[{"width":2048,"height":1365,"url":"https:\/\/www.intoscana.it\/wp-content\/uploads\/Otello_Prove-\u00a9-Michele-Monasta-2-scaled.jpg","type":"image\/jpeg"}],"author":"Costanza Baldini","twitter_card":"summary_large_image","twitter_creator":"@intoscana","twitter_site":"@intoscana","twitter_misc":{"Written by":"Costanza Baldini","Est. reading time":"3 minuti"},"schema":{"@context":"https:\/\/schema.org","@graph":[{"@type":"WebPage","@id":"https:\/\/www.intoscana.it\/it\/otello-maggio-rai5\/","url":"https:\/\/www.intoscana.it\/it\/otello-maggio-rai5\/","name":"L'Otello del Maggio Musicale in diretta su Rai5: una rivoluzione contro la morte - intoscana","isPartOf":{"@id":"https:\/\/www.intoscana.it\/it\/#website"},"primaryImageOfPage":{"@id":"https:\/\/www.intoscana.it\/it\/otello-maggio-rai5\/#primaryimage"},"image":{"@id":"https:\/\/www.intoscana.it\/it\/otello-maggio-rai5\/#primaryimage"},"thumbnailUrl":"https:\/\/www.intoscana.it\/wp-content\/uploads\/Otello_Prove-\u00a9-Michele-Monasta-2-scaled.jpg","datePublished":"2020-11-23T14:14:53+00:00","dateModified":"2020-11-23T14:44:34+00:00","author":{"@id":"https:\/\/www.intoscana.it\/it\/#\/schema\/person\/d469f35f09739bdf00bf5dd3f0647a82"},"description":"Luned\u00ec 30 novembre in diretta su Rai5 l'Otello di Giuseppe Verdi, con la regia di Valerio Binasco e la direzione di Zubin Mehta","breadcrumb":{"@id":"https:\/\/www.intoscana.it\/it\/otello-maggio-rai5\/#breadcrumb"},"inLanguage":"it-IT","potentialAction":[{"@type":"ReadAction","target":["https:\/\/www.intoscana.it\/it\/otello-maggio-rai5\/"]}]},{"@type":"ImageObject","inLanguage":"it-IT","@id":"https:\/\/www.intoscana.it\/it\/otello-maggio-rai5\/#primaryimage","url":"https:\/\/www.intoscana.it\/wp-content\/uploads\/Otello_Prove-\u00a9-Michele-Monasta-2-scaled.jpg","contentUrl":"https:\/\/www.intoscana.it\/wp-content\/uploads\/Otello_Prove-\u00a9-Michele-Monasta-2-scaled.jpg","width":2048,"height":1365},{"@type":"BreadcrumbList","@id":"https:\/\/www.intoscana.it\/it\/otello-maggio-rai5\/#breadcrumb","itemListElement":[{"@type":"ListItem","position":1,"name":"Home","item":"https:\/\/www.intoscana.it\/it\/"},{"@type":"ListItem","position":2,"name":"L&#8217;Otello del Maggio Musicale in diretta su Rai5: una rivoluzione contro la morte"}]},{"@type":"WebSite","@id":"https:\/\/www.intoscana.it\/it\/#website","url":"https:\/\/www.intoscana.it\/it\/","name":"intoscana","description":"","potentialAction":[{"@type":"SearchAction","target":{"@type":"EntryPoint","urlTemplate":"https:\/\/www.intoscana.it\/it\/?s={search_term_string}"},"query-input":{"@type":"PropertyValueSpecification","valueRequired":true,"valueName":"search_term_string"}}],"inLanguage":"it-IT"},{"@type":"Person","@id":"https:\/\/www.intoscana.it\/it\/#\/schema\/person\/d469f35f09739bdf00bf5dd3f0647a82","name":"Costanza Baldini","url":"https:\/\/www.intoscana.it\/it\/author\/costanza-baldini\/"}]}},"_links":{"self":[{"href":"https:\/\/www.intoscana.it\/it\/wp-json\/wp\/v2\/posts\/159228","targetHints":{"allow":["GET"]}}],"collection":[{"href":"https:\/\/www.intoscana.it\/it\/wp-json\/wp\/v2\/posts"}],"about":[{"href":"https:\/\/www.intoscana.it\/it\/wp-json\/wp\/v2\/types\/post"}],"author":[{"embeddable":true,"href":"https:\/\/www.intoscana.it\/it\/wp-json\/wp\/v2\/users\/518"}],"replies":[{"embeddable":true,"href":"https:\/\/www.intoscana.it\/it\/wp-json\/wp\/v2\/comments?post=159228"}],"version-history":[{"count":0,"href":"https:\/\/www.intoscana.it\/it\/wp-json\/wp\/v2\/posts\/159228\/revisions"}],"wp:featuredmedia":[{"embeddable":true,"href":"https:\/\/www.intoscana.it\/it\/wp-json\/wp\/v2\/media\/159233"}],"wp:attachment":[{"href":"https:\/\/www.intoscana.it\/it\/wp-json\/wp\/v2\/media?parent=159228"}],"wp:term":[{"taxonomy":"category","embeddable":true,"href":"https:\/\/www.intoscana.it\/it\/wp-json\/wp\/v2\/categories?post=159228"},{"taxonomy":"post_tag","embeddable":true,"href":"https:\/\/www.intoscana.it\/it\/wp-json\/wp\/v2\/tags?post=159228"}],"curies":[{"name":"wp","href":"https:\/\/api.w.org\/{rel}","templated":true}]}}