{"id":159516,"date":"2020-11-25T12:56:38","date_gmt":"2020-11-25T11:56:38","guid":{"rendered":"https:\/\/www.intoscana.it\/it\/?p=159516"},"modified":"2020-11-25T14:18:56","modified_gmt":"2020-11-25T13:18:56","slug":"mattia-compagnucci-contadino-cuoco-e-scrittore-di-montespertoli","status":"publish","type":"post","link":"https:\/\/www.intoscana.it\/it\/mattia-compagnucci-contadino-cuoco-e-scrittore-di-montespertoli\/","title":{"rendered":"Mattia Compagnucci, contadino, cuoco e scrittore di Montespertoli"},"content":{"rendered":"<p><strong>Un gelato a Km 0<\/strong>. \u00c8 questo il piatto che proporr\u00e0 <strong>Mattia Compagnucci<\/strong>, giovane cuoco e scrittore toscano, all\u2019evento <a href=\"https:\/\/www.intoscana.it\/it\/articolo\/olea-il-forum-sullolio-evo-di-montespertoli-online\/\">Olea, il forum dedicato all\u2019olio extravergine di oliva di Montespertoli<\/a> che quest\u2019anno a causa del virus si svolger\u00e0 online nei giorni 28 e 29 novembre.<\/p>\n<p>Mattia Compagnucci, classe &#8217;96, vive a Ortimino nell\u2019azienda vitivinicola della sua famiglia e ha le idee molto chiare: ha gi\u00e0 pubblicato due libri, il romanzo giallo <strong><em>Questione d\u2019onore<\/em><\/strong> e il ricettario pi\u00f9 recente <strong><em>I sapori di casa<\/em><\/strong>. Ecco la nostra intervista:<\/p>\n<p><strong>Ciao Mattia! Visto che parteciperai all\u2019evento Olea, in programma questo weekend, ti va di raccontarci quale ricetta proporrai per esaltare l\u2019olio extravergine di oliva di Montespertoli?<\/strong><\/p>\n<p>Certo! La premessa che faccio \u00e8 che sono nato e cresciuto nell\u2019azienda agricola di famiglia, perci\u00f2 conosco molto bene l\u2019olio (e il vino) del territorio: \u00e8 un ingrediente che non ha segreti.<br \/>\nPer l\u2019occasione realizzo <mark>un gelato a Km 0 utilizzando l&#8217;olio prodotto dalla nostra azienda, ma anche altri prodotti del territorio di Montespertoli ovvero il latte, il Pecorino Toscano DOP e la farina di grani antichi<\/mark>, con cui ho fatto una base per accompagnare questo gelato. \u00c8 una ricetta che pu\u00f2 essere utilizzata sia per il dolce che per il salato.<\/p>\n<div class=\"focuson\"><a href=\"https:\/\/www.intoscana.it\/it\/articolo\/olea-il-forum-sullolio-evo-di-montespertoli-online\/\"><img decoding=\"async\" class=\"lazy\" src=\"https:\/\/www.intoscana.it\/wp-content\/uploads\/Olea-Montespertoli.png\" style=\"\">\n                <div class=\"cat\">OLEA, il primo forum sull'olio extravergine di oliva di Montespertoli<\/div>\n                <h4>Appuntamento in streaming con ospiti, produttori e cooking show<\/h4><\/a>\n              <\/div>\n<p><strong>Da dove nasce la tua passione per la cucina e l&#8217;enogastronomia?<\/strong><\/p>\n<p>La mia passione nasce grazie alle mie nonne. Sono sempre stato <strong>affascinato dalla cucina<\/strong>. Devo ringraziare la mia famiglia per avermi permesso di continuare gli studi in questo settore. <mark>Ho frequentato l\u2019Istituto alberghiero Federigo Enriques di Castelfiorentino e per me \u00e8 stato un amore a prima vista: ho trovato ottimi insegnanti e un altissimo livello di professionalit\u00e0<\/mark>.<br \/>\nSempre qui, oltre alle ore di laboratorio ai fornelli, mi sono avvicinato a un altro grande interesse: quello per la <strong>letteratura<\/strong>. Queste ore di studio di italiano mi sono servite per comporre la mia tesina che, tramite alcuni esempi, approfondiva il tema dell\u2019influenza della cucina nella letteratura e nella televisione.<\/p>\n<p><strong>Oltre alla tesina, hai scritto un romanzo giallo e nel 2020 hai pubblicato il ricettario <em>I sapori di casa<\/em>.<\/strong><\/p>\n<p><mark>Oltre a fare il contadino e il cuoco, sono anche scrittore<\/mark>. Mi definisco un po&#8217; vintage visto che prima di creare al pc, ho bisogno di scrivere a mano, con carta e penna. Dopo aver pubblicato il giallo <em>Questione d\u2019onore<\/em>, si \u00e8 diciamo bloccato tutto per il lockdown dovuto al Coronavirus. Perci\u00f2 <mark>ho iniziato a fare delle semplici dirette su Facebook dove offrivo lezioni di cucina gratuite per chiunque volesse seguirmi<\/mark>. Ho insegnato a stendere la pasta, fare i vari tipi di tagli, i ripieni, le farine..<\/p>\n<p>Questo progetto, messo in pausa a maggio con la riapertura, si \u00e8 nuovamente sviluppato quando la <a href=\"http:\/\/www.portoseguroeditore.com\/product\/i-sapori-di-casa\/\" target=\"_blank\" rel=\"noopener noreferrer\"><strong>casa editrice<\/strong><\/a> con cui avevo gi\u00e0 collaborato mi ha proposto di riunire queste ricette e di farle diventare un libro. <em>I sapori di casa<\/em>, appunto. \u00c8 sempre stato il mio sogno e ne sono rimasto estasiato.<\/p>\n<p>In passato, soprattutto alle elementari e alle medie, ho vissuto alcuni momenti difficili e arrivare a raggiungere questo traguardo per me \u00e8 importantissimo: <strong>ci vuole tanto coraggio e altrettanta tenacia, ma si pu\u00f2 arrivare ovunque<\/strong>. Questi successi sono il risultato di un\u2019intensa sofferenza ma anche di un enorme lavoro che ho fatto su me stesso. Questo \u00e8 ci\u00f2 che cerco di esprimere: mai smettere di credere nelle proprie potenzialit\u00e0.<\/p>\n<figure id=\"post-159535 media-159535\" class=\"align-none\"><img decoding=\"async\" src=\"https:\/\/www.intoscana.it\/wp-content\/uploads\/Mattia-Compagnucci-ospite-di-Alice-TV.jpg\" alt=\"\" \/><\/figure>\n<div class=\"titleimg\">Mattia Compagnucci ospite di Alice TV<\/div>\n<p><strong>Hai partecipato alla trasmissione di Alice TV portando sullo schermo un pezzo di Montespertoli; hai un blog &#8220;La Buona Penna&#8221;, organizzi corsi di cucina. Quali sono i tuoi progetti per il futuro?<\/strong><\/p>\n<p>I sogni non mancano. <mark>Spero di continuare il mio percorso come autore; mi piacerebbe poter condurre un programma tutto mio di cucina e dare il mio contributo nell&#8217;azienda di famiglia<\/mark>: proseguire quello che mio nonno e mio padre hanno cominciato, tutelando i valori della tradizione. Un\u2019ultima cosa ci tengo a dire: cerco e cercher\u00f2 sempre di <strong>strappare un sorriso<\/strong>.<\/p>\n","protected":false},"excerpt":{"rendered":"<p>Durante il lockdown ha utilizzato i social per trasmettere in video le sue ricette e le sue lezioni di cucina. Da questa esperienza \u00e8 nato il volume \u201cI sapori di casa\u201d che raccoglie un menu completo, dall\u2019antipasto al dolce<\/p>\n","protected":false},"author":483,"featured_media":159553,"comment_status":"open","ping_status":"open","sticky":false,"template":"","format":"standard","meta":{"_acf_changed":false,"footnotes":""},"categories":[4],"tags":[210,4994,5015,288,3653],"class_list":["post-159516","post","type-post","status-publish","format-standard","has-post-thumbnail","hentry","category-storie","tag-libri","tag-montespertoli","tag-olea-2020","tag-olio","tag-scrittori-toscani"],"acf":[],"yoast_head":"<!-- This site is optimized with the Yoast SEO Premium plugin v24.2 (Yoast SEO v25.6) - https:\/\/yoast.com\/wordpress\/plugins\/seo\/ -->\n<title>Mattia Compagnucci, giovane cuoco e scrittore di Montespertoli - intoscana<\/title>\n<meta name=\"description\" content=\"Mattia Compagnucci, giovane cuoco e scrittore toscano, partecipa all\u2019evento Olea, il forum dedicato all\u2019olio EVO di Montespertoli.\" \/>\n<meta name=\"robots\" content=\"index, follow, max-snippet:-1, max-image-preview:large, max-video-preview:-1\" \/>\n<link rel=\"canonical\" href=\"https:\/\/www.intoscana.it\/it\/mattia-compagnucci-contadino-cuoco-e-scrittore-di-montespertoli\/\" \/>\n<meta property=\"og:locale\" content=\"it_IT\" \/>\n<meta property=\"og:type\" content=\"article\" \/>\n<meta property=\"og:title\" content=\"Mattia Compagnucci, contadino, cuoco e scrittore di Montespertoli\" \/>\n<meta property=\"og:description\" content=\"Mattia Compagnucci, giovane cuoco e scrittore toscano, partecipa all\u2019evento Olea, il forum dedicato all\u2019olio EVO di Montespertoli.\" \/>\n<meta property=\"og:url\" content=\"https:\/\/www.intoscana.it\/it\/mattia-compagnucci-contadino-cuoco-e-scrittore-di-montespertoli\/\" \/>\n<meta property=\"og:site_name\" content=\"intoscana\" \/>\n<meta property=\"article:publisher\" content=\"https:\/\/www.facebook.com\/intoscana.it\" \/>\n<meta property=\"article:published_time\" content=\"2020-11-25T11:56:38+00:00\" \/>\n<meta property=\"article:modified_time\" content=\"2020-11-25T13:18:56+00:00\" \/>\n<meta property=\"og:image\" content=\"https:\/\/www.intoscana.it\/wp-content\/uploads\/I-sapori-di-Casa-Mattia-Compagnucci.jpg\" \/>\n\t<meta property=\"og:image:width\" content=\"1080\" \/>\n\t<meta property=\"og:image:height\" content=\"1350\" \/>\n\t<meta property=\"og:image:type\" content=\"image\/jpeg\" \/>\n<meta name=\"author\" content=\"Marta Mancini\" \/>\n<meta name=\"twitter:card\" content=\"summary_large_image\" \/>\n<meta name=\"twitter:creator\" content=\"@intoscana\" \/>\n<meta name=\"twitter:site\" content=\"@intoscana\" \/>\n<meta name=\"twitter:label1\" content=\"Written by\" \/>\n\t<meta name=\"twitter:data1\" content=\"Marta Mancini\" \/>\n\t<meta name=\"twitter:label2\" content=\"Est. reading time\" \/>\n\t<meta name=\"twitter:data2\" content=\"3 minuti\" \/>\n<script type=\"application\/ld+json\" class=\"yoast-schema-graph\">{\"@context\":\"https:\/\/schema.org\",\"@graph\":[{\"@type\":\"WebPage\",\"@id\":\"https:\/\/www.intoscana.it\/it\/mattia-compagnucci-contadino-cuoco-e-scrittore-di-montespertoli\/\",\"url\":\"https:\/\/www.intoscana.it\/it\/mattia-compagnucci-contadino-cuoco-e-scrittore-di-montespertoli\/\",\"name\":\"Mattia Compagnucci, giovane cuoco e scrittore di Montespertoli - intoscana\",\"isPartOf\":{\"@id\":\"https:\/\/www.intoscana.it\/it\/#website\"},\"primaryImageOfPage\":{\"@id\":\"https:\/\/www.intoscana.it\/it\/mattia-compagnucci-contadino-cuoco-e-scrittore-di-montespertoli\/#primaryimage\"},\"image\":{\"@id\":\"https:\/\/www.intoscana.it\/it\/mattia-compagnucci-contadino-cuoco-e-scrittore-di-montespertoli\/#primaryimage\"},\"thumbnailUrl\":\"https:\/\/www.intoscana.it\/wp-content\/uploads\/I-sapori-di-Casa-Mattia-Compagnucci.jpg\",\"datePublished\":\"2020-11-25T11:56:38+00:00\",\"dateModified\":\"2020-11-25T13:18:56+00:00\",\"author\":{\"@id\":\"https:\/\/www.intoscana.it\/it\/#\/schema\/person\/ba955c49c389f39a8208f182b0652479\"},\"description\":\"Mattia Compagnucci, giovane cuoco e scrittore toscano, partecipa all\u2019evento Olea, il forum dedicato all\u2019olio EVO di Montespertoli.\",\"breadcrumb\":{\"@id\":\"https:\/\/www.intoscana.it\/it\/mattia-compagnucci-contadino-cuoco-e-scrittore-di-montespertoli\/#breadcrumb\"},\"inLanguage\":\"it-IT\",\"potentialAction\":[{\"@type\":\"ReadAction\",\"target\":[\"https:\/\/www.intoscana.it\/it\/mattia-compagnucci-contadino-cuoco-e-scrittore-di-montespertoli\/\"]}]},{\"@type\":\"ImageObject\",\"inLanguage\":\"it-IT\",\"@id\":\"https:\/\/www.intoscana.it\/it\/mattia-compagnucci-contadino-cuoco-e-scrittore-di-montespertoli\/#primaryimage\",\"url\":\"https:\/\/www.intoscana.it\/wp-content\/uploads\/I-sapori-di-Casa-Mattia-Compagnucci.jpg\",\"contentUrl\":\"https:\/\/www.intoscana.it\/wp-content\/uploads\/I-sapori-di-Casa-Mattia-Compagnucci.jpg\",\"width\":1080,\"height\":1350,\"caption\":\"Mattia Compagnucci, autore del libro I sapori di casa\"},{\"@type\":\"BreadcrumbList\",\"@id\":\"https:\/\/www.intoscana.it\/it\/mattia-compagnucci-contadino-cuoco-e-scrittore-di-montespertoli\/#breadcrumb\",\"itemListElement\":[{\"@type\":\"ListItem\",\"position\":1,\"name\":\"Home\",\"item\":\"https:\/\/www.intoscana.it\/it\/\"},{\"@type\":\"ListItem\",\"position\":2,\"name\":\"Mattia Compagnucci, contadino, cuoco e scrittore di Montespertoli\"}]},{\"@type\":\"WebSite\",\"@id\":\"https:\/\/www.intoscana.it\/it\/#website\",\"url\":\"https:\/\/www.intoscana.it\/it\/\",\"name\":\"intoscana\",\"description\":\"\",\"potentialAction\":[{\"@type\":\"SearchAction\",\"target\":{\"@type\":\"EntryPoint\",\"urlTemplate\":\"https:\/\/www.intoscana.it\/it\/?s={search_term_string}\"},\"query-input\":{\"@type\":\"PropertyValueSpecification\",\"valueRequired\":true,\"valueName\":\"search_term_string\"}}],\"inLanguage\":\"it-IT\"},{\"@type\":\"Person\",\"@id\":\"https:\/\/www.intoscana.it\/it\/#\/schema\/person\/ba955c49c389f39a8208f182b0652479\",\"name\":\"Marta Mancini\",\"url\":\"https:\/\/www.intoscana.it\/it\/author\/marta-mancini\/\"}]}<\/script>\n<!-- \/ Yoast SEO Premium plugin. -->","yoast_head_json":{"title":"Mattia Compagnucci, giovane cuoco e scrittore di Montespertoli - intoscana","description":"Mattia Compagnucci, giovane cuoco e scrittore toscano, partecipa all\u2019evento Olea, il forum dedicato all\u2019olio EVO di Montespertoli.","robots":{"index":"index","follow":"follow","max-snippet":"max-snippet:-1","max-image-preview":"max-image-preview:large","max-video-preview":"max-video-preview:-1"},"canonical":"https:\/\/www.intoscana.it\/it\/mattia-compagnucci-contadino-cuoco-e-scrittore-di-montespertoli\/","og_locale":"it_IT","og_type":"article","og_title":"Mattia Compagnucci, contadino, cuoco e scrittore di Montespertoli","og_description":"Mattia Compagnucci, giovane cuoco e scrittore toscano, partecipa all\u2019evento Olea, il forum dedicato all\u2019olio EVO di Montespertoli.","og_url":"https:\/\/www.intoscana.it\/it\/mattia-compagnucci-contadino-cuoco-e-scrittore-di-montespertoli\/","og_site_name":"intoscana","article_publisher":"https:\/\/www.facebook.com\/intoscana.it","article_published_time":"2020-11-25T11:56:38+00:00","article_modified_time":"2020-11-25T13:18:56+00:00","og_image":[{"width":1080,"height":1350,"url":"https:\/\/www.intoscana.it\/wp-content\/uploads\/I-sapori-di-Casa-Mattia-Compagnucci.jpg","type":"image\/jpeg"}],"author":"Marta Mancini","twitter_card":"summary_large_image","twitter_creator":"@intoscana","twitter_site":"@intoscana","twitter_misc":{"Written by":"Marta Mancini","Est. reading time":"3 minuti"},"schema":{"@context":"https:\/\/schema.org","@graph":[{"@type":"WebPage","@id":"https:\/\/www.intoscana.it\/it\/mattia-compagnucci-contadino-cuoco-e-scrittore-di-montespertoli\/","url":"https:\/\/www.intoscana.it\/it\/mattia-compagnucci-contadino-cuoco-e-scrittore-di-montespertoli\/","name":"Mattia Compagnucci, giovane cuoco e scrittore di Montespertoli - intoscana","isPartOf":{"@id":"https:\/\/www.intoscana.it\/it\/#website"},"primaryImageOfPage":{"@id":"https:\/\/www.intoscana.it\/it\/mattia-compagnucci-contadino-cuoco-e-scrittore-di-montespertoli\/#primaryimage"},"image":{"@id":"https:\/\/www.intoscana.it\/it\/mattia-compagnucci-contadino-cuoco-e-scrittore-di-montespertoli\/#primaryimage"},"thumbnailUrl":"https:\/\/www.intoscana.it\/wp-content\/uploads\/I-sapori-di-Casa-Mattia-Compagnucci.jpg","datePublished":"2020-11-25T11:56:38+00:00","dateModified":"2020-11-25T13:18:56+00:00","author":{"@id":"https:\/\/www.intoscana.it\/it\/#\/schema\/person\/ba955c49c389f39a8208f182b0652479"},"description":"Mattia Compagnucci, giovane cuoco e scrittore toscano, partecipa all\u2019evento Olea, il forum dedicato all\u2019olio EVO di Montespertoli.","breadcrumb":{"@id":"https:\/\/www.intoscana.it\/it\/mattia-compagnucci-contadino-cuoco-e-scrittore-di-montespertoli\/#breadcrumb"},"inLanguage":"it-IT","potentialAction":[{"@type":"ReadAction","target":["https:\/\/www.intoscana.it\/it\/mattia-compagnucci-contadino-cuoco-e-scrittore-di-montespertoli\/"]}]},{"@type":"ImageObject","inLanguage":"it-IT","@id":"https:\/\/www.intoscana.it\/it\/mattia-compagnucci-contadino-cuoco-e-scrittore-di-montespertoli\/#primaryimage","url":"https:\/\/www.intoscana.it\/wp-content\/uploads\/I-sapori-di-Casa-Mattia-Compagnucci.jpg","contentUrl":"https:\/\/www.intoscana.it\/wp-content\/uploads\/I-sapori-di-Casa-Mattia-Compagnucci.jpg","width":1080,"height":1350,"caption":"Mattia Compagnucci, autore del libro I sapori di casa"},{"@type":"BreadcrumbList","@id":"https:\/\/www.intoscana.it\/it\/mattia-compagnucci-contadino-cuoco-e-scrittore-di-montespertoli\/#breadcrumb","itemListElement":[{"@type":"ListItem","position":1,"name":"Home","item":"https:\/\/www.intoscana.it\/it\/"},{"@type":"ListItem","position":2,"name":"Mattia Compagnucci, contadino, cuoco e scrittore di Montespertoli"}]},{"@type":"WebSite","@id":"https:\/\/www.intoscana.it\/it\/#website","url":"https:\/\/www.intoscana.it\/it\/","name":"intoscana","description":"","potentialAction":[{"@type":"SearchAction","target":{"@type":"EntryPoint","urlTemplate":"https:\/\/www.intoscana.it\/it\/?s={search_term_string}"},"query-input":{"@type":"PropertyValueSpecification","valueRequired":true,"valueName":"search_term_string"}}],"inLanguage":"it-IT"},{"@type":"Person","@id":"https:\/\/www.intoscana.it\/it\/#\/schema\/person\/ba955c49c389f39a8208f182b0652479","name":"Marta Mancini","url":"https:\/\/www.intoscana.it\/it\/author\/marta-mancini\/"}]}},"_links":{"self":[{"href":"https:\/\/www.intoscana.it\/it\/wp-json\/wp\/v2\/posts\/159516","targetHints":{"allow":["GET"]}}],"collection":[{"href":"https:\/\/www.intoscana.it\/it\/wp-json\/wp\/v2\/posts"}],"about":[{"href":"https:\/\/www.intoscana.it\/it\/wp-json\/wp\/v2\/types\/post"}],"author":[{"embeddable":true,"href":"https:\/\/www.intoscana.it\/it\/wp-json\/wp\/v2\/users\/483"}],"replies":[{"embeddable":true,"href":"https:\/\/www.intoscana.it\/it\/wp-json\/wp\/v2\/comments?post=159516"}],"version-history":[{"count":0,"href":"https:\/\/www.intoscana.it\/it\/wp-json\/wp\/v2\/posts\/159516\/revisions"}],"wp:featuredmedia":[{"embeddable":true,"href":"https:\/\/www.intoscana.it\/it\/wp-json\/wp\/v2\/media\/159553"}],"wp:attachment":[{"href":"https:\/\/www.intoscana.it\/it\/wp-json\/wp\/v2\/media?parent=159516"}],"wp:term":[{"taxonomy":"category","embeddable":true,"href":"https:\/\/www.intoscana.it\/it\/wp-json\/wp\/v2\/categories?post=159516"},{"taxonomy":"post_tag","embeddable":true,"href":"https:\/\/www.intoscana.it\/it\/wp-json\/wp\/v2\/tags?post=159516"}],"curies":[{"name":"wp","href":"https:\/\/api.w.org\/{rel}","templated":true}]}}