{"id":159586,"date":"2020-11-26T09:25:27","date_gmt":"2020-11-26T08:25:27","guid":{"rendered":"https:\/\/www.intoscana.it\/it\/?p=159586"},"modified":"2020-12-05T15:59:44","modified_gmt":"2020-12-05T14:59:44","slug":"andrea-perini-lo-chef-dellolio-extravergine-di-oliva","status":"publish","type":"post","link":"https:\/\/www.intoscana.it\/it\/andrea-perini-lo-chef-dellolio-extravergine-di-oliva\/","title":{"rendered":"Andrea Perini, lo chef dell\u2019olio extravergine di oliva"},"content":{"rendered":"<p>\u201c<em>Tanto per cominciare, l\u2019olio non \u00e8 un condimento, ma un vero e proprio ingrediente<\/em>\u201d: \u00e8 questo il motto di <strong>Andrea Perini<\/strong>, il cuoco allievo di Gordon Ramsay e Mar\u00eda Jos\u00e9 San Rom\u00e1n, oggi in cucina da <strong>Al588 a Bagno a Ripoli<\/strong>, alle porte di Firenze. Per il secondo anno di fila si \u00e8 aggiudicato il premio di <strong>\u201cChef dell\u2019olio\u201d assegnato dall\u2019AIRO<\/strong>\u00a0(l\u2019Associazione Internazionale Ristoranti dell&#8217;Olio) per l\u2019eccezionale utilizzo dell&#8217;olio extravergine d\u2019oliva nei suoi piatti.<\/p>\n<p>In vista di <a href=\"https:\/\/www.intoscana.it\/it\/articolo\/olea-il-forum-sullolio-evo-di-montespertoli-online\/\">Olea, la manifestazione dedicata all\u2019oro verde di Montespertoli<\/a>, in programma il 28 e 29 novembre online, abbiamo intervistato lo chef Andrea Perini per capire com\u2019\u00e8 nata la sua passione per l\u2019enogastronomia.<\/p>\n<p><strong>L\u2019olio \u00e8 il protagonista delle tue creazioni e rappresenta anche la tua idea di cucina. Che tipo di risposta arriva dalla clientela?<\/strong><\/p>\n<div class=\"focuson\"><a href=\"https:\/\/www.intoscana.it\/it\/articolo\/olea-il-forum-sullolio-evo-di-montespertoli-online\/\"><img decoding=\"async\" class=\"lazy\" src=\"https:\/\/www.intoscana.it\/wp-content\/uploads\/Olea-Montespertoli.png\" style=\"\">\n                <div class=\"cat\">Olea, il forum sull\u2019olio di Montespertoli<\/div>\n                <h4>Il programma dell'edizione 2020<\/h4><\/a>\n              <\/div>\n<p>Scelgo l\u2019olio nello stesso modo in cui scelgo le altre <strong>materie prime<\/strong>, come il filetto, la patata, il fagiolo o qualsiasi altra cosa. Ogni olio ha le sue caratteristiche, i suoi profumi e quindi si incastra come gli altri ingredienti.<\/p>\n<p><mark>Durante l&#8217;anno, nel ristorante si alternano dalle 100 alle 120 etichette di oli provenienti da tutta Italia<\/mark>. C&#8217;\u00e8 la possibilit\u00e0 di poterne assaggiare una ventina per volta ogni cambio di piatto.<\/p>\n<p>Ancora la clientela non \u00e8 pronta a scegliere l&#8217;olio per la portata. Non c&#8217;\u00e8 una cultura profonda: lo sceglierebbero in base all&#8217;etichetta, all&#8217;estetica o alla regione di provenienza. <mark>Devo dire che con il tempo le persone sono sempre pi\u00f9 informate, scelgono i prodotti con maggiore consapevolezza<\/mark>.<\/p>\n<p><strong>Dove nasce questo amore per l\u2019olio?<\/strong><\/p>\n<p>Ho sempre avuto la passione per l\u2019olio, questo perch\u00e9 <mark>sono toscano e noi toscani tra gli ulivi ci si nasce!<\/mark> E poi mio nonno e mio zio facevano l&#8217;olio per casa quindi sono sempre andato a cogliere le olive nei campi. Mi ricordo benissimo quelle mattina fredde con la nebbia. Uscire col nonno era un momento bello, si poteva giocare sui teli, rotolarsi per terra, tutto era concesso in quel momento. La notte andavamo a fare l&#8217;olio in frantoio, si poteva andare a letto tardi. E alla fine si gustava una bruschetta con il pane caldo davanti al camino. Sono ricordi a cui sono legato tantissimo.<\/p>\n<p><strong>A livello lavorativo, quando e come ti sei avvicinato al mondo dell&#8217;olio?<\/strong><\/p>\n<p>Durante il mio percorso di lavoro sono arrivato a Villa Campestri, un Olive Oil Resort a Vicchio. Qui ho iniziato ad avere i primi approcci con diversi tipi di olio e sempre qui ho conosciuto Filippo Falugiani, presidente di <a href=\"https:\/\/associazioneairo.com\/\" target=\"_blank\" rel=\"noopener noreferrer\">AIRO<\/a> che mi ha introdotto in questa fantastica realt\u00e0 dell\u2019olio.<\/p>\n<figure id=\"post-159589 media-159589\" class=\"align-none\"><img decoding=\"async\" src=\"https:\/\/www.intoscana.it\/wp-content\/uploads\/Andrea-Perini-Buy-Food-Toscana-2019.jpg\" alt=\"\" \/><\/figure>\n<div class=\"titleimg\">Lo chef Andrea Perini al BuyFood Toscana 2019<\/div>\n<p><strong>Il tuo percorso \u00e8 ricco di esperienze professionali: hai lavorato nelle cucine inglesi con Gordon Ramsay, poi in Spagna con Mar\u00eda Jos\u00e9 San Rom\u00e1n.<\/strong><\/p>\n<p>Per un periodo ho lavorato per Gordon Ramsay in Inghilterra e ho potuto constatare che l&#8217;olio nei ristoranti \u00e8 usato molto poco. Anche in Italia nei ristoranti non gli \u00e8 mai stato dato un grande valore. Ai piatti si aggiunge un filo d&#8217;olio alla fine senza dargli una motivazione. Per questo ho deciso di iniziare questo percorso e <mark>dare voce a un ingrediente che non ce l&#8217;ha mai avuta<\/mark>. Quindi da l\u00ec \u00e8 iniziata la &#8220;mia&#8221; cucina dell&#8217;olio, senza cottura invasive e senza grandi soffritti, utilizzando l&#8217;olio sempre a crudo. Lo usiamo come ingrediente principe nelle ricette &#8220;salate&#8221; e in <strong>pasticceria<\/strong>: abbiamo infatti studiato un <strong>burro d&#8217;olio<\/strong>, fatto con una base di burro di cacao e olio extravergine che monta con la stessa efficacia del burro. Ci si possono creare frolle, torte e qualsiasi altra cosa.<\/p>\n<p><strong>Hai un olio preferito?<\/strong><\/p>\n<p>Essendo toscano amo i sapori forti come potrebbe essere il Leccio del Corno o il Moraiolo. Per\u00f2 la Coratina che \u00e8 pugliese comunque \u00e8 un olio importante. Quindi posso dire che <mark>ho un olio preferito per ogni occasione<\/mark>.<\/p>\n","protected":false},"excerpt":{"rendered":"<p>Dai fornelli di Gordon Ramsay al ristorante Al588 a Bagno a Ripoli: il vincitore del premio AIRO ci racconta la sua idea di cucina oliocentrica<\/p>\n","protected":false},"author":483,"featured_media":159587,"comment_status":"open","ping_status":"open","sticky":false,"template":"","format":"standard","meta":{"_acf_changed":false,"footnotes":""},"categories":[4],"tags":[5015,288,4843,146],"class_list":["post-159586","post","type-post","status-publish","format-standard","has-post-thumbnail","hentry","category-storie","tag-olea-2020","tag-olio","tag-olio-toscano","tag-vetrina-toscana"],"acf":[],"yoast_head":"<!-- This site is optimized with the Yoast SEO Premium plugin v24.2 (Yoast SEO v25.6) - https:\/\/yoast.com\/wordpress\/plugins\/seo\/ -->\n<title>Andrea Perini, lo chef dell\u2019olio extravergine di oliva - intoscana<\/title>\n<meta name=\"description\" content=\"Dai fornelli di Gordon Ramsay al ristorante Al588 a Bagno a Ripoli: intervista a Andrea Perini, lo chef dell&#039;olio extravergine di oliva.\" \/>\n<meta name=\"robots\" content=\"index, follow, max-snippet:-1, max-image-preview:large, max-video-preview:-1\" \/>\n<link rel=\"canonical\" href=\"https:\/\/www.intoscana.it\/it\/andrea-perini-lo-chef-dellolio-extravergine-di-oliva\/\" \/>\n<meta property=\"og:locale\" content=\"it_IT\" \/>\n<meta property=\"og:type\" content=\"article\" \/>\n<meta property=\"og:title\" content=\"Andrea Perini, lo chef dell\u2019olio extravergine di oliva\" \/>\n<meta property=\"og:description\" content=\"Dai fornelli di Gordon Ramsay al ristorante Al588 a Bagno a Ripoli: intervista a Andrea Perini, lo chef dell&#039;olio extravergine di oliva.\" \/>\n<meta property=\"og:url\" content=\"https:\/\/www.intoscana.it\/it\/andrea-perini-lo-chef-dellolio-extravergine-di-oliva\/\" \/>\n<meta property=\"og:site_name\" content=\"intoscana\" \/>\n<meta property=\"article:publisher\" content=\"https:\/\/www.facebook.com\/intoscana.it\" \/>\n<meta property=\"article:published_time\" content=\"2020-11-26T08:25:27+00:00\" \/>\n<meta property=\"article:modified_time\" content=\"2020-12-05T14:59:44+00:00\" \/>\n<meta property=\"og:image\" content=\"https:\/\/www.intoscana.it\/wp-content\/uploads\/Andrea-Perini-Foto-Francesca-Pagliai-Fotografia-dinterni.jpg\" \/>\n\t<meta property=\"og:image:width\" content=\"1440\" \/>\n\t<meta property=\"og:image:height\" content=\"958\" \/>\n\t<meta property=\"og:image:type\" content=\"image\/jpeg\" \/>\n<meta name=\"author\" content=\"Marta Mancini\" \/>\n<meta name=\"twitter:card\" content=\"summary_large_image\" \/>\n<meta name=\"twitter:creator\" content=\"@intoscana\" \/>\n<meta name=\"twitter:site\" content=\"@intoscana\" \/>\n<meta name=\"twitter:label1\" content=\"Written by\" \/>\n\t<meta name=\"twitter:data1\" content=\"Marta Mancini\" \/>\n\t<meta name=\"twitter:label2\" content=\"Est. reading time\" \/>\n\t<meta name=\"twitter:data2\" content=\"3 minuti\" \/>\n<script type=\"application\/ld+json\" class=\"yoast-schema-graph\">{\"@context\":\"https:\/\/schema.org\",\"@graph\":[{\"@type\":\"WebPage\",\"@id\":\"https:\/\/www.intoscana.it\/it\/andrea-perini-lo-chef-dellolio-extravergine-di-oliva\/\",\"url\":\"https:\/\/www.intoscana.it\/it\/andrea-perini-lo-chef-dellolio-extravergine-di-oliva\/\",\"name\":\"Andrea Perini, lo chef dell\u2019olio extravergine di oliva - intoscana\",\"isPartOf\":{\"@id\":\"https:\/\/www.intoscana.it\/it\/#website\"},\"primaryImageOfPage\":{\"@id\":\"https:\/\/www.intoscana.it\/it\/andrea-perini-lo-chef-dellolio-extravergine-di-oliva\/#primaryimage\"},\"image\":{\"@id\":\"https:\/\/www.intoscana.it\/it\/andrea-perini-lo-chef-dellolio-extravergine-di-oliva\/#primaryimage\"},\"thumbnailUrl\":\"https:\/\/www.intoscana.it\/wp-content\/uploads\/Andrea-Perini-Foto-Francesca-Pagliai-Fotografia-dinterni.jpg\",\"datePublished\":\"2020-11-26T08:25:27+00:00\",\"dateModified\":\"2020-12-05T14:59:44+00:00\",\"author\":{\"@id\":\"https:\/\/www.intoscana.it\/it\/#\/schema\/person\/ba955c49c389f39a8208f182b0652479\"},\"description\":\"Dai fornelli di Gordon Ramsay al ristorante Al588 a Bagno a Ripoli: intervista a Andrea Perini, lo chef dell'olio extravergine di oliva.\",\"breadcrumb\":{\"@id\":\"https:\/\/www.intoscana.it\/it\/andrea-perini-lo-chef-dellolio-extravergine-di-oliva\/#breadcrumb\"},\"inLanguage\":\"it-IT\",\"potentialAction\":[{\"@type\":\"ReadAction\",\"target\":[\"https:\/\/www.intoscana.it\/it\/andrea-perini-lo-chef-dellolio-extravergine-di-oliva\/\"]}]},{\"@type\":\"ImageObject\",\"inLanguage\":\"it-IT\",\"@id\":\"https:\/\/www.intoscana.it\/it\/andrea-perini-lo-chef-dellolio-extravergine-di-oliva\/#primaryimage\",\"url\":\"https:\/\/www.intoscana.it\/wp-content\/uploads\/Andrea-Perini-Foto-Francesca-Pagliai-Fotografia-dinterni.jpg\",\"contentUrl\":\"https:\/\/www.intoscana.it\/wp-content\/uploads\/Andrea-Perini-Foto-Francesca-Pagliai-Fotografia-dinterni.jpg\",\"width\":1440,\"height\":958,\"caption\":\"Andrea Perini, chef dell'olio evo\"},{\"@type\":\"BreadcrumbList\",\"@id\":\"https:\/\/www.intoscana.it\/it\/andrea-perini-lo-chef-dellolio-extravergine-di-oliva\/#breadcrumb\",\"itemListElement\":[{\"@type\":\"ListItem\",\"position\":1,\"name\":\"Home\",\"item\":\"https:\/\/www.intoscana.it\/it\/\"},{\"@type\":\"ListItem\",\"position\":2,\"name\":\"Andrea Perini, lo chef dell\u2019olio extravergine di oliva\"}]},{\"@type\":\"WebSite\",\"@id\":\"https:\/\/www.intoscana.it\/it\/#website\",\"url\":\"https:\/\/www.intoscana.it\/it\/\",\"name\":\"intoscana\",\"description\":\"\",\"potentialAction\":[{\"@type\":\"SearchAction\",\"target\":{\"@type\":\"EntryPoint\",\"urlTemplate\":\"https:\/\/www.intoscana.it\/it\/?s={search_term_string}\"},\"query-input\":{\"@type\":\"PropertyValueSpecification\",\"valueRequired\":true,\"valueName\":\"search_term_string\"}}],\"inLanguage\":\"it-IT\"},{\"@type\":\"Person\",\"@id\":\"https:\/\/www.intoscana.it\/it\/#\/schema\/person\/ba955c49c389f39a8208f182b0652479\",\"name\":\"Marta Mancini\",\"url\":\"https:\/\/www.intoscana.it\/it\/author\/marta-mancini\/\"}]}<\/script>\n<!-- \/ Yoast SEO Premium plugin. -->","yoast_head_json":{"title":"Andrea Perini, lo chef dell\u2019olio extravergine di oliva - intoscana","description":"Dai fornelli di Gordon Ramsay al ristorante Al588 a Bagno a Ripoli: intervista a Andrea Perini, lo chef dell'olio extravergine di oliva.","robots":{"index":"index","follow":"follow","max-snippet":"max-snippet:-1","max-image-preview":"max-image-preview:large","max-video-preview":"max-video-preview:-1"},"canonical":"https:\/\/www.intoscana.it\/it\/andrea-perini-lo-chef-dellolio-extravergine-di-oliva\/","og_locale":"it_IT","og_type":"article","og_title":"Andrea Perini, lo chef dell\u2019olio extravergine di oliva","og_description":"Dai fornelli di Gordon Ramsay al ristorante Al588 a Bagno a Ripoli: intervista a Andrea Perini, lo chef dell'olio extravergine di oliva.","og_url":"https:\/\/www.intoscana.it\/it\/andrea-perini-lo-chef-dellolio-extravergine-di-oliva\/","og_site_name":"intoscana","article_publisher":"https:\/\/www.facebook.com\/intoscana.it","article_published_time":"2020-11-26T08:25:27+00:00","article_modified_time":"2020-12-05T14:59:44+00:00","og_image":[{"width":1440,"height":958,"url":"https:\/\/www.intoscana.it\/wp-content\/uploads\/Andrea-Perini-Foto-Francesca-Pagliai-Fotografia-dinterni.jpg","type":"image\/jpeg"}],"author":"Marta Mancini","twitter_card":"summary_large_image","twitter_creator":"@intoscana","twitter_site":"@intoscana","twitter_misc":{"Written by":"Marta Mancini","Est. reading time":"3 minuti"},"schema":{"@context":"https:\/\/schema.org","@graph":[{"@type":"WebPage","@id":"https:\/\/www.intoscana.it\/it\/andrea-perini-lo-chef-dellolio-extravergine-di-oliva\/","url":"https:\/\/www.intoscana.it\/it\/andrea-perini-lo-chef-dellolio-extravergine-di-oliva\/","name":"Andrea Perini, lo chef dell\u2019olio extravergine di oliva - intoscana","isPartOf":{"@id":"https:\/\/www.intoscana.it\/it\/#website"},"primaryImageOfPage":{"@id":"https:\/\/www.intoscana.it\/it\/andrea-perini-lo-chef-dellolio-extravergine-di-oliva\/#primaryimage"},"image":{"@id":"https:\/\/www.intoscana.it\/it\/andrea-perini-lo-chef-dellolio-extravergine-di-oliva\/#primaryimage"},"thumbnailUrl":"https:\/\/www.intoscana.it\/wp-content\/uploads\/Andrea-Perini-Foto-Francesca-Pagliai-Fotografia-dinterni.jpg","datePublished":"2020-11-26T08:25:27+00:00","dateModified":"2020-12-05T14:59:44+00:00","author":{"@id":"https:\/\/www.intoscana.it\/it\/#\/schema\/person\/ba955c49c389f39a8208f182b0652479"},"description":"Dai fornelli di Gordon Ramsay al ristorante Al588 a Bagno a Ripoli: intervista a Andrea Perini, lo chef dell'olio extravergine di oliva.","breadcrumb":{"@id":"https:\/\/www.intoscana.it\/it\/andrea-perini-lo-chef-dellolio-extravergine-di-oliva\/#breadcrumb"},"inLanguage":"it-IT","potentialAction":[{"@type":"ReadAction","target":["https:\/\/www.intoscana.it\/it\/andrea-perini-lo-chef-dellolio-extravergine-di-oliva\/"]}]},{"@type":"ImageObject","inLanguage":"it-IT","@id":"https:\/\/www.intoscana.it\/it\/andrea-perini-lo-chef-dellolio-extravergine-di-oliva\/#primaryimage","url":"https:\/\/www.intoscana.it\/wp-content\/uploads\/Andrea-Perini-Foto-Francesca-Pagliai-Fotografia-dinterni.jpg","contentUrl":"https:\/\/www.intoscana.it\/wp-content\/uploads\/Andrea-Perini-Foto-Francesca-Pagliai-Fotografia-dinterni.jpg","width":1440,"height":958,"caption":"Andrea Perini, chef dell'olio evo"},{"@type":"BreadcrumbList","@id":"https:\/\/www.intoscana.it\/it\/andrea-perini-lo-chef-dellolio-extravergine-di-oliva\/#breadcrumb","itemListElement":[{"@type":"ListItem","position":1,"name":"Home","item":"https:\/\/www.intoscana.it\/it\/"},{"@type":"ListItem","position":2,"name":"Andrea Perini, lo chef dell\u2019olio extravergine di oliva"}]},{"@type":"WebSite","@id":"https:\/\/www.intoscana.it\/it\/#website","url":"https:\/\/www.intoscana.it\/it\/","name":"intoscana","description":"","potentialAction":[{"@type":"SearchAction","target":{"@type":"EntryPoint","urlTemplate":"https:\/\/www.intoscana.it\/it\/?s={search_term_string}"},"query-input":{"@type":"PropertyValueSpecification","valueRequired":true,"valueName":"search_term_string"}}],"inLanguage":"it-IT"},{"@type":"Person","@id":"https:\/\/www.intoscana.it\/it\/#\/schema\/person\/ba955c49c389f39a8208f182b0652479","name":"Marta Mancini","url":"https:\/\/www.intoscana.it\/it\/author\/marta-mancini\/"}]}},"_links":{"self":[{"href":"https:\/\/www.intoscana.it\/it\/wp-json\/wp\/v2\/posts\/159586","targetHints":{"allow":["GET"]}}],"collection":[{"href":"https:\/\/www.intoscana.it\/it\/wp-json\/wp\/v2\/posts"}],"about":[{"href":"https:\/\/www.intoscana.it\/it\/wp-json\/wp\/v2\/types\/post"}],"author":[{"embeddable":true,"href":"https:\/\/www.intoscana.it\/it\/wp-json\/wp\/v2\/users\/483"}],"replies":[{"embeddable":true,"href":"https:\/\/www.intoscana.it\/it\/wp-json\/wp\/v2\/comments?post=159586"}],"version-history":[{"count":0,"href":"https:\/\/www.intoscana.it\/it\/wp-json\/wp\/v2\/posts\/159586\/revisions"}],"wp:featuredmedia":[{"embeddable":true,"href":"https:\/\/www.intoscana.it\/it\/wp-json\/wp\/v2\/media\/159587"}],"wp:attachment":[{"href":"https:\/\/www.intoscana.it\/it\/wp-json\/wp\/v2\/media?parent=159586"}],"wp:term":[{"taxonomy":"category","embeddable":true,"href":"https:\/\/www.intoscana.it\/it\/wp-json\/wp\/v2\/categories?post=159586"},{"taxonomy":"post_tag","embeddable":true,"href":"https:\/\/www.intoscana.it\/it\/wp-json\/wp\/v2\/tags?post=159586"}],"curies":[{"name":"wp","href":"https:\/\/api.w.org\/{rel}","templated":true}]}}