{"id":159703,"date":"2020-11-26T14:06:46","date_gmt":"2020-11-26T13:06:46","guid":{"rendered":"https:\/\/www.intoscana.it\/it\/?p=159703"},"modified":"2020-11-27T16:54:59","modified_gmt":"2020-11-27T15:54:59","slug":"covid-19-in-toscana-1-351-nuovi-casi-eta-media-48-anni-72-decessi","status":"publish","type":"post","link":"https:\/\/www.intoscana.it\/it\/covid-19-in-toscana-1-351-nuovi-casi-eta-media-48-anni-72-decessi\/","title":{"rendered":"Covid-19: in Toscana 1.351 nuovi casi, et\u00e0 media 48 anni, 72 decessi"},"content":{"rendered":"<p><strong>Sono 1.351 i positivi in pi\u00f9 rispetto a ieri <\/strong>(779 identificati in corso di tracciamento e 572 da attivit\u00e0 di screening) su un totale complessivo, da inizio epidemia, di 99.327 unit\u00e0. I nuovi casi sono l\u20191,4% in pi\u00f9 rispetto al totale del giorno precedente. L&#8217;et\u00e0 media dei 1.351 casi odierni \u00e8 di 48 anni circa (il 12% ha meno di 20 anni, il 23% tra 20 e 39 anni, il 36% tra 40 e 59 anni, il 20% tra 60 e 79 anni, il 9% ha 80 anni o pi\u00f9).<\/p>\n<p><strong>I guariti crescono del 5,2%<\/strong> e raggiungono quota 48.742 (49,1% dei casi totali). I <strong>tamponi eseguiti<\/strong> hanno raggiunto quota 1.511.997, <strong>16.999 in pi\u00f9 rispetto a ieri<\/strong>, di cui il 7,9% positivo. Sono, invece, 7.144 i soggetti testati oggi (escludendo i tamponi di controllo), di cui il 18,9% \u00e8 risultato positivo. A questi si aggiungono i 2.623 tamponi antigenici rapidi eseguiti oggi. Gli attualmente positivi sono oggi 48.135, -2,3% rispetto a ieri. I ricoverati sono 1.993 (47 in meno rispetto a ieri), di cui <strong>281 in terapia intensiva (5 in meno)<\/strong>.<\/p>\n<p><strong>Oggi si registrano 72 nuovi decessi: 42 uomini e 30 donne con un&#8217;et\u00e0 media di 82,7 anni. <\/strong>Relativamente alla provincia di residenza, le persone decedute sono: 32 a Firenze, 12 a Prato, 5 a Pistoia, 3 a Massa Carrara, 1 a Lucca, 5 a Pisa, 10 a Livorno, 2 a Siena, 2 a Grosseto.<\/p>\n<p><strong><u>Alcuni dei decessi comunicati agli uffici della Regione nelle ultime 24 ore si riferiscono a morti avvenute nelle settimane scorse<\/u>.<\/strong><\/p>\n<p><strong>Di seguito i casi di positivit\u00e0 sul territorio<\/strong> con la variazione rispetto a ieri. Sono 28.014 i casi complessivi ad oggi a Firenze (374 in pi\u00f9 rispetto a ieri), 8.785 a Prato (100 in pi\u00f9), 8.619 a Pistoia (164 in pi\u00f9), 6.186 a Massa (52 in pi\u00f9), 9.866 a Lucca (156 in pi\u00f9), 13.557 a Pisa (187 in pi\u00f9), 6.993 a Livorno (108 in pi\u00f9), 9.201 ad Arezzo (123 in pi\u00f9), 4.059 a Siena (39 in pi\u00f9), 3.492 a Grosseto (48 in pi\u00f9). Sono 555 i casi positivi notificati in Toscana, ma residenti in altre regioni.<br \/>\nSono 638, quindi, i casi riscontrati oggi nell&#8217;Asl Centro (somma delle province di Firenze, Prato, Pistoia), 503 nella Nord Ovest (Massa Carrara, Lucca, Pisa, Livorno), 210 nella Sud est (Arezzo, Siena, Grosseto).<\/p>\n<p><strong>La Toscana si trova al 8\u00b0 posto in Italia come numerosit\u00e0 di casi<\/strong> (comprensivi di residenti e non residenti), con circa 2.663 casi per 100.000 abitanti (media italiana circa 2.453 x100.000, dato di ieri). Le province di notifica con il tasso pi\u00f9 alto sono Prato con 3.409 casi x100.000 abitanti, Pisa con 3.235, Massa Carrara con 3.174, la pi\u00f9 bassa Siena con 1.519.<\/p>\n<p>Complessivamente, <strong>46.142 persone sono in isolamento a casa<\/strong>, poich\u00e9 presentano sintomi lievi, che non richiedono cure ospedaliere o risultano prive di sintomi (1.098 in meno rispetto a ieri, meno 2,3%). Sono <strong>45.934<\/strong> (1.419 in meno rispetto a ieri, meno 3%) le persone, <strong>anche loro isolate<\/strong>, in sorveglianza attiva, perch\u00e9 hanno avuto contatti con persone contagiate (Asl Centro 16.065, Nord Ovest 20.448, Sud Est 9.421).<\/p>\n<p><strong>Le persone ricoverate nei posti letto dedicati ai pazienti Covid oggi sono complessivamente 1.993<\/strong> (47 in meno rispetto a ieri, meno 2,3%), 281 in terapia intensiva (5 in meno rispetto a ieri, meno 1,7%).<\/p>\n<p>Le <strong>persone<\/strong> complessivamente <strong>guarite<\/strong> sono 48.742 (<strong>2.424 in pi\u00f9 rispetto a ieri<\/strong>, pi\u00f9 5,2%): 2.530 persone clinicamente guarite (126 in meno rispetto a ieri, meno 4,7%), divenute cio\u00e8 asintomatiche dopo aver presentato manifestazioni cliniche associate all&#8217;infezione e 46.212 (2.550 in pi\u00f9 rispetto a ieri, pi\u00f9 5,8%) dichiarate guarite a tutti gli effetti, le cosiddette guarigioni virali, con tampone negativo.<\/p>\n<p>Sono <strong>2.450 i deceduti dall&#8217;inizio dell&#8217;epidemia<\/strong> cosi ripartiti: 904 a Firenze, 160 a Prato, 186 a Pistoia, 279 a Massa Carrara, 238 a Lucca, 259 a Pisa, 160 a Livorno, 124 ad Arezzo, 65 a Siena, 52 a Grosseto, 23 persone sono decedute sul suolo toscano ma erano residenti fuori regione.<\/p>\n<p>Il tasso grezzo di mortalit\u00e0 toscano (numero di deceduti\/popolazione residente) per Covid-19 \u00e8 di 65,7 x100.000 residenti contro il 86,2 x100.000 della media italiana (10\u00b0 regione). Per quanto riguarda le province, il tasso di mortalit\u00e0 pi\u00f9 alto si riscontra a Massa Carrara (143,2 x100.000), Firenze (89,4 x100.000) e Pistoia (63,6 x100.000), il pi\u00f9 basso a Grosseto (23,5 x100.000).<\/p>\n","protected":false},"excerpt":{"rendered":"<p>I ricoverati sono 1.993 (47 in meno rispetto a ieri), di cui 281 in terapia intensiva (5 in meno)<\/p>\n","protected":false},"author":525,"featured_media":145725,"comment_status":"open","ping_status":"open","sticky":false,"template":"","format":"standard","meta":{"_acf_changed":false,"footnotes":""},"categories":[494],"tags":[4868,418],"class_list":["post-159703","post","type-post","status-publish","format-standard","has-post-thumbnail","hentry","category-attualita","tag-bollettino-covid-toscana","tag-covid-19"],"acf":[],"yoast_head":"<!-- This site is optimized with the Yoast SEO Premium plugin v24.2 (Yoast SEO v25.6) - https:\/\/yoast.com\/wordpress\/plugins\/seo\/ -->\n<title>Covid-19: in Toscana 1.351 nuovi casi, et\u00e0 media 48 anni, 72 decessi - intoscana<\/title>\n<meta name=\"description\" content=\"I ricoverati sono 1.993 (47 in meno rispetto a ieri), di cui 281 in terapia intensiva (5 in meno)\" \/>\n<meta name=\"robots\" content=\"index, follow, max-snippet:-1, max-image-preview:large, max-video-preview:-1\" \/>\n<link rel=\"canonical\" href=\"https:\/\/www.intoscana.it\/it\/covid-19-in-toscana-1-351-nuovi-casi-eta-media-48-anni-72-decessi\/\" \/>\n<meta property=\"og:locale\" content=\"it_IT\" \/>\n<meta property=\"og:type\" content=\"article\" \/>\n<meta property=\"og:title\" content=\"Covid-19: in Toscana 1.351 nuovi casi, et\u00e0 media 48 anni, 72 decessi\" \/>\n<meta property=\"og:description\" content=\"I ricoverati sono 1.993 (47 in meno rispetto a ieri), di cui 281 in terapia intensiva (5 in meno)\" \/>\n<meta property=\"og:url\" content=\"https:\/\/www.intoscana.it\/it\/covid-19-in-toscana-1-351-nuovi-casi-eta-media-48-anni-72-decessi\/\" \/>\n<meta property=\"og:site_name\" content=\"intoscana\" \/>\n<meta property=\"article:publisher\" content=\"https:\/\/www.facebook.com\/intoscana.it\" \/>\n<meta property=\"article:published_time\" content=\"2020-11-26T13:06:46+00:00\" \/>\n<meta property=\"article:modified_time\" content=\"2020-11-27T15:54:59+00:00\" \/>\n<meta property=\"og:image\" content=\"https:\/\/www.intoscana.it\/wp-content\/uploads\/shutterstock_1664361598-2.jpg\" \/>\n\t<meta property=\"og:image:width\" content=\"2000\" \/>\n\t<meta property=\"og:image:height\" content=\"1367\" \/>\n\t<meta property=\"og:image:type\" content=\"image\/jpeg\" \/>\n<meta name=\"author\" content=\"Redazione\" \/>\n<meta name=\"twitter:card\" content=\"summary_large_image\" \/>\n<meta name=\"twitter:creator\" content=\"@intoscana\" \/>\n<meta name=\"twitter:site\" content=\"@intoscana\" \/>\n<meta name=\"twitter:label1\" content=\"Written by\" \/>\n\t<meta name=\"twitter:data1\" content=\"Redazione\" \/>\n\t<meta name=\"twitter:label2\" content=\"Est. reading time\" \/>\n\t<meta name=\"twitter:data2\" content=\"3 minuti\" \/>\n<script type=\"application\/ld+json\" class=\"yoast-schema-graph\">{\"@context\":\"https:\/\/schema.org\",\"@graph\":[{\"@type\":\"WebPage\",\"@id\":\"https:\/\/www.intoscana.it\/it\/covid-19-in-toscana-1-351-nuovi-casi-eta-media-48-anni-72-decessi\/\",\"url\":\"https:\/\/www.intoscana.it\/it\/covid-19-in-toscana-1-351-nuovi-casi-eta-media-48-anni-72-decessi\/\",\"name\":\"Covid-19: in Toscana 1.351 nuovi casi, et\u00e0 media 48 anni, 72 decessi - intoscana\",\"isPartOf\":{\"@id\":\"https:\/\/www.intoscana.it\/it\/#website\"},\"primaryImageOfPage\":{\"@id\":\"https:\/\/www.intoscana.it\/it\/covid-19-in-toscana-1-351-nuovi-casi-eta-media-48-anni-72-decessi\/#primaryimage\"},\"image\":{\"@id\":\"https:\/\/www.intoscana.it\/it\/covid-19-in-toscana-1-351-nuovi-casi-eta-media-48-anni-72-decessi\/#primaryimage\"},\"thumbnailUrl\":\"https:\/\/www.intoscana.it\/wp-content\/uploads\/shutterstock_1664361598-2.jpg\",\"datePublished\":\"2020-11-26T13:06:46+00:00\",\"dateModified\":\"2020-11-27T15:54:59+00:00\",\"author\":{\"@id\":\"https:\/\/www.intoscana.it\/it\/#\/schema\/person\/9223810753230f20bd670fdd322661f8\"},\"description\":\"I ricoverati sono 1.993 (47 in meno rispetto a ieri), di cui 281 in terapia intensiva (5 in meno)\",\"breadcrumb\":{\"@id\":\"https:\/\/www.intoscana.it\/it\/covid-19-in-toscana-1-351-nuovi-casi-eta-media-48-anni-72-decessi\/#breadcrumb\"},\"inLanguage\":\"it-IT\",\"potentialAction\":[{\"@type\":\"ReadAction\",\"target\":[\"https:\/\/www.intoscana.it\/it\/covid-19-in-toscana-1-351-nuovi-casi-eta-media-48-anni-72-decessi\/\"]}]},{\"@type\":\"ImageObject\",\"inLanguage\":\"it-IT\",\"@id\":\"https:\/\/www.intoscana.it\/it\/covid-19-in-toscana-1-351-nuovi-casi-eta-media-48-anni-72-decessi\/#primaryimage\",\"url\":\"https:\/\/www.intoscana.it\/wp-content\/uploads\/shutterstock_1664361598-2.jpg\",\"contentUrl\":\"https:\/\/www.intoscana.it\/wp-content\/uploads\/shutterstock_1664361598-2.jpg\",\"width\":2000,\"height\":1367,\"caption\":\"Coronavirus in Toscana\"},{\"@type\":\"BreadcrumbList\",\"@id\":\"https:\/\/www.intoscana.it\/it\/covid-19-in-toscana-1-351-nuovi-casi-eta-media-48-anni-72-decessi\/#breadcrumb\",\"itemListElement\":[{\"@type\":\"ListItem\",\"position\":1,\"name\":\"Home\",\"item\":\"https:\/\/www.intoscana.it\/it\/\"},{\"@type\":\"ListItem\",\"position\":2,\"name\":\"Covid-19: in Toscana 1.351 nuovi casi, et\u00e0 media 48 anni, 72 decessi\"}]},{\"@type\":\"WebSite\",\"@id\":\"https:\/\/www.intoscana.it\/it\/#website\",\"url\":\"https:\/\/www.intoscana.it\/it\/\",\"name\":\"intoscana\",\"description\":\"\",\"potentialAction\":[{\"@type\":\"SearchAction\",\"target\":{\"@type\":\"EntryPoint\",\"urlTemplate\":\"https:\/\/www.intoscana.it\/it\/?s={search_term_string}\"},\"query-input\":{\"@type\":\"PropertyValueSpecification\",\"valueRequired\":true,\"valueName\":\"search_term_string\"}}],\"inLanguage\":\"it-IT\"},{\"@type\":\"Person\",\"@id\":\"https:\/\/www.intoscana.it\/it\/#\/schema\/person\/9223810753230f20bd670fdd322661f8\",\"name\":\"Redazione\",\"url\":\"https:\/\/www.intoscana.it\/it\/author\/redazione\/\"}]}<\/script>\n<!-- \/ Yoast SEO Premium plugin. -->","yoast_head_json":{"title":"Covid-19: in Toscana 1.351 nuovi casi, et\u00e0 media 48 anni, 72 decessi - intoscana","description":"I ricoverati sono 1.993 (47 in meno rispetto a ieri), di cui 281 in terapia intensiva (5 in meno)","robots":{"index":"index","follow":"follow","max-snippet":"max-snippet:-1","max-image-preview":"max-image-preview:large","max-video-preview":"max-video-preview:-1"},"canonical":"https:\/\/www.intoscana.it\/it\/covid-19-in-toscana-1-351-nuovi-casi-eta-media-48-anni-72-decessi\/","og_locale":"it_IT","og_type":"article","og_title":"Covid-19: in Toscana 1.351 nuovi casi, et\u00e0 media 48 anni, 72 decessi","og_description":"I ricoverati sono 1.993 (47 in meno rispetto a ieri), di cui 281 in terapia intensiva (5 in meno)","og_url":"https:\/\/www.intoscana.it\/it\/covid-19-in-toscana-1-351-nuovi-casi-eta-media-48-anni-72-decessi\/","og_site_name":"intoscana","article_publisher":"https:\/\/www.facebook.com\/intoscana.it","article_published_time":"2020-11-26T13:06:46+00:00","article_modified_time":"2020-11-27T15:54:59+00:00","og_image":[{"width":2000,"height":1367,"url":"https:\/\/www.intoscana.it\/wp-content\/uploads\/shutterstock_1664361598-2.jpg","type":"image\/jpeg"}],"author":"Redazione","twitter_card":"summary_large_image","twitter_creator":"@intoscana","twitter_site":"@intoscana","twitter_misc":{"Written by":"Redazione","Est. reading time":"3 minuti"},"schema":{"@context":"https:\/\/schema.org","@graph":[{"@type":"WebPage","@id":"https:\/\/www.intoscana.it\/it\/covid-19-in-toscana-1-351-nuovi-casi-eta-media-48-anni-72-decessi\/","url":"https:\/\/www.intoscana.it\/it\/covid-19-in-toscana-1-351-nuovi-casi-eta-media-48-anni-72-decessi\/","name":"Covid-19: in Toscana 1.351 nuovi casi, et\u00e0 media 48 anni, 72 decessi - intoscana","isPartOf":{"@id":"https:\/\/www.intoscana.it\/it\/#website"},"primaryImageOfPage":{"@id":"https:\/\/www.intoscana.it\/it\/covid-19-in-toscana-1-351-nuovi-casi-eta-media-48-anni-72-decessi\/#primaryimage"},"image":{"@id":"https:\/\/www.intoscana.it\/it\/covid-19-in-toscana-1-351-nuovi-casi-eta-media-48-anni-72-decessi\/#primaryimage"},"thumbnailUrl":"https:\/\/www.intoscana.it\/wp-content\/uploads\/shutterstock_1664361598-2.jpg","datePublished":"2020-11-26T13:06:46+00:00","dateModified":"2020-11-27T15:54:59+00:00","author":{"@id":"https:\/\/www.intoscana.it\/it\/#\/schema\/person\/9223810753230f20bd670fdd322661f8"},"description":"I ricoverati sono 1.993 (47 in meno rispetto a ieri), di cui 281 in terapia intensiva (5 in meno)","breadcrumb":{"@id":"https:\/\/www.intoscana.it\/it\/covid-19-in-toscana-1-351-nuovi-casi-eta-media-48-anni-72-decessi\/#breadcrumb"},"inLanguage":"it-IT","potentialAction":[{"@type":"ReadAction","target":["https:\/\/www.intoscana.it\/it\/covid-19-in-toscana-1-351-nuovi-casi-eta-media-48-anni-72-decessi\/"]}]},{"@type":"ImageObject","inLanguage":"it-IT","@id":"https:\/\/www.intoscana.it\/it\/covid-19-in-toscana-1-351-nuovi-casi-eta-media-48-anni-72-decessi\/#primaryimage","url":"https:\/\/www.intoscana.it\/wp-content\/uploads\/shutterstock_1664361598-2.jpg","contentUrl":"https:\/\/www.intoscana.it\/wp-content\/uploads\/shutterstock_1664361598-2.jpg","width":2000,"height":1367,"caption":"Coronavirus in Toscana"},{"@type":"BreadcrumbList","@id":"https:\/\/www.intoscana.it\/it\/covid-19-in-toscana-1-351-nuovi-casi-eta-media-48-anni-72-decessi\/#breadcrumb","itemListElement":[{"@type":"ListItem","position":1,"name":"Home","item":"https:\/\/www.intoscana.it\/it\/"},{"@type":"ListItem","position":2,"name":"Covid-19: in Toscana 1.351 nuovi casi, et\u00e0 media 48 anni, 72 decessi"}]},{"@type":"WebSite","@id":"https:\/\/www.intoscana.it\/it\/#website","url":"https:\/\/www.intoscana.it\/it\/","name":"intoscana","description":"","potentialAction":[{"@type":"SearchAction","target":{"@type":"EntryPoint","urlTemplate":"https:\/\/www.intoscana.it\/it\/?s={search_term_string}"},"query-input":{"@type":"PropertyValueSpecification","valueRequired":true,"valueName":"search_term_string"}}],"inLanguage":"it-IT"},{"@type":"Person","@id":"https:\/\/www.intoscana.it\/it\/#\/schema\/person\/9223810753230f20bd670fdd322661f8","name":"Redazione","url":"https:\/\/www.intoscana.it\/it\/author\/redazione\/"}]}},"_links":{"self":[{"href":"https:\/\/www.intoscana.it\/it\/wp-json\/wp\/v2\/posts\/159703","targetHints":{"allow":["GET"]}}],"collection":[{"href":"https:\/\/www.intoscana.it\/it\/wp-json\/wp\/v2\/posts"}],"about":[{"href":"https:\/\/www.intoscana.it\/it\/wp-json\/wp\/v2\/types\/post"}],"author":[{"embeddable":true,"href":"https:\/\/www.intoscana.it\/it\/wp-json\/wp\/v2\/users\/525"}],"replies":[{"embeddable":true,"href":"https:\/\/www.intoscana.it\/it\/wp-json\/wp\/v2\/comments?post=159703"}],"version-history":[{"count":0,"href":"https:\/\/www.intoscana.it\/it\/wp-json\/wp\/v2\/posts\/159703\/revisions"}],"wp:featuredmedia":[{"embeddable":true,"href":"https:\/\/www.intoscana.it\/it\/wp-json\/wp\/v2\/media\/145725"}],"wp:attachment":[{"href":"https:\/\/www.intoscana.it\/it\/wp-json\/wp\/v2\/media?parent=159703"}],"wp:term":[{"taxonomy":"category","embeddable":true,"href":"https:\/\/www.intoscana.it\/it\/wp-json\/wp\/v2\/categories?post=159703"},{"taxonomy":"post_tag","embeddable":true,"href":"https:\/\/www.intoscana.it\/it\/wp-json\/wp\/v2\/tags?post=159703"}],"curies":[{"name":"wp","href":"https:\/\/api.w.org\/{rel}","templated":true}]}}