{"id":159820,"date":"2020-11-27T14:37:34","date_gmt":"2020-11-27T13:37:34","guid":{"rendered":"https:\/\/www.intoscana.it\/it\/?p=159820"},"modified":"2020-11-27T14:38:33","modified_gmt":"2020-11-27T13:38:33","slug":"firenze-digitale-prima-piattaforma","status":"publish","type":"post","link":"https:\/\/www.intoscana.it\/it\/firenze-digitale-prima-piattaforma\/","title":{"rendered":"Firenze Digitale: la prima piattaforma per una citt\u00e0 sempre pi\u00f9 smart"},"content":{"rendered":"<p>Si chiama<strong> Firenze Digitale il primo portale in Italia dedicato alle competenze digitali<\/strong> promosso da un comune. Una piattaforma innovativa dove si possono trovare formazione di base e qualificata, tutorial, divulgazione e promozione dell\u2019uso degli strumenti digitali. L\u2019obiettivo del progetto \u00e8 quello di promuovere tra i cittadini e le imprese cultura e competenze digitali: <strong>Firenze diventa cos\u00ec la prima citt\u00e0 italiana<\/strong> a mettere in campo un programma di attivit\u00e0 e servizi di questo tipo.<\/p>\n<p>La <a href=\"https:\/\/www.firenzedigitale.it\/\" target=\"_blank\" rel=\"noopener noreferrer\">piattaforma<\/a> \u00e8 stata presentata oggi dal sindaco Dario Nardella e dall\u2019assessore all\u2019Innovazione, smart city e sistemi informativi Cecilia Del Re, con il saluto dalla <strong>ministra per l\u2019Innovazione Paola Pisano<\/strong> e la partecipazione di tutti i partner del progetto.<br \/>\n&#8220;<em>La vera etica della digitalizzazione \u00e8 quella di creare servizi semplici, facili da utilizzare da parte di tutti i nostri cittadini, servizi che siano inclusivi e che piano piano, man mano che la tecnologia avanza e che le nostre competenze avanzeranno, diventino anche servizi poco costosi per i nostri cittadini<\/em>&#8221; ha sottolineato la ministra Pisano.<\/p>\n<p>L&#8217;iniziativa, come ha precisato il ministro, &#8220;<em>fa parte di un programma pi\u00f9 ampio nato all&#8217;interno del dipartimento di trasformazione digitale che ho l&#8217;onore di guidare, il programma <strong>Repubblica digitale<\/strong><\/em>\u201d.<\/p>\n<h3>Formazione, tutorial e notizie dal mondo digital<\/h3>\n<p>Sul sito Firenze Digitale si trovano cos\u00ec<strong> formazione di base e qualificata, tutorial per i cittadini, le scuole, gli anziani<\/strong>, le categorie e le associazioni, presentazioni e seminari, notizie su innovazione digitale e Smart city, attivit\u00e0 di engagement con associazioni di cittadini e di divulgazione e promozione dell\u2019uso degli strumenti digitali e di una matura cultura digitale.<br \/>\nUna programmazione web e social per far conoscere <strong>opportunit\u00e0 e nuove professioni del digitale,<\/strong> mettere al centro i servizi per i cittadini e le imprese, le nuove possibilit\u00e0 per il settore pubblico, tematiche innovative come la comunicazione e informazione pubblica digitale, i linguaggi corretti, le opportunit\u00e0 a disposizione della comunit\u00e0.<\/p>\n<figure id=\"post-159841 media-159841\" class=\"align-none\"><img decoding=\"async\" src=\"https:\/\/www.intoscana.it\/wp-content\/uploads\/Schermata-2020-11-27-alle-14.34.00.png\" alt=\"\" \/><\/figure>\n<div class=\"titleimg\">La piattaforma Firenze Digitale<\/div>\n<p>\u201c<em>Una piattaforma innovativa<\/em> &#8211; ha sottolineato il sindaco Nardella &#8211; <em>che ci permetter\u00e0 di offrire gratuitamente a tutta la nostra popolazione informazioni, progetti, idee, strumenti, occasioni di formazione, notizie sui progetti di Smart city in citt\u00e0, cos\u00ec che i cittadini possano essere consapevoli delle proprie competenze digitali e usare al meglio le opportunit\u00e0 che metteremo loro a disposizione. I<strong>l nostro obiettivo non \u00e8 solo quello di avere una citt\u00e0 smart ma anche fiorentini smart:<\/strong> non vogliamo cadere nel paradosso di investire sulle tecnologie e non sulla cultura e sulla formazione dei nostri cittadini\u201d.<\/em><\/p>\n<h3>Cittadini sempre pi\u00f9 digitali<\/h3>\n<p>Firenze Digitale \u00e8 solo l\u2019inizio di un\u2019attivit\u00e0 che mira a essere un punto di riferimento per il territorio fiorentino e non solo e sar\u00e0 aggiornata costantemente nei prossimi mesi per permettere a tutti di testare e migliorare il proprio livello di competenze digitali. All\u2019interno del portale \u00e8 disponibile anche il quiz \u201cQuanto sei digitale?\u201d per misurarsi ed essere indirizzati ai contenuti pi\u00f9 utili per l\u2019aggiornamento.<\/p>\n<p><em>\u201cLa digitalizzazione \u00e8 in parte un processo tecnologico, ma vive anche di una componente legata alle competenze delle persone \u2013 <\/em>sottolinea l\u2019assessore Del Re<em> &#8211; <strong>non basta portare la banda larga, \u00e8 necessario favorire lo sviluppo delle competenze digitali della popolazione.<\/strong> Un processo che deve necessariamente essere a vantaggio di tutti, senza distinzioni sociali ed economiche. Questa urgenza \u00e8 emersa in modo prorompente durante il lockdown che ha evidenziato come una societ\u00e0 digitale evoluta sia la condizione necessaria per la resilienza. Firenze Digitale ha proprio questo obiettivo, in un quadro che vede<strong> l\u2019Italia in fondo alla classifica europea per competenze digitali\u201d.<\/strong><\/em><\/p>\n","protected":false},"excerpt":{"rendered":"<p>Firenze \u00e8 la prima citt\u00e0 italiana a lanciare un portale dedicato alle competenze digitali, con risorse gratuite a disposizione di cittadini e imprese<\/p>\n","protected":false},"author":502,"featured_media":144003,"comment_status":"open","ping_status":"open","sticky":false,"template":"","format":"standard","meta":{"_acf_changed":false,"footnotes":""},"categories":[475],"tags":[4568,202,4677],"class_list":["post-159820","post","type-post","status-publish","format-standard","has-post-thumbnail","hentry","category-innovazione","tag-digitale","tag-firenze","tag-piattaforma-digitale"],"acf":[],"yoast_head":"<!-- This site is optimized with the Yoast SEO Premium plugin v24.2 (Yoast SEO v25.6) - https:\/\/yoast.com\/wordpress\/plugins\/seo\/ -->\n<title>Firenze Digitale: la prima piattaforma per una citt\u00e0 sempre pi\u00f9 smart - intoscana<\/title>\n<meta name=\"description\" content=\"Arriva Firenze Digitale, la prima piattaforma italiana lanciata da un Comune dedicata a incrementare le competenze digitali.\" \/>\n<meta name=\"robots\" content=\"index, follow, max-snippet:-1, max-image-preview:large, max-video-preview:-1\" \/>\n<link rel=\"canonical\" href=\"https:\/\/www.intoscana.it\/it\/firenze-digitale-prima-piattaforma\/\" \/>\n<meta property=\"og:locale\" content=\"it_IT\" \/>\n<meta property=\"og:type\" content=\"article\" \/>\n<meta property=\"og:title\" content=\"Firenze Digitale: la prima piattaforma per una citt\u00e0 sempre pi\u00f9 smart\" \/>\n<meta property=\"og:description\" content=\"Arriva Firenze Digitale, la prima piattaforma italiana lanciata da un Comune dedicata a incrementare le competenze digitali.\" \/>\n<meta property=\"og:url\" content=\"https:\/\/www.intoscana.it\/it\/firenze-digitale-prima-piattaforma\/\" \/>\n<meta property=\"og:site_name\" content=\"intoscana\" \/>\n<meta property=\"article:publisher\" content=\"https:\/\/www.facebook.com\/intoscana.it\" \/>\n<meta property=\"article:published_time\" content=\"2020-11-27T13:37:34+00:00\" \/>\n<meta property=\"article:modified_time\" content=\"2020-11-27T13:38:33+00:00\" \/>\n<meta property=\"og:image\" content=\"https:\/\/www.intoscana.it\/wp-content\/uploads\/digitale-28.jpg\" \/>\n\t<meta property=\"og:image:width\" content=\"2000\" \/>\n\t<meta property=\"og:image:height\" content=\"1333\" \/>\n\t<meta property=\"og:image:type\" content=\"image\/jpeg\" \/>\n<meta name=\"author\" content=\"Ilaria Giannini\" \/>\n<meta name=\"twitter:card\" content=\"summary_large_image\" \/>\n<meta name=\"twitter:creator\" content=\"@i.giannini@fst.it\" \/>\n<meta name=\"twitter:site\" content=\"@intoscana\" \/>\n<meta name=\"twitter:label1\" content=\"Written by\" \/>\n\t<meta name=\"twitter:data1\" content=\"Ilaria Giannini\" \/>\n\t<meta name=\"twitter:label2\" content=\"Est. reading time\" \/>\n\t<meta name=\"twitter:data2\" content=\"3 minuti\" \/>\n<script type=\"application\/ld+json\" class=\"yoast-schema-graph\">{\"@context\":\"https:\/\/schema.org\",\"@graph\":[{\"@type\":\"WebPage\",\"@id\":\"https:\/\/www.intoscana.it\/it\/firenze-digitale-prima-piattaforma\/\",\"url\":\"https:\/\/www.intoscana.it\/it\/firenze-digitale-prima-piattaforma\/\",\"name\":\"Firenze Digitale: la prima piattaforma per una citt\u00e0 sempre pi\u00f9 smart - intoscana\",\"isPartOf\":{\"@id\":\"https:\/\/www.intoscana.it\/it\/#website\"},\"primaryImageOfPage\":{\"@id\":\"https:\/\/www.intoscana.it\/it\/firenze-digitale-prima-piattaforma\/#primaryimage\"},\"image\":{\"@id\":\"https:\/\/www.intoscana.it\/it\/firenze-digitale-prima-piattaforma\/#primaryimage\"},\"thumbnailUrl\":\"https:\/\/www.intoscana.it\/wp-content\/uploads\/digitale-28.jpg\",\"datePublished\":\"2020-11-27T13:37:34+00:00\",\"dateModified\":\"2020-11-27T13:38:33+00:00\",\"author\":{\"@id\":\"https:\/\/www.intoscana.it\/it\/#\/schema\/person\/de95e1ed2c1c8c30a6922bbba3a90185\"},\"description\":\"Arriva Firenze Digitale, la prima piattaforma italiana lanciata da un Comune dedicata a incrementare le competenze digitali.\",\"breadcrumb\":{\"@id\":\"https:\/\/www.intoscana.it\/it\/firenze-digitale-prima-piattaforma\/#breadcrumb\"},\"inLanguage\":\"it-IT\",\"potentialAction\":[{\"@type\":\"ReadAction\",\"target\":[\"https:\/\/www.intoscana.it\/it\/firenze-digitale-prima-piattaforma\/\"]}]},{\"@type\":\"ImageObject\",\"inLanguage\":\"it-IT\",\"@id\":\"https:\/\/www.intoscana.it\/it\/firenze-digitale-prima-piattaforma\/#primaryimage\",\"url\":\"https:\/\/www.intoscana.it\/wp-content\/uploads\/digitale-28.jpg\",\"contentUrl\":\"https:\/\/www.intoscana.it\/wp-content\/uploads\/digitale-28.jpg\",\"width\":2000,\"height\":1333,\"caption\":\"Competenze digitali\"},{\"@type\":\"BreadcrumbList\",\"@id\":\"https:\/\/www.intoscana.it\/it\/firenze-digitale-prima-piattaforma\/#breadcrumb\",\"itemListElement\":[{\"@type\":\"ListItem\",\"position\":1,\"name\":\"Home\",\"item\":\"https:\/\/www.intoscana.it\/it\/\"},{\"@type\":\"ListItem\",\"position\":2,\"name\":\"Firenze Digitale: la prima piattaforma per una citt\u00e0 sempre pi\u00f9 smart\"}]},{\"@type\":\"WebSite\",\"@id\":\"https:\/\/www.intoscana.it\/it\/#website\",\"url\":\"https:\/\/www.intoscana.it\/it\/\",\"name\":\"intoscana\",\"description\":\"\",\"potentialAction\":[{\"@type\":\"SearchAction\",\"target\":{\"@type\":\"EntryPoint\",\"urlTemplate\":\"https:\/\/www.intoscana.it\/it\/?s={search_term_string}\"},\"query-input\":{\"@type\":\"PropertyValueSpecification\",\"valueRequired\":true,\"valueName\":\"search_term_string\"}}],\"inLanguage\":\"it-IT\"},{\"@type\":\"Person\",\"@id\":\"https:\/\/www.intoscana.it\/it\/#\/schema\/person\/de95e1ed2c1c8c30a6922bbba3a90185\",\"name\":\"Ilaria Giannini\",\"sameAs\":[\"https:\/\/x.com\/i.giannini@fst.it\"],\"url\":\"https:\/\/www.intoscana.it\/it\/author\/ilaria-giannini\/\"}]}<\/script>\n<!-- \/ Yoast SEO Premium plugin. -->","yoast_head_json":{"title":"Firenze Digitale: la prima piattaforma per una citt\u00e0 sempre pi\u00f9 smart - intoscana","description":"Arriva Firenze Digitale, la prima piattaforma italiana lanciata da un Comune dedicata a incrementare le competenze digitali.","robots":{"index":"index","follow":"follow","max-snippet":"max-snippet:-1","max-image-preview":"max-image-preview:large","max-video-preview":"max-video-preview:-1"},"canonical":"https:\/\/www.intoscana.it\/it\/firenze-digitale-prima-piattaforma\/","og_locale":"it_IT","og_type":"article","og_title":"Firenze Digitale: la prima piattaforma per una citt\u00e0 sempre pi\u00f9 smart","og_description":"Arriva Firenze Digitale, la prima piattaforma italiana lanciata da un Comune dedicata a incrementare le competenze digitali.","og_url":"https:\/\/www.intoscana.it\/it\/firenze-digitale-prima-piattaforma\/","og_site_name":"intoscana","article_publisher":"https:\/\/www.facebook.com\/intoscana.it","article_published_time":"2020-11-27T13:37:34+00:00","article_modified_time":"2020-11-27T13:38:33+00:00","og_image":[{"width":2000,"height":1333,"url":"https:\/\/www.intoscana.it\/wp-content\/uploads\/digitale-28.jpg","type":"image\/jpeg"}],"author":"Ilaria Giannini","twitter_card":"summary_large_image","twitter_creator":"@i.giannini@fst.it","twitter_site":"@intoscana","twitter_misc":{"Written by":"Ilaria Giannini","Est. reading time":"3 minuti"},"schema":{"@context":"https:\/\/schema.org","@graph":[{"@type":"WebPage","@id":"https:\/\/www.intoscana.it\/it\/firenze-digitale-prima-piattaforma\/","url":"https:\/\/www.intoscana.it\/it\/firenze-digitale-prima-piattaforma\/","name":"Firenze Digitale: la prima piattaforma per una citt\u00e0 sempre pi\u00f9 smart - intoscana","isPartOf":{"@id":"https:\/\/www.intoscana.it\/it\/#website"},"primaryImageOfPage":{"@id":"https:\/\/www.intoscana.it\/it\/firenze-digitale-prima-piattaforma\/#primaryimage"},"image":{"@id":"https:\/\/www.intoscana.it\/it\/firenze-digitale-prima-piattaforma\/#primaryimage"},"thumbnailUrl":"https:\/\/www.intoscana.it\/wp-content\/uploads\/digitale-28.jpg","datePublished":"2020-11-27T13:37:34+00:00","dateModified":"2020-11-27T13:38:33+00:00","author":{"@id":"https:\/\/www.intoscana.it\/it\/#\/schema\/person\/de95e1ed2c1c8c30a6922bbba3a90185"},"description":"Arriva Firenze Digitale, la prima piattaforma italiana lanciata da un Comune dedicata a incrementare le competenze digitali.","breadcrumb":{"@id":"https:\/\/www.intoscana.it\/it\/firenze-digitale-prima-piattaforma\/#breadcrumb"},"inLanguage":"it-IT","potentialAction":[{"@type":"ReadAction","target":["https:\/\/www.intoscana.it\/it\/firenze-digitale-prima-piattaforma\/"]}]},{"@type":"ImageObject","inLanguage":"it-IT","@id":"https:\/\/www.intoscana.it\/it\/firenze-digitale-prima-piattaforma\/#primaryimage","url":"https:\/\/www.intoscana.it\/wp-content\/uploads\/digitale-28.jpg","contentUrl":"https:\/\/www.intoscana.it\/wp-content\/uploads\/digitale-28.jpg","width":2000,"height":1333,"caption":"Competenze digitali"},{"@type":"BreadcrumbList","@id":"https:\/\/www.intoscana.it\/it\/firenze-digitale-prima-piattaforma\/#breadcrumb","itemListElement":[{"@type":"ListItem","position":1,"name":"Home","item":"https:\/\/www.intoscana.it\/it\/"},{"@type":"ListItem","position":2,"name":"Firenze Digitale: la prima piattaforma per una citt\u00e0 sempre pi\u00f9 smart"}]},{"@type":"WebSite","@id":"https:\/\/www.intoscana.it\/it\/#website","url":"https:\/\/www.intoscana.it\/it\/","name":"intoscana","description":"","potentialAction":[{"@type":"SearchAction","target":{"@type":"EntryPoint","urlTemplate":"https:\/\/www.intoscana.it\/it\/?s={search_term_string}"},"query-input":{"@type":"PropertyValueSpecification","valueRequired":true,"valueName":"search_term_string"}}],"inLanguage":"it-IT"},{"@type":"Person","@id":"https:\/\/www.intoscana.it\/it\/#\/schema\/person\/de95e1ed2c1c8c30a6922bbba3a90185","name":"Ilaria Giannini","sameAs":["https:\/\/x.com\/i.giannini@fst.it"],"url":"https:\/\/www.intoscana.it\/it\/author\/ilaria-giannini\/"}]}},"_links":{"self":[{"href":"https:\/\/www.intoscana.it\/it\/wp-json\/wp\/v2\/posts\/159820","targetHints":{"allow":["GET"]}}],"collection":[{"href":"https:\/\/www.intoscana.it\/it\/wp-json\/wp\/v2\/posts"}],"about":[{"href":"https:\/\/www.intoscana.it\/it\/wp-json\/wp\/v2\/types\/post"}],"author":[{"embeddable":true,"href":"https:\/\/www.intoscana.it\/it\/wp-json\/wp\/v2\/users\/502"}],"replies":[{"embeddable":true,"href":"https:\/\/www.intoscana.it\/it\/wp-json\/wp\/v2\/comments?post=159820"}],"version-history":[{"count":0,"href":"https:\/\/www.intoscana.it\/it\/wp-json\/wp\/v2\/posts\/159820\/revisions"}],"wp:featuredmedia":[{"embeddable":true,"href":"https:\/\/www.intoscana.it\/it\/wp-json\/wp\/v2\/media\/144003"}],"wp:attachment":[{"href":"https:\/\/www.intoscana.it\/it\/wp-json\/wp\/v2\/media?parent=159820"}],"wp:term":[{"taxonomy":"category","embeddable":true,"href":"https:\/\/www.intoscana.it\/it\/wp-json\/wp\/v2\/categories?post=159820"},{"taxonomy":"post_tag","embeddable":true,"href":"https:\/\/www.intoscana.it\/it\/wp-json\/wp\/v2\/tags?post=159820"}],"curies":[{"name":"wp","href":"https:\/\/api.w.org\/{rel}","templated":true}]}}